{"id":12506,"date":"2006-02-14T00:00:00","date_gmt":"2006-02-14T04:00:00","guid":{"rendered":"http:\/\/192.81.217.108\/interamerica\/2006\/02\/allemagne-la-vision-de-levangelisation-par-internet-captive-les-adventistes-jeunes-et-adultes\/"},"modified":"2017-06-02T13:17:52","modified_gmt":"2017-06-02T17:17:52","slug":"allemagne-la-vision-de-levangelisation-par-internet-captive-les-adventistes-jeunes-et-adultes","status":"publish","type":"post","link":"https:\/\/interamerica.org\/fr\/2006\/02\/allemagne-la-vision-de-levangelisation-par-internet-captive-les-adventistes-jeunes-et-adultes\/","title":{"rendered":"Allemagne : La Vision de l&rsquo;\u00c9vang\u00e9lisation par Internet Captive les Adventistes jeunes et Adultes\u00a0"},"content":{"rendered":"<p>Muehlenrahmede, l&rsquo;Allemagne <\/p>\n<p>Ag\u00e9s de 12 ans, ou de 87 ans, ils viennent de la Pologne, du Luxembourg, de la Suisse, de l&rsquo;Autriche et de la R\u00e9publique tch\u00e8que pour assister au 11\u00e8me forum STAonline \u00e0 Muehlenrahmede, Allemagne du 9 au 12 f\u00e9vrier. <\/p>\n<p>Le th\u00e8me ? \u00ab\u00a0Missionnaire\u00a0\u00bb, avec le but de s&rsquo;entra\u00eener pour le minist\u00e8re Internet. Certaines des discussions \u00e9taient centr\u00e9es autour des fa\u00e7ons d&rsquo;utiliser les \u00ab\u00a0podcasts\u00a0\u00bb et Internet dans le programme \u00ab\u00a0Dites le au Monde\u00a0\u00bb, une initiative de l&rsquo;\u00e9glise mondiale qui englobe diff\u00e9rents moyens d&rsquo;\u00e9vang\u00e9lisation. <\/p>\n<p>Depuis son \u00e9tablissement il y a 11 ans, l&rsquo;organisation STA en ligne lors de ses r\u00e9unions annuelles a \u00e9t\u00e9 une des pionni\u00e8res de l&rsquo;\u00e9glise adventiste dans l&rsquo;utilisation de nouvelles technologies. <\/p>\n<p>L&rsquo;un des participants \u00e0 cette r\u00e9union, Karel Nowak, directeur de la communication de la r\u00e9gion euro-africaine de l&rsquo;\u00e9glise, a dit que cette rencontre a r\u00e9uni \u00ab\u00a0les membres de l&rsquo;Eglise qui se consacrent au minist\u00e8re Internet,\u00a0\u00bb et que l&rsquo;objectif est \u00ab\u00a0d&rsquo;am\u00e9liorer la mission de l&rsquo;\u00e9glise au moyen de l&rsquo;Internet.\u00a0\u00bb <\/p>\n<p>\u00ab\u00a0Ce forum fournit une magnifique opportunit\u00e9 aux membres d&rsquo;Eglise qui se consacrent au Minist\u00e8re Internet non seulement pour appr\u00e9cier l&rsquo;inspiration d&rsquo;un tel \u00e9v\u00e9nement, mais surtout pour optimiser la mission de l&rsquo;\u00e9glise gr\u00e2ce \u00e0 Internet,\u00a0\u00bb a dit Nowak. <\/p>\n<p>\u00ab\u00a0Il est encourageant de voir tant de personnes pr\u00e9sentes, cette ann\u00e9e,\u00a0\u00bb a dit le pr\u00e9sident de STA en ligne, Martin Haase. <\/p>\n<p>L&rsquo;une des participantes, Hedi Jaeger a d\u00e9clar\u00e9, \u00ab\u00a0je suis contente d&rsquo;avoir \u00e9t\u00e9 pr\u00e9sente. J&rsquo;aime \u00e0 apprendre davantage sur la mani\u00e8re de me mettre en contacts missionnaires dans les forums.\u00a0\u00bb <\/p>\n<p>Stephan G. Brass, vice-pr\u00e9sident de STA en ligne, a dit que le forum met ensemble \u00ab\u00a0des gens pour qu&rsquo;ils puissent se rencontrer, partager et se concentrer sur l&rsquo;aspect missionnaire d&rsquo;un instrument extraordinaire qui va se d\u00e9veloppant si rapidement.\u00a0\u00bb <\/p>\n<p>Au d\u00e9but de cette ann\u00e9e, des int\u00e9r\u00eats semblables ont \u00e9t\u00e9 pr\u00e9sent\u00e9s pendant la r\u00e9union annuelle \u00e0 Las Vegas, Nevada, au Comit\u00e9 de Technologie ASI des Services et des Industries des La\u00efcs de la r\u00e9gion Nord-am\u00e9ricaine de l&rsquo;\u00e9glise. Les assistants ont recommand\u00e9 que l&rsquo;on poursuive \u00ab\u00a0l&rsquo;\u00e9vang\u00e9lisation personnelle dans les forums Internet et sur les Messageries Instantan\u00e9es.\u00a0\u00bb Le comit\u00e9 a exprim\u00e9 le \u00a0d\u00e9sir d&#8217;employer \u00ab\u00a0des \u00e9vang\u00e9listes Internet, des ouvriers Bibliques Internet,\u00a0\u00bb selon Dan Houghton, pr\u00e9sident du groupe ASI. <\/p>\n<p>A la r\u00e9union du 9 janvier, le groupe a recommand\u00e9 que lors du prochain forum international du R\u00e9seau d&rsquo;\u00c9vang\u00e9lisation Mondiale par Internet [Visiter le site : http:\/\/gien.adventist.org\/], planifi\u00e9 pour le 31 ao\u00fbt au 3 Septembre \u00e0 San Diego, Californie, on discute sur la mani\u00e8re de former des personnes qui feront de l&rsquo;\u00e9vang\u00e9lisation pour Internet, en incluant la correspondance e-mail, les \u00e9tudes de Bible en ligne et les forums.\u00a0\u00bb<\/p>\n<p><strong>Copyright (c) 2006 D&rsquo;Adventist News Network<\/strong>.<\/p>\n","protected":false},"excerpt":{"rendered":"<p>Ag\u00e9s de 12 ans, ou de 87 ans, ils viennent de la Pologne, du Luxembourg, de la Suisse, de l&rsquo;Autriche et de la R\u00e9publique tch\u00e8que pour assister au 11\u00e8me forum STAonline \u00e0 Muehlenrahmede, Allemagne du 9 au 12 f\u00e9vrier.<\/p>\n","protected":false},"author":1,"featured_media":0,"comment_status":"closed","ping_status":"closed","sticky":false,"template":"","format":"standard","meta":{"_acf_changed":false,"footnotes":""},"categories":[9],"tags":[],"class_list":["post-12506","post","type-post","status-publish","format-standard","hentry","category-archive-fr"],"acf":[],"yoast_head":"<!-- This site is optimized with the Yoast SEO plugin v27.3 - https:\/\/yoast.com\/product\/yoast-seo-wordpress\/ -->\n<title>Allemagne : La Vision de l&#039;\u00c9vang\u00e9lisation par Internet Captive les Adventistes jeunes et Adultes\u00a0 - \u00c9glise Adventiste Du Septieme Jour - Inter Am\u00e9rique Division<\/title>\n<meta name=\"robots\" content=\"index, follow, max-snippet:-1, max-image-preview:large, max-video-preview:-1\" \/>\n<link rel=\"canonical\" href=\"https:\/\/interamerica.org\/fr\/2006\/02\/allemagne-la-vision-de-levangelisation-par-internet-captive-les-adventistes-jeunes-et-adultes\/\" \/>\n<meta property=\"og:locale\" content=\"fr_FR\" \/>\n<meta property=\"og:type\" content=\"article\" \/>\n<meta property=\"og:title\" content=\"Allemagne : La Vision de l&#039;\u00c9vang\u00e9lisation par Internet Captive les Adventistes jeunes et Adultes\u00a0 - \u00c9glise Adventiste Du Septieme Jour - Inter Am\u00e9rique Division\" \/>\n<meta property=\"og:description\" content=\"Ag\u00e9s de 12 ans, ou de 87 ans, ils viennent de la Pologne, du Luxembourg, de la Suisse, de l&#039;Autriche et de la R\u00e9publique tch\u00e8que pour assister au 11\u00e8me forum STAonline \u00e0 Muehlenrahmede, Allemagne du 9 au 12 f\u00e9vrier.\" \/>\n<meta property=\"og:url\" content=\"https:\/\/interamerica.org\/fr\/2006\/02\/allemagne-la-vision-de-levangelisation-par-internet-captive-les-adventistes-jeunes-et-adultes\/\" \/>\n<meta property=\"og:site_name\" content=\"\u00c9glise Adventiste Du Septieme Jour - Inter Am\u00e9rique Division\" \/>\n<meta property=\"article:published_time\" content=\"2006-02-14T04:00:00+00:00\" \/>\n<meta property=\"article:modified_time\" content=\"2017-06-02T17:17:52+00:00\" \/>\n<meta name=\"author\" content=\"Lorenzo Verduzco\" \/>\n<meta name=\"twitter:card\" content=\"summary_large_image\" \/>\n<meta name=\"twitter:label1\" content=\"\u00c9crit par\" \/>\n\t<meta name=\"twitter:data1\" content=\"Lorenzo Verduzco\" \/>\n\t<meta name=\"twitter:label2\" content=\"Dur\u00e9e de lecture estim\u00e9e\" \/>\n\t<meta name=\"twitter:data2\" content=\"2 minutes\" \/>\n<script type=\"application\/ld+json\" class=\"yoast-schema-graph\">{\"@context\":\"https:\\\/\\\/schema.org\",\"@graph\":[{\"@type\":\"Article\",\"@id\":\"https:\\\/\\\/interamerica.org\\\/fr\\\/2006\\\/02\\\/allemagne-la-vision-de-levangelisation-par-internet-captive-les-adventistes-jeunes-et-adultes\\\/#article\",\"isPartOf\":{\"@id\":\"https:\\\/\\\/interamerica.org\\\/fr\\\/2006\\\/02\\\/allemagne-la-vision-de-levangelisation-par-internet-captive-les-adventistes-jeunes-et-adultes\\\/\"},\"author\":{\"name\":\"Lorenzo Verduzco\",\"@id\":\"https:\\\/\\\/interamerica.org\\\/fr\\\/#\\\/schema\\\/person\\\/68ede8bdc292885bb76c1e3810e73c39\"},\"headline\":\"Allemagne : La Vision de l&rsquo;\u00c9vang\u00e9lisation par Internet Captive les Adventistes jeunes et Adultes\u00a0\",\"datePublished\":\"2006-02-14T04:00:00+00:00\",\"dateModified\":\"2017-06-02T17:17:52+00:00\",\"mainEntityOfPage\":{\"@id\":\"https:\\\/\\\/interamerica.org\\\/fr\\\/2006\\\/02\\\/allemagne-la-vision-de-levangelisation-par-internet-captive-les-adventistes-jeunes-et-adultes\\\/\"},\"wordCount\":522,\"articleSection\":[\"Archive\"],\"inLanguage\":\"fr-FR\"},{\"@type\":\"WebPage\",\"@id\":\"https:\\\/\\\/interamerica.org\\\/fr\\\/2006\\\/02\\\/allemagne-la-vision-de-levangelisation-par-internet-captive-les-adventistes-jeunes-et-adultes\\\/\",\"url\":\"https:\\\/\\\/interamerica.org\\\/fr\\\/2006\\\/02\\\/allemagne-la-vision-de-levangelisation-par-internet-captive-les-adventistes-jeunes-et-adultes\\\/\",\"name\":\"Allemagne : La Vision de l'\u00c9vang\u00e9lisation par Internet Captive les Adventistes jeunes et Adultes\u00a0 - \u00c9glise Adventiste Du Septieme Jour - Inter Am\u00e9rique Division\",\"isPartOf\":{\"@id\":\"https:\\\/\\\/interamerica.org\\\/fr\\\/#website\"},\"datePublished\":\"2006-02-14T04:00:00+00:00\",\"dateModified\":\"2017-06-02T17:17:52+00:00\",\"author\":{\"@id\":\"https:\\\/\\\/interamerica.org\\\/fr\\\/#\\\/schema\\\/person\\\/68ede8bdc292885bb76c1e3810e73c39\"},\"breadcrumb\":{\"@id\":\"https:\\\/\\\/interamerica.org\\\/fr\\\/2006\\\/02\\\/allemagne-la-vision-de-levangelisation-par-internet-captive-les-adventistes-jeunes-et-adultes\\\/#breadcrumb\"},\"inLanguage\":\"fr-FR\",\"potentialAction\":[{\"@type\":\"ReadAction\",\"target\":[\"https:\\\/\\\/interamerica.org\\\/fr\\\/2006\\\/02\\\/allemagne-la-vision-de-levangelisation-par-internet-captive-les-adventistes-jeunes-et-adultes\\\/\"]}]},{\"@type\":\"BreadcrumbList\",\"@id\":\"https:\\\/\\\/interamerica.org\\\/fr\\\/2006\\\/02\\\/allemagne-la-vision-de-levangelisation-par-internet-captive-les-adventistes-jeunes-et-adultes\\\/#breadcrumb\",\"itemListElement\":[{\"@type\":\"ListItem\",\"position\":1,\"name\":\"Home\",\"item\":\"https:\\\/\\\/interamerica.org\\\/fr\\\/\"},{\"@type\":\"ListItem\",\"position\":2,\"name\":\"Allemagne : La Vision de l&rsquo;\u00c9vang\u00e9lisation par Internet Captive les Adventistes jeunes et Adultes\u00a0\"}]},{\"@type\":\"WebSite\",\"@id\":\"https:\\\/\\\/interamerica.org\\\/fr\\\/#website\",\"url\":\"https:\\\/\\\/interamerica.org\\\/fr\\\/\",\"name\":\"\u00c9glise Adventiste Du Septieme Jour - Inter Am\u00e9rique Division\",\"description\":\"\",\"potentialAction\":[{\"@type\":\"SearchAction\",\"target\":{\"@type\":\"EntryPoint\",\"urlTemplate\":\"https:\\\/\\\/interamerica.org\\\/fr\\\/?s={search_term_string}\"},\"query-input\":{\"@type\":\"PropertyValueSpecification\",\"valueRequired\":true,\"valueName\":\"search_term_string\"}}],\"inLanguage\":\"fr-FR\"},{\"@type\":\"Person\",\"@id\":\"https:\\\/\\\/interamerica.org\\\/fr\\\/#\\\/schema\\\/person\\\/68ede8bdc292885bb76c1e3810e73c39\",\"name\":\"Lorenzo Verduzco\",\"image\":{\"@type\":\"ImageObject\",\"inLanguage\":\"fr-FR\",\"@id\":\"https:\\\/\\\/secure.gravatar.com\\\/avatar\\\/fb81a55b6218459490a9c1dc841a34909185b81904c5337b4b27f7a6fd60c49e?s=96&d=mm&r=g\",\"url\":\"https:\\\/\\\/secure.gravatar.com\\\/avatar\\\/fb81a55b6218459490a9c1dc841a34909185b81904c5337b4b27f7a6fd60c49e?s=96&d=mm&r=g\",\"contentUrl\":\"https:\\\/\\\/secure.gravatar.com\\\/avatar\\\/fb81a55b6218459490a9c1dc841a34909185b81904c5337b4b27f7a6fd60c49e?s=96&d=mm&r=g\",\"caption\":\"Lorenzo Verduzco\"}}]}<\/script>\n<!-- \/ Yoast SEO plugin. -->","yoast_head_json":{"title":"Allemagne : La Vision de l'\u00c9vang\u00e9lisation par Internet Captive les Adventistes jeunes et Adultes\u00a0 - \u00c9glise Adventiste Du Septieme Jour - Inter Am\u00e9rique Division","robots":{"index":"index","follow":"follow","max-snippet":"max-snippet:-1","max-image-preview":"max-image-preview:large","max-video-preview":"max-video-preview:-1"},"canonical":"https:\/\/interamerica.org\/fr\/2006\/02\/allemagne-la-vision-de-levangelisation-par-internet-captive-les-adventistes-jeunes-et-adultes\/","og_locale":"fr_FR","og_type":"article","og_title":"Allemagne : La Vision de l'\u00c9vang\u00e9lisation par Internet Captive les Adventistes jeunes et Adultes\u00a0 - \u00c9glise Adventiste Du Septieme Jour - Inter Am\u00e9rique Division","og_description":"Ag\u00e9s de 12 ans, ou de 87 ans, ils viennent de la Pologne, du Luxembourg, de la Suisse, de l'Autriche et de la R\u00e9publique tch\u00e8que pour assister au 11\u00e8me forum STAonline \u00e0 Muehlenrahmede, Allemagne du 9 au 12 f\u00e9vrier.","og_url":"https:\/\/interamerica.org\/fr\/2006\/02\/allemagne-la-vision-de-levangelisation-par-internet-captive-les-adventistes-jeunes-et-adultes\/","og_site_name":"\u00c9glise Adventiste Du Septieme Jour - Inter Am\u00e9rique Division","article_published_time":"2006-02-14T04:00:00+00:00","article_modified_time":"2017-06-02T17:17:52+00:00","author":"Lorenzo Verduzco","twitter_card":"summary_large_image","twitter_misc":{"\u00c9crit par":"Lorenzo Verduzco","Dur\u00e9e de lecture estim\u00e9e":"2 minutes"},"schema":{"@context":"https:\/\/schema.org","@graph":[{"@type":"Article","@id":"https:\/\/interamerica.org\/fr\/2006\/02\/allemagne-la-vision-de-levangelisation-par-internet-captive-les-adventistes-jeunes-et-adultes\/#article","isPartOf":{"@id":"https:\/\/interamerica.org\/fr\/2006\/02\/allemagne-la-vision-de-levangelisation-par-internet-captive-les-adventistes-jeunes-et-adultes\/"},"author":{"name":"Lorenzo Verduzco","@id":"https:\/\/interamerica.org\/fr\/#\/schema\/person\/68ede8bdc292885bb76c1e3810e73c39"},"headline":"Allemagne : La Vision de l&rsquo;\u00c9vang\u00e9lisation par Internet Captive les Adventistes jeunes et Adultes\u00a0","datePublished":"2006-02-14T04:00:00+00:00","dateModified":"2017-06-02T17:17:52+00:00","mainEntityOfPage":{"@id":"https:\/\/interamerica.org\/fr\/2006\/02\/allemagne-la-vision-de-levangelisation-par-internet-captive-les-adventistes-jeunes-et-adultes\/"},"wordCount":522,"articleSection":["Archive"],"inLanguage":"fr-FR"},{"@type":"WebPage","@id":"https:\/\/interamerica.org\/fr\/2006\/02\/allemagne-la-vision-de-levangelisation-par-internet-captive-les-adventistes-jeunes-et-adultes\/","url":"https:\/\/interamerica.org\/fr\/2006\/02\/allemagne-la-vision-de-levangelisation-par-internet-captive-les-adventistes-jeunes-et-adultes\/","name":"Allemagne : La Vision de l'\u00c9vang\u00e9lisation par Internet Captive les Adventistes jeunes et Adultes\u00a0 - \u00c9glise Adventiste Du Septieme Jour - Inter Am\u00e9rique Division","isPartOf":{"@id":"https:\/\/interamerica.org\/fr\/#website"},"datePublished":"2006-02-14T04:00:00+00:00","dateModified":"2017-06-02T17:17:52+00:00","author":{"@id":"https:\/\/interamerica.org\/fr\/#\/schema\/person\/68ede8bdc292885bb76c1e3810e73c39"},"breadcrumb":{"@id":"https:\/\/interamerica.org\/fr\/2006\/02\/allemagne-la-vision-de-levangelisation-par-internet-captive-les-adventistes-jeunes-et-adultes\/#breadcrumb"},"inLanguage":"fr-FR","potentialAction":[{"@type":"ReadAction","target":["https:\/\/interamerica.org\/fr\/2006\/02\/allemagne-la-vision-de-levangelisation-par-internet-captive-les-adventistes-jeunes-et-adultes\/"]}]},{"@type":"BreadcrumbList","@id":"https:\/\/interamerica.org\/fr\/2006\/02\/allemagne-la-vision-de-levangelisation-par-internet-captive-les-adventistes-jeunes-et-adultes\/#breadcrumb","itemListElement":[{"@type":"ListItem","position":1,"name":"Home","item":"https:\/\/interamerica.org\/fr\/"},{"@type":"ListItem","position":2,"name":"Allemagne : La Vision de l&rsquo;\u00c9vang\u00e9lisation par Internet Captive les Adventistes jeunes et Adultes\u00a0"}]},{"@type":"WebSite","@id":"https:\/\/interamerica.org\/fr\/#website","url":"https:\/\/interamerica.org\/fr\/","name":"\u00c9glise Adventiste Du Septieme Jour - Inter Am\u00e9rique Division","description":"","potentialAction":[{"@type":"SearchAction","target":{"@type":"EntryPoint","urlTemplate":"https:\/\/interamerica.org\/fr\/?s={search_term_string}"},"query-input":{"@type":"PropertyValueSpecification","valueRequired":true,"valueName":"search_term_string"}}],"inLanguage":"fr-FR"},{"@type":"Person","@id":"https:\/\/interamerica.org\/fr\/#\/schema\/person\/68ede8bdc292885bb76c1e3810e73c39","name":"Lorenzo Verduzco","image":{"@type":"ImageObject","inLanguage":"fr-FR","@id":"https:\/\/secure.gravatar.com\/avatar\/fb81a55b6218459490a9c1dc841a34909185b81904c5337b4b27f7a6fd60c49e?s=96&d=mm&r=g","url":"https:\/\/secure.gravatar.com\/avatar\/fb81a55b6218459490a9c1dc841a34909185b81904c5337b4b27f7a6fd60c49e?s=96&d=mm&r=g","contentUrl":"https:\/\/secure.gravatar.com\/avatar\/fb81a55b6218459490a9c1dc841a34909185b81904c5337b4b27f7a6fd60c49e?s=96&d=mm&r=g","caption":"Lorenzo Verduzco"}}]}},"_links":{"self":[{"href":"https:\/\/interamerica.org\/fr\/wp-json\/wp\/v2\/posts\/12506","targetHints":{"allow":["GET"]}}],"collection":[{"href":"https:\/\/interamerica.org\/fr\/wp-json\/wp\/v2\/posts"}],"about":[{"href":"https:\/\/interamerica.org\/fr\/wp-json\/wp\/v2\/types\/post"}],"author":[{"embeddable":true,"href":"https:\/\/interamerica.org\/fr\/wp-json\/wp\/v2\/users\/1"}],"replies":[{"embeddable":true,"href":"https:\/\/interamerica.org\/fr\/wp-json\/wp\/v2\/comments?post=12506"}],"version-history":[{"count":0,"href":"https:\/\/interamerica.org\/fr\/wp-json\/wp\/v2\/posts\/12506\/revisions"}],"wp:attachment":[{"href":"https:\/\/interamerica.org\/fr\/wp-json\/wp\/v2\/media?parent=12506"}],"wp:term":[{"taxonomy":"category","embeddable":true,"href":"https:\/\/interamerica.org\/fr\/wp-json\/wp\/v2\/categories?post=12506"},{"taxonomy":"post_tag","embeddable":true,"href":"https:\/\/interamerica.org\/fr\/wp-json\/wp\/v2\/tags?post=12506"}],"curies":[{"name":"wp","href":"https:\/\/api.w.org\/{rel}","templated":true}]}}