{"id":12507,"date":"2006-02-23T00:00:00","date_gmt":"2006-02-23T04:00:00","guid":{"rendered":"http:\/\/192.81.217.108\/interamerica\/2006\/02\/presentation-dann-un-chercheur-adventiste-fait-des-recherches-sur-la-pauvrete-mondiale-propose-des-solutions\/"},"modified":"2017-06-02T13:17:50","modified_gmt":"2017-06-02T17:17:50","slug":"presentation-dann-un-chercheur-adventiste-fait-des-recherches-sur-la-pauvrete-mondiale-propose-des-solutions","status":"publish","type":"post","link":"https:\/\/interamerica.org\/fr\/2006\/02\/presentation-dann-un-chercheur-adventiste-fait-des-recherches-sur-la-pauvrete-mondiale-propose-des-solutions\/","title":{"rendered":"Pr\u00e9sentation d&rsquo;ANN:\u00a0 Un Chercheur Adventiste Fait des Recherches sur la Pauvret\u00e9 Mondiale, Propose\u00a0des Solutions\u00a0"},"content":{"rendered":"<p>Baltimore, Maryland, Etats-Unis&#8230; (Wendi Rogers\/ANN)<\/p>\n<p>Comment d\u00e9finissez-vous la pauvret\u00e9?\u00a0 Existe-t-elle dans les pays de l&rsquo;Ouest, tels les Etats-Unis?\u00a0 C&rsquo;est l&rsquo;un des probl\u00e8mes qu&rsquo;\u00e9tudie Dr. Gilbert Burnham, un \u00e9minent chercheur, professeur, et directeur du Centre pour les R\u00e9fugi\u00e9s et les D\u00e9sastres de l&rsquo;Universit\u00e9 Johns Hopkins de Baltimore, \u00e0 Maryland.\u00a0 Le centre, qui a commen\u00e9 \u00e0 fonctionner en 1998, consid\u00e8re le syst\u00e8me de sant\u00e9 de certains pays\u00a0particuliers &#8212;\u00a0\u00e9value la d\u00e9gradation de ces syst\u00e8mes, et l&rsquo;approche des organisations non-gouvernementales.<\/p>\n<p>Au cours de ces nombreux voyages, comment Dr. Burnham per\u00e7oit-il la pauvret\u00e9 \u00e0 travers le monde?\u00a0 \u00ab\u00a0Je pense que les\u00a0Buts de D\u00e9veloppement du Mill\u00e9nium des (Nations-Unies) constituent un bon d\u00e9but pour \u00e9tablir certaines priorit\u00e9s&#8230;Quand nous consid\u00e9rons qu&rsquo;aux Etats-Unis, que la dur\u00e9e de vie des enfants qui naissent \u00e0 pr\u00e9sent est de 100 ans, alors que dans plusieurs parties du monde, la dur\u00e9e de vie est moins que 40 ans,\u00a0 cela d\u00e9montre qu&rsquo;il y a un grand \u00e9cart entre les pays riches et les pays pauvres.\u00a0\u00bb<\/p>\n<p>Ceci affecte l&rsquo;Eglise Adventiste, dit Dr. Burnham, un membre de l&rsquo;Eglise Adventiste de Sligo \u00e0 Tacoma Park, Maryland, car dans l&rsquo;\u00e9glise, la plupart des membres vivent dans les pays en voie de d\u00e9veloppement.\u00a0 \u00ab\u00a0C&rsquo;est l\u00e0 que je pense que l&rsquo;\u00e9glise a failli de canaliser ses efforts pour am\u00e9liorer les vies et les conditions de vie des gens dans leurs diff\u00e9rentes communaut\u00e9s.\u00a0 Quand on consid\u00e8re les faits, bien qu&rsquo;il y ait des d\u00e9cisions au niveau national, des programmes nationaux et encore plus,\u00a0 le gros de ce qui est fait l&rsquo;est au niveau de la communaut\u00e9.\u00a0 C&rsquo;est l\u00e0 que l&rsquo;\u00e9glise\u00a0peut puissamment intervenir \u00e0 travers\u00a0les organisations communautaires&#8230; et je ne pense pas que cette opportunit\u00e9 a \u00e9t\u00e9 pleinemnet exploit\u00e9e.<\/p>\n<p>Il ajoute, cependant, que \u00ab\u00a0l&rsquo;\u00e9glise peut \u00eatre fi\u00e8re du travail qu&rsquo;ADRA (Agence de D\u00e9veloppement et de Secours) a accompli.\u00a0\u00bb<\/p>\n<p>Dr. Burnham, qui a \u00e9t\u00e9 r\u00e9cemment d\u00e9sign\u00e9 comme l&rsquo;un\u00a0des assitant-directeurs du d\u00e9partement du Minist\u00e8re de la Sant\u00e9 de l&rsquo;\u00e9glise mondiale, con\u00e7oit\u00a0la d\u00e9finition de la pauvret\u00e9 comme une \u00ab\u00a0affaire\u00a0 truqu\u00e9e.\u00a0\u00bb\u00a0\u00a0 La Banque Mondiale consid\u00e8re le niveau de pauvret\u00e9 des pays en d\u00e9veloppement par rapport \u00e0 ceux qui vivent avec moins de $2 US par jour, explique Dr. Burnahm.\u00a0 \u00ab\u00a0Si vous vivez avec moins de $1 (US) par jour, vous vivez dans une extr\u00eame\u00a0pauvret\u00e9.\u00a0 Si nous utilisons ces crit\u00e8res, consid\u00e9rez les Palestiniens de Gaza et de la Bande l&rsquo;Ouest o\u00f9 60 pour cent vivent dan la zone de pauvret\u00e9.\u00a0\u00bb<\/p>\n<p>Qu&rsquo;en est-il des\u00a0Etats-Unis, un pays o\u00f9 il est difficile d&rsquo;imaginer des groupes de personnes vivant dans la pauvret\u00e9?\u00a0 \u00ab\u00a0Ceci para\u00eet encore plus difficile.\u00a0 Nous essayons d&rsquo;\u00e9tablir un crit\u00e8re\u00a0 minimun qui permet de comprendre la fa\u00e7on de survivre.\u00a0 Je pense que le Cyclone Katrina a r\u00e9v\u00e9l\u00e9 de mani\u00e8re nette la pr\u00e9sence de populations\u00a0pauvres dans ce pays.\u00a0 Au cours des derniers mois, il y a eu environ 3 millions de plus d&rsquo;Am\u00e9ricains \u00e0 s&rsquo;ajouter \u00e0 la liste de ceux qui vivent dans la pauvret\u00e9 qu&rsquo;auparavant.\u00a0\u00a0Donc d&rsquo;un c\u00f4t\u00e9, nous avons des revenus\u00a0capitaux qui augmentent, sp\u00e9cialement dans les classes ais\u00e9es, et nous\u00a0avons ceux qui sont au bas de la soci\u00e9t\u00e9 et\u00a0qui visiblement s&rsquo;appauvrissent davantage qu&rsquo;ils ne l&rsquo;\u00e9taient 10 \u00e0 15 ans de cela.\u00a0\u00bb<\/p>\n<p>L&rsquo;\u00e9conomie\u00a0d&rsquo;une population et les crit\u00e8res g\u00e9n\u00e9raux pour recevoir l&rsquo;assistance\u00a0d\u00e9pendent davantage des disparit\u00e9s des populations (le foss\u00e9 entre riches et pauvres), dit-il, qu&rsquo;ils ne le sont sur des valeurs r\u00e9elles.<\/p>\n<p>A c\u00f4t\u00e9\u00a0de toutes ces mauvaises nouvelles que consid\u00e8re Dr. Burnham, y a-t-il de l&rsquo;espoir?\u00a0 Il y a aussi beaucoup de bonnes nouvelles potentielles,\u00a0\u00bb avance-t-il.\u00a0 Par exemple, \u00ab\u00a0Nous avons de grands moyens pour contr\u00f4ler la malaria&#8230; nous avons les mat\u00e9riels, l&rsquo;expertise, l&rsquo;exp\u00e9rience qu&rsquo;il faut.\u00a0 Nous les avons vus \u00e0 l&rsquo;oeuvre effectivement&#8230; nous savons ce qui peut r\u00e9duire la mortalit\u00e9 infantile.\u00a0\u00bb<\/p>\n<p>Son \u00e9quipe n&rsquo;est pas \u00e0 la recherche d&rsquo;une \u00ab\u00a0baguette magique\u00a0\u00bb explique-t-il, mais le travail entrepris apporte des changements positifs.\u00a0 Le probl\u00e8me n&rsquo;est pas un manque d&rsquo;outils pour accomplir les choses, mais\u00a0le manque de ressources ou de personnes pour les r\u00e9aliser, ajoute-t-il.<\/p>\n<p>Son travail l&rsquo;a conduit \u00e0 travers le monde, pour trouver diverses solutions en vue de faire face aux situations d&rsquo;urgence, famine, \u00e9ducation, et cons\u00e9quences\u00a0des guerres.\u00a0 Son \u00e9quipe a publi\u00e9 les rapports de leurs recherches, tel\u00a0le dernier qui a trait aux r\u00e9centes tueries de\u00a0civils parmi les\u00a0Iraquiens.\u00a0\u00a0<\/p>\n<p>Ils \u00ab\u00a0ont enregistr\u00e9 un taux excessif de mortalit\u00e9\u00a0\u00bb\u00a0 dit-il, en faisant remarquer que son int\u00e9r\u00eat pour les syst\u00e8mes\u00a0sanitaires l&rsquo;a pouss\u00e9\u00a0\u00e0\u00a0chercher des traitements et des m\u00e9dicaments destin\u00e9s \u00e0 des populations en particulier.<\/p>\n<p>\u00ab\u00a0Nous ne sommes pas supris de constater tant de mortalit\u00e9 parmi la population civile,\u00a0\u00bb explique-t-il.\u00a0 Le taux de mortalit\u00e9 parmi les citoyens civils a augment\u00e9 d&rsquo;une mani\u00e8re consid\u00e9rable.\u00a0 A la Bataille de Gettysburg, il n&rsquo;y a eu qu&rsquo;un\u00a0mort parmi les civils.\u00a0 Au cours de la Premi\u00e8re Guerre Civile, probablement 10 pour cent des morts \u00e9taient des civils.\u00a0 Au cours de la Seconde Guerre Mondiale&#8230; nous d\u00e9nombrons 40 pour cent de morts parmi les civils.\u00a0 A la fin du 20\u00e8me si\u00e8cle nous avions probablement 90 pour cent de morts parmi les civils.\u00a0\u00bb\u00a0 A la fin du conflit Iraquien, il cro\u00eet que le nombre d\u00e9passera celui des 90 pour cent.<\/p>\n<p>\u00ab\u00a0Nous ne sommes pas une ONG, nous ne donnons pas de tentes et de couvertures,\u00a0\u00bb explilque Dr. Burnham.\u00a0 \u00ab\u00a0Nous ne sommes pas des donateurs, puisque nous n&rsquo;avons pas beaucoup d&rsquo;argent.\u00a0\u00bb Mais, nous \u00ab\u00a0travaillons avec plusieurs organisations pour renforcer leurs programmes, les aider \u00e0 documenter les choses,\u00a0trouver des solutions aux recherches importantes.<\/p>\n<p>\u00ab\u00a0En dessous de toutes (ces crises de sant\u00e9) dans les pays en voie de d\u00e9veloppement et sous-d\u00e9velopp\u00e9s se trouvent le probl\u00e8me de l&rsquo;\u00e9ducation.\u00a0 Si nous pouvions promouvoir l&rsquo;\u00e9ducation,\u00a0 si nous pouvions assurer aux gens au moins une \u00e9ducation\u00a0primaire, nous aurions chang\u00e9 ces nombres de mani\u00e8re consid\u00e9rable,\u00a0\u00bb dit-il, en parlant de ces taux \u00e9lev\u00e9s de mortalit\u00e9 dans certaines parties du monde.<\/p>\n<p>Dr. Burnham dit que s&rsquo;il devrait choisir seulement une chose qu&rsquo;il aurait aim\u00e9\u00a0changer dans le monde, \u00ab\u00a0il serait certain de son choix, et c&rsquo;est\u00a0\u00a0l&rsquo;\u00e9ducation des femmes.\u00a0\u00bb\u00a0<\/p>\n<p>Dr. Burnham explique que sa foi l&rsquo;a aid\u00e9 dans ses recherches pour le changement.\u00a0 \u00ab\u00a0Bien s\u00fbr, il y a beaucoup de choses qui portent au d\u00e9couragement.\u00a0 M\u00eames les choses qui marchent bien, pour plusieurs raisons on peut les changer\u00a0au tant que possible&#8230; mais je pense que l&rsquo;une des croyances du Chr\u00e9tien c&rsquo;est que les gens peuvent\u00a0\u00eatre transform\u00e9s.\u00a0 Les habitudes peuvent \u00eatre chang\u00e9es, les vies peuvent \u00eatre chang\u00e9es, les gens peuvent changer de directions.\u00a0 Nous l&rsquo;avons vu en maintes et maintes fois.\u00a0\u00bb<\/p>\n<p>Il ajoute, \u00ab\u00a0Je pense que les Chr\u00e9tiens envisagent ces sortes de probl\u00e8mes de d\u00e9veloppement de mani\u00e8re tr\u00e8s optimiste car nous savons que les gens peuvent changer.\u00a0\u00bb\u00a0<\/p>\n<p>\u00a0\u00a0\u00a0\u00a0\u00a0\u00a0\u00a0<\/p>\n","protected":false},"excerpt":{"rendered":"<p>Comment d\u00e9finissez-vous la pauvret\u00e9?  Existe-t-elle dans les pays de l&rsquo;Ouest, tels les Etats-Unis?<\/p>\n","protected":false},"author":1,"featured_media":0,"comment_status":"closed","ping_status":"closed","sticky":false,"template":"","format":"standard","meta":{"_acf_changed":false,"footnotes":""},"categories":[9],"tags":[],"class_list":["post-12507","post","type-post","status-publish","format-standard","hentry","category-archive-fr"],"acf":[],"yoast_head":"<!-- This site is optimized with the Yoast SEO plugin v27.3 - https:\/\/yoast.com\/product\/yoast-seo-wordpress\/ -->\n<title>Pr\u00e9sentation d&#039;ANN:\u00a0 Un Chercheur Adventiste Fait des Recherches sur la Pauvret\u00e9 Mondiale, Propose\u00a0des Solutions\u00a0 - \u00c9glise Adventiste Du Septieme Jour - Inter Am\u00e9rique Division<\/title>\n<meta name=\"robots\" content=\"index, follow, max-snippet:-1, max-image-preview:large, max-video-preview:-1\" \/>\n<link rel=\"canonical\" href=\"https:\/\/interamerica.org\/fr\/2006\/02\/presentation-dann-un-chercheur-adventiste-fait-des-recherches-sur-la-pauvrete-mondiale-propose-des-solutions\/\" \/>\n<meta property=\"og:locale\" content=\"fr_FR\" \/>\n<meta property=\"og:type\" content=\"article\" \/>\n<meta property=\"og:title\" content=\"Pr\u00e9sentation d&#039;ANN:\u00a0 Un Chercheur Adventiste Fait des Recherches sur la Pauvret\u00e9 Mondiale, Propose\u00a0des Solutions\u00a0 - \u00c9glise Adventiste Du Septieme Jour - Inter Am\u00e9rique Division\" \/>\n<meta property=\"og:description\" content=\"Comment d\u00e9finissez-vous la pauvret\u00e9? Existe-t-elle dans les pays de l&#039;Ouest, tels les Etats-Unis?\" \/>\n<meta property=\"og:url\" content=\"https:\/\/interamerica.org\/fr\/2006\/02\/presentation-dann-un-chercheur-adventiste-fait-des-recherches-sur-la-pauvrete-mondiale-propose-des-solutions\/\" \/>\n<meta property=\"og:site_name\" content=\"\u00c9glise Adventiste Du Septieme Jour - Inter Am\u00e9rique Division\" \/>\n<meta property=\"article:published_time\" content=\"2006-02-23T04:00:00+00:00\" \/>\n<meta property=\"article:modified_time\" content=\"2017-06-02T17:17:50+00:00\" \/>\n<meta name=\"author\" content=\"Lorenzo Verduzco\" \/>\n<meta name=\"twitter:card\" content=\"summary_large_image\" \/>\n<meta name=\"twitter:label1\" content=\"\u00c9crit par\" \/>\n\t<meta name=\"twitter:data1\" content=\"Lorenzo Verduzco\" \/>\n\t<meta name=\"twitter:label2\" content=\"Dur\u00e9e de lecture estim\u00e9e\" \/>\n\t<meta name=\"twitter:data2\" content=\"6 minutes\" \/>\n<script type=\"application\/ld+json\" class=\"yoast-schema-graph\">{\"@context\":\"https:\\\/\\\/schema.org\",\"@graph\":[{\"@type\":\"Article\",\"@id\":\"https:\\\/\\\/interamerica.org\\\/fr\\\/2006\\\/02\\\/presentation-dann-un-chercheur-adventiste-fait-des-recherches-sur-la-pauvrete-mondiale-propose-des-solutions\\\/#article\",\"isPartOf\":{\"@id\":\"https:\\\/\\\/interamerica.org\\\/fr\\\/2006\\\/02\\\/presentation-dann-un-chercheur-adventiste-fait-des-recherches-sur-la-pauvrete-mondiale-propose-des-solutions\\\/\"},\"author\":{\"name\":\"Lorenzo Verduzco\",\"@id\":\"https:\\\/\\\/interamerica.org\\\/fr\\\/#\\\/schema\\\/person\\\/68ede8bdc292885bb76c1e3810e73c39\"},\"headline\":\"Pr\u00e9sentation d&rsquo;ANN:\u00a0 Un Chercheur Adventiste Fait des Recherches sur la Pauvret\u00e9 Mondiale, Propose\u00a0des Solutions\u00a0\",\"datePublished\":\"2006-02-23T04:00:00+00:00\",\"dateModified\":\"2017-06-02T17:17:50+00:00\",\"mainEntityOfPage\":{\"@id\":\"https:\\\/\\\/interamerica.org\\\/fr\\\/2006\\\/02\\\/presentation-dann-un-chercheur-adventiste-fait-des-recherches-sur-la-pauvrete-mondiale-propose-des-solutions\\\/\"},\"wordCount\":1253,\"articleSection\":[\"Archive\"],\"inLanguage\":\"fr-FR\"},{\"@type\":\"WebPage\",\"@id\":\"https:\\\/\\\/interamerica.org\\\/fr\\\/2006\\\/02\\\/presentation-dann-un-chercheur-adventiste-fait-des-recherches-sur-la-pauvrete-mondiale-propose-des-solutions\\\/\",\"url\":\"https:\\\/\\\/interamerica.org\\\/fr\\\/2006\\\/02\\\/presentation-dann-un-chercheur-adventiste-fait-des-recherches-sur-la-pauvrete-mondiale-propose-des-solutions\\\/\",\"name\":\"Pr\u00e9sentation d'ANN:\u00a0 Un Chercheur Adventiste Fait des Recherches sur la Pauvret\u00e9 Mondiale, Propose\u00a0des Solutions\u00a0 - \u00c9glise Adventiste Du Septieme Jour - Inter Am\u00e9rique Division\",\"isPartOf\":{\"@id\":\"https:\\\/\\\/interamerica.org\\\/fr\\\/#website\"},\"datePublished\":\"2006-02-23T04:00:00+00:00\",\"dateModified\":\"2017-06-02T17:17:50+00:00\",\"author\":{\"@id\":\"https:\\\/\\\/interamerica.org\\\/fr\\\/#\\\/schema\\\/person\\\/68ede8bdc292885bb76c1e3810e73c39\"},\"breadcrumb\":{\"@id\":\"https:\\\/\\\/interamerica.org\\\/fr\\\/2006\\\/02\\\/presentation-dann-un-chercheur-adventiste-fait-des-recherches-sur-la-pauvrete-mondiale-propose-des-solutions\\\/#breadcrumb\"},\"inLanguage\":\"fr-FR\",\"potentialAction\":[{\"@type\":\"ReadAction\",\"target\":[\"https:\\\/\\\/interamerica.org\\\/fr\\\/2006\\\/02\\\/presentation-dann-un-chercheur-adventiste-fait-des-recherches-sur-la-pauvrete-mondiale-propose-des-solutions\\\/\"]}]},{\"@type\":\"BreadcrumbList\",\"@id\":\"https:\\\/\\\/interamerica.org\\\/fr\\\/2006\\\/02\\\/presentation-dann-un-chercheur-adventiste-fait-des-recherches-sur-la-pauvrete-mondiale-propose-des-solutions\\\/#breadcrumb\",\"itemListElement\":[{\"@type\":\"ListItem\",\"position\":1,\"name\":\"Home\",\"item\":\"https:\\\/\\\/interamerica.org\\\/fr\\\/\"},{\"@type\":\"ListItem\",\"position\":2,\"name\":\"Pr\u00e9sentation d&rsquo;ANN:\u00a0 Un Chercheur Adventiste Fait des Recherches sur la Pauvret\u00e9 Mondiale, Propose\u00a0des Solutions\u00a0\"}]},{\"@type\":\"WebSite\",\"@id\":\"https:\\\/\\\/interamerica.org\\\/fr\\\/#website\",\"url\":\"https:\\\/\\\/interamerica.org\\\/fr\\\/\",\"name\":\"\u00c9glise Adventiste Du Septieme Jour - Inter Am\u00e9rique Division\",\"description\":\"\",\"potentialAction\":[{\"@type\":\"SearchAction\",\"target\":{\"@type\":\"EntryPoint\",\"urlTemplate\":\"https:\\\/\\\/interamerica.org\\\/fr\\\/?s={search_term_string}\"},\"query-input\":{\"@type\":\"PropertyValueSpecification\",\"valueRequired\":true,\"valueName\":\"search_term_string\"}}],\"inLanguage\":\"fr-FR\"},{\"@type\":\"Person\",\"@id\":\"https:\\\/\\\/interamerica.org\\\/fr\\\/#\\\/schema\\\/person\\\/68ede8bdc292885bb76c1e3810e73c39\",\"name\":\"Lorenzo Verduzco\",\"image\":{\"@type\":\"ImageObject\",\"inLanguage\":\"fr-FR\",\"@id\":\"https:\\\/\\\/secure.gravatar.com\\\/avatar\\\/fb81a55b6218459490a9c1dc841a34909185b81904c5337b4b27f7a6fd60c49e?s=96&d=mm&r=g\",\"url\":\"https:\\\/\\\/secure.gravatar.com\\\/avatar\\\/fb81a55b6218459490a9c1dc841a34909185b81904c5337b4b27f7a6fd60c49e?s=96&d=mm&r=g\",\"contentUrl\":\"https:\\\/\\\/secure.gravatar.com\\\/avatar\\\/fb81a55b6218459490a9c1dc841a34909185b81904c5337b4b27f7a6fd60c49e?s=96&d=mm&r=g\",\"caption\":\"Lorenzo Verduzco\"}}]}<\/script>\n<!-- \/ Yoast SEO plugin. -->","yoast_head_json":{"title":"Pr\u00e9sentation d'ANN:\u00a0 Un Chercheur Adventiste Fait des Recherches sur la Pauvret\u00e9 Mondiale, Propose\u00a0des Solutions\u00a0 - \u00c9glise Adventiste Du Septieme Jour - Inter Am\u00e9rique Division","robots":{"index":"index","follow":"follow","max-snippet":"max-snippet:-1","max-image-preview":"max-image-preview:large","max-video-preview":"max-video-preview:-1"},"canonical":"https:\/\/interamerica.org\/fr\/2006\/02\/presentation-dann-un-chercheur-adventiste-fait-des-recherches-sur-la-pauvrete-mondiale-propose-des-solutions\/","og_locale":"fr_FR","og_type":"article","og_title":"Pr\u00e9sentation d'ANN:\u00a0 Un Chercheur Adventiste Fait des Recherches sur la Pauvret\u00e9 Mondiale, Propose\u00a0des Solutions\u00a0 - \u00c9glise Adventiste Du Septieme Jour - Inter Am\u00e9rique Division","og_description":"Comment d\u00e9finissez-vous la pauvret\u00e9? Existe-t-elle dans les pays de l'Ouest, tels les Etats-Unis?","og_url":"https:\/\/interamerica.org\/fr\/2006\/02\/presentation-dann-un-chercheur-adventiste-fait-des-recherches-sur-la-pauvrete-mondiale-propose-des-solutions\/","og_site_name":"\u00c9glise Adventiste Du Septieme Jour - Inter Am\u00e9rique Division","article_published_time":"2006-02-23T04:00:00+00:00","article_modified_time":"2017-06-02T17:17:50+00:00","author":"Lorenzo Verduzco","twitter_card":"summary_large_image","twitter_misc":{"\u00c9crit par":"Lorenzo Verduzco","Dur\u00e9e de lecture estim\u00e9e":"6 minutes"},"schema":{"@context":"https:\/\/schema.org","@graph":[{"@type":"Article","@id":"https:\/\/interamerica.org\/fr\/2006\/02\/presentation-dann-un-chercheur-adventiste-fait-des-recherches-sur-la-pauvrete-mondiale-propose-des-solutions\/#article","isPartOf":{"@id":"https:\/\/interamerica.org\/fr\/2006\/02\/presentation-dann-un-chercheur-adventiste-fait-des-recherches-sur-la-pauvrete-mondiale-propose-des-solutions\/"},"author":{"name":"Lorenzo Verduzco","@id":"https:\/\/interamerica.org\/fr\/#\/schema\/person\/68ede8bdc292885bb76c1e3810e73c39"},"headline":"Pr\u00e9sentation d&rsquo;ANN:\u00a0 Un Chercheur Adventiste Fait des Recherches sur la Pauvret\u00e9 Mondiale, Propose\u00a0des Solutions\u00a0","datePublished":"2006-02-23T04:00:00+00:00","dateModified":"2017-06-02T17:17:50+00:00","mainEntityOfPage":{"@id":"https:\/\/interamerica.org\/fr\/2006\/02\/presentation-dann-un-chercheur-adventiste-fait-des-recherches-sur-la-pauvrete-mondiale-propose-des-solutions\/"},"wordCount":1253,"articleSection":["Archive"],"inLanguage":"fr-FR"},{"@type":"WebPage","@id":"https:\/\/interamerica.org\/fr\/2006\/02\/presentation-dann-un-chercheur-adventiste-fait-des-recherches-sur-la-pauvrete-mondiale-propose-des-solutions\/","url":"https:\/\/interamerica.org\/fr\/2006\/02\/presentation-dann-un-chercheur-adventiste-fait-des-recherches-sur-la-pauvrete-mondiale-propose-des-solutions\/","name":"Pr\u00e9sentation d'ANN:\u00a0 Un Chercheur Adventiste Fait des Recherches sur la Pauvret\u00e9 Mondiale, Propose\u00a0des Solutions\u00a0 - \u00c9glise Adventiste Du Septieme Jour - Inter Am\u00e9rique Division","isPartOf":{"@id":"https:\/\/interamerica.org\/fr\/#website"},"datePublished":"2006-02-23T04:00:00+00:00","dateModified":"2017-06-02T17:17:50+00:00","author":{"@id":"https:\/\/interamerica.org\/fr\/#\/schema\/person\/68ede8bdc292885bb76c1e3810e73c39"},"breadcrumb":{"@id":"https:\/\/interamerica.org\/fr\/2006\/02\/presentation-dann-un-chercheur-adventiste-fait-des-recherches-sur-la-pauvrete-mondiale-propose-des-solutions\/#breadcrumb"},"inLanguage":"fr-FR","potentialAction":[{"@type":"ReadAction","target":["https:\/\/interamerica.org\/fr\/2006\/02\/presentation-dann-un-chercheur-adventiste-fait-des-recherches-sur-la-pauvrete-mondiale-propose-des-solutions\/"]}]},{"@type":"BreadcrumbList","@id":"https:\/\/interamerica.org\/fr\/2006\/02\/presentation-dann-un-chercheur-adventiste-fait-des-recherches-sur-la-pauvrete-mondiale-propose-des-solutions\/#breadcrumb","itemListElement":[{"@type":"ListItem","position":1,"name":"Home","item":"https:\/\/interamerica.org\/fr\/"},{"@type":"ListItem","position":2,"name":"Pr\u00e9sentation d&rsquo;ANN:\u00a0 Un Chercheur Adventiste Fait des Recherches sur la Pauvret\u00e9 Mondiale, Propose\u00a0des Solutions\u00a0"}]},{"@type":"WebSite","@id":"https:\/\/interamerica.org\/fr\/#website","url":"https:\/\/interamerica.org\/fr\/","name":"\u00c9glise Adventiste Du Septieme Jour - Inter Am\u00e9rique Division","description":"","potentialAction":[{"@type":"SearchAction","target":{"@type":"EntryPoint","urlTemplate":"https:\/\/interamerica.org\/fr\/?s={search_term_string}"},"query-input":{"@type":"PropertyValueSpecification","valueRequired":true,"valueName":"search_term_string"}}],"inLanguage":"fr-FR"},{"@type":"Person","@id":"https:\/\/interamerica.org\/fr\/#\/schema\/person\/68ede8bdc292885bb76c1e3810e73c39","name":"Lorenzo Verduzco","image":{"@type":"ImageObject","inLanguage":"fr-FR","@id":"https:\/\/secure.gravatar.com\/avatar\/fb81a55b6218459490a9c1dc841a34909185b81904c5337b4b27f7a6fd60c49e?s=96&d=mm&r=g","url":"https:\/\/secure.gravatar.com\/avatar\/fb81a55b6218459490a9c1dc841a34909185b81904c5337b4b27f7a6fd60c49e?s=96&d=mm&r=g","contentUrl":"https:\/\/secure.gravatar.com\/avatar\/fb81a55b6218459490a9c1dc841a34909185b81904c5337b4b27f7a6fd60c49e?s=96&d=mm&r=g","caption":"Lorenzo Verduzco"}}]}},"_links":{"self":[{"href":"https:\/\/interamerica.org\/fr\/wp-json\/wp\/v2\/posts\/12507","targetHints":{"allow":["GET"]}}],"collection":[{"href":"https:\/\/interamerica.org\/fr\/wp-json\/wp\/v2\/posts"}],"about":[{"href":"https:\/\/interamerica.org\/fr\/wp-json\/wp\/v2\/types\/post"}],"author":[{"embeddable":true,"href":"https:\/\/interamerica.org\/fr\/wp-json\/wp\/v2\/users\/1"}],"replies":[{"embeddable":true,"href":"https:\/\/interamerica.org\/fr\/wp-json\/wp\/v2\/comments?post=12507"}],"version-history":[{"count":0,"href":"https:\/\/interamerica.org\/fr\/wp-json\/wp\/v2\/posts\/12507\/revisions"}],"wp:attachment":[{"href":"https:\/\/interamerica.org\/fr\/wp-json\/wp\/v2\/media?parent=12507"}],"wp:term":[{"taxonomy":"category","embeddable":true,"href":"https:\/\/interamerica.org\/fr\/wp-json\/wp\/v2\/categories?post=12507"},{"taxonomy":"post_tag","embeddable":true,"href":"https:\/\/interamerica.org\/fr\/wp-json\/wp\/v2\/tags?post=12507"}],"curies":[{"name":"wp","href":"https:\/\/api.w.org\/{rel}","templated":true}]}}