{"id":12524,"date":"2006-03-21T00:00:00","date_gmt":"2006-03-21T04:00:00","guid":{"rendered":"http:\/\/192.81.217.108\/interamerica\/2006\/03\/trinidad-le-college-adventiste-eleve-au-statut-universite\/"},"modified":"2017-06-02T13:17:40","modified_gmt":"2017-06-02T17:17:40","slug":"trinidad-le-college-adventiste-eleve-au-statut-universite","status":"publish","type":"post","link":"https:\/\/interamerica.org\/fr\/2006\/03\/trinidad-le-college-adventiste-eleve-au-statut-universite\/","title":{"rendered":"Trinidad:  Le Coll\u00e8ge Adventiste Elev\u00e9 au Statut Universit\u00e9"},"content":{"rendered":"<p>Port-of-Spain, Trinidad&#8230; (Staff des Relations Publiques de USC)<\/p>\n<p><p>Des feux d&rsquo;artifice ont illumin\u00e9 le ciel De Maracas Valley dans la soir\u00e9 du jeudi, 16 mars 2006, pour saluer l&rsquo;arriv\u00e9e de la nouvelle universit\u00e9 de la r\u00e9gion, \u00ab\u00a0University of the Southern Caribbean\u00a0\u00bb (l&rsquo;Universit\u00e9 Caraib\u00e9enne du Sud).  Le spectacle a\u00e9rien qui a marqu\u00e9 une fin appropri\u00e9e \u00e0 une c\u00e9r\u00e9monie pleine d&rsquo;apparat et d&rsquo;\u00e9v\u00e8nements au cours de laquelle l&rsquo;ancien \u00ab\u00a0Caribbean Union College, qui a fourni une formation postcolaire \u00e0 la population de Trinidad et Tobago au cours des 78 derni\u00e8res ann\u00e9es, a eu le privil\u00e8ge de d&rsquo;annoncer son nouveau statut officiel.<\/p>\n<p><p>Son Excellence Professeur George Maxwell Richards, pr\u00e9sident de la R\u00e9publique de Trinidad et Tobago, a pr\u00e9sent\u00e9 le discours de circonstance.  Pr\u00e9sident Richards a consid\u00e9r\u00e9 le besoin de l&rsquo;universit\u00e9 comme un instrument important pour le d\u00e9veloppement national qui permettrait d&rsquo;aider \u00e0 r\u00e9soudre les probl\u00e8mes nationaux, sp\u00e9cialement ceux des moins privil\u00e9gi\u00e9s de la soci\u00e9t\u00e9.<\/p>\n<p><p>\u00ab\u00a0L&rsquo;accent devrait \u00eatre mis sur la formation de liens \u00e9troits avec les communaut\u00e9s de l&rsquo;ext\u00e9rieur.\u00a0\u00bb a-t-il dit.  Il a de plus soulign\u00e9 le besoin pour la facult\u00e9 et le personnel de l&rsquo;institution d&rsquo;accorder une place importante \u00e0 la recheche appliqu\u00e9e<\/p>\n<p><p>Dr. Ruby Alleyne, Directeur-ex\u00e9cutif du Conseil d&rsquo;Accr\u00e9ditation de Trinidad et Tobago, a d\u00e9livr\u00e9 le document de Ratification de l&rsquo;Acte Institutionnel au Dr. Trevor G. Gardner, pr\u00e9sident de l&rsquo;universit\u00e9.<\/p>\n<p><p>La c\u00e9r\u00e9monie qui \u00e9tait le couronnement d&rsquo;une semaine de comm\u00e9moration a attir\u00e9 pour l&rsquo;occasion des dignitaires tels l&rsquo;Honorable Ministre de la Justice Rolston Nelson, Juge de la Cour Caraib\u00e9enne de Justice; l&rsquo;Ambassadeur des Etats-Unis d&rsquo;Am\u00e9rique \u00e0 Trinidad et Tobago, Dr. Roy L. Austin, des membres de plusieurs grandes repr\u00e9sentations et d&rsquo;ambassades diplomatiques de Trinidad et Tobago, des repr\u00e9sentants de plusieurs minist\u00e8res du gouvernement et des officiels du Conseil d&rsquo;accr\u00e9ditation de l&rsquo;\u00eele.<\/p>\n<p><p>Avec une musique de fond ex\u00e9cut\u00e9e par le fameux orchestre de musique de la Police de Trinidad et Tobago, la soir\u00e9e fut entrecoup\u00e9e de tributs et de festivit\u00e9s.<\/p>\n<p><p>Le d\u00e9voilement du nom et du logo de la nouvelle universit\u00e9 suscit\u00e8rent l&rsquo;excitation de la foule.  Une pluie de confettis fut lanc\u00e9e dans l&rsquo;air alors que les \u00e9tudiants applaudissaient et agitaient leurs drapeaux et que le  roulement de tambour des fanfares annon\u00e7ait l&rsquo;arriv\u00e9e d&rsquo;une troisi\u00e8me institution de la sorte.<\/p>\n<p><p>L&rsquo;universit\u00e9, qui offrait un programme de bachelier sous la supervision d&rsquo;Andrews University dans les domaines de l&rsquo;administration, la th\u00e9ologie et l&rsquo;\u00e9ducation, a aussi re\u00e7u l&rsquo;accr\u00e9ditation d&rsquo;Andrews University et celle de l&rsquo;Association d&rsquo;Accr\u00e9ditation Adventiste peu de jours avant que USC ait re\u00e7u l&rsquo;accr\u00e9ditation du gouvernement, d&rsquo;apr\u00e8s Del Charles, directeur des Relaitons Publiques de USC.<\/p>\n<p><p>University of Southern Caribbean offre un programme de bachelier et de licence \u00e0 plus de 1.200 \u00e9tudiants de l&rsquo;\u00eele et sur ses deux extensions des campus de la Guyane et de Tobago.<\/p>\n<p><p>Pour plus d&rsquo;informations concernant la c\u00e9r\u00e9monie d&rsquo;accr\u00e9ditation de USC et ses programmes visitez www.cuc.edu.tt<\/p>\n<p>\n","protected":false},"excerpt":{"rendered":"<p>Des feux d&rsquo;artifice ont illumin\u00e9 le ciel De Maracas Valley dans la soir\u00e9 du jeudi, 16 mars 2006, pour saluer l&rsquo;arriv\u00e9e de la nouvelle universit\u00e9 de la r\u00e9gion&#8230;<\/p>\n","protected":false},"author":1,"featured_media":0,"comment_status":"closed","ping_status":"closed","sticky":false,"template":"","format":"standard","meta":{"_acf_changed":false,"footnotes":""},"categories":[9],"tags":[],"class_list":["post-12524","post","type-post","status-publish","format-standard","hentry","category-archive-fr"],"acf":[],"yoast_head":"<!-- This site is optimized with the Yoast SEO plugin v27.3 - https:\/\/yoast.com\/product\/yoast-seo-wordpress\/ -->\n<title>Trinidad: Le Coll\u00e8ge Adventiste Elev\u00e9 au Statut Universit\u00e9 - \u00c9glise Adventiste Du Septieme Jour - Inter Am\u00e9rique Division<\/title>\n<meta name=\"robots\" content=\"index, follow, max-snippet:-1, max-image-preview:large, max-video-preview:-1\" \/>\n<link rel=\"canonical\" href=\"https:\/\/interamerica.org\/fr\/2006\/03\/trinidad-le-college-adventiste-eleve-au-statut-universite\/\" \/>\n<meta property=\"og:locale\" content=\"fr_FR\" \/>\n<meta property=\"og:type\" content=\"article\" \/>\n<meta property=\"og:title\" content=\"Trinidad: Le Coll\u00e8ge Adventiste Elev\u00e9 au Statut Universit\u00e9 - \u00c9glise Adventiste Du Septieme Jour - Inter Am\u00e9rique Division\" \/>\n<meta property=\"og:description\" content=\"Des feux d&#039;artifice ont illumin\u00e9 le ciel De Maracas Valley dans la soir\u00e9 du jeudi, 16 mars 2006, pour saluer l&#039;arriv\u00e9e de la nouvelle universit\u00e9 de la r\u00e9gion...\" \/>\n<meta property=\"og:url\" content=\"https:\/\/interamerica.org\/fr\/2006\/03\/trinidad-le-college-adventiste-eleve-au-statut-universite\/\" \/>\n<meta property=\"og:site_name\" content=\"\u00c9glise Adventiste Du Septieme Jour - Inter Am\u00e9rique Division\" \/>\n<meta property=\"article:published_time\" content=\"2006-03-21T04:00:00+00:00\" \/>\n<meta property=\"article:modified_time\" content=\"2017-06-02T17:17:40+00:00\" \/>\n<meta name=\"author\" content=\"Lorenzo Verduzco\" \/>\n<meta name=\"twitter:card\" content=\"summary_large_image\" \/>\n<meta name=\"twitter:label1\" content=\"\u00c9crit par\" \/>\n\t<meta name=\"twitter:data1\" content=\"Lorenzo Verduzco\" \/>\n\t<meta name=\"twitter:label2\" content=\"Dur\u00e9e de lecture estim\u00e9e\" \/>\n\t<meta name=\"twitter:data2\" content=\"3 minutes\" \/>\n<script type=\"application\/ld+json\" class=\"yoast-schema-graph\">{\"@context\":\"https:\\\/\\\/schema.org\",\"@graph\":[{\"@type\":\"Article\",\"@id\":\"https:\\\/\\\/interamerica.org\\\/fr\\\/2006\\\/03\\\/trinidad-le-college-adventiste-eleve-au-statut-universite\\\/#article\",\"isPartOf\":{\"@id\":\"https:\\\/\\\/interamerica.org\\\/fr\\\/2006\\\/03\\\/trinidad-le-college-adventiste-eleve-au-statut-universite\\\/\"},\"author\":{\"name\":\"Lorenzo Verduzco\",\"@id\":\"https:\\\/\\\/interamerica.org\\\/fr\\\/#\\\/schema\\\/person\\\/68ede8bdc292885bb76c1e3810e73c39\"},\"headline\":\"Trinidad: Le Coll\u00e8ge Adventiste Elev\u00e9 au Statut Universit\u00e9\",\"datePublished\":\"2006-03-21T04:00:00+00:00\",\"dateModified\":\"2017-06-02T17:17:40+00:00\",\"mainEntityOfPage\":{\"@id\":\"https:\\\/\\\/interamerica.org\\\/fr\\\/2006\\\/03\\\/trinidad-le-college-adventiste-eleve-au-statut-universite\\\/\"},\"wordCount\":568,\"articleSection\":[\"Archive\"],\"inLanguage\":\"fr-FR\"},{\"@type\":\"WebPage\",\"@id\":\"https:\\\/\\\/interamerica.org\\\/fr\\\/2006\\\/03\\\/trinidad-le-college-adventiste-eleve-au-statut-universite\\\/\",\"url\":\"https:\\\/\\\/interamerica.org\\\/fr\\\/2006\\\/03\\\/trinidad-le-college-adventiste-eleve-au-statut-universite\\\/\",\"name\":\"Trinidad: Le Coll\u00e8ge Adventiste Elev\u00e9 au Statut Universit\u00e9 - \u00c9glise Adventiste Du Septieme Jour - Inter Am\u00e9rique Division\",\"isPartOf\":{\"@id\":\"https:\\\/\\\/interamerica.org\\\/fr\\\/#website\"},\"datePublished\":\"2006-03-21T04:00:00+00:00\",\"dateModified\":\"2017-06-02T17:17:40+00:00\",\"author\":{\"@id\":\"https:\\\/\\\/interamerica.org\\\/fr\\\/#\\\/schema\\\/person\\\/68ede8bdc292885bb76c1e3810e73c39\"},\"breadcrumb\":{\"@id\":\"https:\\\/\\\/interamerica.org\\\/fr\\\/2006\\\/03\\\/trinidad-le-college-adventiste-eleve-au-statut-universite\\\/#breadcrumb\"},\"inLanguage\":\"fr-FR\",\"potentialAction\":[{\"@type\":\"ReadAction\",\"target\":[\"https:\\\/\\\/interamerica.org\\\/fr\\\/2006\\\/03\\\/trinidad-le-college-adventiste-eleve-au-statut-universite\\\/\"]}]},{\"@type\":\"BreadcrumbList\",\"@id\":\"https:\\\/\\\/interamerica.org\\\/fr\\\/2006\\\/03\\\/trinidad-le-college-adventiste-eleve-au-statut-universite\\\/#breadcrumb\",\"itemListElement\":[{\"@type\":\"ListItem\",\"position\":1,\"name\":\"Home\",\"item\":\"https:\\\/\\\/interamerica.org\\\/fr\\\/\"},{\"@type\":\"ListItem\",\"position\":2,\"name\":\"Trinidad: Le Coll\u00e8ge Adventiste Elev\u00e9 au Statut Universit\u00e9\"}]},{\"@type\":\"WebSite\",\"@id\":\"https:\\\/\\\/interamerica.org\\\/fr\\\/#website\",\"url\":\"https:\\\/\\\/interamerica.org\\\/fr\\\/\",\"name\":\"\u00c9glise Adventiste Du Septieme Jour - Inter Am\u00e9rique Division\",\"description\":\"\",\"potentialAction\":[{\"@type\":\"SearchAction\",\"target\":{\"@type\":\"EntryPoint\",\"urlTemplate\":\"https:\\\/\\\/interamerica.org\\\/fr\\\/?s={search_term_string}\"},\"query-input\":{\"@type\":\"PropertyValueSpecification\",\"valueRequired\":true,\"valueName\":\"search_term_string\"}}],\"inLanguage\":\"fr-FR\"},{\"@type\":\"Person\",\"@id\":\"https:\\\/\\\/interamerica.org\\\/fr\\\/#\\\/schema\\\/person\\\/68ede8bdc292885bb76c1e3810e73c39\",\"name\":\"Lorenzo Verduzco\",\"image\":{\"@type\":\"ImageObject\",\"inLanguage\":\"fr-FR\",\"@id\":\"https:\\\/\\\/secure.gravatar.com\\\/avatar\\\/fb81a55b6218459490a9c1dc841a34909185b81904c5337b4b27f7a6fd60c49e?s=96&d=mm&r=g\",\"url\":\"https:\\\/\\\/secure.gravatar.com\\\/avatar\\\/fb81a55b6218459490a9c1dc841a34909185b81904c5337b4b27f7a6fd60c49e?s=96&d=mm&r=g\",\"contentUrl\":\"https:\\\/\\\/secure.gravatar.com\\\/avatar\\\/fb81a55b6218459490a9c1dc841a34909185b81904c5337b4b27f7a6fd60c49e?s=96&d=mm&r=g\",\"caption\":\"Lorenzo Verduzco\"}}]}<\/script>\n<!-- \/ Yoast SEO plugin. -->","yoast_head_json":{"title":"Trinidad: Le Coll\u00e8ge Adventiste Elev\u00e9 au Statut Universit\u00e9 - \u00c9glise Adventiste Du Septieme Jour - Inter Am\u00e9rique Division","robots":{"index":"index","follow":"follow","max-snippet":"max-snippet:-1","max-image-preview":"max-image-preview:large","max-video-preview":"max-video-preview:-1"},"canonical":"https:\/\/interamerica.org\/fr\/2006\/03\/trinidad-le-college-adventiste-eleve-au-statut-universite\/","og_locale":"fr_FR","og_type":"article","og_title":"Trinidad: Le Coll\u00e8ge Adventiste Elev\u00e9 au Statut Universit\u00e9 - \u00c9glise Adventiste Du Septieme Jour - Inter Am\u00e9rique Division","og_description":"Des feux d'artifice ont illumin\u00e9 le ciel De Maracas Valley dans la soir\u00e9 du jeudi, 16 mars 2006, pour saluer l'arriv\u00e9e de la nouvelle universit\u00e9 de la r\u00e9gion...","og_url":"https:\/\/interamerica.org\/fr\/2006\/03\/trinidad-le-college-adventiste-eleve-au-statut-universite\/","og_site_name":"\u00c9glise Adventiste Du Septieme Jour - Inter Am\u00e9rique Division","article_published_time":"2006-03-21T04:00:00+00:00","article_modified_time":"2017-06-02T17:17:40+00:00","author":"Lorenzo Verduzco","twitter_card":"summary_large_image","twitter_misc":{"\u00c9crit par":"Lorenzo Verduzco","Dur\u00e9e de lecture estim\u00e9e":"3 minutes"},"schema":{"@context":"https:\/\/schema.org","@graph":[{"@type":"Article","@id":"https:\/\/interamerica.org\/fr\/2006\/03\/trinidad-le-college-adventiste-eleve-au-statut-universite\/#article","isPartOf":{"@id":"https:\/\/interamerica.org\/fr\/2006\/03\/trinidad-le-college-adventiste-eleve-au-statut-universite\/"},"author":{"name":"Lorenzo Verduzco","@id":"https:\/\/interamerica.org\/fr\/#\/schema\/person\/68ede8bdc292885bb76c1e3810e73c39"},"headline":"Trinidad: Le Coll\u00e8ge Adventiste Elev\u00e9 au Statut Universit\u00e9","datePublished":"2006-03-21T04:00:00+00:00","dateModified":"2017-06-02T17:17:40+00:00","mainEntityOfPage":{"@id":"https:\/\/interamerica.org\/fr\/2006\/03\/trinidad-le-college-adventiste-eleve-au-statut-universite\/"},"wordCount":568,"articleSection":["Archive"],"inLanguage":"fr-FR"},{"@type":"WebPage","@id":"https:\/\/interamerica.org\/fr\/2006\/03\/trinidad-le-college-adventiste-eleve-au-statut-universite\/","url":"https:\/\/interamerica.org\/fr\/2006\/03\/trinidad-le-college-adventiste-eleve-au-statut-universite\/","name":"Trinidad: Le Coll\u00e8ge Adventiste Elev\u00e9 au Statut Universit\u00e9 - \u00c9glise Adventiste Du Septieme Jour - Inter Am\u00e9rique Division","isPartOf":{"@id":"https:\/\/interamerica.org\/fr\/#website"},"datePublished":"2006-03-21T04:00:00+00:00","dateModified":"2017-06-02T17:17:40+00:00","author":{"@id":"https:\/\/interamerica.org\/fr\/#\/schema\/person\/68ede8bdc292885bb76c1e3810e73c39"},"breadcrumb":{"@id":"https:\/\/interamerica.org\/fr\/2006\/03\/trinidad-le-college-adventiste-eleve-au-statut-universite\/#breadcrumb"},"inLanguage":"fr-FR","potentialAction":[{"@type":"ReadAction","target":["https:\/\/interamerica.org\/fr\/2006\/03\/trinidad-le-college-adventiste-eleve-au-statut-universite\/"]}]},{"@type":"BreadcrumbList","@id":"https:\/\/interamerica.org\/fr\/2006\/03\/trinidad-le-college-adventiste-eleve-au-statut-universite\/#breadcrumb","itemListElement":[{"@type":"ListItem","position":1,"name":"Home","item":"https:\/\/interamerica.org\/fr\/"},{"@type":"ListItem","position":2,"name":"Trinidad: Le Coll\u00e8ge Adventiste Elev\u00e9 au Statut Universit\u00e9"}]},{"@type":"WebSite","@id":"https:\/\/interamerica.org\/fr\/#website","url":"https:\/\/interamerica.org\/fr\/","name":"\u00c9glise Adventiste Du Septieme Jour - Inter Am\u00e9rique Division","description":"","potentialAction":[{"@type":"SearchAction","target":{"@type":"EntryPoint","urlTemplate":"https:\/\/interamerica.org\/fr\/?s={search_term_string}"},"query-input":{"@type":"PropertyValueSpecification","valueRequired":true,"valueName":"search_term_string"}}],"inLanguage":"fr-FR"},{"@type":"Person","@id":"https:\/\/interamerica.org\/fr\/#\/schema\/person\/68ede8bdc292885bb76c1e3810e73c39","name":"Lorenzo Verduzco","image":{"@type":"ImageObject","inLanguage":"fr-FR","@id":"https:\/\/secure.gravatar.com\/avatar\/fb81a55b6218459490a9c1dc841a34909185b81904c5337b4b27f7a6fd60c49e?s=96&d=mm&r=g","url":"https:\/\/secure.gravatar.com\/avatar\/fb81a55b6218459490a9c1dc841a34909185b81904c5337b4b27f7a6fd60c49e?s=96&d=mm&r=g","contentUrl":"https:\/\/secure.gravatar.com\/avatar\/fb81a55b6218459490a9c1dc841a34909185b81904c5337b4b27f7a6fd60c49e?s=96&d=mm&r=g","caption":"Lorenzo Verduzco"}}]}},"_links":{"self":[{"href":"https:\/\/interamerica.org\/fr\/wp-json\/wp\/v2\/posts\/12524","targetHints":{"allow":["GET"]}}],"collection":[{"href":"https:\/\/interamerica.org\/fr\/wp-json\/wp\/v2\/posts"}],"about":[{"href":"https:\/\/interamerica.org\/fr\/wp-json\/wp\/v2\/types\/post"}],"author":[{"embeddable":true,"href":"https:\/\/interamerica.org\/fr\/wp-json\/wp\/v2\/users\/1"}],"replies":[{"embeddable":true,"href":"https:\/\/interamerica.org\/fr\/wp-json\/wp\/v2\/comments?post=12524"}],"version-history":[{"count":0,"href":"https:\/\/interamerica.org\/fr\/wp-json\/wp\/v2\/posts\/12524\/revisions"}],"wp:attachment":[{"href":"https:\/\/interamerica.org\/fr\/wp-json\/wp\/v2\/media?parent=12524"}],"wp:term":[{"taxonomy":"category","embeddable":true,"href":"https:\/\/interamerica.org\/fr\/wp-json\/wp\/v2\/categories?post=12524"},{"taxonomy":"post_tag","embeddable":true,"href":"https:\/\/interamerica.org\/fr\/wp-json\/wp\/v2\/tags?post=12524"}],"curies":[{"name":"wp","href":"https:\/\/api.w.org\/{rel}","templated":true}]}}