{"id":12529,"date":"2006-03-21T00:00:00","date_gmt":"2006-03-21T04:00:00","guid":{"rendered":"http:\/\/192.81.217.108\/interamerica\/2006\/03\/sud-du-mexique-honneur-au-travail-des-colporteurs\/"},"modified":"2017-06-02T13:17:41","modified_gmt":"2017-06-02T17:17:41","slug":"sud-du-mexique-honneur-au-travail-des-colporteurs","status":"publish","type":"post","link":"https:\/\/interamerica.org\/fr\/2006\/03\/sud-du-mexique-honneur-au-travail-des-colporteurs\/","title":{"rendered":"Sud du Mexique : Honneur au Travail des Colporteurs"},"content":{"rendered":"<p>Oaxtepec, Morelos, Mexique&#8230; [Edersein Alvarez\/IAD]<\/p>\n<p>L&rsquo;\u00c9glise Adventiste du Septi\u00e8me Jour dans le Sud du Mexique a r\u00e9cemment honor\u00e9 le travail de ses colporteurs les plus m\u00e9ritants. \u00a0La f\u00eate a r\u00e9uni les 200 meilleurs colporteurs de la r\u00e9gion, lors du congr\u00e8s annuel \u00e0 Morelos, Mexique, du 27 f\u00e9vrier au 2 mars.<\/p>\n<p>Pasteur David Javier, pr\u00e9sident de l&rsquo;\u00e9glise dans le Sud du Mexique, a r\u00e9affirm\u00e9 \u00e0 tous les pr\u00e9sents qu&rsquo;ils sont essentiels en tant que dirigeants de l&rsquo;Oeuvre de Dieu.<\/p>\n<p>\u00ab\u00a0Vous \u00eates des instruments que Dieu a choisis pour \u00e9clairer le monde et pour faire de grandes choses au nom de J\u00e9sus,\u00a0\u00bb a dit Pasteur Javier. Il a pr\u00e9sent\u00e9 ensuite comment les colporteurs prennent une part active dans la r\u00e9alisation de la mission de l&rsquo;\u00e9glise. \u00ab\u00a0Ils [les colporteurs] sont &#8230; tr\u00e8s importants \u2026ils aident dans les campagnes d&rsquo;\u00e9vang\u00e9lisation, donnent des \u00e9tudes bibliques, prennent une part active dans la direction de leurs \u00e9glises locales et gagnes des \u00e2mes pour Christ.\u00a0\u00bb<\/p>\n<p>Les colporteurs pr\u00e9sents purent assister \u00e0 diff\u00e9rents s\u00e9minaires : m\u00e9thodes pour mieux vendre des livres, partage d&rsquo;informations sur la sortie de nouveaux livres disponibles et l&rsquo;art de devenir de meilleurs interm\u00e9diaires pour partager le message de l&rsquo;Esp\u00e9rance avec chaque personne rencontr\u00e9e.<\/p>\n<p>Les 200 meilleurs colporteurs invit\u00e9s \u00e0 ce programme, repr\u00e9sentant un quart des colporteurs \u00e9vang\u00e9listes du territoire, ont \u00e9t\u00e9 honor\u00e9s avec un assortiment de prix, sous forme de : esp\u00e8ces, appareils et ensembles de livres, parmi d&rsquo;autres. Le premier prix a \u00e9t\u00e9 remis \u00e0 quatre des colporteurs ayant vendu le plus de livres pendant l&rsquo;ann\u00e9e \u00e9coul\u00e9e. Tous les quatre recevront un voyage &#8211; tous frais pay\u00e9s &#8211; et se joindront \u00e0 d&rsquo;autre colporteurs du territoire de la Division interam\u00e9ricaine pour un tour sp\u00e9cial dans la Vall\u00e9e des Vaudois en Italie, le mois de mai prochain.<\/p>\n<p>Pasteur Howard Faigao, \u00a0secr\u00e9taire des publications de l&rsquo;\u00e9glise mondiale, a invit\u00e9 les colporteurs pr\u00e9sents \u00e0 se joindre aux plus de 40,000 colporteurs \u00e9vang\u00e9listes dans le monde pour \u00eatre des instruments de grandes valeurs en partageant la litt\u00e9rature chr\u00e9tienne en vue de sauver les \u00e2mes qui p\u00e9rissent dans le p\u00e9ch\u00e9.<\/p>\n","protected":false},"excerpt":{"rendered":"<p>L&rsquo;\u00c9glise Adventiste du Septi\u00e8me Jour dans le Sud du Mexique a r\u00e9cemment honor\u00e9 le travail de ses colporteurs les plus m\u00e9ritants.<\/p>\n","protected":false},"author":1,"featured_media":0,"comment_status":"closed","ping_status":"closed","sticky":false,"template":"","format":"standard","meta":{"_acf_changed":false,"footnotes":""},"categories":[9],"tags":[],"class_list":["post-12529","post","type-post","status-publish","format-standard","hentry","category-archive-fr"],"acf":[],"yoast_head":"<!-- This site is optimized with the Yoast SEO plugin v27.3 - https:\/\/yoast.com\/product\/yoast-seo-wordpress\/ -->\n<title>Sud du Mexique : Honneur au Travail des Colporteurs - \u00c9glise Adventiste Du Septieme Jour - Inter Am\u00e9rique Division<\/title>\n<meta name=\"robots\" content=\"index, follow, max-snippet:-1, max-image-preview:large, max-video-preview:-1\" \/>\n<link rel=\"canonical\" href=\"https:\/\/interamerica.org\/fr\/2006\/03\/sud-du-mexique-honneur-au-travail-des-colporteurs\/\" \/>\n<meta property=\"og:locale\" content=\"fr_FR\" \/>\n<meta property=\"og:type\" content=\"article\" \/>\n<meta property=\"og:title\" content=\"Sud du Mexique : Honneur au Travail des Colporteurs - \u00c9glise Adventiste Du Septieme Jour - Inter Am\u00e9rique Division\" \/>\n<meta property=\"og:description\" content=\"L&#039;\u00c9glise Adventiste du Septi\u00e8me Jour dans le Sud du Mexique a r\u00e9cemment honor\u00e9 le travail de ses colporteurs les plus m\u00e9ritants.\" \/>\n<meta property=\"og:url\" content=\"https:\/\/interamerica.org\/fr\/2006\/03\/sud-du-mexique-honneur-au-travail-des-colporteurs\/\" \/>\n<meta property=\"og:site_name\" content=\"\u00c9glise Adventiste Du Septieme Jour - Inter Am\u00e9rique Division\" \/>\n<meta property=\"article:published_time\" content=\"2006-03-21T04:00:00+00:00\" \/>\n<meta property=\"article:modified_time\" content=\"2017-06-02T17:17:41+00:00\" \/>\n<meta name=\"author\" content=\"Lorenzo Verduzco\" \/>\n<meta name=\"twitter:card\" content=\"summary_large_image\" \/>\n<meta name=\"twitter:label1\" content=\"\u00c9crit par\" \/>\n\t<meta name=\"twitter:data1\" content=\"Lorenzo Verduzco\" \/>\n\t<meta name=\"twitter:label2\" content=\"Dur\u00e9e de lecture estim\u00e9e\" \/>\n\t<meta name=\"twitter:data2\" content=\"2 minutes\" \/>\n<script type=\"application\/ld+json\" class=\"yoast-schema-graph\">{\"@context\":\"https:\\\/\\\/schema.org\",\"@graph\":[{\"@type\":\"Article\",\"@id\":\"https:\\\/\\\/interamerica.org\\\/fr\\\/2006\\\/03\\\/sud-du-mexique-honneur-au-travail-des-colporteurs\\\/#article\",\"isPartOf\":{\"@id\":\"https:\\\/\\\/interamerica.org\\\/fr\\\/2006\\\/03\\\/sud-du-mexique-honneur-au-travail-des-colporteurs\\\/\"},\"author\":{\"name\":\"Lorenzo Verduzco\",\"@id\":\"https:\\\/\\\/interamerica.org\\\/fr\\\/#\\\/schema\\\/person\\\/68ede8bdc292885bb76c1e3810e73c39\"},\"headline\":\"Sud du Mexique : Honneur au Travail des Colporteurs\",\"datePublished\":\"2006-03-21T04:00:00+00:00\",\"dateModified\":\"2017-06-02T17:17:41+00:00\",\"mainEntityOfPage\":{\"@id\":\"https:\\\/\\\/interamerica.org\\\/fr\\\/2006\\\/03\\\/sud-du-mexique-honneur-au-travail-des-colporteurs\\\/\"},\"wordCount\":389,\"articleSection\":[\"Archive\"],\"inLanguage\":\"fr-FR\"},{\"@type\":\"WebPage\",\"@id\":\"https:\\\/\\\/interamerica.org\\\/fr\\\/2006\\\/03\\\/sud-du-mexique-honneur-au-travail-des-colporteurs\\\/\",\"url\":\"https:\\\/\\\/interamerica.org\\\/fr\\\/2006\\\/03\\\/sud-du-mexique-honneur-au-travail-des-colporteurs\\\/\",\"name\":\"Sud du Mexique : Honneur au Travail des Colporteurs - \u00c9glise Adventiste Du Septieme Jour - Inter Am\u00e9rique Division\",\"isPartOf\":{\"@id\":\"https:\\\/\\\/interamerica.org\\\/fr\\\/#website\"},\"datePublished\":\"2006-03-21T04:00:00+00:00\",\"dateModified\":\"2017-06-02T17:17:41+00:00\",\"author\":{\"@id\":\"https:\\\/\\\/interamerica.org\\\/fr\\\/#\\\/schema\\\/person\\\/68ede8bdc292885bb76c1e3810e73c39\"},\"breadcrumb\":{\"@id\":\"https:\\\/\\\/interamerica.org\\\/fr\\\/2006\\\/03\\\/sud-du-mexique-honneur-au-travail-des-colporteurs\\\/#breadcrumb\"},\"inLanguage\":\"fr-FR\",\"potentialAction\":[{\"@type\":\"ReadAction\",\"target\":[\"https:\\\/\\\/interamerica.org\\\/fr\\\/2006\\\/03\\\/sud-du-mexique-honneur-au-travail-des-colporteurs\\\/\"]}]},{\"@type\":\"BreadcrumbList\",\"@id\":\"https:\\\/\\\/interamerica.org\\\/fr\\\/2006\\\/03\\\/sud-du-mexique-honneur-au-travail-des-colporteurs\\\/#breadcrumb\",\"itemListElement\":[{\"@type\":\"ListItem\",\"position\":1,\"name\":\"Home\",\"item\":\"https:\\\/\\\/interamerica.org\\\/fr\\\/\"},{\"@type\":\"ListItem\",\"position\":2,\"name\":\"Sud du Mexique : Honneur au Travail des Colporteurs\"}]},{\"@type\":\"WebSite\",\"@id\":\"https:\\\/\\\/interamerica.org\\\/fr\\\/#website\",\"url\":\"https:\\\/\\\/interamerica.org\\\/fr\\\/\",\"name\":\"\u00c9glise Adventiste Du Septieme Jour - Inter Am\u00e9rique Division\",\"description\":\"\",\"potentialAction\":[{\"@type\":\"SearchAction\",\"target\":{\"@type\":\"EntryPoint\",\"urlTemplate\":\"https:\\\/\\\/interamerica.org\\\/fr\\\/?s={search_term_string}\"},\"query-input\":{\"@type\":\"PropertyValueSpecification\",\"valueRequired\":true,\"valueName\":\"search_term_string\"}}],\"inLanguage\":\"fr-FR\"},{\"@type\":\"Person\",\"@id\":\"https:\\\/\\\/interamerica.org\\\/fr\\\/#\\\/schema\\\/person\\\/68ede8bdc292885bb76c1e3810e73c39\",\"name\":\"Lorenzo Verduzco\",\"image\":{\"@type\":\"ImageObject\",\"inLanguage\":\"fr-FR\",\"@id\":\"https:\\\/\\\/secure.gravatar.com\\\/avatar\\\/fb81a55b6218459490a9c1dc841a34909185b81904c5337b4b27f7a6fd60c49e?s=96&d=mm&r=g\",\"url\":\"https:\\\/\\\/secure.gravatar.com\\\/avatar\\\/fb81a55b6218459490a9c1dc841a34909185b81904c5337b4b27f7a6fd60c49e?s=96&d=mm&r=g\",\"contentUrl\":\"https:\\\/\\\/secure.gravatar.com\\\/avatar\\\/fb81a55b6218459490a9c1dc841a34909185b81904c5337b4b27f7a6fd60c49e?s=96&d=mm&r=g\",\"caption\":\"Lorenzo Verduzco\"}}]}<\/script>\n<!-- \/ Yoast SEO plugin. -->","yoast_head_json":{"title":"Sud du Mexique : Honneur au Travail des Colporteurs - \u00c9glise Adventiste Du Septieme Jour - Inter Am\u00e9rique Division","robots":{"index":"index","follow":"follow","max-snippet":"max-snippet:-1","max-image-preview":"max-image-preview:large","max-video-preview":"max-video-preview:-1"},"canonical":"https:\/\/interamerica.org\/fr\/2006\/03\/sud-du-mexique-honneur-au-travail-des-colporteurs\/","og_locale":"fr_FR","og_type":"article","og_title":"Sud du Mexique : Honneur au Travail des Colporteurs - \u00c9glise Adventiste Du Septieme Jour - Inter Am\u00e9rique Division","og_description":"L'\u00c9glise Adventiste du Septi\u00e8me Jour dans le Sud du Mexique a r\u00e9cemment honor\u00e9 le travail de ses colporteurs les plus m\u00e9ritants.","og_url":"https:\/\/interamerica.org\/fr\/2006\/03\/sud-du-mexique-honneur-au-travail-des-colporteurs\/","og_site_name":"\u00c9glise Adventiste Du Septieme Jour - Inter Am\u00e9rique Division","article_published_time":"2006-03-21T04:00:00+00:00","article_modified_time":"2017-06-02T17:17:41+00:00","author":"Lorenzo Verduzco","twitter_card":"summary_large_image","twitter_misc":{"\u00c9crit par":"Lorenzo Verduzco","Dur\u00e9e de lecture estim\u00e9e":"2 minutes"},"schema":{"@context":"https:\/\/schema.org","@graph":[{"@type":"Article","@id":"https:\/\/interamerica.org\/fr\/2006\/03\/sud-du-mexique-honneur-au-travail-des-colporteurs\/#article","isPartOf":{"@id":"https:\/\/interamerica.org\/fr\/2006\/03\/sud-du-mexique-honneur-au-travail-des-colporteurs\/"},"author":{"name":"Lorenzo Verduzco","@id":"https:\/\/interamerica.org\/fr\/#\/schema\/person\/68ede8bdc292885bb76c1e3810e73c39"},"headline":"Sud du Mexique : Honneur au Travail des Colporteurs","datePublished":"2006-03-21T04:00:00+00:00","dateModified":"2017-06-02T17:17:41+00:00","mainEntityOfPage":{"@id":"https:\/\/interamerica.org\/fr\/2006\/03\/sud-du-mexique-honneur-au-travail-des-colporteurs\/"},"wordCount":389,"articleSection":["Archive"],"inLanguage":"fr-FR"},{"@type":"WebPage","@id":"https:\/\/interamerica.org\/fr\/2006\/03\/sud-du-mexique-honneur-au-travail-des-colporteurs\/","url":"https:\/\/interamerica.org\/fr\/2006\/03\/sud-du-mexique-honneur-au-travail-des-colporteurs\/","name":"Sud du Mexique : Honneur au Travail des Colporteurs - \u00c9glise Adventiste Du Septieme Jour - Inter Am\u00e9rique Division","isPartOf":{"@id":"https:\/\/interamerica.org\/fr\/#website"},"datePublished":"2006-03-21T04:00:00+00:00","dateModified":"2017-06-02T17:17:41+00:00","author":{"@id":"https:\/\/interamerica.org\/fr\/#\/schema\/person\/68ede8bdc292885bb76c1e3810e73c39"},"breadcrumb":{"@id":"https:\/\/interamerica.org\/fr\/2006\/03\/sud-du-mexique-honneur-au-travail-des-colporteurs\/#breadcrumb"},"inLanguage":"fr-FR","potentialAction":[{"@type":"ReadAction","target":["https:\/\/interamerica.org\/fr\/2006\/03\/sud-du-mexique-honneur-au-travail-des-colporteurs\/"]}]},{"@type":"BreadcrumbList","@id":"https:\/\/interamerica.org\/fr\/2006\/03\/sud-du-mexique-honneur-au-travail-des-colporteurs\/#breadcrumb","itemListElement":[{"@type":"ListItem","position":1,"name":"Home","item":"https:\/\/interamerica.org\/fr\/"},{"@type":"ListItem","position":2,"name":"Sud du Mexique : Honneur au Travail des Colporteurs"}]},{"@type":"WebSite","@id":"https:\/\/interamerica.org\/fr\/#website","url":"https:\/\/interamerica.org\/fr\/","name":"\u00c9glise Adventiste Du Septieme Jour - Inter Am\u00e9rique Division","description":"","potentialAction":[{"@type":"SearchAction","target":{"@type":"EntryPoint","urlTemplate":"https:\/\/interamerica.org\/fr\/?s={search_term_string}"},"query-input":{"@type":"PropertyValueSpecification","valueRequired":true,"valueName":"search_term_string"}}],"inLanguage":"fr-FR"},{"@type":"Person","@id":"https:\/\/interamerica.org\/fr\/#\/schema\/person\/68ede8bdc292885bb76c1e3810e73c39","name":"Lorenzo Verduzco","image":{"@type":"ImageObject","inLanguage":"fr-FR","@id":"https:\/\/secure.gravatar.com\/avatar\/fb81a55b6218459490a9c1dc841a34909185b81904c5337b4b27f7a6fd60c49e?s=96&d=mm&r=g","url":"https:\/\/secure.gravatar.com\/avatar\/fb81a55b6218459490a9c1dc841a34909185b81904c5337b4b27f7a6fd60c49e?s=96&d=mm&r=g","contentUrl":"https:\/\/secure.gravatar.com\/avatar\/fb81a55b6218459490a9c1dc841a34909185b81904c5337b4b27f7a6fd60c49e?s=96&d=mm&r=g","caption":"Lorenzo Verduzco"}}]}},"_links":{"self":[{"href":"https:\/\/interamerica.org\/fr\/wp-json\/wp\/v2\/posts\/12529","targetHints":{"allow":["GET"]}}],"collection":[{"href":"https:\/\/interamerica.org\/fr\/wp-json\/wp\/v2\/posts"}],"about":[{"href":"https:\/\/interamerica.org\/fr\/wp-json\/wp\/v2\/types\/post"}],"author":[{"embeddable":true,"href":"https:\/\/interamerica.org\/fr\/wp-json\/wp\/v2\/users\/1"}],"replies":[{"embeddable":true,"href":"https:\/\/interamerica.org\/fr\/wp-json\/wp\/v2\/comments?post=12529"}],"version-history":[{"count":0,"href":"https:\/\/interamerica.org\/fr\/wp-json\/wp\/v2\/posts\/12529\/revisions"}],"wp:attachment":[{"href":"https:\/\/interamerica.org\/fr\/wp-json\/wp\/v2\/media?parent=12529"}],"wp:term":[{"taxonomy":"category","embeddable":true,"href":"https:\/\/interamerica.org\/fr\/wp-json\/wp\/v2\/categories?post=12529"},{"taxonomy":"post_tag","embeddable":true,"href":"https:\/\/interamerica.org\/fr\/wp-json\/wp\/v2\/tags?post=12529"}],"curies":[{"name":"wp","href":"https:\/\/api.w.org\/{rel}","templated":true}]}}