{"id":125319,"date":"2025-02-16T15:26:27","date_gmt":"2025-02-16T20:26:27","guid":{"rendered":"https:\/\/interamerica.org\/?p=125319"},"modified":"2025-02-17T05:22:10","modified_gmt":"2025-02-17T10:22:10","slug":"le-droit-a-la-liberte-de-pensee-de-conscience-et-de-religion-nest-pas-negociable","status":"publish","type":"post","link":"https:\/\/interamerica.org\/fr\/2025\/02\/le-droit-a-la-liberte-de-pensee-de-conscience-et-de-religion-nest-pas-negociable\/","title":{"rendered":"\u00ab Le droit \u00e0 la libert\u00e9 de pens\u00e9e, de conscience et de religion n\u2019est pas n\u00e9gociable \u00bb"},"content":{"rendered":"<p><em>En Jama\u00efque, l\u2019intervenant principal discute de la situation actuelle et des d\u00e9fis en rapport avec la libert\u00e9 religieuse.<\/em><\/p>\n<p>16 F\u00e9vrier 2025 | Kingston, Jama\u00efque | Dyhann Buddoo-Fletcher et \u00c9quipe de presse de la DIA<\/p>\n<p>Les responsables adventistes du septi\u00e8me jour de la libert\u00e9 religieuse ont lanc\u00e9 un appel passionn\u00e9 invitant l\u2019\u00c9glise \u00e0 valoriser et \u00e0 d\u00e9fendre la libert\u00e9 religieuse, en particulier pour ceux qui sont confront\u00e9s \u00e0 la pers\u00e9cution, lors du Sommet sur la Libert\u00e9 Religieuse organis\u00e9 par l\u2019Union de la Jama\u00efque \u00e0 Kingston, en Jama\u00efque, le 30 janvier 2025.<\/p>\n<p>Dr Nelu Burcea, directeur adjoint des Affaires Publiques et de la Libert\u00e9 Religieuse \u00e0 la Conf\u00e9rence G\u00e9n\u00e9rale des adventistes du septi\u00e8me jour, a dit aux participants que le temps du confort \u00e9tait r\u00e9volu.<\/p>\n<p>\u00ab Nous ne pouvons pas fermer les yeux sur la souffrance de millions d\u2019individus \u00e0 travers le monde qui sont pers\u00e9cut\u00e9s simplement parce qu\u2019ils adh\u00e8rent \u00e0 une croyance. Le droit \u00e0 la libert\u00e9 de pens\u00e9e, de conscience et de religion n\u2019est pas n\u00e9gociable. \u00ab C\u2019est un droit humain fondamental qui doit \u00eatre respect\u00e9 par tous, sans exception, \u00bb a d\u00e9clar\u00e9 Dr Burcea.<\/p>\n<p><div id=\"attachment_125260\" style=\"width: 1010px\" class=\"wp-caption aligncenter\"><img fetchpriority=\"high\" decoding=\"async\" aria-describedby=\"caption-attachment-125260\" class=\"size-full wp-image-125259\" src=\"https:\/\/interamerica.org\/wp-content\/uploads\/2025\/02\/jamu-rl-summit-nelu-burcea-closeup.jpg\" alt=\"\" width=\"1000\" height=\"667\" srcset=\"https:\/\/interamerica.org\/wp-content\/uploads\/2025\/02\/jamu-rl-summit-nelu-burcea-closeup.jpg 1000w, https:\/\/interamerica.org\/wp-content\/uploads\/2025\/02\/jamu-rl-summit-nelu-burcea-closeup-300x200.jpg 300w, https:\/\/interamerica.org\/wp-content\/uploads\/2025\/02\/jamu-rl-summit-nelu-burcea-closeup-768x512.jpg 768w\" sizes=\"(max-width: 1000px) 100vw, 1000px\" \/><p id=\"caption-attachment-125260\" class=\"wp-caption-text\">Dr Nelu Burcea, directeur adjoint des Affaires Publiques et de la Libert\u00e9 Religieuse \u00e0 la Conf\u00e9rence G\u00e9n\u00e9rale des adventistes du septi\u00e8me jour, s\u2019exprime lors du Sommet sur la Libert\u00e9 Religieuse qui s\u2019est tenu \u00e0 Kingston, en Jama\u00efque, le 30 janvier 2025. Le sommet a r\u00e9uni des repr\u00e9sentants de diverses confessions religieuses, du monde universitaire, des entreprises, du gouvernement et d\u2019organisations non gouvernementales de la Jama\u00efque au Centre de Conf\u00e9rences de la Jama\u00efque. [Photo : Phillip Castell]<\/p><\/div>Le programme qui a eu lieu le 30 janvier a r\u00e9uni des dirigeants du gouvernement, des leaders d\u2019institutions religieuses, des dirigeants des secteurs priv\u00e9 et public, des m\u00e9dias et de la communaut\u00e9 juridique autour du th\u00e8me \u00ab Encourager l\u2019Unit\u00e9 : Respecter les Croyances. \u00bb<\/p>\n<p>En tant qu\u2019orateur principal, Nelu Burcea a encourag\u00e9 tous les secteurs de la soci\u00e9t\u00e9 \u00e0 prot\u00e9ger la libert\u00e9 religieuse par le biais d\u2019une d\u00e9marche de soutien d\u2019un changement au niveau politique, d\u2019un engagement social ou d\u2019un soutien apport\u00e9 aux organisations qui se consacrent \u00e0 cette cause.<\/p>\n<p><strong>La menace croissante pour la libert\u00e9 religieuse<\/strong><\/p>\n<p>En mettant en lumi\u00e8re la menace croissante qui p\u00e8se sur la libert\u00e9 religieuse, Nelu Burcea a expliqu\u00e9 que \u00ab les attaques violentes contre la libert\u00e9 religieuse se manifestent sous diverses formes, notamment les discours de haine, l\u2019intol\u00e9rance, la discrimination, le manque d\u2019\u00e9galit\u00e9 des chances, les st\u00e9r\u00e9otypes et la violence pure et simple. Ces injustices touchent non seulement les individus, mais aussi des communaut\u00e9s et des nations enti\u00e8res. \u00bb<\/p>\n<p>Il a soulign\u00e9 que les minorit\u00e9s religieuses du monde entier sont confront\u00e9es \u00e0 des menaces croissantes, en particulier dans les r\u00e9gions o\u00f9 elles sont moins nombreuses. \u00ab Dans certains cas, ces groupes deviennent la cible d\u2019op\u00e9rations militaires, de conversions forc\u00e9es, de destruction de sites religieux et d\u2019autres formes de pers\u00e9cution. Qu\u2019elles soient chr\u00e9tiennes, musulmanes, hindoues, juives, bouddhistes ou appartenant \u00e0 d\u2019autres confessions, les minorit\u00e9s religieuses sont fr\u00e9quemment confront\u00e9es \u00e0 des restrictions de leurs droits et de leurs libert\u00e9s. \u00bb<\/p>\n<p><div id=\"attachment_125263\" style=\"width: 1010px\" class=\"wp-caption aligncenter\"><img decoding=\"async\" aria-describedby=\"caption-attachment-125263\" class=\"size-full wp-image-125262\" src=\"https:\/\/interamerica.org\/wp-content\/uploads\/2025\/02\/jamu-rlsummit-attendees.jpg\" alt=\"\" width=\"1000\" height=\"653\" srcset=\"https:\/\/interamerica.org\/wp-content\/uploads\/2025\/02\/jamu-rlsummit-attendees.jpg 1000w, https:\/\/interamerica.org\/wp-content\/uploads\/2025\/02\/jamu-rlsummit-attendees-300x196.jpg 300w, https:\/\/interamerica.org\/wp-content\/uploads\/2025\/02\/jamu-rlsummit-attendees-768x502.jpg 768w\" sizes=\"(max-width: 1000px) 100vw, 1000px\" \/><p id=\"caption-attachment-125263\" class=\"wp-caption-text\">Des repr\u00e9sentants de l\u2019Association Jama\u00efcaine de la Fonction Publique et du secteur \u00e9ducatif de la Jama\u00efque et de la Cara\u00efbe \u00e9coutent lors du Sommet sur la Libert\u00e9 Religieuse, le 30 janvier 2025. [Photo : Phillip Castell]<\/p><\/div><strong>Nationalisme religieux, marginalisation des minorit\u00e9s et s\u00e9cularisation<\/strong><\/p>\n<p>Nelu Burcea a \u00e9galement mis en garde contre la mont\u00e9e du nationalisme religieux, qui encourage l\u2019exclusion et l\u2019hostilit\u00e9 envers les personnes de confessions diff\u00e9rentes. \u00ab Les gouvernements peuvent mettre en \u0153uvre des lois ou encourager des pratiques qui privil\u00e9gient une religion par rapport \u00e0 d\u2019autres, sapant ainsi les traditions pluralistes de nombreuses soci\u00e9t\u00e9s, \u00bb a-t-il d\u00e9clar\u00e9.<\/p>\n<p>Il a d\u2019autre part expliqu\u00e9 que cette marginalisation s\u2019\u00e9tend souvent au-del\u00e0 des pr\u00e9jug\u00e9s soci\u00e9taux, et se traduit par des politiques nationales discriminatoires \u00e0 l\u2019\u00e9gard des groupes minoritaires, les laissant sans protection ni libert\u00e9 de pratiquer ouvertement leur foi.<\/p>\n<p>\u00ab La mont\u00e9e du nationalisme religieux non seulement menace la stabilit\u00e9 des soci\u00e9t\u00e9s, mais aussi les id\u00e9aux de d\u00e9mocratie, de dignit\u00e9 humaine et de libert\u00e9 sur lesquels le monde moderne est construit, \u00bb a-t-il d\u00e9clar\u00e9.<\/p>\n<p>Nelu Burcea a \u00e9galement abord\u00e9 les inqui\u00e9tudes concernant l\u2019influence croissante de la la\u00efcit\u00e9. \u00ab Bien que la la\u00efcit\u00e9 vise \u00e0 prot\u00e9ger les libert\u00e9s, elle peut cr\u00e9er un environnement o\u00f9 l\u2019expression religieuse est restreinte, remettant en cause le droit fondamental \u00e0 la libert\u00e9 religieuse \u00bb, a-t-il expliqu\u00e9, citant l\u2019interdiction des tenues religieuses et les limitations impos\u00e9es aux c\u00e9r\u00e9monies religieuses dans les espaces publics.<\/p>\n<p><div id=\"attachment_125325\" style=\"width: 1010px\" class=\"wp-caption aligncenter\"><img decoding=\"async\" aria-describedby=\"caption-attachment-125325\" class=\"wp-image-125325 size-full\" src=\"https:\/\/interamerica.org\/wp-content\/uploads\/2025\/02\/jamu-panel-rldsc-8304-1.jpg\" alt=\"Le Dr Nelu Burcea (\u00e0 gauche), directeur associ\u00e9 des Affaires Publiques et de la Libert\u00e9 Religieuse \u00e0 la Conf\u00e9rence G\u00e9n\u00e9rale des Adventistes du Septi\u00e8me Jour, prend la parole lors d'une table ronde avec Stacey Mitchell (au centre), pr\u00e9sidente du Conseil Jama\u00efcain pour la Fraternit\u00e9 Interconfessionnelle, et le Pasteur Glen Samuels, pr\u00e9sident de la Conf\u00e9rence de l'Ouest de la Jama\u00efque \u00e0 Kingston, Jama\u00efque, tenue le 30 janvier 2025. [Photo : Phillip Castell]\" width=\"1000\" height=\"667\" srcset=\"https:\/\/interamerica.org\/wp-content\/uploads\/2025\/02\/jamu-panel-rldsc-8304-1.jpg 1000w, https:\/\/interamerica.org\/wp-content\/uploads\/2025\/02\/jamu-panel-rldsc-8304-1-300x200.jpg 300w, https:\/\/interamerica.org\/wp-content\/uploads\/2025\/02\/jamu-panel-rldsc-8304-1-768x512.jpg 768w\" sizes=\"(max-width: 1000px) 100vw, 1000px\" \/><p id=\"caption-attachment-125325\" class=\"wp-caption-text\">Le Dr Nelu Burcea (\u00e0 gauche), directeur associ\u00e9 des Affaires Publiques et de la Libert\u00e9 Religieuse \u00e0 la Conf\u00e9rence G\u00e9n\u00e9rale des Adventistes du Septi\u00e8me Jour, prend la parole lors d&rsquo;une table ronde avec Stacey Mitchell (au centre), pr\u00e9sidente du Conseil Jama\u00efcain pour la Fraternit\u00e9 Interconfessionnelle, et le Pasteur Glen Samuels, pr\u00e9sident de la Conf\u00e9rence de l&rsquo;Ouest de la Jama\u00efque \u00e0 Kingston, Jama\u00efque, tenue le 30 janvier 2025. [Photo : Phillip Castell][Photo: Phillip Castell]<\/p><\/div><strong>Discours de haine et violations des droits de l\u2019homme<\/strong><\/p>\n<p>La propagation des discours de haine, principalement par le biais des r\u00e9seaux sociaux, a aggrav\u00e9 l\u2019intol\u00e9rance religieuse. \u00ab L\u2019absence de protections juridiques efficaces contre les discours de haine alimente la discrimination et la violence, \u00bb a-t-il fait remarquer.<\/p>\n<p>L\u2019intol\u00e9rance religieuse, a dit Nelu Burcea, conduit \u00e0 la discrimination et, dans les cas extr\u00eames, incite \u00e0 la violence. \u00ab Les repr\u00e9sentations n\u00e9gatives des groupes religieux renforcent la division et la marginalisation, \u00bb a-t-il d\u00e9clar\u00e9, ajoutant qu\u2019un tel discours peut d\u00e9boucher sur la pers\u00e9cution directe.<\/p>\n<p><strong>R\u00e9gimes autoritaires, peine de mort et pers\u00e9cution religieuse<\/strong><\/p>\n<p>Sous un r\u00e9gime autoritaire, la libert\u00e9 religieuse est souvent r\u00e9prim\u00e9e pour maintenir le contr\u00f4le. \u00ab Toute expression religieuse qui ne correspond pas \u00e0 l\u2019id\u00e9ologie de l\u2019\u00e9tat est consid\u00e9r\u00e9e comme une menace, \u00bb a dit Nelu Burcea. \u00ab Les groupes religieux qui s\u2019opposent aux politiques gouvernementales risquent l\u2019arrestation, la torture, voire l\u2019ex\u00e9cution. \u00bb<\/p>\n<p>Dans certains pays, la peine de mort est utilis\u00e9e pour r\u00e9primer les croyances religieuses. \u00ab Des individus ont \u00e9t\u00e9 condamn\u00e9s \u00e0 mort pour apostasie, blasph\u00e8me ou autres d\u00e9lits religieux. Il s\u2019agit d\u2019une grave violation des droits de l\u2019homme qui demande une opposition mondiale, \u00bb a-t-il d\u00e9clar\u00e9.<\/p>\n<p><div id=\"attachment_125297\" style=\"width: 960px\" class=\"wp-caption aligncenter\"><img loading=\"lazy\" decoding=\"async\" aria-describedby=\"caption-attachment-125297\" class=\"size-full wp-image-125296\" src=\"https:\/\/interamerica.org\/wp-content\/uploads\/2025\/02\/jamu-rlsummit-4-img-5360.jpg\" alt=\"\" width=\"950\" height=\"713\" srcset=\"https:\/\/interamerica.org\/wp-content\/uploads\/2025\/02\/jamu-rlsummit-4-img-5360.jpg 950w, https:\/\/interamerica.org\/wp-content\/uploads\/2025\/02\/jamu-rlsummit-4-img-5360-300x225.jpg 300w, https:\/\/interamerica.org\/wp-content\/uploads\/2025\/02\/jamu-rlsummit-4-img-5360-768x576.jpg 768w\" sizes=\"(max-width: 950px) 100vw, 950px\" \/><p id=\"caption-attachment-125297\" class=\"wp-caption-text\">Dr Nelu Burcea (\u00e0 droite), directeur adjoint des affaires publiques et de la libert\u00e9 religieuse de la Conf\u00e9rence G\u00e9n\u00e9rale des adventistes du septi\u00e8me jour, fait un point avec Adlai Blythe (\u00e0 gauche), tr\u00e9sorier de l\u2019Union de la Jama\u00efque et Henry R. Moncur III, directeur des affaires publiques et de la libert\u00e9 religieuse de l\u2019Union de la Cara\u00efbe Atlantique, apr\u00e8s le Sommet sur la Libert\u00e9 Religieuse qui s\u2019est tenu au Centre de Conf\u00e9rences de la Jama\u00efque \u00e0 Kingston, le 30 janvier 2025. [Photo de Nigel Coke]<\/p><\/div>Il est int\u00e9ressant de noter que Nelu Burcea a \u00e9tabli que la pers\u00e9cution religieuse a des cons\u00e9quences \u00e9conomiques et sociales importantes.<\/p>\n<p>\u00ab Les minorit\u00e9s religieuses sont souvent confront\u00e9es \u00e0 des obstacles en mati\u00e8re d\u2019\u00e9ducation, d\u2019emploi et de soins de sant\u00e9, ce qui aggrave leur marginalisation. \u00ab L\u2019exclusion \u00e9conomique perp\u00e9tue les cycles de pauvret\u00e9 et d\u2019instabilit\u00e9 sociale, ce qui rend difficile l\u2019\u00e9panouissement de ces communaut\u00e9s, \u00bb a-t-il d\u00e9clar\u00e9.<\/p>\n<p><strong>Construire un avenir de tol\u00e9rance religieuse<\/strong><\/p>\n<p>En conclusion, Nelu Burcea est all\u00e9 plus loin dans son appel \u00e0 l\u2019unit\u00e9 pour la d\u00e9fense de la libert\u00e9 religieuse. \u00ab La v\u00e9ritable paix et la stabilit\u00e9 ne viennent pas de l\u2019\u00e9limination des diff\u00e9rences mais de la reconnaissance de la dignit\u00e9 et des droits de chaque individu. Les soci\u00e9t\u00e9s doivent \u0153uvrer pour favoriser des environnements o\u00f9 les gens peuvent pratiquer librement leur culte, exprimer ouvertement leurs croyances et vivre sans crainte de pers\u00e9cution. Ce n\u2019est que par la tol\u00e9rance, la compr\u00e9hension et le respect mutuel que nous pouvons garantir la libert\u00e9 religieuse pour tous. \u00bb<\/p>\n<p>Traduction: Patrick Luciathe<\/p>\n","protected":false},"excerpt":{"rendered":"<p>En Jama\u00efque, l\u2019intervenant principal discute de la situation actuelle et des d\u00e9fis en rapport avec la libert\u00e9 religieuse. 16 F\u00e9vrier 2025 | Kingston, Jama\u00efque | Dyhann Buddoo-Fletcher et \u00c9quipe de&#8230;<\/p>\n","protected":false},"author":3,"featured_media":125260,"comment_status":"closed","ping_status":"closed","sticky":false,"template":"","format":"standard","meta":{"_acf_changed":false,"footnotes":""},"categories":[21,19],"tags":[],"class_list":["post-125319","post","type-post","status-publish","format-standard","has-post-thumbnail","hentry","category-nouvelles-du-territoire","category-rss-francais"],"acf":[],"yoast_head":"<!-- This site is optimized with the Yoast SEO plugin v27.3 - https:\/\/yoast.com\/product\/yoast-seo-wordpress\/ -->\n<title>\u00ab Le droit \u00e0 la libert\u00e9 de pens\u00e9e, de conscience et de religion n\u2019est pas n\u00e9gociable \u00bb - \u00c9glise Adventiste Du Septieme Jour - Inter Am\u00e9rique Division<\/title>\n<meta name=\"robots\" content=\"index, follow, max-snippet:-1, max-image-preview:large, max-video-preview:-1\" \/>\n<link rel=\"canonical\" href=\"https:\/\/interamerica.org\/fr\/2025\/02\/le-droit-a-la-liberte-de-pensee-de-conscience-et-de-religion-nest-pas-negociable\/\" \/>\n<meta property=\"og:locale\" content=\"fr_FR\" \/>\n<meta property=\"og:type\" content=\"article\" \/>\n<meta property=\"og:title\" content=\"\u00ab Le droit \u00e0 la libert\u00e9 de pens\u00e9e, de conscience et de religion n\u2019est pas n\u00e9gociable \u00bb - \u00c9glise Adventiste Du Septieme Jour - Inter Am\u00e9rique Division\" \/>\n<meta property=\"og:description\" content=\"En Jama\u00efque, l\u2019intervenant principal discute de la situation actuelle et des d\u00e9fis en rapport avec la libert\u00e9 religieuse. 16 F\u00e9vrier 2025 | Kingston, Jama\u00efque | Dyhann Buddoo-Fletcher et \u00c9quipe de...\" \/>\n<meta property=\"og:url\" content=\"https:\/\/interamerica.org\/fr\/2025\/02\/le-droit-a-la-liberte-de-pensee-de-conscience-et-de-religion-nest-pas-negociable\/\" \/>\n<meta property=\"og:site_name\" content=\"\u00c9glise Adventiste Du Septieme Jour - Inter Am\u00e9rique Division\" \/>\n<meta property=\"article:published_time\" content=\"2025-02-16T20:26:27+00:00\" \/>\n<meta property=\"article:modified_time\" content=\"2025-02-17T10:22:10+00:00\" \/>\n<meta property=\"og:image\" content=\"https:\/\/interamerica.org\/wp-content\/uploads\/2025\/02\/jamu-rl-summit-nelu-burcea-closeup.jpg\" \/>\n\t<meta property=\"og:image:width\" content=\"1000\" \/>\n\t<meta property=\"og:image:height\" content=\"667\" \/>\n\t<meta property=\"og:image:type\" content=\"image\/jpeg\" \/>\n<meta name=\"author\" content=\"libna\" \/>\n<meta name=\"twitter:card\" content=\"summary_large_image\" \/>\n<meta name=\"twitter:label1\" content=\"\u00c9crit par\" \/>\n\t<meta name=\"twitter:data1\" content=\"libna\" \/>\n\t<meta name=\"twitter:label2\" content=\"Dur\u00e9e de lecture estim\u00e9e\" \/>\n\t<meta name=\"twitter:data2\" content=\"7 minutes\" \/>\n<script type=\"application\/ld+json\" class=\"yoast-schema-graph\">{\"@context\":\"https:\\\/\\\/schema.org\",\"@graph\":[{\"@type\":\"Article\",\"@id\":\"https:\\\/\\\/interamerica.org\\\/fr\\\/2025\\\/02\\\/le-droit-a-la-liberte-de-pensee-de-conscience-et-de-religion-nest-pas-negociable\\\/#article\",\"isPartOf\":{\"@id\":\"https:\\\/\\\/interamerica.org\\\/fr\\\/2025\\\/02\\\/le-droit-a-la-liberte-de-pensee-de-conscience-et-de-religion-nest-pas-negociable\\\/\"},\"author\":{\"name\":\"libna\",\"@id\":\"https:\\\/\\\/interamerica.org\\\/fr\\\/#\\\/schema\\\/person\\\/29998f2bc2d8bd0d38662909289b54f1\"},\"headline\":\"\u00ab Le droit \u00e0 la libert\u00e9 de pens\u00e9e, de conscience et de religion n\u2019est pas n\u00e9gociable \u00bb\",\"datePublished\":\"2025-02-16T20:26:27+00:00\",\"dateModified\":\"2025-02-17T10:22:10+00:00\",\"mainEntityOfPage\":{\"@id\":\"https:\\\/\\\/interamerica.org\\\/fr\\\/2025\\\/02\\\/le-droit-a-la-liberte-de-pensee-de-conscience-et-de-religion-nest-pas-negociable\\\/\"},\"wordCount\":1439,\"image\":{\"@id\":\"https:\\\/\\\/interamerica.org\\\/fr\\\/2025\\\/02\\\/le-droit-a-la-liberte-de-pensee-de-conscience-et-de-religion-nest-pas-negociable\\\/#primaryimage\"},\"thumbnailUrl\":\"https:\\\/\\\/interamerica.org\\\/wp-content\\\/uploads\\\/2025\\\/02\\\/jamu-rl-summit-nelu-burcea-closeup.jpg\",\"articleSection\":[\"Nouvelles du territoire\",\"RSS Fran\u00e7ais\"],\"inLanguage\":\"fr-FR\"},{\"@type\":\"WebPage\",\"@id\":\"https:\\\/\\\/interamerica.org\\\/fr\\\/2025\\\/02\\\/le-droit-a-la-liberte-de-pensee-de-conscience-et-de-religion-nest-pas-negociable\\\/\",\"url\":\"https:\\\/\\\/interamerica.org\\\/fr\\\/2025\\\/02\\\/le-droit-a-la-liberte-de-pensee-de-conscience-et-de-religion-nest-pas-negociable\\\/\",\"name\":\"\u00ab Le droit \u00e0 la libert\u00e9 de pens\u00e9e, de conscience et de religion n\u2019est pas n\u00e9gociable \u00bb - \u00c9glise Adventiste Du Septieme Jour - Inter Am\u00e9rique Division\",\"isPartOf\":{\"@id\":\"https:\\\/\\\/interamerica.org\\\/fr\\\/#website\"},\"primaryImageOfPage\":{\"@id\":\"https:\\\/\\\/interamerica.org\\\/fr\\\/2025\\\/02\\\/le-droit-a-la-liberte-de-pensee-de-conscience-et-de-religion-nest-pas-negociable\\\/#primaryimage\"},\"image\":{\"@id\":\"https:\\\/\\\/interamerica.org\\\/fr\\\/2025\\\/02\\\/le-droit-a-la-liberte-de-pensee-de-conscience-et-de-religion-nest-pas-negociable\\\/#primaryimage\"},\"thumbnailUrl\":\"https:\\\/\\\/interamerica.org\\\/wp-content\\\/uploads\\\/2025\\\/02\\\/jamu-rl-summit-nelu-burcea-closeup.jpg\",\"datePublished\":\"2025-02-16T20:26:27+00:00\",\"dateModified\":\"2025-02-17T10:22:10+00:00\",\"author\":{\"@id\":\"https:\\\/\\\/interamerica.org\\\/fr\\\/#\\\/schema\\\/person\\\/29998f2bc2d8bd0d38662909289b54f1\"},\"breadcrumb\":{\"@id\":\"https:\\\/\\\/interamerica.org\\\/fr\\\/2025\\\/02\\\/le-droit-a-la-liberte-de-pensee-de-conscience-et-de-religion-nest-pas-negociable\\\/#breadcrumb\"},\"inLanguage\":\"fr-FR\",\"potentialAction\":[{\"@type\":\"ReadAction\",\"target\":[\"https:\\\/\\\/interamerica.org\\\/fr\\\/2025\\\/02\\\/le-droit-a-la-liberte-de-pensee-de-conscience-et-de-religion-nest-pas-negociable\\\/\"]}]},{\"@type\":\"ImageObject\",\"inLanguage\":\"fr-FR\",\"@id\":\"https:\\\/\\\/interamerica.org\\\/fr\\\/2025\\\/02\\\/le-droit-a-la-liberte-de-pensee-de-conscience-et-de-religion-nest-pas-negociable\\\/#primaryimage\",\"url\":\"https:\\\/\\\/interamerica.org\\\/wp-content\\\/uploads\\\/2025\\\/02\\\/jamu-rl-summit-nelu-burcea-closeup.jpg\",\"contentUrl\":\"https:\\\/\\\/interamerica.org\\\/wp-content\\\/uploads\\\/2025\\\/02\\\/jamu-rl-summit-nelu-burcea-closeup.jpg\",\"width\":1000,\"height\":667,\"caption\":\"[Photo: Phillip Castell]\"},{\"@type\":\"BreadcrumbList\",\"@id\":\"https:\\\/\\\/interamerica.org\\\/fr\\\/2025\\\/02\\\/le-droit-a-la-liberte-de-pensee-de-conscience-et-de-religion-nest-pas-negociable\\\/#breadcrumb\",\"itemListElement\":[{\"@type\":\"ListItem\",\"position\":1,\"name\":\"Home\",\"item\":\"https:\\\/\\\/interamerica.org\\\/fr\\\/\"},{\"@type\":\"ListItem\",\"position\":2,\"name\":\"\u00ab Le droit \u00e0 la libert\u00e9 de pens\u00e9e, de conscience et de religion n\u2019est pas n\u00e9gociable \u00bb\"}]},{\"@type\":\"WebSite\",\"@id\":\"https:\\\/\\\/interamerica.org\\\/fr\\\/#website\",\"url\":\"https:\\\/\\\/interamerica.org\\\/fr\\\/\",\"name\":\"\u00c9glise Adventiste Du Septieme Jour - Inter Am\u00e9rique Division\",\"description\":\"\",\"potentialAction\":[{\"@type\":\"SearchAction\",\"target\":{\"@type\":\"EntryPoint\",\"urlTemplate\":\"https:\\\/\\\/interamerica.org\\\/fr\\\/?s={search_term_string}\"},\"query-input\":{\"@type\":\"PropertyValueSpecification\",\"valueRequired\":true,\"valueName\":\"search_term_string\"}}],\"inLanguage\":\"fr-FR\"},{\"@type\":\"Person\",\"@id\":\"https:\\\/\\\/interamerica.org\\\/fr\\\/#\\\/schema\\\/person\\\/29998f2bc2d8bd0d38662909289b54f1\",\"name\":\"libna\",\"image\":{\"@type\":\"ImageObject\",\"inLanguage\":\"fr-FR\",\"@id\":\"https:\\\/\\\/secure.gravatar.com\\\/avatar\\\/7c5bd30ae4b47a9ba3c856590957fd1d96dc588bf3ac05719d247e126840331f?s=96&d=mm&r=g\",\"url\":\"https:\\\/\\\/secure.gravatar.com\\\/avatar\\\/7c5bd30ae4b47a9ba3c856590957fd1d96dc588bf3ac05719d247e126840331f?s=96&d=mm&r=g\",\"contentUrl\":\"https:\\\/\\\/secure.gravatar.com\\\/avatar\\\/7c5bd30ae4b47a9ba3c856590957fd1d96dc588bf3ac05719d247e126840331f?s=96&d=mm&r=g\",\"caption\":\"libna\"}}]}<\/script>\n<!-- \/ Yoast SEO plugin. -->","yoast_head_json":{"title":"\u00ab Le droit \u00e0 la libert\u00e9 de pens\u00e9e, de conscience et de religion n\u2019est pas n\u00e9gociable \u00bb - \u00c9glise Adventiste Du Septieme Jour - Inter Am\u00e9rique Division","robots":{"index":"index","follow":"follow","max-snippet":"max-snippet:-1","max-image-preview":"max-image-preview:large","max-video-preview":"max-video-preview:-1"},"canonical":"https:\/\/interamerica.org\/fr\/2025\/02\/le-droit-a-la-liberte-de-pensee-de-conscience-et-de-religion-nest-pas-negociable\/","og_locale":"fr_FR","og_type":"article","og_title":"\u00ab Le droit \u00e0 la libert\u00e9 de pens\u00e9e, de conscience et de religion n\u2019est pas n\u00e9gociable \u00bb - \u00c9glise Adventiste Du Septieme Jour - Inter Am\u00e9rique Division","og_description":"En Jama\u00efque, l\u2019intervenant principal discute de la situation actuelle et des d\u00e9fis en rapport avec la libert\u00e9 religieuse. 16 F\u00e9vrier 2025 | Kingston, Jama\u00efque | Dyhann Buddoo-Fletcher et \u00c9quipe de...","og_url":"https:\/\/interamerica.org\/fr\/2025\/02\/le-droit-a-la-liberte-de-pensee-de-conscience-et-de-religion-nest-pas-negociable\/","og_site_name":"\u00c9glise Adventiste Du Septieme Jour - Inter Am\u00e9rique Division","article_published_time":"2025-02-16T20:26:27+00:00","article_modified_time":"2025-02-17T10:22:10+00:00","og_image":[{"width":1000,"height":667,"url":"https:\/\/interamerica.org\/wp-content\/uploads\/2025\/02\/jamu-rl-summit-nelu-burcea-closeup.jpg","type":"image\/jpeg"}],"author":"libna","twitter_card":"summary_large_image","twitter_misc":{"\u00c9crit par":"libna","Dur\u00e9e de lecture estim\u00e9e":"7 minutes"},"schema":{"@context":"https:\/\/schema.org","@graph":[{"@type":"Article","@id":"https:\/\/interamerica.org\/fr\/2025\/02\/le-droit-a-la-liberte-de-pensee-de-conscience-et-de-religion-nest-pas-negociable\/#article","isPartOf":{"@id":"https:\/\/interamerica.org\/fr\/2025\/02\/le-droit-a-la-liberte-de-pensee-de-conscience-et-de-religion-nest-pas-negociable\/"},"author":{"name":"libna","@id":"https:\/\/interamerica.org\/fr\/#\/schema\/person\/29998f2bc2d8bd0d38662909289b54f1"},"headline":"\u00ab Le droit \u00e0 la libert\u00e9 de pens\u00e9e, de conscience et de religion n\u2019est pas n\u00e9gociable \u00bb","datePublished":"2025-02-16T20:26:27+00:00","dateModified":"2025-02-17T10:22:10+00:00","mainEntityOfPage":{"@id":"https:\/\/interamerica.org\/fr\/2025\/02\/le-droit-a-la-liberte-de-pensee-de-conscience-et-de-religion-nest-pas-negociable\/"},"wordCount":1439,"image":{"@id":"https:\/\/interamerica.org\/fr\/2025\/02\/le-droit-a-la-liberte-de-pensee-de-conscience-et-de-religion-nest-pas-negociable\/#primaryimage"},"thumbnailUrl":"https:\/\/interamerica.org\/wp-content\/uploads\/2025\/02\/jamu-rl-summit-nelu-burcea-closeup.jpg","articleSection":["Nouvelles du territoire","RSS Fran\u00e7ais"],"inLanguage":"fr-FR"},{"@type":"WebPage","@id":"https:\/\/interamerica.org\/fr\/2025\/02\/le-droit-a-la-liberte-de-pensee-de-conscience-et-de-religion-nest-pas-negociable\/","url":"https:\/\/interamerica.org\/fr\/2025\/02\/le-droit-a-la-liberte-de-pensee-de-conscience-et-de-religion-nest-pas-negociable\/","name":"\u00ab Le droit \u00e0 la libert\u00e9 de pens\u00e9e, de conscience et de religion n\u2019est pas n\u00e9gociable \u00bb - \u00c9glise Adventiste Du Septieme Jour - Inter Am\u00e9rique Division","isPartOf":{"@id":"https:\/\/interamerica.org\/fr\/#website"},"primaryImageOfPage":{"@id":"https:\/\/interamerica.org\/fr\/2025\/02\/le-droit-a-la-liberte-de-pensee-de-conscience-et-de-religion-nest-pas-negociable\/#primaryimage"},"image":{"@id":"https:\/\/interamerica.org\/fr\/2025\/02\/le-droit-a-la-liberte-de-pensee-de-conscience-et-de-religion-nest-pas-negociable\/#primaryimage"},"thumbnailUrl":"https:\/\/interamerica.org\/wp-content\/uploads\/2025\/02\/jamu-rl-summit-nelu-burcea-closeup.jpg","datePublished":"2025-02-16T20:26:27+00:00","dateModified":"2025-02-17T10:22:10+00:00","author":{"@id":"https:\/\/interamerica.org\/fr\/#\/schema\/person\/29998f2bc2d8bd0d38662909289b54f1"},"breadcrumb":{"@id":"https:\/\/interamerica.org\/fr\/2025\/02\/le-droit-a-la-liberte-de-pensee-de-conscience-et-de-religion-nest-pas-negociable\/#breadcrumb"},"inLanguage":"fr-FR","potentialAction":[{"@type":"ReadAction","target":["https:\/\/interamerica.org\/fr\/2025\/02\/le-droit-a-la-liberte-de-pensee-de-conscience-et-de-religion-nest-pas-negociable\/"]}]},{"@type":"ImageObject","inLanguage":"fr-FR","@id":"https:\/\/interamerica.org\/fr\/2025\/02\/le-droit-a-la-liberte-de-pensee-de-conscience-et-de-religion-nest-pas-negociable\/#primaryimage","url":"https:\/\/interamerica.org\/wp-content\/uploads\/2025\/02\/jamu-rl-summit-nelu-burcea-closeup.jpg","contentUrl":"https:\/\/interamerica.org\/wp-content\/uploads\/2025\/02\/jamu-rl-summit-nelu-burcea-closeup.jpg","width":1000,"height":667,"caption":"[Photo: Phillip Castell]"},{"@type":"BreadcrumbList","@id":"https:\/\/interamerica.org\/fr\/2025\/02\/le-droit-a-la-liberte-de-pensee-de-conscience-et-de-religion-nest-pas-negociable\/#breadcrumb","itemListElement":[{"@type":"ListItem","position":1,"name":"Home","item":"https:\/\/interamerica.org\/fr\/"},{"@type":"ListItem","position":2,"name":"\u00ab Le droit \u00e0 la libert\u00e9 de pens\u00e9e, de conscience et de religion n\u2019est pas n\u00e9gociable \u00bb"}]},{"@type":"WebSite","@id":"https:\/\/interamerica.org\/fr\/#website","url":"https:\/\/interamerica.org\/fr\/","name":"\u00c9glise Adventiste Du Septieme Jour - Inter Am\u00e9rique Division","description":"","potentialAction":[{"@type":"SearchAction","target":{"@type":"EntryPoint","urlTemplate":"https:\/\/interamerica.org\/fr\/?s={search_term_string}"},"query-input":{"@type":"PropertyValueSpecification","valueRequired":true,"valueName":"search_term_string"}}],"inLanguage":"fr-FR"},{"@type":"Person","@id":"https:\/\/interamerica.org\/fr\/#\/schema\/person\/29998f2bc2d8bd0d38662909289b54f1","name":"libna","image":{"@type":"ImageObject","inLanguage":"fr-FR","@id":"https:\/\/secure.gravatar.com\/avatar\/7c5bd30ae4b47a9ba3c856590957fd1d96dc588bf3ac05719d247e126840331f?s=96&d=mm&r=g","url":"https:\/\/secure.gravatar.com\/avatar\/7c5bd30ae4b47a9ba3c856590957fd1d96dc588bf3ac05719d247e126840331f?s=96&d=mm&r=g","contentUrl":"https:\/\/secure.gravatar.com\/avatar\/7c5bd30ae4b47a9ba3c856590957fd1d96dc588bf3ac05719d247e126840331f?s=96&d=mm&r=g","caption":"libna"}}]}},"_links":{"self":[{"href":"https:\/\/interamerica.org\/fr\/wp-json\/wp\/v2\/posts\/125319","targetHints":{"allow":["GET"]}}],"collection":[{"href":"https:\/\/interamerica.org\/fr\/wp-json\/wp\/v2\/posts"}],"about":[{"href":"https:\/\/interamerica.org\/fr\/wp-json\/wp\/v2\/types\/post"}],"author":[{"embeddable":true,"href":"https:\/\/interamerica.org\/fr\/wp-json\/wp\/v2\/users\/3"}],"replies":[{"embeddable":true,"href":"https:\/\/interamerica.org\/fr\/wp-json\/wp\/v2\/comments?post=125319"}],"version-history":[{"count":0,"href":"https:\/\/interamerica.org\/fr\/wp-json\/wp\/v2\/posts\/125319\/revisions"}],"wp:featuredmedia":[{"embeddable":true,"href":"https:\/\/interamerica.org\/fr\/wp-json\/wp\/v2\/media\/125260"}],"wp:attachment":[{"href":"https:\/\/interamerica.org\/fr\/wp-json\/wp\/v2\/media?parent=125319"}],"wp:term":[{"taxonomy":"category","embeddable":true,"href":"https:\/\/interamerica.org\/fr\/wp-json\/wp\/v2\/categories?post=125319"},{"taxonomy":"post_tag","embeddable":true,"href":"https:\/\/interamerica.org\/fr\/wp-json\/wp\/v2\/tags?post=125319"}],"curies":[{"name":"wp","href":"https:\/\/api.w.org\/{rel}","templated":true}]}}