{"id":12535,"date":"2006-04-23T00:00:00","date_gmt":"2006-04-23T04:00:00","guid":{"rendered":"http:\/\/192.81.217.108\/interamerica\/2006\/04\/inter-amerique-les-reunions-consultatives-ont-eu-lieu\/"},"modified":"2017-06-02T13:17:33","modified_gmt":"2017-06-02T17:17:33","slug":"inter-amerique-les-reunions-consultatives-ont-eu-lieu","status":"publish","type":"post","link":"https:\/\/interamerica.org\/fr\/2006\/04\/inter-amerique-les-reunions-consultatives-ont-eu-lieu\/","title":{"rendered":"Inter Am\u00e9rique : Les R\u00e9unions Consultatives Ont Eu Lieu"},"content":{"rendered":"<\/p>\n<p>Miami, Floride, les \u00c9tats-Unis&#8230; [Libna Stevens\/IAD] <\/p>\n<p>Les dirigeants de l&#39;\u00c9glise Adventiste du Septi\u00e8me jour du territoire de la Division interam\u00e9ricaine (IAD) se sont rencontr\u00e9s r\u00e9cemment pour \u00e9valuer les plans strat\u00e9giques, \u00e9changer des id\u00e9es et pr\u00e9senter un rapport sur le progr\u00e8s de chaque d\u00e9partement de l&#39;\u00e9glise dans leur union respective ou r\u00e9gion. Les r\u00e9unions ont commenc\u00e9 le 19 avril, non loin du bureau de la IAD \u00e0 Miami,  et se sont  termin\u00e9es le 27 avril. \u00a0\u00bb Ce que nous \u00e9valuons ici, c&#39;est d&#39;avoir une commission consultative dans la Division interam\u00e9ricaine,\u00a0\u00bb a dit Pasteur Isra\u00ebl Le\u00efto, pr\u00e9sident de l&#39;\u00e9glise en Inter Am\u00e9rique, au moment o\u00f9 il s&#39;adressait aux dirigeants d&#39;\u00e9glise, le premier jour. \u00ab\u00a0Le minist\u00e8re des d\u00e9partements est un aspect de la vie de l&#39;\u00e9glise sans laquelle la Division interam\u00e9ricaine ne peut survivre,\u00a0\u00bb a-t-il ajout\u00e9. En expliquant les objectifs de ces r\u00e9unions consultatives, Pasteur Le\u00efto a soulign\u00e9 pour les personnes pr\u00e9sentes que ces r\u00e9unions n&#39;\u00e9taient pas un atelier. \u00ab\u00a0Nous vous avons invit\u00e9s pour que vous partagiez avec nous; cette r\u00e9union n&#39;est pas programm\u00e9 pour vous instruire. Nous sommes ici en vue d&#39;\u00e9valuer nos plans strat\u00e9giques et obtenir votre participation. Tout ce que nous voulons, c&#39;est de faire tout ce qui est possible pour l&#39;\u00e9glise de Dieu\u00a0\u00bb. Dans une lettre annex\u00e9e au dossier du programme sp\u00e9cial remis \u00e0 tous les dirigeants, Pasteur Le\u00efto a insist\u00e9 sur l&#39;importance de continuer dans l&#39;orientation positive dont a b\u00e9n\u00e9fici\u00e9 l&#39;\u00e9glise en Inter Am\u00e9rique, telle que l&#39;augmentation du nombre de membres et la stabilit\u00e9 financi\u00e8re. \u00ab\u00a0Nous devons continuer \u00e0 informer les gens sur le retour imminent de notre Seigneur et Sauveur,\u00a0\u00bb a-t-il dit. \u00ab\u00a0Le meilleur moyen pour que tout cela continue \u00e0 \u00eatre une r\u00e9alit\u00e9 en Inter Am\u00e9rique, est d&#39;avoir un minist\u00e8re d\u00e9partemental plein de vie et de vigueur.\u00a0\u00bb Participeront \u00e0 ces r\u00e9unions consultatives, des directeurs de d\u00e9partements de l&#39;\u00c9glise Mondiale situ\u00e9e \u00e0 Silver Spring, Maryland, qui auront \u00e0 partager des strat\u00e9gies qui ont \u00e9t\u00e9 r\u00e9cemment discut\u00e9es au si\u00e8ge social de la Conf\u00e9rence G\u00e9n\u00e9rale, pendant leurs r\u00e9unions consultatives des d\u00e9partements. Les dirigeants ayant particip\u00e9 aux r\u00e9unions repr\u00e9sentaient les d\u00e9partements suivants : Communication, Sant\u00e9, Aum\u00f4nerie, Services Fiduciaires, D\u00e9veloppement Adventiste et Agence de Secours (Adra), Ecole du Sabbat\/Minist\u00e8res Personnels, Gestion Chr\u00e9tienne, Minist\u00e8res de la femme, de la Jeunesse,  des Enfants, de la Famille, Association Minist\u00e9rielle, Affaires publiques\/Libert\u00e9 Religieuse,  et Siema (Service internationale \u00e9pouses ministres adventistes).<\/p>\n","protected":false},"excerpt":{"rendered":"<p>Les dirigeants de l&#39;\u00c9glise Adventiste du Septi\u00e8me jour du territoire de la Division interam\u00e9ricaine (IAD) se sont rencontr\u00e9s r\u00e9cemment pour \u00e9valuer les plans strat\u00e9giques, \u00e9changer des id&#038;<\/p>\n","protected":false},"author":1,"featured_media":0,"comment_status":"closed","ping_status":"closed","sticky":false,"template":"","format":"standard","meta":{"_acf_changed":false,"footnotes":""},"categories":[9],"tags":[],"class_list":["post-12535","post","type-post","status-publish","format-standard","hentry","category-archive-fr"],"acf":[],"yoast_head":"<!-- This site is optimized with the Yoast SEO plugin v27.3 - https:\/\/yoast.com\/product\/yoast-seo-wordpress\/ -->\n<title>Inter Am\u00e9rique : Les R\u00e9unions Consultatives Ont Eu Lieu - \u00c9glise Adventiste Du Septieme Jour - Inter Am\u00e9rique Division<\/title>\n<meta name=\"robots\" content=\"index, follow, max-snippet:-1, max-image-preview:large, max-video-preview:-1\" \/>\n<link rel=\"canonical\" href=\"https:\/\/interamerica.org\/fr\/2006\/04\/inter-amerique-les-reunions-consultatives-ont-eu-lieu\/\" \/>\n<meta property=\"og:locale\" content=\"fr_FR\" \/>\n<meta property=\"og:type\" content=\"article\" \/>\n<meta property=\"og:title\" content=\"Inter Am\u00e9rique : Les R\u00e9unions Consultatives Ont Eu Lieu - \u00c9glise Adventiste Du Septieme Jour - Inter Am\u00e9rique Division\" \/>\n<meta property=\"og:description\" content=\"Les dirigeants de l&#039;\u00c9glise Adventiste du Septi\u00e8me jour du territoire de la Division interam\u00e9ricaine (IAD) se sont rencontr\u00e9s r\u00e9cemment pour \u00e9valuer les plans strat\u00e9giques, \u00e9changer des id&amp;\" \/>\n<meta property=\"og:url\" content=\"https:\/\/interamerica.org\/fr\/2006\/04\/inter-amerique-les-reunions-consultatives-ont-eu-lieu\/\" \/>\n<meta property=\"og:site_name\" content=\"\u00c9glise Adventiste Du Septieme Jour - Inter Am\u00e9rique Division\" \/>\n<meta property=\"article:published_time\" content=\"2006-04-23T04:00:00+00:00\" \/>\n<meta property=\"article:modified_time\" content=\"2017-06-02T17:17:33+00:00\" \/>\n<meta name=\"author\" content=\"Lorenzo Verduzco\" \/>\n<meta name=\"twitter:card\" content=\"summary_large_image\" \/>\n<meta name=\"twitter:label1\" content=\"\u00c9crit par\" \/>\n\t<meta name=\"twitter:data1\" content=\"Lorenzo Verduzco\" \/>\n\t<meta name=\"twitter:label2\" content=\"Dur\u00e9e de lecture estim\u00e9e\" \/>\n\t<meta name=\"twitter:data2\" content=\"2 minutes\" \/>\n<script type=\"application\/ld+json\" class=\"yoast-schema-graph\">{\"@context\":\"https:\\\/\\\/schema.org\",\"@graph\":[{\"@type\":\"Article\",\"@id\":\"https:\\\/\\\/interamerica.org\\\/fr\\\/2006\\\/04\\\/inter-amerique-les-reunions-consultatives-ont-eu-lieu\\\/#article\",\"isPartOf\":{\"@id\":\"https:\\\/\\\/interamerica.org\\\/fr\\\/2006\\\/04\\\/inter-amerique-les-reunions-consultatives-ont-eu-lieu\\\/\"},\"author\":{\"name\":\"Lorenzo Verduzco\",\"@id\":\"https:\\\/\\\/interamerica.org\\\/fr\\\/#\\\/schema\\\/person\\\/68ede8bdc292885bb76c1e3810e73c39\"},\"headline\":\"Inter Am\u00e9rique : Les R\u00e9unions Consultatives Ont Eu Lieu\",\"datePublished\":\"2006-04-23T04:00:00+00:00\",\"dateModified\":\"2017-06-02T17:17:33+00:00\",\"mainEntityOfPage\":{\"@id\":\"https:\\\/\\\/interamerica.org\\\/fr\\\/2006\\\/04\\\/inter-amerique-les-reunions-consultatives-ont-eu-lieu\\\/\"},\"wordCount\":465,\"articleSection\":[\"Archive\"],\"inLanguage\":\"fr-FR\"},{\"@type\":\"WebPage\",\"@id\":\"https:\\\/\\\/interamerica.org\\\/fr\\\/2006\\\/04\\\/inter-amerique-les-reunions-consultatives-ont-eu-lieu\\\/\",\"url\":\"https:\\\/\\\/interamerica.org\\\/fr\\\/2006\\\/04\\\/inter-amerique-les-reunions-consultatives-ont-eu-lieu\\\/\",\"name\":\"Inter Am\u00e9rique : Les R\u00e9unions Consultatives Ont Eu Lieu - \u00c9glise Adventiste Du Septieme Jour - Inter Am\u00e9rique Division\",\"isPartOf\":{\"@id\":\"https:\\\/\\\/interamerica.org\\\/fr\\\/#website\"},\"datePublished\":\"2006-04-23T04:00:00+00:00\",\"dateModified\":\"2017-06-02T17:17:33+00:00\",\"author\":{\"@id\":\"https:\\\/\\\/interamerica.org\\\/fr\\\/#\\\/schema\\\/person\\\/68ede8bdc292885bb76c1e3810e73c39\"},\"breadcrumb\":{\"@id\":\"https:\\\/\\\/interamerica.org\\\/fr\\\/2006\\\/04\\\/inter-amerique-les-reunions-consultatives-ont-eu-lieu\\\/#breadcrumb\"},\"inLanguage\":\"fr-FR\",\"potentialAction\":[{\"@type\":\"ReadAction\",\"target\":[\"https:\\\/\\\/interamerica.org\\\/fr\\\/2006\\\/04\\\/inter-amerique-les-reunions-consultatives-ont-eu-lieu\\\/\"]}]},{\"@type\":\"BreadcrumbList\",\"@id\":\"https:\\\/\\\/interamerica.org\\\/fr\\\/2006\\\/04\\\/inter-amerique-les-reunions-consultatives-ont-eu-lieu\\\/#breadcrumb\",\"itemListElement\":[{\"@type\":\"ListItem\",\"position\":1,\"name\":\"Home\",\"item\":\"https:\\\/\\\/interamerica.org\\\/fr\\\/\"},{\"@type\":\"ListItem\",\"position\":2,\"name\":\"Inter Am\u00e9rique : Les R\u00e9unions Consultatives Ont Eu Lieu\"}]},{\"@type\":\"WebSite\",\"@id\":\"https:\\\/\\\/interamerica.org\\\/fr\\\/#website\",\"url\":\"https:\\\/\\\/interamerica.org\\\/fr\\\/\",\"name\":\"\u00c9glise Adventiste Du Septieme Jour - Inter Am\u00e9rique Division\",\"description\":\"\",\"potentialAction\":[{\"@type\":\"SearchAction\",\"target\":{\"@type\":\"EntryPoint\",\"urlTemplate\":\"https:\\\/\\\/interamerica.org\\\/fr\\\/?s={search_term_string}\"},\"query-input\":{\"@type\":\"PropertyValueSpecification\",\"valueRequired\":true,\"valueName\":\"search_term_string\"}}],\"inLanguage\":\"fr-FR\"},{\"@type\":\"Person\",\"@id\":\"https:\\\/\\\/interamerica.org\\\/fr\\\/#\\\/schema\\\/person\\\/68ede8bdc292885bb76c1e3810e73c39\",\"name\":\"Lorenzo Verduzco\",\"image\":{\"@type\":\"ImageObject\",\"inLanguage\":\"fr-FR\",\"@id\":\"https:\\\/\\\/secure.gravatar.com\\\/avatar\\\/fb81a55b6218459490a9c1dc841a34909185b81904c5337b4b27f7a6fd60c49e?s=96&d=mm&r=g\",\"url\":\"https:\\\/\\\/secure.gravatar.com\\\/avatar\\\/fb81a55b6218459490a9c1dc841a34909185b81904c5337b4b27f7a6fd60c49e?s=96&d=mm&r=g\",\"contentUrl\":\"https:\\\/\\\/secure.gravatar.com\\\/avatar\\\/fb81a55b6218459490a9c1dc841a34909185b81904c5337b4b27f7a6fd60c49e?s=96&d=mm&r=g\",\"caption\":\"Lorenzo Verduzco\"}}]}<\/script>\n<!-- \/ Yoast SEO plugin. -->","yoast_head_json":{"title":"Inter Am\u00e9rique : Les R\u00e9unions Consultatives Ont Eu Lieu - \u00c9glise Adventiste Du Septieme Jour - Inter Am\u00e9rique Division","robots":{"index":"index","follow":"follow","max-snippet":"max-snippet:-1","max-image-preview":"max-image-preview:large","max-video-preview":"max-video-preview:-1"},"canonical":"https:\/\/interamerica.org\/fr\/2006\/04\/inter-amerique-les-reunions-consultatives-ont-eu-lieu\/","og_locale":"fr_FR","og_type":"article","og_title":"Inter Am\u00e9rique : Les R\u00e9unions Consultatives Ont Eu Lieu - \u00c9glise Adventiste Du Septieme Jour - Inter Am\u00e9rique Division","og_description":"Les dirigeants de l&#39;\u00c9glise Adventiste du Septi\u00e8me jour du territoire de la Division interam\u00e9ricaine (IAD) se sont rencontr\u00e9s r\u00e9cemment pour \u00e9valuer les plans strat\u00e9giques, \u00e9changer des id&","og_url":"https:\/\/interamerica.org\/fr\/2006\/04\/inter-amerique-les-reunions-consultatives-ont-eu-lieu\/","og_site_name":"\u00c9glise Adventiste Du Septieme Jour - Inter Am\u00e9rique Division","article_published_time":"2006-04-23T04:00:00+00:00","article_modified_time":"2017-06-02T17:17:33+00:00","author":"Lorenzo Verduzco","twitter_card":"summary_large_image","twitter_misc":{"\u00c9crit par":"Lorenzo Verduzco","Dur\u00e9e de lecture estim\u00e9e":"2 minutes"},"schema":{"@context":"https:\/\/schema.org","@graph":[{"@type":"Article","@id":"https:\/\/interamerica.org\/fr\/2006\/04\/inter-amerique-les-reunions-consultatives-ont-eu-lieu\/#article","isPartOf":{"@id":"https:\/\/interamerica.org\/fr\/2006\/04\/inter-amerique-les-reunions-consultatives-ont-eu-lieu\/"},"author":{"name":"Lorenzo Verduzco","@id":"https:\/\/interamerica.org\/fr\/#\/schema\/person\/68ede8bdc292885bb76c1e3810e73c39"},"headline":"Inter Am\u00e9rique : Les R\u00e9unions Consultatives Ont Eu Lieu","datePublished":"2006-04-23T04:00:00+00:00","dateModified":"2017-06-02T17:17:33+00:00","mainEntityOfPage":{"@id":"https:\/\/interamerica.org\/fr\/2006\/04\/inter-amerique-les-reunions-consultatives-ont-eu-lieu\/"},"wordCount":465,"articleSection":["Archive"],"inLanguage":"fr-FR"},{"@type":"WebPage","@id":"https:\/\/interamerica.org\/fr\/2006\/04\/inter-amerique-les-reunions-consultatives-ont-eu-lieu\/","url":"https:\/\/interamerica.org\/fr\/2006\/04\/inter-amerique-les-reunions-consultatives-ont-eu-lieu\/","name":"Inter Am\u00e9rique : Les R\u00e9unions Consultatives Ont Eu Lieu - \u00c9glise Adventiste Du Septieme Jour - Inter Am\u00e9rique Division","isPartOf":{"@id":"https:\/\/interamerica.org\/fr\/#website"},"datePublished":"2006-04-23T04:00:00+00:00","dateModified":"2017-06-02T17:17:33+00:00","author":{"@id":"https:\/\/interamerica.org\/fr\/#\/schema\/person\/68ede8bdc292885bb76c1e3810e73c39"},"breadcrumb":{"@id":"https:\/\/interamerica.org\/fr\/2006\/04\/inter-amerique-les-reunions-consultatives-ont-eu-lieu\/#breadcrumb"},"inLanguage":"fr-FR","potentialAction":[{"@type":"ReadAction","target":["https:\/\/interamerica.org\/fr\/2006\/04\/inter-amerique-les-reunions-consultatives-ont-eu-lieu\/"]}]},{"@type":"BreadcrumbList","@id":"https:\/\/interamerica.org\/fr\/2006\/04\/inter-amerique-les-reunions-consultatives-ont-eu-lieu\/#breadcrumb","itemListElement":[{"@type":"ListItem","position":1,"name":"Home","item":"https:\/\/interamerica.org\/fr\/"},{"@type":"ListItem","position":2,"name":"Inter Am\u00e9rique : Les R\u00e9unions Consultatives Ont Eu Lieu"}]},{"@type":"WebSite","@id":"https:\/\/interamerica.org\/fr\/#website","url":"https:\/\/interamerica.org\/fr\/","name":"\u00c9glise Adventiste Du Septieme Jour - Inter Am\u00e9rique Division","description":"","potentialAction":[{"@type":"SearchAction","target":{"@type":"EntryPoint","urlTemplate":"https:\/\/interamerica.org\/fr\/?s={search_term_string}"},"query-input":{"@type":"PropertyValueSpecification","valueRequired":true,"valueName":"search_term_string"}}],"inLanguage":"fr-FR"},{"@type":"Person","@id":"https:\/\/interamerica.org\/fr\/#\/schema\/person\/68ede8bdc292885bb76c1e3810e73c39","name":"Lorenzo Verduzco","image":{"@type":"ImageObject","inLanguage":"fr-FR","@id":"https:\/\/secure.gravatar.com\/avatar\/fb81a55b6218459490a9c1dc841a34909185b81904c5337b4b27f7a6fd60c49e?s=96&d=mm&r=g","url":"https:\/\/secure.gravatar.com\/avatar\/fb81a55b6218459490a9c1dc841a34909185b81904c5337b4b27f7a6fd60c49e?s=96&d=mm&r=g","contentUrl":"https:\/\/secure.gravatar.com\/avatar\/fb81a55b6218459490a9c1dc841a34909185b81904c5337b4b27f7a6fd60c49e?s=96&d=mm&r=g","caption":"Lorenzo Verduzco"}}]}},"_links":{"self":[{"href":"https:\/\/interamerica.org\/fr\/wp-json\/wp\/v2\/posts\/12535","targetHints":{"allow":["GET"]}}],"collection":[{"href":"https:\/\/interamerica.org\/fr\/wp-json\/wp\/v2\/posts"}],"about":[{"href":"https:\/\/interamerica.org\/fr\/wp-json\/wp\/v2\/types\/post"}],"author":[{"embeddable":true,"href":"https:\/\/interamerica.org\/fr\/wp-json\/wp\/v2\/users\/1"}],"replies":[{"embeddable":true,"href":"https:\/\/interamerica.org\/fr\/wp-json\/wp\/v2\/comments?post=12535"}],"version-history":[{"count":0,"href":"https:\/\/interamerica.org\/fr\/wp-json\/wp\/v2\/posts\/12535\/revisions"}],"wp:attachment":[{"href":"https:\/\/interamerica.org\/fr\/wp-json\/wp\/v2\/media?parent=12535"}],"wp:term":[{"taxonomy":"category","embeddable":true,"href":"https:\/\/interamerica.org\/fr\/wp-json\/wp\/v2\/categories?post=12535"},{"taxonomy":"post_tag","embeddable":true,"href":"https:\/\/interamerica.org\/fr\/wp-json\/wp\/v2\/tags?post=12535"}],"curies":[{"name":"wp","href":"https:\/\/api.w.org\/{rel}","templated":true}]}}