{"id":12536,"date":"2006-04-25T00:00:00","date_gmt":"2006-04-25T04:00:00","guid":{"rendered":"http:\/\/192.81.217.108\/interamerica\/2006\/04\/etats-unis-parlons-de-soins-medicaux-adventistes\/"},"modified":"2017-06-02T13:17:32","modified_gmt":"2017-06-02T17:17:32","slug":"etats-unis-parlons-de-soins-medicaux-adventistes","status":"publish","type":"post","link":"https:\/\/interamerica.org\/fr\/2006\/04\/etats-unis-parlons-de-soins-medicaux-adventistes\/","title":{"rendered":"\u00c9tats-Unis : Parlons de Soins m\u00e9dicaux Adventistes"},"content":{"rendered":"<p><em >Le 25 avril 2006<\/em > Loma Linda, Californie, \u00c9tats-Unis&#8230;. [Wendi Rogers\/ANN] <\/p>\n<p>Dr Lyn Behrens compte sur une foule de gens pour faire son travail. En tant que pr\u00e9sidente du Centre des Sciences de la Sant\u00e9 \u00e0 l&#39;Universit\u00e9 Adventiste de Loma Linda, elle reconna\u00eet qu&#39;elle a des points forts et de ceux qui lui font d\u00e9faut. \u00ab\u00a0Je n&#39;essaie pas d&#39;\u00eatre quelqu&#39;un que je ne suis pas,\u00a0\u00bb dit-elle, tout en expliquant qu&#39;elle compte sur une \u00e9quipe ayant de \u00ab\u00a0l&#39;expertise dans les domaines o\u00f9 je ne suis pas moi-m\u00eame experte\u00a0\u00bb. <\/p>\n<p>\u00ab\u00a0Jamais, je n&#39;engage ni n&#39;invite les personnes qui ne sont pas les meilleures, que nous pouvons peut-\u00eatre trouver, \u00e0 faire partie de notre \u00e9quipe, en vue d&#39;aider \u00e0 r\u00e9aliser la mission. Ce qui fait que nous avons une riche \u00e9quipe.\u00a0\u00bb <\/p>\n<p>Behrens se prononce sur l&#39;avenir de l&#39;Universit\u00e9 de Loma Linda. \u00ab\u00a0En revenant en arri\u00e8re, au tout premier commencement, je crois qu&#39;il y a trois choses qui sont vraiment importantes pour poursuivre vers l&#39;avenir.\u00a0\u00bb La premi\u00e8re, dit- elle : \u00ab\u00a0il faut un centre acad\u00e9mique de la sant\u00e9. C&#39;est \u00e0 dire une combinaison du minist\u00e8re de la sant\u00e9 avec celui de l&#39;\u00e9ducation&#8230;. Cela \u00e9tait clairement stipul\u00e9 dans le but depuis les d\u00e9buts.\u00a0\u00bb <\/p>\n<p>La deuxi\u00e8me, est : \u00ab\u00a0mettre l&#39;accent sur l&#39;importance de la pr\u00e9vention dans le domaine du soin au malade. Cela, aussi, fait partie de nos bases en tant qu&#39;institution et aussi, de l&#39;histoire de notre \u00e9glise.\u00a0\u00bb L&#39;universit\u00e9 continuera \u00e0 se consacrer \u00e0 la pr\u00e9vention, dit-elle, ajoutant que l&#39;institution n&#39;a pas seulement une compr\u00e9hension des cons\u00e9quences dues aux choix de style de vie sur la sant\u00e9, mais aussi la perception de ce que \u00ab\u00a0nous pouvons d\u00e9velopper une base scientifique pour cela ; et ceci est important pour la communaut\u00e9 en g\u00e9n\u00e9ral, et le monde en particulier.\u00a0\u00bb Et la troisi\u00e8me chose qu&#39;elle consid\u00e8re importante pour l&#39;avenir de LLU, c&#39;est la mission. \u00ab\u00a0En assistant les personnes qui souffrent, on a une opportunit\u00e9 de pr\u00e9senter l&#39;amour de Christ au monde et \u00e7\u00e0 transforme. <\/p>\n<p>C&#39;est donc, en un sens, un appel g\u00e9n\u00e9ral et une opportunit\u00e9 de pr\u00e9senter l&#39;amour de Dieu \u00e0 tous.\u00a0\u00bb Ces r\u00e9flexions de Behrens sur le futur de LLU viennent \u00e0 la suite d&#39;une f\u00e9conde ann\u00e9e 2005, alors que cette organisation c\u00e9l\u00e9brait son 100\u00e8me anniversaire. Ellen G. White, l&#39;une des pionni\u00e8res de l&#39;\u00c9glise Adventiste du Septi\u00e8me jour, a \u00e9t\u00e9 \u00e9merveill\u00e9e par la r\u00e9gion de Loma Linda lors de sa premi\u00e8re visite. Elle l&#39;a d\u00e9crite comme \u00ab\u00a0l&#39;endroit le plus d\u00e9sirable que j&#39;aie jamais vu pour implanter un sanatorium.\u00a0\u00bb <\/p>\n<p>Maintenant, c&#39;est \u00e0 dire 100 ans plus tard, le fameux Centre de Traitement Protonique \u00ab\u00a0Proton Treatment Center\u00a0\u00bb de r\u00e9putation mondiale de LLU sert de mod\u00e8le pour la th\u00e9rapie protonique. Ce Centre a compl\u00e9t\u00e9 ses 15 ans d&#39;existence en l&#39;ann\u00e9e 2005 et a vu son 10,000\u00e8me patient cette ann\u00e9e. Behrens attire l&#39;attention sur le lien entre le LLU et l&#39;\u00c9glise Adventiste. \u00ab\u00a0Le minist\u00e8re de la Sant\u00e9 est le bras droit de l&#39;\u00e9glise.<\/p>\n<p> Ayant pratiqu\u00e9 la p\u00e9diatrie depuis plus de trente ans, je suis convaincue que quand la trag\u00e9die et la maladie envahissent la vie des gens, des membres d&#39;une famille, qu&#39;il remue notre \u00e2me dans sa profondeur, nous sommes pouss\u00e9s \u00e0 nous demander &#39;Pourquoi ? Pourquoi cela est-il arriv\u00e9 ? Comment un Dieu d&#39;amour y a-t-il pu permettre que cela arrive ?\u00a0\u00bb \u00ab\u00a0Je crois, alors, que quand on fournit des soins de sant\u00e9 publique excellents, on s&#39;approche d&#39;une position de tr\u00e8s haute valeur compassionnelle. On peut aussi \u00eatre l\u00e0 pour r\u00e9pondre aux questions des individus ou des familles et aider les gens \u00e0 trouver un sens \u00e0 leurs maladies. <\/p>\n<p>On est \u00e0 m\u00eame de dire que &#39;Nous avons soign\u00e9 la personne enti\u00e8re. Nous avons pris soin du physique, de l&#39;intellectuel, nous avons fait face aux probl\u00e8mes des relations sociales et nous avons \u00e9t\u00e9 l\u00e0 pour nourrir la partie spirituelle.&#39;\u00a0\u00bb Peut-\u00eatre, l&#39;une des femmes les plus en vue dans l&#39;administration de l&#39;\u00e9glise adventiste, Behrens conseille \u00e0 d&#39;autres, hommes et femmes, d\u00e9sirant marquer la diff\u00e9rence dans l&#39;\u00e9glise : Sache que ton appel dans l&#39;oeuvre est en harmonie avec la volont\u00e9 de Dieu. <\/p>\n<p>Il est \u00ab\u00a0imp\u00e9ratif de s&#39;assurer de l&#39;appui de la famille,\u00a0\u00bb et \u00ab\u00a0d&#39;avoir un d\u00e9sir permanent d&#39;apprendre.\u00a0\u00bb Alors \u00e0 quoi ressemble quelqu&#39;un comme Behrens \u2013 une directrice g\u00e9n\u00e9rale, pr\u00e9sidente, doctoresse m\u00e9dicale, ma\u00eetresse de maison \u2013 l&#39;une des plus timides, quand elle entre dans son bureau, le matin ? \u00ab\u00a0Je ne me rends pas compte que j&#39;ai peur. Ce n&#39;est pas un terme ad\u00e9quat pour caract\u00e9riser le comment je me sens. Emotionn\u00e9e, serait une meilleure caract\u00e9ristique du comment je me sens quotidiennement. <\/p>\n<p>Moi, comme tous les professionnels, hommes et femmes, j&#39;ai diff\u00e9rents r\u00f4les dans la vie. Je dirai que, le r\u00f4le que j&#39;estime que je porte 24 heures par jour, sept jours par semaine et 365 jours par an, est mon r\u00f4le de direction de service ici, dans cette institution&#8230;. Je sens que je me dois \u00e0 l&#39;institution.\u00a0\u00bb  Un autre conseil qu&#39;elle appelle \u00ab\u00a0critique\u00a0\u00bb est \u00ab\u00a0comment fais-je pour rester enti\u00e8rement \u00e9gale \u00e0 moi-m\u00eame ? J&#39;ai fait aujourd&#39;hui que je fais chaque jour. <\/p>\n<p>Je me suis lev\u00e9 t\u00f4t et avant de faire quoi que ce soit, j&#39;ai pass\u00e9 du temps \u00e0 l&#39;\u00e9tude personnelle, seule, de la Bible et \u00e0 la pri\u00e8re. Sans cela alors je deviendrais comme un r\u00e9cipient vide.\u00a0\u00bb <strong >Copyright (c) 2006 de <\/strong ><strong >Adventist News Network<\/strong >.<strong > <\/strong ><strong >Adresse Internet : news.adventist.org <\/strong ><\/p>\n","protected":false},"excerpt":{"rendered":"<p>Dr Lyn Behrens compte sur une foule de gens pour faire son travail. En tant que pr\u00e9sidente du Centre des Sciences de la Sant\u00e9 \u00e0 l&#39;Universit\u00e9 Adventiste de Loma Linda, elle reconna\u00eet qu&#39;elle a des points forts et d<\/p>\n","protected":false},"author":1,"featured_media":0,"comment_status":"closed","ping_status":"closed","sticky":false,"template":"","format":"standard","meta":{"_acf_changed":false,"footnotes":""},"categories":[9],"tags":[],"class_list":["post-12536","post","type-post","status-publish","format-standard","hentry","category-archive-fr"],"acf":[],"yoast_head":"<!-- This site is optimized with the Yoast SEO plugin v27.3 - https:\/\/yoast.com\/product\/yoast-seo-wordpress\/ -->\n<title>\u00c9tats-Unis : Parlons de Soins m\u00e9dicaux Adventistes - \u00c9glise Adventiste Du Septieme Jour - Inter Am\u00e9rique Division<\/title>\n<meta name=\"robots\" content=\"index, follow, max-snippet:-1, max-image-preview:large, max-video-preview:-1\" \/>\n<link rel=\"canonical\" href=\"https:\/\/interamerica.org\/fr\/2006\/04\/etats-unis-parlons-de-soins-medicaux-adventistes\/\" \/>\n<meta property=\"og:locale\" content=\"fr_FR\" \/>\n<meta property=\"og:type\" content=\"article\" \/>\n<meta property=\"og:title\" content=\"\u00c9tats-Unis : Parlons de Soins m\u00e9dicaux Adventistes - \u00c9glise Adventiste Du Septieme Jour - Inter Am\u00e9rique Division\" \/>\n<meta property=\"og:description\" content=\"Dr Lyn Behrens compte sur une foule de gens pour faire son travail. En tant que pr\u00e9sidente du Centre des Sciences de la Sant\u00e9 \u00e0 l&#039;Universit\u00e9 Adventiste de Loma Linda, elle reconna\u00eet qu&#039;elle a des points forts et d\" \/>\n<meta property=\"og:url\" content=\"https:\/\/interamerica.org\/fr\/2006\/04\/etats-unis-parlons-de-soins-medicaux-adventistes\/\" \/>\n<meta property=\"og:site_name\" content=\"\u00c9glise Adventiste Du Septieme Jour - Inter Am\u00e9rique Division\" \/>\n<meta property=\"article:published_time\" content=\"2006-04-25T04:00:00+00:00\" \/>\n<meta property=\"article:modified_time\" content=\"2017-06-02T17:17:32+00:00\" \/>\n<meta name=\"author\" content=\"Lorenzo Verduzco\" \/>\n<meta name=\"twitter:card\" content=\"summary_large_image\" \/>\n<meta name=\"twitter:label1\" content=\"\u00c9crit par\" \/>\n\t<meta name=\"twitter:data1\" content=\"Lorenzo Verduzco\" \/>\n\t<meta name=\"twitter:label2\" content=\"Dur\u00e9e de lecture estim\u00e9e\" \/>\n\t<meta name=\"twitter:data2\" content=\"5 minutes\" \/>\n<script type=\"application\/ld+json\" class=\"yoast-schema-graph\">{\"@context\":\"https:\\\/\\\/schema.org\",\"@graph\":[{\"@type\":\"Article\",\"@id\":\"https:\\\/\\\/interamerica.org\\\/fr\\\/2006\\\/04\\\/etats-unis-parlons-de-soins-medicaux-adventistes\\\/#article\",\"isPartOf\":{\"@id\":\"https:\\\/\\\/interamerica.org\\\/fr\\\/2006\\\/04\\\/etats-unis-parlons-de-soins-medicaux-adventistes\\\/\"},\"author\":{\"name\":\"Lorenzo Verduzco\",\"@id\":\"https:\\\/\\\/interamerica.org\\\/fr\\\/#\\\/schema\\\/person\\\/68ede8bdc292885bb76c1e3810e73c39\"},\"headline\":\"\u00c9tats-Unis : Parlons de Soins m\u00e9dicaux Adventistes\",\"datePublished\":\"2006-04-25T04:00:00+00:00\",\"dateModified\":\"2017-06-02T17:17:32+00:00\",\"mainEntityOfPage\":{\"@id\":\"https:\\\/\\\/interamerica.org\\\/fr\\\/2006\\\/04\\\/etats-unis-parlons-de-soins-medicaux-adventistes\\\/\"},\"wordCount\":989,\"articleSection\":[\"Archive\"],\"inLanguage\":\"fr-FR\"},{\"@type\":\"WebPage\",\"@id\":\"https:\\\/\\\/interamerica.org\\\/fr\\\/2006\\\/04\\\/etats-unis-parlons-de-soins-medicaux-adventistes\\\/\",\"url\":\"https:\\\/\\\/interamerica.org\\\/fr\\\/2006\\\/04\\\/etats-unis-parlons-de-soins-medicaux-adventistes\\\/\",\"name\":\"\u00c9tats-Unis : Parlons de Soins m\u00e9dicaux Adventistes - \u00c9glise Adventiste Du Septieme Jour - Inter Am\u00e9rique Division\",\"isPartOf\":{\"@id\":\"https:\\\/\\\/interamerica.org\\\/fr\\\/#website\"},\"datePublished\":\"2006-04-25T04:00:00+00:00\",\"dateModified\":\"2017-06-02T17:17:32+00:00\",\"author\":{\"@id\":\"https:\\\/\\\/interamerica.org\\\/fr\\\/#\\\/schema\\\/person\\\/68ede8bdc292885bb76c1e3810e73c39\"},\"breadcrumb\":{\"@id\":\"https:\\\/\\\/interamerica.org\\\/fr\\\/2006\\\/04\\\/etats-unis-parlons-de-soins-medicaux-adventistes\\\/#breadcrumb\"},\"inLanguage\":\"fr-FR\",\"potentialAction\":[{\"@type\":\"ReadAction\",\"target\":[\"https:\\\/\\\/interamerica.org\\\/fr\\\/2006\\\/04\\\/etats-unis-parlons-de-soins-medicaux-adventistes\\\/\"]}]},{\"@type\":\"BreadcrumbList\",\"@id\":\"https:\\\/\\\/interamerica.org\\\/fr\\\/2006\\\/04\\\/etats-unis-parlons-de-soins-medicaux-adventistes\\\/#breadcrumb\",\"itemListElement\":[{\"@type\":\"ListItem\",\"position\":1,\"name\":\"Home\",\"item\":\"https:\\\/\\\/interamerica.org\\\/fr\\\/\"},{\"@type\":\"ListItem\",\"position\":2,\"name\":\"\u00c9tats-Unis : Parlons de Soins m\u00e9dicaux Adventistes\"}]},{\"@type\":\"WebSite\",\"@id\":\"https:\\\/\\\/interamerica.org\\\/fr\\\/#website\",\"url\":\"https:\\\/\\\/interamerica.org\\\/fr\\\/\",\"name\":\"\u00c9glise Adventiste Du Septieme Jour - Inter Am\u00e9rique Division\",\"description\":\"\",\"potentialAction\":[{\"@type\":\"SearchAction\",\"target\":{\"@type\":\"EntryPoint\",\"urlTemplate\":\"https:\\\/\\\/interamerica.org\\\/fr\\\/?s={search_term_string}\"},\"query-input\":{\"@type\":\"PropertyValueSpecification\",\"valueRequired\":true,\"valueName\":\"search_term_string\"}}],\"inLanguage\":\"fr-FR\"},{\"@type\":\"Person\",\"@id\":\"https:\\\/\\\/interamerica.org\\\/fr\\\/#\\\/schema\\\/person\\\/68ede8bdc292885bb76c1e3810e73c39\",\"name\":\"Lorenzo Verduzco\",\"image\":{\"@type\":\"ImageObject\",\"inLanguage\":\"fr-FR\",\"@id\":\"https:\\\/\\\/secure.gravatar.com\\\/avatar\\\/fb81a55b6218459490a9c1dc841a34909185b81904c5337b4b27f7a6fd60c49e?s=96&d=mm&r=g\",\"url\":\"https:\\\/\\\/secure.gravatar.com\\\/avatar\\\/fb81a55b6218459490a9c1dc841a34909185b81904c5337b4b27f7a6fd60c49e?s=96&d=mm&r=g\",\"contentUrl\":\"https:\\\/\\\/secure.gravatar.com\\\/avatar\\\/fb81a55b6218459490a9c1dc841a34909185b81904c5337b4b27f7a6fd60c49e?s=96&d=mm&r=g\",\"caption\":\"Lorenzo Verduzco\"}}]}<\/script>\n<!-- \/ Yoast SEO plugin. -->","yoast_head_json":{"title":"\u00c9tats-Unis : Parlons de Soins m\u00e9dicaux Adventistes - \u00c9glise Adventiste Du Septieme Jour - Inter Am\u00e9rique Division","robots":{"index":"index","follow":"follow","max-snippet":"max-snippet:-1","max-image-preview":"max-image-preview:large","max-video-preview":"max-video-preview:-1"},"canonical":"https:\/\/interamerica.org\/fr\/2006\/04\/etats-unis-parlons-de-soins-medicaux-adventistes\/","og_locale":"fr_FR","og_type":"article","og_title":"\u00c9tats-Unis : Parlons de Soins m\u00e9dicaux Adventistes - \u00c9glise Adventiste Du Septieme Jour - Inter Am\u00e9rique Division","og_description":"Dr Lyn Behrens compte sur une foule de gens pour faire son travail. En tant que pr\u00e9sidente du Centre des Sciences de la Sant\u00e9 \u00e0 l&#39;Universit\u00e9 Adventiste de Loma Linda, elle reconna\u00eet qu&#39;elle a des points forts et d","og_url":"https:\/\/interamerica.org\/fr\/2006\/04\/etats-unis-parlons-de-soins-medicaux-adventistes\/","og_site_name":"\u00c9glise Adventiste Du Septieme Jour - Inter Am\u00e9rique Division","article_published_time":"2006-04-25T04:00:00+00:00","article_modified_time":"2017-06-02T17:17:32+00:00","author":"Lorenzo Verduzco","twitter_card":"summary_large_image","twitter_misc":{"\u00c9crit par":"Lorenzo Verduzco","Dur\u00e9e de lecture estim\u00e9e":"5 minutes"},"schema":{"@context":"https:\/\/schema.org","@graph":[{"@type":"Article","@id":"https:\/\/interamerica.org\/fr\/2006\/04\/etats-unis-parlons-de-soins-medicaux-adventistes\/#article","isPartOf":{"@id":"https:\/\/interamerica.org\/fr\/2006\/04\/etats-unis-parlons-de-soins-medicaux-adventistes\/"},"author":{"name":"Lorenzo Verduzco","@id":"https:\/\/interamerica.org\/fr\/#\/schema\/person\/68ede8bdc292885bb76c1e3810e73c39"},"headline":"\u00c9tats-Unis : Parlons de Soins m\u00e9dicaux Adventistes","datePublished":"2006-04-25T04:00:00+00:00","dateModified":"2017-06-02T17:17:32+00:00","mainEntityOfPage":{"@id":"https:\/\/interamerica.org\/fr\/2006\/04\/etats-unis-parlons-de-soins-medicaux-adventistes\/"},"wordCount":989,"articleSection":["Archive"],"inLanguage":"fr-FR"},{"@type":"WebPage","@id":"https:\/\/interamerica.org\/fr\/2006\/04\/etats-unis-parlons-de-soins-medicaux-adventistes\/","url":"https:\/\/interamerica.org\/fr\/2006\/04\/etats-unis-parlons-de-soins-medicaux-adventistes\/","name":"\u00c9tats-Unis : Parlons de Soins m\u00e9dicaux Adventistes - \u00c9glise Adventiste Du Septieme Jour - Inter Am\u00e9rique Division","isPartOf":{"@id":"https:\/\/interamerica.org\/fr\/#website"},"datePublished":"2006-04-25T04:00:00+00:00","dateModified":"2017-06-02T17:17:32+00:00","author":{"@id":"https:\/\/interamerica.org\/fr\/#\/schema\/person\/68ede8bdc292885bb76c1e3810e73c39"},"breadcrumb":{"@id":"https:\/\/interamerica.org\/fr\/2006\/04\/etats-unis-parlons-de-soins-medicaux-adventistes\/#breadcrumb"},"inLanguage":"fr-FR","potentialAction":[{"@type":"ReadAction","target":["https:\/\/interamerica.org\/fr\/2006\/04\/etats-unis-parlons-de-soins-medicaux-adventistes\/"]}]},{"@type":"BreadcrumbList","@id":"https:\/\/interamerica.org\/fr\/2006\/04\/etats-unis-parlons-de-soins-medicaux-adventistes\/#breadcrumb","itemListElement":[{"@type":"ListItem","position":1,"name":"Home","item":"https:\/\/interamerica.org\/fr\/"},{"@type":"ListItem","position":2,"name":"\u00c9tats-Unis : Parlons de Soins m\u00e9dicaux Adventistes"}]},{"@type":"WebSite","@id":"https:\/\/interamerica.org\/fr\/#website","url":"https:\/\/interamerica.org\/fr\/","name":"\u00c9glise Adventiste Du Septieme Jour - Inter Am\u00e9rique Division","description":"","potentialAction":[{"@type":"SearchAction","target":{"@type":"EntryPoint","urlTemplate":"https:\/\/interamerica.org\/fr\/?s={search_term_string}"},"query-input":{"@type":"PropertyValueSpecification","valueRequired":true,"valueName":"search_term_string"}}],"inLanguage":"fr-FR"},{"@type":"Person","@id":"https:\/\/interamerica.org\/fr\/#\/schema\/person\/68ede8bdc292885bb76c1e3810e73c39","name":"Lorenzo Verduzco","image":{"@type":"ImageObject","inLanguage":"fr-FR","@id":"https:\/\/secure.gravatar.com\/avatar\/fb81a55b6218459490a9c1dc841a34909185b81904c5337b4b27f7a6fd60c49e?s=96&d=mm&r=g","url":"https:\/\/secure.gravatar.com\/avatar\/fb81a55b6218459490a9c1dc841a34909185b81904c5337b4b27f7a6fd60c49e?s=96&d=mm&r=g","contentUrl":"https:\/\/secure.gravatar.com\/avatar\/fb81a55b6218459490a9c1dc841a34909185b81904c5337b4b27f7a6fd60c49e?s=96&d=mm&r=g","caption":"Lorenzo Verduzco"}}]}},"_links":{"self":[{"href":"https:\/\/interamerica.org\/fr\/wp-json\/wp\/v2\/posts\/12536","targetHints":{"allow":["GET"]}}],"collection":[{"href":"https:\/\/interamerica.org\/fr\/wp-json\/wp\/v2\/posts"}],"about":[{"href":"https:\/\/interamerica.org\/fr\/wp-json\/wp\/v2\/types\/post"}],"author":[{"embeddable":true,"href":"https:\/\/interamerica.org\/fr\/wp-json\/wp\/v2\/users\/1"}],"replies":[{"embeddable":true,"href":"https:\/\/interamerica.org\/fr\/wp-json\/wp\/v2\/comments?post=12536"}],"version-history":[{"count":0,"href":"https:\/\/interamerica.org\/fr\/wp-json\/wp\/v2\/posts\/12536\/revisions"}],"wp:attachment":[{"href":"https:\/\/interamerica.org\/fr\/wp-json\/wp\/v2\/media?parent=12536"}],"wp:term":[{"taxonomy":"category","embeddable":true,"href":"https:\/\/interamerica.org\/fr\/wp-json\/wp\/v2\/categories?post=12536"},{"taxonomy":"post_tag","embeddable":true,"href":"https:\/\/interamerica.org\/fr\/wp-json\/wp\/v2\/tags?post=12536"}],"curies":[{"name":"wp","href":"https:\/\/api.w.org\/{rel}","templated":true}]}}