{"id":12538,"date":"2006-04-28T00:00:00","date_gmt":"2006-04-28T04:00:00","guid":{"rendered":"http:\/\/192.81.217.108\/interamerica\/2006\/04\/nicaragua-des-milliers-de-personnes-assistent-a-un-grand-bapteme\/"},"modified":"2017-06-02T13:17:32","modified_gmt":"2017-06-02T17:17:32","slug":"nicaragua-des-milliers-de-personnes-assistent-a-un-grand-bapteme","status":"publish","type":"post","link":"https:\/\/interamerica.org\/fr\/2006\/04\/nicaragua-des-milliers-de-personnes-assistent-a-un-grand-bapteme\/","title":{"rendered":"Nicaragua : Des Milliers de Personnes Assistent \u00e0 un Grand Bapt\u00eame"},"content":{"rendered":"<\/p>\n<p>Managua, Nicaragua&#8230; [Libna Stevens\/IAD] <\/p>\n<p>Dans ce pays qui a connu une lente croissance \u00e9conomique \u00e0 la suite d&#39;une guerre civile qui s&#39;est termin\u00e9e, il y a 15 ans, les habitants du Nicaragua entendent le message d&#39;espoir et r\u00e9agissent favorablement en grand nombre. Une campagne d&#39;\u00e9vang\u00e9lisation nationale men\u00e9e par l&#39;\u00e9glise adventiste du septi\u00e8me jour dans Managua a culmin\u00e9 avec le bapt\u00eame de 1,218 \u00e2mes dans le Lac de Xiloa. Le bapt\u00eame a eu lieu le 1er avril. \u00ab\u00a0Gr\u00e2ce aux campagnes sp\u00e9ciales d&#39;\u00e9vang\u00e9lisations des pasteurs de districts et des la\u00efcs de tout de tout le territoire du Nicaragua et aux croisades men\u00e9es par les \u00e9tudiants du programme \u00e9vang\u00e9lique &#39;Partageons-Le&#39; (&#39;Share Him&#39;) cet \u00e9v\u00e9nement a \u00e9t\u00e9 rendu possible,\u00a0\u00bb dit Pasteur Marlon C. Moodie, directeur des communications de l&#39;Union de l&#39;Am\u00e9rique Centrale Sud. Plus de 81 pasteurs et la\u00efcs consacr\u00e9s ont pri\u00e9 avec ces n\u00e9ophytes et les ont baptis\u00e9s. Pasteur Isra\u00ebl Le\u00efto, pr\u00e9sident de l&#39;\u00e9glise en Inter Am\u00e9rique, fut le pr\u00e9dicateur lors du culte. Environ 5,000 dirigeants et membres des \u00e9glises locales, en plus des pasteurs et des la\u00efcs consacr\u00e9s ont particip\u00e9 au programme. Etaient aussi pr\u00e9sents, des fonctionnaires de la cour de justice qui ont offert des actes de mariage aux couples qui avaient accept\u00e9 la v\u00e9rit\u00e9 avant le bapt\u00eame. Partageant ses fronti\u00e8res avec le Honduras et le Costa Rica dans l&#39;Am\u00e9rique Centrale, le Nicaragua compte plus de 74,000 adventistes du septi\u00e8me jour qui adorent dans 183 \u00e9glises. <strong >Ressources <\/strong ><em >Partageons-Le<\/em >, autrefois connu comme l&#39;\u00e9vang\u00e9lisation globale, est un minist\u00e8re d&#39;\u00e9vang\u00e9lisation dont le si\u00e8ge se trouve en Caroline Nord, Etats-Unis. Pour plus de renseignements sur &#39;Partageons-Le, visiter le site : <u ><a  href=\"http:\/\/www.global-evangelism.org\/\">www.global-evangelism.org<\/a ><\/u ><\/p>\n","protected":false},"excerpt":{"rendered":"<p>Dans ce pays qui a connu une lente croissance \u00e9conomique \u00e0 la suite d&#39;une guerre civile qui s&#39;est termin\u00e9e, il y a 15 ans, les habitants du Nicaragua entendent le message d&#39;espoir et r\u00e9agissent favorablement<\/p>\n","protected":false},"author":1,"featured_media":0,"comment_status":"closed","ping_status":"closed","sticky":false,"template":"","format":"standard","meta":{"_acf_changed":false,"footnotes":""},"categories":[9],"tags":[],"class_list":["post-12538","post","type-post","status-publish","format-standard","hentry","category-archive-fr"],"acf":[],"yoast_head":"<!-- This site is optimized with the Yoast SEO plugin v27.3 - https:\/\/yoast.com\/product\/yoast-seo-wordpress\/ -->\n<title>Nicaragua : Des Milliers de Personnes Assistent \u00e0 un Grand Bapt\u00eame - \u00c9glise Adventiste Du Septieme Jour - Inter Am\u00e9rique Division<\/title>\n<meta name=\"robots\" content=\"index, follow, max-snippet:-1, max-image-preview:large, max-video-preview:-1\" \/>\n<link rel=\"canonical\" href=\"https:\/\/interamerica.org\/fr\/2006\/04\/nicaragua-des-milliers-de-personnes-assistent-a-un-grand-bapteme\/\" \/>\n<meta property=\"og:locale\" content=\"fr_FR\" \/>\n<meta property=\"og:type\" content=\"article\" \/>\n<meta property=\"og:title\" content=\"Nicaragua : Des Milliers de Personnes Assistent \u00e0 un Grand Bapt\u00eame - \u00c9glise Adventiste Du Septieme Jour - Inter Am\u00e9rique Division\" \/>\n<meta property=\"og:description\" content=\"Dans ce pays qui a connu une lente croissance \u00e9conomique \u00e0 la suite d&#039;une guerre civile qui s&#039;est termin\u00e9e, il y a 15 ans, les habitants du Nicaragua entendent le message d&#039;espoir et r\u00e9agissent favorablement\" \/>\n<meta property=\"og:url\" content=\"https:\/\/interamerica.org\/fr\/2006\/04\/nicaragua-des-milliers-de-personnes-assistent-a-un-grand-bapteme\/\" \/>\n<meta property=\"og:site_name\" content=\"\u00c9glise Adventiste Du Septieme Jour - Inter Am\u00e9rique Division\" \/>\n<meta property=\"article:published_time\" content=\"2006-04-28T04:00:00+00:00\" \/>\n<meta property=\"article:modified_time\" content=\"2017-06-02T17:17:32+00:00\" \/>\n<meta name=\"author\" content=\"Lorenzo Verduzco\" \/>\n<meta name=\"twitter:card\" content=\"summary_large_image\" \/>\n<meta name=\"twitter:label1\" content=\"\u00c9crit par\" \/>\n\t<meta name=\"twitter:data1\" content=\"Lorenzo Verduzco\" \/>\n\t<meta name=\"twitter:label2\" content=\"Dur\u00e9e de lecture estim\u00e9e\" \/>\n\t<meta name=\"twitter:data2\" content=\"2 minutes\" \/>\n<script type=\"application\/ld+json\" class=\"yoast-schema-graph\">{\"@context\":\"https:\\\/\\\/schema.org\",\"@graph\":[{\"@type\":\"Article\",\"@id\":\"https:\\\/\\\/interamerica.org\\\/fr\\\/2006\\\/04\\\/nicaragua-des-milliers-de-personnes-assistent-a-un-grand-bapteme\\\/#article\",\"isPartOf\":{\"@id\":\"https:\\\/\\\/interamerica.org\\\/fr\\\/2006\\\/04\\\/nicaragua-des-milliers-de-personnes-assistent-a-un-grand-bapteme\\\/\"},\"author\":{\"name\":\"Lorenzo Verduzco\",\"@id\":\"https:\\\/\\\/interamerica.org\\\/fr\\\/#\\\/schema\\\/person\\\/68ede8bdc292885bb76c1e3810e73c39\"},\"headline\":\"Nicaragua : Des Milliers de Personnes Assistent \u00e0 un Grand Bapt\u00eame\",\"datePublished\":\"2006-04-28T04:00:00+00:00\",\"dateModified\":\"2017-06-02T17:17:32+00:00\",\"mainEntityOfPage\":{\"@id\":\"https:\\\/\\\/interamerica.org\\\/fr\\\/2006\\\/04\\\/nicaragua-des-milliers-de-personnes-assistent-a-un-grand-bapteme\\\/\"},\"wordCount\":319,\"articleSection\":[\"Archive\"],\"inLanguage\":\"fr-FR\"},{\"@type\":\"WebPage\",\"@id\":\"https:\\\/\\\/interamerica.org\\\/fr\\\/2006\\\/04\\\/nicaragua-des-milliers-de-personnes-assistent-a-un-grand-bapteme\\\/\",\"url\":\"https:\\\/\\\/interamerica.org\\\/fr\\\/2006\\\/04\\\/nicaragua-des-milliers-de-personnes-assistent-a-un-grand-bapteme\\\/\",\"name\":\"Nicaragua : Des Milliers de Personnes Assistent \u00e0 un Grand Bapt\u00eame - \u00c9glise Adventiste Du Septieme Jour - Inter Am\u00e9rique Division\",\"isPartOf\":{\"@id\":\"https:\\\/\\\/interamerica.org\\\/fr\\\/#website\"},\"datePublished\":\"2006-04-28T04:00:00+00:00\",\"dateModified\":\"2017-06-02T17:17:32+00:00\",\"author\":{\"@id\":\"https:\\\/\\\/interamerica.org\\\/fr\\\/#\\\/schema\\\/person\\\/68ede8bdc292885bb76c1e3810e73c39\"},\"breadcrumb\":{\"@id\":\"https:\\\/\\\/interamerica.org\\\/fr\\\/2006\\\/04\\\/nicaragua-des-milliers-de-personnes-assistent-a-un-grand-bapteme\\\/#breadcrumb\"},\"inLanguage\":\"fr-FR\",\"potentialAction\":[{\"@type\":\"ReadAction\",\"target\":[\"https:\\\/\\\/interamerica.org\\\/fr\\\/2006\\\/04\\\/nicaragua-des-milliers-de-personnes-assistent-a-un-grand-bapteme\\\/\"]}]},{\"@type\":\"BreadcrumbList\",\"@id\":\"https:\\\/\\\/interamerica.org\\\/fr\\\/2006\\\/04\\\/nicaragua-des-milliers-de-personnes-assistent-a-un-grand-bapteme\\\/#breadcrumb\",\"itemListElement\":[{\"@type\":\"ListItem\",\"position\":1,\"name\":\"Home\",\"item\":\"https:\\\/\\\/interamerica.org\\\/fr\\\/\"},{\"@type\":\"ListItem\",\"position\":2,\"name\":\"Nicaragua : Des Milliers de Personnes Assistent \u00e0 un Grand Bapt\u00eame\"}]},{\"@type\":\"WebSite\",\"@id\":\"https:\\\/\\\/interamerica.org\\\/fr\\\/#website\",\"url\":\"https:\\\/\\\/interamerica.org\\\/fr\\\/\",\"name\":\"\u00c9glise Adventiste Du Septieme Jour - Inter Am\u00e9rique Division\",\"description\":\"\",\"potentialAction\":[{\"@type\":\"SearchAction\",\"target\":{\"@type\":\"EntryPoint\",\"urlTemplate\":\"https:\\\/\\\/interamerica.org\\\/fr\\\/?s={search_term_string}\"},\"query-input\":{\"@type\":\"PropertyValueSpecification\",\"valueRequired\":true,\"valueName\":\"search_term_string\"}}],\"inLanguage\":\"fr-FR\"},{\"@type\":\"Person\",\"@id\":\"https:\\\/\\\/interamerica.org\\\/fr\\\/#\\\/schema\\\/person\\\/68ede8bdc292885bb76c1e3810e73c39\",\"name\":\"Lorenzo Verduzco\",\"image\":{\"@type\":\"ImageObject\",\"inLanguage\":\"fr-FR\",\"@id\":\"https:\\\/\\\/secure.gravatar.com\\\/avatar\\\/fb81a55b6218459490a9c1dc841a34909185b81904c5337b4b27f7a6fd60c49e?s=96&d=mm&r=g\",\"url\":\"https:\\\/\\\/secure.gravatar.com\\\/avatar\\\/fb81a55b6218459490a9c1dc841a34909185b81904c5337b4b27f7a6fd60c49e?s=96&d=mm&r=g\",\"contentUrl\":\"https:\\\/\\\/secure.gravatar.com\\\/avatar\\\/fb81a55b6218459490a9c1dc841a34909185b81904c5337b4b27f7a6fd60c49e?s=96&d=mm&r=g\",\"caption\":\"Lorenzo Verduzco\"}}]}<\/script>\n<!-- \/ Yoast SEO plugin. -->","yoast_head_json":{"title":"Nicaragua : Des Milliers de Personnes Assistent \u00e0 un Grand Bapt\u00eame - \u00c9glise Adventiste Du Septieme Jour - Inter Am\u00e9rique Division","robots":{"index":"index","follow":"follow","max-snippet":"max-snippet:-1","max-image-preview":"max-image-preview:large","max-video-preview":"max-video-preview:-1"},"canonical":"https:\/\/interamerica.org\/fr\/2006\/04\/nicaragua-des-milliers-de-personnes-assistent-a-un-grand-bapteme\/","og_locale":"fr_FR","og_type":"article","og_title":"Nicaragua : Des Milliers de Personnes Assistent \u00e0 un Grand Bapt\u00eame - \u00c9glise Adventiste Du Septieme Jour - Inter Am\u00e9rique Division","og_description":"Dans ce pays qui a connu une lente croissance \u00e9conomique \u00e0 la suite d&#39;une guerre civile qui s&#39;est termin\u00e9e, il y a 15 ans, les habitants du Nicaragua entendent le message d&#39;espoir et r\u00e9agissent favorablement","og_url":"https:\/\/interamerica.org\/fr\/2006\/04\/nicaragua-des-milliers-de-personnes-assistent-a-un-grand-bapteme\/","og_site_name":"\u00c9glise Adventiste Du Septieme Jour - Inter Am\u00e9rique Division","article_published_time":"2006-04-28T04:00:00+00:00","article_modified_time":"2017-06-02T17:17:32+00:00","author":"Lorenzo Verduzco","twitter_card":"summary_large_image","twitter_misc":{"\u00c9crit par":"Lorenzo Verduzco","Dur\u00e9e de lecture estim\u00e9e":"2 minutes"},"schema":{"@context":"https:\/\/schema.org","@graph":[{"@type":"Article","@id":"https:\/\/interamerica.org\/fr\/2006\/04\/nicaragua-des-milliers-de-personnes-assistent-a-un-grand-bapteme\/#article","isPartOf":{"@id":"https:\/\/interamerica.org\/fr\/2006\/04\/nicaragua-des-milliers-de-personnes-assistent-a-un-grand-bapteme\/"},"author":{"name":"Lorenzo Verduzco","@id":"https:\/\/interamerica.org\/fr\/#\/schema\/person\/68ede8bdc292885bb76c1e3810e73c39"},"headline":"Nicaragua : Des Milliers de Personnes Assistent \u00e0 un Grand Bapt\u00eame","datePublished":"2006-04-28T04:00:00+00:00","dateModified":"2017-06-02T17:17:32+00:00","mainEntityOfPage":{"@id":"https:\/\/interamerica.org\/fr\/2006\/04\/nicaragua-des-milliers-de-personnes-assistent-a-un-grand-bapteme\/"},"wordCount":319,"articleSection":["Archive"],"inLanguage":"fr-FR"},{"@type":"WebPage","@id":"https:\/\/interamerica.org\/fr\/2006\/04\/nicaragua-des-milliers-de-personnes-assistent-a-un-grand-bapteme\/","url":"https:\/\/interamerica.org\/fr\/2006\/04\/nicaragua-des-milliers-de-personnes-assistent-a-un-grand-bapteme\/","name":"Nicaragua : Des Milliers de Personnes Assistent \u00e0 un Grand Bapt\u00eame - \u00c9glise Adventiste Du Septieme Jour - Inter Am\u00e9rique Division","isPartOf":{"@id":"https:\/\/interamerica.org\/fr\/#website"},"datePublished":"2006-04-28T04:00:00+00:00","dateModified":"2017-06-02T17:17:32+00:00","author":{"@id":"https:\/\/interamerica.org\/fr\/#\/schema\/person\/68ede8bdc292885bb76c1e3810e73c39"},"breadcrumb":{"@id":"https:\/\/interamerica.org\/fr\/2006\/04\/nicaragua-des-milliers-de-personnes-assistent-a-un-grand-bapteme\/#breadcrumb"},"inLanguage":"fr-FR","potentialAction":[{"@type":"ReadAction","target":["https:\/\/interamerica.org\/fr\/2006\/04\/nicaragua-des-milliers-de-personnes-assistent-a-un-grand-bapteme\/"]}]},{"@type":"BreadcrumbList","@id":"https:\/\/interamerica.org\/fr\/2006\/04\/nicaragua-des-milliers-de-personnes-assistent-a-un-grand-bapteme\/#breadcrumb","itemListElement":[{"@type":"ListItem","position":1,"name":"Home","item":"https:\/\/interamerica.org\/fr\/"},{"@type":"ListItem","position":2,"name":"Nicaragua : Des Milliers de Personnes Assistent \u00e0 un Grand Bapt\u00eame"}]},{"@type":"WebSite","@id":"https:\/\/interamerica.org\/fr\/#website","url":"https:\/\/interamerica.org\/fr\/","name":"\u00c9glise Adventiste Du Septieme Jour - Inter Am\u00e9rique Division","description":"","potentialAction":[{"@type":"SearchAction","target":{"@type":"EntryPoint","urlTemplate":"https:\/\/interamerica.org\/fr\/?s={search_term_string}"},"query-input":{"@type":"PropertyValueSpecification","valueRequired":true,"valueName":"search_term_string"}}],"inLanguage":"fr-FR"},{"@type":"Person","@id":"https:\/\/interamerica.org\/fr\/#\/schema\/person\/68ede8bdc292885bb76c1e3810e73c39","name":"Lorenzo Verduzco","image":{"@type":"ImageObject","inLanguage":"fr-FR","@id":"https:\/\/secure.gravatar.com\/avatar\/fb81a55b6218459490a9c1dc841a34909185b81904c5337b4b27f7a6fd60c49e?s=96&d=mm&r=g","url":"https:\/\/secure.gravatar.com\/avatar\/fb81a55b6218459490a9c1dc841a34909185b81904c5337b4b27f7a6fd60c49e?s=96&d=mm&r=g","contentUrl":"https:\/\/secure.gravatar.com\/avatar\/fb81a55b6218459490a9c1dc841a34909185b81904c5337b4b27f7a6fd60c49e?s=96&d=mm&r=g","caption":"Lorenzo Verduzco"}}]}},"_links":{"self":[{"href":"https:\/\/interamerica.org\/fr\/wp-json\/wp\/v2\/posts\/12538","targetHints":{"allow":["GET"]}}],"collection":[{"href":"https:\/\/interamerica.org\/fr\/wp-json\/wp\/v2\/posts"}],"about":[{"href":"https:\/\/interamerica.org\/fr\/wp-json\/wp\/v2\/types\/post"}],"author":[{"embeddable":true,"href":"https:\/\/interamerica.org\/fr\/wp-json\/wp\/v2\/users\/1"}],"replies":[{"embeddable":true,"href":"https:\/\/interamerica.org\/fr\/wp-json\/wp\/v2\/comments?post=12538"}],"version-history":[{"count":0,"href":"https:\/\/interamerica.org\/fr\/wp-json\/wp\/v2\/posts\/12538\/revisions"}],"wp:attachment":[{"href":"https:\/\/interamerica.org\/fr\/wp-json\/wp\/v2\/media?parent=12538"}],"wp:term":[{"taxonomy":"category","embeddable":true,"href":"https:\/\/interamerica.org\/fr\/wp-json\/wp\/v2\/categories?post=12538"},{"taxonomy":"post_tag","embeddable":true,"href":"https:\/\/interamerica.org\/fr\/wp-json\/wp\/v2\/tags?post=12538"}],"curies":[{"name":"wp","href":"https:\/\/api.w.org\/{rel}","templated":true}]}}