{"id":12539,"date":"2006-05-11T00:00:00","date_gmt":"2006-05-11T04:00:00","guid":{"rendered":"http:\/\/192.81.217.108\/interamerica\/2006\/05\/curacao-un-dirigeant-adventiste-du-septieme-jour-sadresse-au-nouveau-premier-ministre-et-au-cabinet\/"},"modified":"2017-06-02T13:17:30","modified_gmt":"2017-06-02T17:17:30","slug":"curacao-un-dirigeant-adventiste-du-septieme-jour-sadresse-au-nouveau-premier-ministre-et-au-cabinet","status":"publish","type":"post","link":"https:\/\/interamerica.org\/fr\/2006\/05\/curacao-un-dirigeant-adventiste-du-septieme-jour-sadresse-au-nouveau-premier-ministre-et-au-cabinet\/","title":{"rendered":"Cura\u00e7ao : Un Dirigeant Adventiste du Septi\u00e8me jour s&#39;Adresse au Nouveau Premier ministre et au Cabinet"},"content":{"rendered":"<\/p>\n<p>Apr\u00e8s que la premi\u00e8re ministre nouvellement nomm\u00e9e des Antilles n\u00e9erlandaises ait pr\u00eat\u00e9 serment avec son cabinet, une c\u00e9r\u00e9monie religieuse a eu lieu, pendant laquelle un dirigeant adventiste du septi\u00e8me jour a \u00e9t\u00e9 invit\u00e9 \u00e0 pr\u00e9senter un message sp\u00e9cial et \u00e0 prier. <\/p>\n<p>L&#39;\u00e9v\u00e9nement a eu lieu le 27 mars, \u00e0 l&#39;\u00c9glise Fortkerk, situ\u00e9e en face du Palais du Gouverneur, en pr\u00e9sence des officiers du Gouvernement et des invit\u00e9s sp\u00e9ciaux. Pasteur Daniel Duffis, pr\u00e9sident de l&#39;\u00e9glise aux Antilles n\u00e9erlandaises, \u00e9tait parmi plusieurs chefs religieux invit\u00e9s \u00e0 prier pour la Premi\u00e8re Ministre, Mme. Emily Jongh-Elhage, pour les officiers du gouvernement et les invit\u00e9s ; il lui a \u00e9t\u00e9 aussi demand\u00e9 de pr\u00e9senter un sermon. C&#39;est la premi\u00e8re fois qu&#39;un pasteur adventiste du septi\u00e8me jour pr\u00e9sentait un sermon en pr\u00e9sence du cabinet au complet, honneur habituellement accord\u00e9 \u00e0 l&#39;\u00e9v\u00eaque, dit Pasteur Duffis. Pasteur Duffis a parl\u00e9 de l&#39;exp\u00e9rience de Salomon en tant que dirigeant et de ses relations avec Dieu, en mettant l&#39;accent sur le fait que tout dirigeant devrait rechercher la sagesse et les conseils de Dieu en vue de remplir ses responsabilit\u00e9s. Apr\u00e8s le sermon, des pasteurs de diff\u00e9rentes d\u00e9nominations religieuses ont plac\u00e9 leurs mains sur la Premi\u00e8re ministre et, ensuite ont pri\u00e9 pour les autres officiels. L&#39;\u00e9v\u00e9nement a \u00e9t\u00e9 retransmis par la station nationale de t\u00e9l\u00e9vision et couvert par les m\u00e9dia de communication. \u00c0 la demande de la Premi\u00e8re Ministre, Mme Emily de Jongh-Elhage, le conseil des \u00e9glises de Cura\u00e7ao a organis\u00e9 cet \u00e9v\u00e9nement, en demandant aux responsables des organisations religieuses de prier pour les officiers du gouvernement. Bien que l&#39;\u00c9glise Adventiste du Septi\u00e8me jour ne fasse pas partie du conseil, Pastor Duffis a \u00e9t\u00e9 invit\u00e9 \u00e0 \u00eatre le speaker religieux. \u00ab\u00a0L&#39;\u00e9glise adventiste jouit de bons rapports avec le clerg\u00e9 et avec les officiers gouvernementaux, et ceci fut l&#39;une des principales raisons pour lesquelles cette opportunit\u00e9 a \u00e9t\u00e9 donn\u00e9e \u00e0 notre \u00e9glise,\u00a0\u00bb dit Pastor Duffis. Il ajoute qu&#39;il a \u00e9t\u00e9 souvent invit\u00e9 \u00e0 visiter et prier avec les fonctionnaires du gouvernement. Depuis cette occasion, dit Pasteur Duffis, le fait d&#39;avoir particip\u00e9 \u00e0 la c\u00e9r\u00e9monie, a eu beaucoup de signification pour l&#39;\u00e9glise de l&#39;endroit. \u00ab\u00a0Cela a plac\u00e9 l&#39;\u00e9glise [Adventiste] dans une position tr\u00e8s positive pour \u00e9clairer la communaut\u00e9,\u00a0\u00bb dit-il. \u00ab\u00a0En fait, beaucoup de personnes ont d\u00e9clar\u00e9 avoir vraiment appr\u00e9ci\u00e9 la qualit\u00e9 avec laquelle cela a \u00e9t\u00e9 fait.\u00a0\u00bb <\/p>\n<p>Les Antilles n\u00e9erlandaises, qui comprennent Cura\u00e7ao, Bonaire, Saint Martin, Saba et Saint Eustache, ont plus de 5 000 Adventistes du Septi\u00e8me Jour adorant dans 32 congr\u00e9gations. L&#39;\u00e9glise g\u00e8re l&#39;H\u00f4pital Adventiste des Antilles (Antillean Adventist Hospital) ainsi que deux \u00e9coles primaires. <\/p>\n","protected":false},"excerpt":{"rendered":"<p>Apr\u00e8s que la premi\u00e8re ministre nouvellement nomm\u00e9e des Antilles n\u00e9erlandaises ait pr\u00eat\u00e9 serment avec son cabinet, une c\u00e9r\u00e9monie religieuse a eu lieu, pendant laquelle un dirigeant adventiste du<\/p>\n","protected":false},"author":1,"featured_media":0,"comment_status":"closed","ping_status":"closed","sticky":false,"template":"","format":"standard","meta":{"_acf_changed":false,"footnotes":""},"categories":[9],"tags":[],"class_list":["post-12539","post","type-post","status-publish","format-standard","hentry","category-archive-fr"],"acf":[],"yoast_head":"<!-- This site is optimized with the Yoast SEO plugin v27.3 - https:\/\/yoast.com\/product\/yoast-seo-wordpress\/ -->\n<title>Cura\u00e7ao : Un Dirigeant Adventiste du Septi\u00e8me jour s&#039;Adresse au Nouveau Premier ministre et au Cabinet - \u00c9glise Adventiste Du Septieme Jour - Inter Am\u00e9rique Division<\/title>\n<meta name=\"robots\" content=\"index, follow, max-snippet:-1, max-image-preview:large, max-video-preview:-1\" \/>\n<link rel=\"canonical\" href=\"https:\/\/interamerica.org\/fr\/2006\/05\/curacao-un-dirigeant-adventiste-du-septieme-jour-sadresse-au-nouveau-premier-ministre-et-au-cabinet\/\" \/>\n<meta property=\"og:locale\" content=\"fr_FR\" \/>\n<meta property=\"og:type\" content=\"article\" \/>\n<meta property=\"og:title\" content=\"Cura\u00e7ao : Un Dirigeant Adventiste du Septi\u00e8me jour s&#039;Adresse au Nouveau Premier ministre et au Cabinet - \u00c9glise Adventiste Du Septieme Jour - Inter Am\u00e9rique Division\" \/>\n<meta property=\"og:description\" content=\"Apr\u00e8s que la premi\u00e8re ministre nouvellement nomm\u00e9e des Antilles n\u00e9erlandaises ait pr\u00eat\u00e9 serment avec son cabinet, une c\u00e9r\u00e9monie religieuse a eu lieu, pendant laquelle un dirigeant adventiste du\" \/>\n<meta property=\"og:url\" content=\"https:\/\/interamerica.org\/fr\/2006\/05\/curacao-un-dirigeant-adventiste-du-septieme-jour-sadresse-au-nouveau-premier-ministre-et-au-cabinet\/\" \/>\n<meta property=\"og:site_name\" content=\"\u00c9glise Adventiste Du Septieme Jour - Inter Am\u00e9rique Division\" \/>\n<meta property=\"article:published_time\" content=\"2006-05-11T04:00:00+00:00\" \/>\n<meta property=\"article:modified_time\" content=\"2017-06-02T17:17:30+00:00\" \/>\n<meta name=\"author\" content=\"Lorenzo Verduzco\" \/>\n<meta name=\"twitter:card\" content=\"summary_large_image\" \/>\n<meta name=\"twitter:label1\" content=\"\u00c9crit par\" \/>\n\t<meta name=\"twitter:data1\" content=\"Lorenzo Verduzco\" \/>\n\t<meta name=\"twitter:label2\" content=\"Dur\u00e9e de lecture estim\u00e9e\" \/>\n\t<meta name=\"twitter:data2\" content=\"2 minutes\" \/>\n<script type=\"application\/ld+json\" class=\"yoast-schema-graph\">{\"@context\":\"https:\\\/\\\/schema.org\",\"@graph\":[{\"@type\":\"Article\",\"@id\":\"https:\\\/\\\/interamerica.org\\\/fr\\\/2006\\\/05\\\/curacao-un-dirigeant-adventiste-du-septieme-jour-sadresse-au-nouveau-premier-ministre-et-au-cabinet\\\/#article\",\"isPartOf\":{\"@id\":\"https:\\\/\\\/interamerica.org\\\/fr\\\/2006\\\/05\\\/curacao-un-dirigeant-adventiste-du-septieme-jour-sadresse-au-nouveau-premier-ministre-et-au-cabinet\\\/\"},\"author\":{\"name\":\"Lorenzo Verduzco\",\"@id\":\"https:\\\/\\\/interamerica.org\\\/fr\\\/#\\\/schema\\\/person\\\/68ede8bdc292885bb76c1e3810e73c39\"},\"headline\":\"Cura\u00e7ao : Un Dirigeant Adventiste du Septi\u00e8me jour s&#39;Adresse au Nouveau Premier ministre et au Cabinet\",\"datePublished\":\"2006-05-11T04:00:00+00:00\",\"dateModified\":\"2017-06-02T17:17:30+00:00\",\"mainEntityOfPage\":{\"@id\":\"https:\\\/\\\/interamerica.org\\\/fr\\\/2006\\\/05\\\/curacao-un-dirigeant-adventiste-du-septieme-jour-sadresse-au-nouveau-premier-ministre-et-au-cabinet\\\/\"},\"wordCount\":499,\"articleSection\":[\"Archive\"],\"inLanguage\":\"fr-FR\"},{\"@type\":\"WebPage\",\"@id\":\"https:\\\/\\\/interamerica.org\\\/fr\\\/2006\\\/05\\\/curacao-un-dirigeant-adventiste-du-septieme-jour-sadresse-au-nouveau-premier-ministre-et-au-cabinet\\\/\",\"url\":\"https:\\\/\\\/interamerica.org\\\/fr\\\/2006\\\/05\\\/curacao-un-dirigeant-adventiste-du-septieme-jour-sadresse-au-nouveau-premier-ministre-et-au-cabinet\\\/\",\"name\":\"Cura\u00e7ao : Un Dirigeant Adventiste du Septi\u00e8me jour s&#39;Adresse au Nouveau Premier ministre et au Cabinet - \u00c9glise Adventiste Du Septieme Jour - Inter Am\u00e9rique Division\",\"isPartOf\":{\"@id\":\"https:\\\/\\\/interamerica.org\\\/fr\\\/#website\"},\"datePublished\":\"2006-05-11T04:00:00+00:00\",\"dateModified\":\"2017-06-02T17:17:30+00:00\",\"author\":{\"@id\":\"https:\\\/\\\/interamerica.org\\\/fr\\\/#\\\/schema\\\/person\\\/68ede8bdc292885bb76c1e3810e73c39\"},\"breadcrumb\":{\"@id\":\"https:\\\/\\\/interamerica.org\\\/fr\\\/2006\\\/05\\\/curacao-un-dirigeant-adventiste-du-septieme-jour-sadresse-au-nouveau-premier-ministre-et-au-cabinet\\\/#breadcrumb\"},\"inLanguage\":\"fr-FR\",\"potentialAction\":[{\"@type\":\"ReadAction\",\"target\":[\"https:\\\/\\\/interamerica.org\\\/fr\\\/2006\\\/05\\\/curacao-un-dirigeant-adventiste-du-septieme-jour-sadresse-au-nouveau-premier-ministre-et-au-cabinet\\\/\"]}]},{\"@type\":\"BreadcrumbList\",\"@id\":\"https:\\\/\\\/interamerica.org\\\/fr\\\/2006\\\/05\\\/curacao-un-dirigeant-adventiste-du-septieme-jour-sadresse-au-nouveau-premier-ministre-et-au-cabinet\\\/#breadcrumb\",\"itemListElement\":[{\"@type\":\"ListItem\",\"position\":1,\"name\":\"Home\",\"item\":\"https:\\\/\\\/interamerica.org\\\/fr\\\/\"},{\"@type\":\"ListItem\",\"position\":2,\"name\":\"Cura\u00e7ao : Un Dirigeant Adventiste du Septi\u00e8me jour s&#39;Adresse au Nouveau Premier ministre et au Cabinet\"}]},{\"@type\":\"WebSite\",\"@id\":\"https:\\\/\\\/interamerica.org\\\/fr\\\/#website\",\"url\":\"https:\\\/\\\/interamerica.org\\\/fr\\\/\",\"name\":\"\u00c9glise Adventiste Du Septieme Jour - Inter Am\u00e9rique Division\",\"description\":\"\",\"potentialAction\":[{\"@type\":\"SearchAction\",\"target\":{\"@type\":\"EntryPoint\",\"urlTemplate\":\"https:\\\/\\\/interamerica.org\\\/fr\\\/?s={search_term_string}\"},\"query-input\":{\"@type\":\"PropertyValueSpecification\",\"valueRequired\":true,\"valueName\":\"search_term_string\"}}],\"inLanguage\":\"fr-FR\"},{\"@type\":\"Person\",\"@id\":\"https:\\\/\\\/interamerica.org\\\/fr\\\/#\\\/schema\\\/person\\\/68ede8bdc292885bb76c1e3810e73c39\",\"name\":\"Lorenzo Verduzco\",\"image\":{\"@type\":\"ImageObject\",\"inLanguage\":\"fr-FR\",\"@id\":\"https:\\\/\\\/secure.gravatar.com\\\/avatar\\\/fb81a55b6218459490a9c1dc841a34909185b81904c5337b4b27f7a6fd60c49e?s=96&d=mm&r=g\",\"url\":\"https:\\\/\\\/secure.gravatar.com\\\/avatar\\\/fb81a55b6218459490a9c1dc841a34909185b81904c5337b4b27f7a6fd60c49e?s=96&d=mm&r=g\",\"contentUrl\":\"https:\\\/\\\/secure.gravatar.com\\\/avatar\\\/fb81a55b6218459490a9c1dc841a34909185b81904c5337b4b27f7a6fd60c49e?s=96&d=mm&r=g\",\"caption\":\"Lorenzo Verduzco\"}}]}<\/script>\n<!-- \/ Yoast SEO plugin. -->","yoast_head_json":{"title":"Cura\u00e7ao : Un Dirigeant Adventiste du Septi\u00e8me jour s&#39;Adresse au Nouveau Premier ministre et au Cabinet - \u00c9glise Adventiste Du Septieme Jour - Inter Am\u00e9rique Division","robots":{"index":"index","follow":"follow","max-snippet":"max-snippet:-1","max-image-preview":"max-image-preview:large","max-video-preview":"max-video-preview:-1"},"canonical":"https:\/\/interamerica.org\/fr\/2006\/05\/curacao-un-dirigeant-adventiste-du-septieme-jour-sadresse-au-nouveau-premier-ministre-et-au-cabinet\/","og_locale":"fr_FR","og_type":"article","og_title":"Cura\u00e7ao : Un Dirigeant Adventiste du Septi\u00e8me jour s&#39;Adresse au Nouveau Premier ministre et au Cabinet - \u00c9glise Adventiste Du Septieme Jour - Inter Am\u00e9rique Division","og_description":"Apr\u00e8s que la premi\u00e8re ministre nouvellement nomm\u00e9e des Antilles n\u00e9erlandaises ait pr\u00eat\u00e9 serment avec son cabinet, une c\u00e9r\u00e9monie religieuse a eu lieu, pendant laquelle un dirigeant adventiste du","og_url":"https:\/\/interamerica.org\/fr\/2006\/05\/curacao-un-dirigeant-adventiste-du-septieme-jour-sadresse-au-nouveau-premier-ministre-et-au-cabinet\/","og_site_name":"\u00c9glise Adventiste Du Septieme Jour - Inter Am\u00e9rique Division","article_published_time":"2006-05-11T04:00:00+00:00","article_modified_time":"2017-06-02T17:17:30+00:00","author":"Lorenzo Verduzco","twitter_card":"summary_large_image","twitter_misc":{"\u00c9crit par":"Lorenzo Verduzco","Dur\u00e9e de lecture estim\u00e9e":"2 minutes"},"schema":{"@context":"https:\/\/schema.org","@graph":[{"@type":"Article","@id":"https:\/\/interamerica.org\/fr\/2006\/05\/curacao-un-dirigeant-adventiste-du-septieme-jour-sadresse-au-nouveau-premier-ministre-et-au-cabinet\/#article","isPartOf":{"@id":"https:\/\/interamerica.org\/fr\/2006\/05\/curacao-un-dirigeant-adventiste-du-septieme-jour-sadresse-au-nouveau-premier-ministre-et-au-cabinet\/"},"author":{"name":"Lorenzo Verduzco","@id":"https:\/\/interamerica.org\/fr\/#\/schema\/person\/68ede8bdc292885bb76c1e3810e73c39"},"headline":"Cura\u00e7ao : Un Dirigeant Adventiste du Septi\u00e8me jour s&#39;Adresse au Nouveau Premier ministre et au Cabinet","datePublished":"2006-05-11T04:00:00+00:00","dateModified":"2017-06-02T17:17:30+00:00","mainEntityOfPage":{"@id":"https:\/\/interamerica.org\/fr\/2006\/05\/curacao-un-dirigeant-adventiste-du-septieme-jour-sadresse-au-nouveau-premier-ministre-et-au-cabinet\/"},"wordCount":499,"articleSection":["Archive"],"inLanguage":"fr-FR"},{"@type":"WebPage","@id":"https:\/\/interamerica.org\/fr\/2006\/05\/curacao-un-dirigeant-adventiste-du-septieme-jour-sadresse-au-nouveau-premier-ministre-et-au-cabinet\/","url":"https:\/\/interamerica.org\/fr\/2006\/05\/curacao-un-dirigeant-adventiste-du-septieme-jour-sadresse-au-nouveau-premier-ministre-et-au-cabinet\/","name":"Cura\u00e7ao : Un Dirigeant Adventiste du Septi\u00e8me jour s&#39;Adresse au Nouveau Premier ministre et au Cabinet - \u00c9glise Adventiste Du Septieme Jour - Inter Am\u00e9rique Division","isPartOf":{"@id":"https:\/\/interamerica.org\/fr\/#website"},"datePublished":"2006-05-11T04:00:00+00:00","dateModified":"2017-06-02T17:17:30+00:00","author":{"@id":"https:\/\/interamerica.org\/fr\/#\/schema\/person\/68ede8bdc292885bb76c1e3810e73c39"},"breadcrumb":{"@id":"https:\/\/interamerica.org\/fr\/2006\/05\/curacao-un-dirigeant-adventiste-du-septieme-jour-sadresse-au-nouveau-premier-ministre-et-au-cabinet\/#breadcrumb"},"inLanguage":"fr-FR","potentialAction":[{"@type":"ReadAction","target":["https:\/\/interamerica.org\/fr\/2006\/05\/curacao-un-dirigeant-adventiste-du-septieme-jour-sadresse-au-nouveau-premier-ministre-et-au-cabinet\/"]}]},{"@type":"BreadcrumbList","@id":"https:\/\/interamerica.org\/fr\/2006\/05\/curacao-un-dirigeant-adventiste-du-septieme-jour-sadresse-au-nouveau-premier-ministre-et-au-cabinet\/#breadcrumb","itemListElement":[{"@type":"ListItem","position":1,"name":"Home","item":"https:\/\/interamerica.org\/fr\/"},{"@type":"ListItem","position":2,"name":"Cura\u00e7ao : Un Dirigeant Adventiste du Septi\u00e8me jour s&#39;Adresse au Nouveau Premier ministre et au Cabinet"}]},{"@type":"WebSite","@id":"https:\/\/interamerica.org\/fr\/#website","url":"https:\/\/interamerica.org\/fr\/","name":"\u00c9glise Adventiste Du Septieme Jour - Inter Am\u00e9rique Division","description":"","potentialAction":[{"@type":"SearchAction","target":{"@type":"EntryPoint","urlTemplate":"https:\/\/interamerica.org\/fr\/?s={search_term_string}"},"query-input":{"@type":"PropertyValueSpecification","valueRequired":true,"valueName":"search_term_string"}}],"inLanguage":"fr-FR"},{"@type":"Person","@id":"https:\/\/interamerica.org\/fr\/#\/schema\/person\/68ede8bdc292885bb76c1e3810e73c39","name":"Lorenzo Verduzco","image":{"@type":"ImageObject","inLanguage":"fr-FR","@id":"https:\/\/secure.gravatar.com\/avatar\/fb81a55b6218459490a9c1dc841a34909185b81904c5337b4b27f7a6fd60c49e?s=96&d=mm&r=g","url":"https:\/\/secure.gravatar.com\/avatar\/fb81a55b6218459490a9c1dc841a34909185b81904c5337b4b27f7a6fd60c49e?s=96&d=mm&r=g","contentUrl":"https:\/\/secure.gravatar.com\/avatar\/fb81a55b6218459490a9c1dc841a34909185b81904c5337b4b27f7a6fd60c49e?s=96&d=mm&r=g","caption":"Lorenzo Verduzco"}}]}},"_links":{"self":[{"href":"https:\/\/interamerica.org\/fr\/wp-json\/wp\/v2\/posts\/12539","targetHints":{"allow":["GET"]}}],"collection":[{"href":"https:\/\/interamerica.org\/fr\/wp-json\/wp\/v2\/posts"}],"about":[{"href":"https:\/\/interamerica.org\/fr\/wp-json\/wp\/v2\/types\/post"}],"author":[{"embeddable":true,"href":"https:\/\/interamerica.org\/fr\/wp-json\/wp\/v2\/users\/1"}],"replies":[{"embeddable":true,"href":"https:\/\/interamerica.org\/fr\/wp-json\/wp\/v2\/comments?post=12539"}],"version-history":[{"count":0,"href":"https:\/\/interamerica.org\/fr\/wp-json\/wp\/v2\/posts\/12539\/revisions"}],"wp:attachment":[{"href":"https:\/\/interamerica.org\/fr\/wp-json\/wp\/v2\/media?parent=12539"}],"wp:term":[{"taxonomy":"category","embeddable":true,"href":"https:\/\/interamerica.org\/fr\/wp-json\/wp\/v2\/categories?post=12539"},{"taxonomy":"post_tag","embeddable":true,"href":"https:\/\/interamerica.org\/fr\/wp-json\/wp\/v2\/tags?post=12539"}],"curies":[{"name":"wp","href":"https:\/\/api.w.org\/{rel}","templated":true}]}}