{"id":12540,"date":"2006-05-12T00:00:00","date_gmt":"2006-05-12T04:00:00","guid":{"rendered":"http:\/\/192.81.217.108\/interamerica\/2006\/05\/reunion-du-conseil-dadministration-de-la-division-interamericaine\/"},"modified":"2017-06-02T13:17:29","modified_gmt":"2017-06-02T17:17:29","slug":"reunion-du-conseil-dadministration-de-la-division-interamericaine","status":"publish","type":"post","link":"https:\/\/interamerica.org\/fr\/2006\/05\/reunion-du-conseil-dadministration-de-la-division-interamericaine\/","title":{"rendered":"R\u00e9union du Conseil d&#39;Administration de la Division Interam\u00e9ricaine"},"content":{"rendered":"<\/p>\n<p>Miami, Floride&#8230;. [Libna Stevens\/IAD] <\/p>\n<p>Le Conseil d&#39;administration pour le territoire de l&#39;\u00c9glise Adventiste du Septi\u00e8me jour dans l&#39;Inter Am\u00e9rique se rencontre pour ses r\u00e9unions de milieu d&#39;ann\u00e9e, du 14 au 16 mai, au bureau central \u00e0 Miami, Floride. Tous les officiers administratifs de chacune des 15 r\u00e9gions de la Division Interam\u00e9ricaine se rencontrent pour prendre des d\u00e9cisions sur les plans et les strat\u00e9gies, revoir la position financi\u00e8re de l&#39;ensemble ainsi que les rapports sur la croissance de l&#39;\u00e9glise, parmi les nombreux points \u00e0 l&#39;ordre du jour. Les membres du Conseil d&#39;administration de la IAD se rencontrent deux fois par an pour des r\u00e9unions de ce genre. La deuxi\u00e8me s\u00e9rie de r\u00e9unions sera tenue \u00e0 la fin de cette ann\u00e9e. <\/p>\n<p>L&#39;\u00c9glise Adventiste du Septi\u00e8me jour en Inter Am\u00e9rique, avec sa croissance r\u00e9guli\u00e8re, a plus de 2.6 millions de membres d&#39;\u00c9glise dans ses 37 pays et \u00eeles. <\/p>\n","protected":false},"excerpt":{"rendered":"<p>Le Conseil d&#39;administration pour le territoire de l&#39;\u00c9glise Adventiste du Septi\u00e8me jour dans l&#39;Inter Am\u00e9rique se rencontre pour ses r\u00e9unions de milieu d&#39;ann\u00e9e, du 14 au 16 mai&#8230;<\/p>\n","protected":false},"author":1,"featured_media":0,"comment_status":"closed","ping_status":"closed","sticky":false,"template":"","format":"standard","meta":{"_acf_changed":false,"footnotes":""},"categories":[9],"tags":[],"class_list":["post-12540","post","type-post","status-publish","format-standard","hentry","category-archive-fr"],"acf":[],"yoast_head":"<!-- This site is optimized with the Yoast SEO plugin v27.3 - https:\/\/yoast.com\/product\/yoast-seo-wordpress\/ -->\n<title>R\u00e9union du Conseil d&#039;Administration de la Division Interam\u00e9ricaine - \u00c9glise Adventiste Du Septieme Jour - Inter Am\u00e9rique Division<\/title>\n<meta name=\"robots\" content=\"index, follow, max-snippet:-1, max-image-preview:large, max-video-preview:-1\" \/>\n<link rel=\"canonical\" href=\"https:\/\/interamerica.org\/fr\/2006\/05\/reunion-du-conseil-dadministration-de-la-division-interamericaine\/\" \/>\n<meta property=\"og:locale\" content=\"fr_FR\" \/>\n<meta property=\"og:type\" content=\"article\" \/>\n<meta property=\"og:title\" content=\"R\u00e9union du Conseil d&#039;Administration de la Division Interam\u00e9ricaine - \u00c9glise Adventiste Du Septieme Jour - Inter Am\u00e9rique Division\" \/>\n<meta property=\"og:description\" content=\"Le Conseil d&#039;administration pour le territoire de l&#039;\u00c9glise Adventiste du Septi\u00e8me jour dans l&#039;Inter Am\u00e9rique se rencontre pour ses r\u00e9unions de milieu d&#039;ann\u00e9e, du 14 au 16 mai...\" \/>\n<meta property=\"og:url\" content=\"https:\/\/interamerica.org\/fr\/2006\/05\/reunion-du-conseil-dadministration-de-la-division-interamericaine\/\" \/>\n<meta property=\"og:site_name\" content=\"\u00c9glise Adventiste Du Septieme Jour - Inter Am\u00e9rique Division\" \/>\n<meta property=\"article:published_time\" content=\"2006-05-12T04:00:00+00:00\" \/>\n<meta property=\"article:modified_time\" content=\"2017-06-02T17:17:29+00:00\" \/>\n<meta name=\"author\" content=\"Lorenzo Verduzco\" \/>\n<meta name=\"twitter:card\" content=\"summary_large_image\" \/>\n<meta name=\"twitter:label1\" content=\"\u00c9crit par\" \/>\n\t<meta name=\"twitter:data1\" content=\"Lorenzo Verduzco\" \/>\n\t<meta name=\"twitter:label2\" content=\"Dur\u00e9e de lecture estim\u00e9e\" \/>\n\t<meta name=\"twitter:data2\" content=\"1 minute\" \/>\n<script type=\"application\/ld+json\" class=\"yoast-schema-graph\">{\"@context\":\"https:\\\/\\\/schema.org\",\"@graph\":[{\"@type\":\"Article\",\"@id\":\"https:\\\/\\\/interamerica.org\\\/fr\\\/2006\\\/05\\\/reunion-du-conseil-dadministration-de-la-division-interamericaine\\\/#article\",\"isPartOf\":{\"@id\":\"https:\\\/\\\/interamerica.org\\\/fr\\\/2006\\\/05\\\/reunion-du-conseil-dadministration-de-la-division-interamericaine\\\/\"},\"author\":{\"name\":\"Lorenzo Verduzco\",\"@id\":\"https:\\\/\\\/interamerica.org\\\/fr\\\/#\\\/schema\\\/person\\\/68ede8bdc292885bb76c1e3810e73c39\"},\"headline\":\"R\u00e9union du Conseil d&#39;Administration de la Division Interam\u00e9ricaine\",\"datePublished\":\"2006-05-12T04:00:00+00:00\",\"dateModified\":\"2017-06-02T17:17:29+00:00\",\"mainEntityOfPage\":{\"@id\":\"https:\\\/\\\/interamerica.org\\\/fr\\\/2006\\\/05\\\/reunion-du-conseil-dadministration-de-la-division-interamericaine\\\/\"},\"wordCount\":177,\"articleSection\":[\"Archive\"],\"inLanguage\":\"fr-FR\"},{\"@type\":\"WebPage\",\"@id\":\"https:\\\/\\\/interamerica.org\\\/fr\\\/2006\\\/05\\\/reunion-du-conseil-dadministration-de-la-division-interamericaine\\\/\",\"url\":\"https:\\\/\\\/interamerica.org\\\/fr\\\/2006\\\/05\\\/reunion-du-conseil-dadministration-de-la-division-interamericaine\\\/\",\"name\":\"R\u00e9union du Conseil d&#39;Administration de la Division Interam\u00e9ricaine - \u00c9glise Adventiste Du Septieme Jour - Inter Am\u00e9rique Division\",\"isPartOf\":{\"@id\":\"https:\\\/\\\/interamerica.org\\\/fr\\\/#website\"},\"datePublished\":\"2006-05-12T04:00:00+00:00\",\"dateModified\":\"2017-06-02T17:17:29+00:00\",\"author\":{\"@id\":\"https:\\\/\\\/interamerica.org\\\/fr\\\/#\\\/schema\\\/person\\\/68ede8bdc292885bb76c1e3810e73c39\"},\"breadcrumb\":{\"@id\":\"https:\\\/\\\/interamerica.org\\\/fr\\\/2006\\\/05\\\/reunion-du-conseil-dadministration-de-la-division-interamericaine\\\/#breadcrumb\"},\"inLanguage\":\"fr-FR\",\"potentialAction\":[{\"@type\":\"ReadAction\",\"target\":[\"https:\\\/\\\/interamerica.org\\\/fr\\\/2006\\\/05\\\/reunion-du-conseil-dadministration-de-la-division-interamericaine\\\/\"]}]},{\"@type\":\"BreadcrumbList\",\"@id\":\"https:\\\/\\\/interamerica.org\\\/fr\\\/2006\\\/05\\\/reunion-du-conseil-dadministration-de-la-division-interamericaine\\\/#breadcrumb\",\"itemListElement\":[{\"@type\":\"ListItem\",\"position\":1,\"name\":\"Home\",\"item\":\"https:\\\/\\\/interamerica.org\\\/fr\\\/\"},{\"@type\":\"ListItem\",\"position\":2,\"name\":\"R\u00e9union du Conseil d&#39;Administration de la Division Interam\u00e9ricaine\"}]},{\"@type\":\"WebSite\",\"@id\":\"https:\\\/\\\/interamerica.org\\\/fr\\\/#website\",\"url\":\"https:\\\/\\\/interamerica.org\\\/fr\\\/\",\"name\":\"\u00c9glise Adventiste Du Septieme Jour - Inter Am\u00e9rique Division\",\"description\":\"\",\"potentialAction\":[{\"@type\":\"SearchAction\",\"target\":{\"@type\":\"EntryPoint\",\"urlTemplate\":\"https:\\\/\\\/interamerica.org\\\/fr\\\/?s={search_term_string}\"},\"query-input\":{\"@type\":\"PropertyValueSpecification\",\"valueRequired\":true,\"valueName\":\"search_term_string\"}}],\"inLanguage\":\"fr-FR\"},{\"@type\":\"Person\",\"@id\":\"https:\\\/\\\/interamerica.org\\\/fr\\\/#\\\/schema\\\/person\\\/68ede8bdc292885bb76c1e3810e73c39\",\"name\":\"Lorenzo Verduzco\",\"image\":{\"@type\":\"ImageObject\",\"inLanguage\":\"fr-FR\",\"@id\":\"https:\\\/\\\/secure.gravatar.com\\\/avatar\\\/fb81a55b6218459490a9c1dc841a34909185b81904c5337b4b27f7a6fd60c49e?s=96&d=mm&r=g\",\"url\":\"https:\\\/\\\/secure.gravatar.com\\\/avatar\\\/fb81a55b6218459490a9c1dc841a34909185b81904c5337b4b27f7a6fd60c49e?s=96&d=mm&r=g\",\"contentUrl\":\"https:\\\/\\\/secure.gravatar.com\\\/avatar\\\/fb81a55b6218459490a9c1dc841a34909185b81904c5337b4b27f7a6fd60c49e?s=96&d=mm&r=g\",\"caption\":\"Lorenzo Verduzco\"}}]}<\/script>\n<!-- \/ Yoast SEO plugin. -->","yoast_head_json":{"title":"R\u00e9union du Conseil d&#39;Administration de la Division Interam\u00e9ricaine - \u00c9glise Adventiste Du Septieme Jour - Inter Am\u00e9rique Division","robots":{"index":"index","follow":"follow","max-snippet":"max-snippet:-1","max-image-preview":"max-image-preview:large","max-video-preview":"max-video-preview:-1"},"canonical":"https:\/\/interamerica.org\/fr\/2006\/05\/reunion-du-conseil-dadministration-de-la-division-interamericaine\/","og_locale":"fr_FR","og_type":"article","og_title":"R\u00e9union du Conseil d&#39;Administration de la Division Interam\u00e9ricaine - \u00c9glise Adventiste Du Septieme Jour - Inter Am\u00e9rique Division","og_description":"Le Conseil d&#39;administration pour le territoire de l&#39;\u00c9glise Adventiste du Septi\u00e8me jour dans l&#39;Inter Am\u00e9rique se rencontre pour ses r\u00e9unions de milieu d&#39;ann\u00e9e, du 14 au 16 mai...","og_url":"https:\/\/interamerica.org\/fr\/2006\/05\/reunion-du-conseil-dadministration-de-la-division-interamericaine\/","og_site_name":"\u00c9glise Adventiste Du Septieme Jour - Inter Am\u00e9rique Division","article_published_time":"2006-05-12T04:00:00+00:00","article_modified_time":"2017-06-02T17:17:29+00:00","author":"Lorenzo Verduzco","twitter_card":"summary_large_image","twitter_misc":{"\u00c9crit par":"Lorenzo Verduzco","Dur\u00e9e de lecture estim\u00e9e":"1 minute"},"schema":{"@context":"https:\/\/schema.org","@graph":[{"@type":"Article","@id":"https:\/\/interamerica.org\/fr\/2006\/05\/reunion-du-conseil-dadministration-de-la-division-interamericaine\/#article","isPartOf":{"@id":"https:\/\/interamerica.org\/fr\/2006\/05\/reunion-du-conseil-dadministration-de-la-division-interamericaine\/"},"author":{"name":"Lorenzo Verduzco","@id":"https:\/\/interamerica.org\/fr\/#\/schema\/person\/68ede8bdc292885bb76c1e3810e73c39"},"headline":"R\u00e9union du Conseil d&#39;Administration de la Division Interam\u00e9ricaine","datePublished":"2006-05-12T04:00:00+00:00","dateModified":"2017-06-02T17:17:29+00:00","mainEntityOfPage":{"@id":"https:\/\/interamerica.org\/fr\/2006\/05\/reunion-du-conseil-dadministration-de-la-division-interamericaine\/"},"wordCount":177,"articleSection":["Archive"],"inLanguage":"fr-FR"},{"@type":"WebPage","@id":"https:\/\/interamerica.org\/fr\/2006\/05\/reunion-du-conseil-dadministration-de-la-division-interamericaine\/","url":"https:\/\/interamerica.org\/fr\/2006\/05\/reunion-du-conseil-dadministration-de-la-division-interamericaine\/","name":"R\u00e9union du Conseil d&#39;Administration de la Division Interam\u00e9ricaine - \u00c9glise Adventiste Du Septieme Jour - Inter Am\u00e9rique Division","isPartOf":{"@id":"https:\/\/interamerica.org\/fr\/#website"},"datePublished":"2006-05-12T04:00:00+00:00","dateModified":"2017-06-02T17:17:29+00:00","author":{"@id":"https:\/\/interamerica.org\/fr\/#\/schema\/person\/68ede8bdc292885bb76c1e3810e73c39"},"breadcrumb":{"@id":"https:\/\/interamerica.org\/fr\/2006\/05\/reunion-du-conseil-dadministration-de-la-division-interamericaine\/#breadcrumb"},"inLanguage":"fr-FR","potentialAction":[{"@type":"ReadAction","target":["https:\/\/interamerica.org\/fr\/2006\/05\/reunion-du-conseil-dadministration-de-la-division-interamericaine\/"]}]},{"@type":"BreadcrumbList","@id":"https:\/\/interamerica.org\/fr\/2006\/05\/reunion-du-conseil-dadministration-de-la-division-interamericaine\/#breadcrumb","itemListElement":[{"@type":"ListItem","position":1,"name":"Home","item":"https:\/\/interamerica.org\/fr\/"},{"@type":"ListItem","position":2,"name":"R\u00e9union du Conseil d&#39;Administration de la Division Interam\u00e9ricaine"}]},{"@type":"WebSite","@id":"https:\/\/interamerica.org\/fr\/#website","url":"https:\/\/interamerica.org\/fr\/","name":"\u00c9glise Adventiste Du Septieme Jour - Inter Am\u00e9rique Division","description":"","potentialAction":[{"@type":"SearchAction","target":{"@type":"EntryPoint","urlTemplate":"https:\/\/interamerica.org\/fr\/?s={search_term_string}"},"query-input":{"@type":"PropertyValueSpecification","valueRequired":true,"valueName":"search_term_string"}}],"inLanguage":"fr-FR"},{"@type":"Person","@id":"https:\/\/interamerica.org\/fr\/#\/schema\/person\/68ede8bdc292885bb76c1e3810e73c39","name":"Lorenzo Verduzco","image":{"@type":"ImageObject","inLanguage":"fr-FR","@id":"https:\/\/secure.gravatar.com\/avatar\/fb81a55b6218459490a9c1dc841a34909185b81904c5337b4b27f7a6fd60c49e?s=96&d=mm&r=g","url":"https:\/\/secure.gravatar.com\/avatar\/fb81a55b6218459490a9c1dc841a34909185b81904c5337b4b27f7a6fd60c49e?s=96&d=mm&r=g","contentUrl":"https:\/\/secure.gravatar.com\/avatar\/fb81a55b6218459490a9c1dc841a34909185b81904c5337b4b27f7a6fd60c49e?s=96&d=mm&r=g","caption":"Lorenzo Verduzco"}}]}},"_links":{"self":[{"href":"https:\/\/interamerica.org\/fr\/wp-json\/wp\/v2\/posts\/12540","targetHints":{"allow":["GET"]}}],"collection":[{"href":"https:\/\/interamerica.org\/fr\/wp-json\/wp\/v2\/posts"}],"about":[{"href":"https:\/\/interamerica.org\/fr\/wp-json\/wp\/v2\/types\/post"}],"author":[{"embeddable":true,"href":"https:\/\/interamerica.org\/fr\/wp-json\/wp\/v2\/users\/1"}],"replies":[{"embeddable":true,"href":"https:\/\/interamerica.org\/fr\/wp-json\/wp\/v2\/comments?post=12540"}],"version-history":[{"count":0,"href":"https:\/\/interamerica.org\/fr\/wp-json\/wp\/v2\/posts\/12540\/revisions"}],"wp:attachment":[{"href":"https:\/\/interamerica.org\/fr\/wp-json\/wp\/v2\/media?parent=12540"}],"wp:term":[{"taxonomy":"category","embeddable":true,"href":"https:\/\/interamerica.org\/fr\/wp-json\/wp\/v2\/categories?post=12540"},{"taxonomy":"post_tag","embeddable":true,"href":"https:\/\/interamerica.org\/fr\/wp-json\/wp\/v2\/tags?post=12540"}],"curies":[{"name":"wp","href":"https:\/\/api.w.org\/{rel}","templated":true}]}}