{"id":12541,"date":"2006-05-14T00:00:00","date_gmt":"2006-05-14T04:00:00","guid":{"rendered":"http:\/\/192.81.217.108\/interamerica\/2006\/05\/les-reunions-biennales-de-linter-amerique-commencent\/"},"modified":"2017-06-02T13:17:28","modified_gmt":"2017-06-02T17:17:28","slug":"les-reunions-biennales-de-linter-amerique-commencent","status":"publish","type":"post","link":"https:\/\/interamerica.org\/fr\/2006\/05\/les-reunions-biennales-de-linter-amerique-commencent\/","title":{"rendered":"Les R\u00e9unions Biennales de l&#39;Inter-Am\u00e9rique Commencent"},"content":{"rendered":"<p>Miami, Florida&#8230; (Libna Stevens\/DIA) <\/p>\n<p>Les R\u00e9unions Biennales du Comit\u00e9 Ex\u00e9cutif de l&#39;Eglise des Adventistes du Septi\u00e8me jour de l&#39;Inter-Am\u00e9rique d\u00e9but\u00e8rent officiellement leur session avec un service de culte d&#39;adoration le 14 mai au quartier-g\u00e9n\u00e9ral du bureau \u00e0 Miami, en Floride.  Le programme a \u00e9t\u00e9 diffus\u00e9 en direct sur l&#39;internet. <\/p>\n<p>Les officiels de l&#39;Eglise des 15 r\u00e9gions de l&#39;Inter-Am\u00e9rique ont \u00e9t\u00e9 gratifi\u00e9s d&#39;un message de 30 minutes par l&#39;orateur invit\u00e9, Pasteur Lowell Cooper, vice-pr\u00e9sident de l&#39;Eglise Adventiste Mondiale situ\u00e9e \u00e0 Silver Spring, Maryland.  Son message a pr\u00e9sent\u00e9 le caract\u00e8re de Dieu. <\/p>\n<p>Pasteur Cooper tira son message de N\u00e9h\u00e9mie 9, soulignant sept certitudes de l&#39;Esp\u00e9rance Chr\u00e9tienne:  (1) Dieu est \u00e9ternel, (2) Il n&#39;y a qu&#39;un seul Dieu, (3) Dieu peut tout faire, (4) Dieu est Saint, (5) Dieu tient Ses promesses (6) Dieu intervient dans les affaires de l&#39;humanit\u00e9, et (7) Dieu est mis\u00e9ricordieux et offre le pardon. <\/p>\n<p>Une portion du service d&#39;adoration avait permis au groupe Emmanuel de la R\u00e9publique Dominicaine de chanter, ainsi qu&#39;au trio de la Jama\u00efque d\u00e9nomm\u00e9 \u00ab\u00a0Men or Valor\u00a0\u00bb. <\/p>\n<p>L&#39;inauguration officielle des r\u00e9unions d\u00e9buta par la lecture des d\u00e9clarations de la mission et de la vision. <\/p>\n<p>La retransmission par Internet des programmes d&#39;adoration des r\u00e9unions biennales continueront jusqu&#39;au 16 mai, \u00e0 8:00 a.m. (Heure Standard de l&#39;Est). <\/p>\n<p>Pour visionner la retransmission en direct du service d&#39;adoration, visitez nous au <a  href=\"https:\/\/recursing-golick.147-182-135-0.plesk.page\/\">www.interamerica.org<\/a > <\/p><\/p>\n","protected":false},"excerpt":{"rendered":"<p>Les R\u00e9unions Biennales du Comit\u00e9 Ex\u00e9cutif de l&#39;Eglise des Adventistes du Septi\u00e8me jour de l&#39;Inter-Am\u00e9rique d\u00e9but\u00e8rent officiellement leur session avec un service de culte d&#39;adoration le 14 mai a<\/p>\n","protected":false},"author":1,"featured_media":0,"comment_status":"closed","ping_status":"closed","sticky":false,"template":"","format":"standard","meta":{"_acf_changed":false,"footnotes":""},"categories":[9],"tags":[],"class_list":["post-12541","post","type-post","status-publish","format-standard","hentry","category-archive-fr"],"acf":[],"yoast_head":"<!-- This site is optimized with the Yoast SEO plugin v27.3 - https:\/\/yoast.com\/product\/yoast-seo-wordpress\/ -->\n<title>Les R\u00e9unions Biennales de l&#039;Inter-Am\u00e9rique Commencent - \u00c9glise Adventiste Du Septieme Jour - Inter Am\u00e9rique Division<\/title>\n<meta name=\"robots\" content=\"index, follow, max-snippet:-1, max-image-preview:large, max-video-preview:-1\" \/>\n<link rel=\"canonical\" href=\"https:\/\/interamerica.org\/fr\/2006\/05\/les-reunions-biennales-de-linter-amerique-commencent\/\" \/>\n<meta property=\"og:locale\" content=\"fr_FR\" \/>\n<meta property=\"og:type\" content=\"article\" \/>\n<meta property=\"og:title\" content=\"Les R\u00e9unions Biennales de l&#039;Inter-Am\u00e9rique Commencent - \u00c9glise Adventiste Du Septieme Jour - Inter Am\u00e9rique Division\" \/>\n<meta property=\"og:description\" content=\"Les R\u00e9unions Biennales du Comit\u00e9 Ex\u00e9cutif de l&#039;Eglise des Adventistes du Septi\u00e8me jour de l&#039;Inter-Am\u00e9rique d\u00e9but\u00e8rent officiellement leur session avec un service de culte d&#039;adoration le 14 mai a\" \/>\n<meta property=\"og:url\" content=\"https:\/\/interamerica.org\/fr\/2006\/05\/les-reunions-biennales-de-linter-amerique-commencent\/\" \/>\n<meta property=\"og:site_name\" content=\"\u00c9glise Adventiste Du Septieme Jour - Inter Am\u00e9rique Division\" \/>\n<meta property=\"article:published_time\" content=\"2006-05-14T04:00:00+00:00\" \/>\n<meta property=\"article:modified_time\" content=\"2017-06-02T17:17:28+00:00\" \/>\n<meta name=\"author\" content=\"Lorenzo Verduzco\" \/>\n<meta name=\"twitter:card\" content=\"summary_large_image\" \/>\n<meta name=\"twitter:label1\" content=\"\u00c9crit par\" \/>\n\t<meta name=\"twitter:data1\" content=\"Lorenzo Verduzco\" \/>\n\t<meta name=\"twitter:label2\" content=\"Dur\u00e9e de lecture estim\u00e9e\" \/>\n\t<meta name=\"twitter:data2\" content=\"1 minute\" \/>\n<script type=\"application\/ld+json\" class=\"yoast-schema-graph\">{\"@context\":\"https:\\\/\\\/schema.org\",\"@graph\":[{\"@type\":\"Article\",\"@id\":\"https:\\\/\\\/interamerica.org\\\/fr\\\/2006\\\/05\\\/les-reunions-biennales-de-linter-amerique-commencent\\\/#article\",\"isPartOf\":{\"@id\":\"https:\\\/\\\/interamerica.org\\\/fr\\\/2006\\\/05\\\/les-reunions-biennales-de-linter-amerique-commencent\\\/\"},\"author\":{\"name\":\"Lorenzo Verduzco\",\"@id\":\"https:\\\/\\\/interamerica.org\\\/fr\\\/#\\\/schema\\\/person\\\/68ede8bdc292885bb76c1e3810e73c39\"},\"headline\":\"Les R\u00e9unions Biennales de l&#39;Inter-Am\u00e9rique Commencent\",\"datePublished\":\"2006-05-14T04:00:00+00:00\",\"dateModified\":\"2017-06-02T17:17:28+00:00\",\"mainEntityOfPage\":{\"@id\":\"https:\\\/\\\/interamerica.org\\\/fr\\\/2006\\\/05\\\/les-reunions-biennales-de-linter-amerique-commencent\\\/\"},\"wordCount\":267,\"articleSection\":[\"Archive\"],\"inLanguage\":\"fr-FR\"},{\"@type\":\"WebPage\",\"@id\":\"https:\\\/\\\/interamerica.org\\\/fr\\\/2006\\\/05\\\/les-reunions-biennales-de-linter-amerique-commencent\\\/\",\"url\":\"https:\\\/\\\/interamerica.org\\\/fr\\\/2006\\\/05\\\/les-reunions-biennales-de-linter-amerique-commencent\\\/\",\"name\":\"Les R\u00e9unions Biennales de l&#39;Inter-Am\u00e9rique Commencent - \u00c9glise Adventiste Du Septieme Jour - Inter Am\u00e9rique Division\",\"isPartOf\":{\"@id\":\"https:\\\/\\\/interamerica.org\\\/fr\\\/#website\"},\"datePublished\":\"2006-05-14T04:00:00+00:00\",\"dateModified\":\"2017-06-02T17:17:28+00:00\",\"author\":{\"@id\":\"https:\\\/\\\/interamerica.org\\\/fr\\\/#\\\/schema\\\/person\\\/68ede8bdc292885bb76c1e3810e73c39\"},\"breadcrumb\":{\"@id\":\"https:\\\/\\\/interamerica.org\\\/fr\\\/2006\\\/05\\\/les-reunions-biennales-de-linter-amerique-commencent\\\/#breadcrumb\"},\"inLanguage\":\"fr-FR\",\"potentialAction\":[{\"@type\":\"ReadAction\",\"target\":[\"https:\\\/\\\/interamerica.org\\\/fr\\\/2006\\\/05\\\/les-reunions-biennales-de-linter-amerique-commencent\\\/\"]}]},{\"@type\":\"BreadcrumbList\",\"@id\":\"https:\\\/\\\/interamerica.org\\\/fr\\\/2006\\\/05\\\/les-reunions-biennales-de-linter-amerique-commencent\\\/#breadcrumb\",\"itemListElement\":[{\"@type\":\"ListItem\",\"position\":1,\"name\":\"Home\",\"item\":\"https:\\\/\\\/interamerica.org\\\/fr\\\/\"},{\"@type\":\"ListItem\",\"position\":2,\"name\":\"Les R\u00e9unions Biennales de l&#39;Inter-Am\u00e9rique Commencent\"}]},{\"@type\":\"WebSite\",\"@id\":\"https:\\\/\\\/interamerica.org\\\/fr\\\/#website\",\"url\":\"https:\\\/\\\/interamerica.org\\\/fr\\\/\",\"name\":\"\u00c9glise Adventiste Du Septieme Jour - Inter Am\u00e9rique Division\",\"description\":\"\",\"potentialAction\":[{\"@type\":\"SearchAction\",\"target\":{\"@type\":\"EntryPoint\",\"urlTemplate\":\"https:\\\/\\\/interamerica.org\\\/fr\\\/?s={search_term_string}\"},\"query-input\":{\"@type\":\"PropertyValueSpecification\",\"valueRequired\":true,\"valueName\":\"search_term_string\"}}],\"inLanguage\":\"fr-FR\"},{\"@type\":\"Person\",\"@id\":\"https:\\\/\\\/interamerica.org\\\/fr\\\/#\\\/schema\\\/person\\\/68ede8bdc292885bb76c1e3810e73c39\",\"name\":\"Lorenzo Verduzco\",\"image\":{\"@type\":\"ImageObject\",\"inLanguage\":\"fr-FR\",\"@id\":\"https:\\\/\\\/secure.gravatar.com\\\/avatar\\\/fb81a55b6218459490a9c1dc841a34909185b81904c5337b4b27f7a6fd60c49e?s=96&d=mm&r=g\",\"url\":\"https:\\\/\\\/secure.gravatar.com\\\/avatar\\\/fb81a55b6218459490a9c1dc841a34909185b81904c5337b4b27f7a6fd60c49e?s=96&d=mm&r=g\",\"contentUrl\":\"https:\\\/\\\/secure.gravatar.com\\\/avatar\\\/fb81a55b6218459490a9c1dc841a34909185b81904c5337b4b27f7a6fd60c49e?s=96&d=mm&r=g\",\"caption\":\"Lorenzo Verduzco\"}}]}<\/script>\n<!-- \/ Yoast SEO plugin. -->","yoast_head_json":{"title":"Les R\u00e9unions Biennales de l&#39;Inter-Am\u00e9rique Commencent - \u00c9glise Adventiste Du Septieme Jour - Inter Am\u00e9rique Division","robots":{"index":"index","follow":"follow","max-snippet":"max-snippet:-1","max-image-preview":"max-image-preview:large","max-video-preview":"max-video-preview:-1"},"canonical":"https:\/\/interamerica.org\/fr\/2006\/05\/les-reunions-biennales-de-linter-amerique-commencent\/","og_locale":"fr_FR","og_type":"article","og_title":"Les R\u00e9unions Biennales de l&#39;Inter-Am\u00e9rique Commencent - \u00c9glise Adventiste Du Septieme Jour - Inter Am\u00e9rique Division","og_description":"Les R\u00e9unions Biennales du Comit\u00e9 Ex\u00e9cutif de l&#39;Eglise des Adventistes du Septi\u00e8me jour de l&#39;Inter-Am\u00e9rique d\u00e9but\u00e8rent officiellement leur session avec un service de culte d&#39;adoration le 14 mai a","og_url":"https:\/\/interamerica.org\/fr\/2006\/05\/les-reunions-biennales-de-linter-amerique-commencent\/","og_site_name":"\u00c9glise Adventiste Du Septieme Jour - Inter Am\u00e9rique Division","article_published_time":"2006-05-14T04:00:00+00:00","article_modified_time":"2017-06-02T17:17:28+00:00","author":"Lorenzo Verduzco","twitter_card":"summary_large_image","twitter_misc":{"\u00c9crit par":"Lorenzo Verduzco","Dur\u00e9e de lecture estim\u00e9e":"1 minute"},"schema":{"@context":"https:\/\/schema.org","@graph":[{"@type":"Article","@id":"https:\/\/interamerica.org\/fr\/2006\/05\/les-reunions-biennales-de-linter-amerique-commencent\/#article","isPartOf":{"@id":"https:\/\/interamerica.org\/fr\/2006\/05\/les-reunions-biennales-de-linter-amerique-commencent\/"},"author":{"name":"Lorenzo Verduzco","@id":"https:\/\/interamerica.org\/fr\/#\/schema\/person\/68ede8bdc292885bb76c1e3810e73c39"},"headline":"Les R\u00e9unions Biennales de l&#39;Inter-Am\u00e9rique Commencent","datePublished":"2006-05-14T04:00:00+00:00","dateModified":"2017-06-02T17:17:28+00:00","mainEntityOfPage":{"@id":"https:\/\/interamerica.org\/fr\/2006\/05\/les-reunions-biennales-de-linter-amerique-commencent\/"},"wordCount":267,"articleSection":["Archive"],"inLanguage":"fr-FR"},{"@type":"WebPage","@id":"https:\/\/interamerica.org\/fr\/2006\/05\/les-reunions-biennales-de-linter-amerique-commencent\/","url":"https:\/\/interamerica.org\/fr\/2006\/05\/les-reunions-biennales-de-linter-amerique-commencent\/","name":"Les R\u00e9unions Biennales de l&#39;Inter-Am\u00e9rique Commencent - \u00c9glise Adventiste Du Septieme Jour - Inter Am\u00e9rique Division","isPartOf":{"@id":"https:\/\/interamerica.org\/fr\/#website"},"datePublished":"2006-05-14T04:00:00+00:00","dateModified":"2017-06-02T17:17:28+00:00","author":{"@id":"https:\/\/interamerica.org\/fr\/#\/schema\/person\/68ede8bdc292885bb76c1e3810e73c39"},"breadcrumb":{"@id":"https:\/\/interamerica.org\/fr\/2006\/05\/les-reunions-biennales-de-linter-amerique-commencent\/#breadcrumb"},"inLanguage":"fr-FR","potentialAction":[{"@type":"ReadAction","target":["https:\/\/interamerica.org\/fr\/2006\/05\/les-reunions-biennales-de-linter-amerique-commencent\/"]}]},{"@type":"BreadcrumbList","@id":"https:\/\/interamerica.org\/fr\/2006\/05\/les-reunions-biennales-de-linter-amerique-commencent\/#breadcrumb","itemListElement":[{"@type":"ListItem","position":1,"name":"Home","item":"https:\/\/interamerica.org\/fr\/"},{"@type":"ListItem","position":2,"name":"Les R\u00e9unions Biennales de l&#39;Inter-Am\u00e9rique Commencent"}]},{"@type":"WebSite","@id":"https:\/\/interamerica.org\/fr\/#website","url":"https:\/\/interamerica.org\/fr\/","name":"\u00c9glise Adventiste Du Septieme Jour - Inter Am\u00e9rique Division","description":"","potentialAction":[{"@type":"SearchAction","target":{"@type":"EntryPoint","urlTemplate":"https:\/\/interamerica.org\/fr\/?s={search_term_string}"},"query-input":{"@type":"PropertyValueSpecification","valueRequired":true,"valueName":"search_term_string"}}],"inLanguage":"fr-FR"},{"@type":"Person","@id":"https:\/\/interamerica.org\/fr\/#\/schema\/person\/68ede8bdc292885bb76c1e3810e73c39","name":"Lorenzo Verduzco","image":{"@type":"ImageObject","inLanguage":"fr-FR","@id":"https:\/\/secure.gravatar.com\/avatar\/fb81a55b6218459490a9c1dc841a34909185b81904c5337b4b27f7a6fd60c49e?s=96&d=mm&r=g","url":"https:\/\/secure.gravatar.com\/avatar\/fb81a55b6218459490a9c1dc841a34909185b81904c5337b4b27f7a6fd60c49e?s=96&d=mm&r=g","contentUrl":"https:\/\/secure.gravatar.com\/avatar\/fb81a55b6218459490a9c1dc841a34909185b81904c5337b4b27f7a6fd60c49e?s=96&d=mm&r=g","caption":"Lorenzo Verduzco"}}]}},"_links":{"self":[{"href":"https:\/\/interamerica.org\/fr\/wp-json\/wp\/v2\/posts\/12541","targetHints":{"allow":["GET"]}}],"collection":[{"href":"https:\/\/interamerica.org\/fr\/wp-json\/wp\/v2\/posts"}],"about":[{"href":"https:\/\/interamerica.org\/fr\/wp-json\/wp\/v2\/types\/post"}],"author":[{"embeddable":true,"href":"https:\/\/interamerica.org\/fr\/wp-json\/wp\/v2\/users\/1"}],"replies":[{"embeddable":true,"href":"https:\/\/interamerica.org\/fr\/wp-json\/wp\/v2\/comments?post=12541"}],"version-history":[{"count":0,"href":"https:\/\/interamerica.org\/fr\/wp-json\/wp\/v2\/posts\/12541\/revisions"}],"wp:attachment":[{"href":"https:\/\/interamerica.org\/fr\/wp-json\/wp\/v2\/media?parent=12541"}],"wp:term":[{"taxonomy":"category","embeddable":true,"href":"https:\/\/interamerica.org\/fr\/wp-json\/wp\/v2\/categories?post=12541"},{"taxonomy":"post_tag","embeddable":true,"href":"https:\/\/interamerica.org\/fr\/wp-json\/wp\/v2\/tags?post=12541"}],"curies":[{"name":"wp","href":"https:\/\/api.w.org\/{rel}","templated":true}]}}