{"id":12543,"date":"2006-05-16T00:00:00","date_gmt":"2006-05-16T04:00:00","guid":{"rendered":"http:\/\/192.81.217.108\/interamerica\/2006\/05\/deux-etudiantes-doakwood-college-meurent-dans-un-accident-de-voiture\/"},"modified":"2017-06-02T13:17:27","modified_gmt":"2017-06-02T17:17:27","slug":"deux-etudiantes-doakwood-college-meurent-dans-un-accident-de-voiture","status":"publish","type":"post","link":"https:\/\/interamerica.org\/fr\/2006\/05\/deux-etudiantes-doakwood-college-meurent-dans-un-accident-de-voiture\/","title":{"rendered":"Deux \u00e9tudiantes d&#39;Oakwood College Meurent dans un Accident de Voiture"},"content":{"rendered":"<p>Huntsville, Alabama&#8230;  (R\u00e9seau Adventiste de Nouvelles) <\/p>\n<p>Deux \u00e9tudiantes d&#39;Oakwood College d&#39;Huntsville, en Alabama sont tu\u00e9es dans un accident de voiture le vendredi 6 mai.   Chasity McNeil, \u00e2g\u00e9e 20 ans, originaire de San Antonio au Texas, postulant au dipl\u00f4me de technologie en informatique; et Samantha Chamaorro, \u00e2g\u00e9e de 19 ans, originaire de Lawton dans l&#39;Oklahoma, visant un dipl\u00f4me en histoire, \u00e9taient toutes deux \u00e0 leur deuxi\u00e8me ann\u00e9e de coll\u00e8ge. <\/p>\n<p>D&#39;apr\u00e8s une d\u00e9claration faite par le coll\u00e8ge, McNeil conduisait en direction sud de l&#39;autoroute pr\u00e8s de Tuscaloosa en Alabama, quand elle perdit le contr\u00f4le de sa voiture et se dirigea en sens inverse de la route dans la direction nord.  Un gros camion de 18 roues heurta la porti\u00e8re du passager, en tuant instantan\u00e9ment les deux \u00e9tudiantes. <\/p>\n<p>Un service de pri\u00e8re dirig\u00e9 par les \u00e9tudiants eut lieu le 5 mai.  Un autre service fut tenu \u00e0 l&#39;auditorium de la chapelle d&#39;une r\u00e9sidence du campus le samedi 6  mai.  Les membres de la famille de Samantha Chamorro sont retourn\u00e9s \u00e0  New Orleans, leur lieu de r\u00e9sidence avant le cyclone Katrina, pour les services comm\u00e9moratifs qui furent tenus le vendredi 12 et samedi 13 mai.  Les services en la m\u00e9moire de Chasity McNeil eurent lieu \u00e0 San Antonio, au Texas, le jeudi 11 mai et le vendredi 12 mai.   <\/p>\n<\/p><\/p>\n","protected":false},"excerpt":{"rendered":"<p>Deux \u00e9tudiantes d&#39;Oakwood College d&#39;Huntsville, en Alabama sont tu\u00e9es dans un accident de voiture le vendredi 6 mai.<\/p>\n","protected":false},"author":1,"featured_media":0,"comment_status":"closed","ping_status":"closed","sticky":false,"template":"","format":"standard","meta":{"_acf_changed":false,"footnotes":""},"categories":[9],"tags":[],"class_list":["post-12543","post","type-post","status-publish","format-standard","hentry","category-archive-fr"],"acf":[],"yoast_head":"<!-- This site is optimized with the Yoast SEO plugin v27.3 - https:\/\/yoast.com\/product\/yoast-seo-wordpress\/ -->\n<title>Deux \u00e9tudiantes d&#039;Oakwood College Meurent dans un Accident de Voiture - \u00c9glise Adventiste Du Septieme Jour - Inter Am\u00e9rique Division<\/title>\n<meta name=\"robots\" content=\"index, follow, max-snippet:-1, max-image-preview:large, max-video-preview:-1\" \/>\n<link rel=\"canonical\" href=\"https:\/\/interamerica.org\/fr\/2006\/05\/deux-etudiantes-doakwood-college-meurent-dans-un-accident-de-voiture\/\" \/>\n<meta property=\"og:locale\" content=\"fr_FR\" \/>\n<meta property=\"og:type\" content=\"article\" \/>\n<meta property=\"og:title\" content=\"Deux \u00e9tudiantes d&#039;Oakwood College Meurent dans un Accident de Voiture - \u00c9glise Adventiste Du Septieme Jour - Inter Am\u00e9rique Division\" \/>\n<meta property=\"og:description\" content=\"Deux \u00e9tudiantes d&#039;Oakwood College d&#039;Huntsville, en Alabama sont tu\u00e9es dans un accident de voiture le vendredi 6 mai.\" \/>\n<meta property=\"og:url\" content=\"https:\/\/interamerica.org\/fr\/2006\/05\/deux-etudiantes-doakwood-college-meurent-dans-un-accident-de-voiture\/\" \/>\n<meta property=\"og:site_name\" content=\"\u00c9glise Adventiste Du Septieme Jour - Inter Am\u00e9rique Division\" \/>\n<meta property=\"article:published_time\" content=\"2006-05-16T04:00:00+00:00\" \/>\n<meta property=\"article:modified_time\" content=\"2017-06-02T17:17:27+00:00\" \/>\n<meta name=\"author\" content=\"Lorenzo Verduzco\" \/>\n<meta name=\"twitter:card\" content=\"summary_large_image\" \/>\n<meta name=\"twitter:label1\" content=\"\u00c9crit par\" \/>\n\t<meta name=\"twitter:data1\" content=\"Lorenzo Verduzco\" \/>\n\t<meta name=\"twitter:label2\" content=\"Dur\u00e9e de lecture estim\u00e9e\" \/>\n\t<meta name=\"twitter:data2\" content=\"1 minute\" \/>\n<script type=\"application\/ld+json\" class=\"yoast-schema-graph\">{\"@context\":\"https:\\\/\\\/schema.org\",\"@graph\":[{\"@type\":\"Article\",\"@id\":\"https:\\\/\\\/interamerica.org\\\/fr\\\/2006\\\/05\\\/deux-etudiantes-doakwood-college-meurent-dans-un-accident-de-voiture\\\/#article\",\"isPartOf\":{\"@id\":\"https:\\\/\\\/interamerica.org\\\/fr\\\/2006\\\/05\\\/deux-etudiantes-doakwood-college-meurent-dans-un-accident-de-voiture\\\/\"},\"author\":{\"name\":\"Lorenzo Verduzco\",\"@id\":\"https:\\\/\\\/interamerica.org\\\/fr\\\/#\\\/schema\\\/person\\\/68ede8bdc292885bb76c1e3810e73c39\"},\"headline\":\"Deux \u00e9tudiantes d&#39;Oakwood College Meurent dans un Accident de Voiture\",\"datePublished\":\"2006-05-16T04:00:00+00:00\",\"dateModified\":\"2017-06-02T17:17:27+00:00\",\"mainEntityOfPage\":{\"@id\":\"https:\\\/\\\/interamerica.org\\\/fr\\\/2006\\\/05\\\/deux-etudiantes-doakwood-college-meurent-dans-un-accident-de-voiture\\\/\"},\"wordCount\":241,\"articleSection\":[\"Archive\"],\"inLanguage\":\"fr-FR\"},{\"@type\":\"WebPage\",\"@id\":\"https:\\\/\\\/interamerica.org\\\/fr\\\/2006\\\/05\\\/deux-etudiantes-doakwood-college-meurent-dans-un-accident-de-voiture\\\/\",\"url\":\"https:\\\/\\\/interamerica.org\\\/fr\\\/2006\\\/05\\\/deux-etudiantes-doakwood-college-meurent-dans-un-accident-de-voiture\\\/\",\"name\":\"Deux \u00e9tudiantes d&#39;Oakwood College Meurent dans un Accident de Voiture - \u00c9glise Adventiste Du Septieme Jour - Inter Am\u00e9rique Division\",\"isPartOf\":{\"@id\":\"https:\\\/\\\/interamerica.org\\\/fr\\\/#website\"},\"datePublished\":\"2006-05-16T04:00:00+00:00\",\"dateModified\":\"2017-06-02T17:17:27+00:00\",\"author\":{\"@id\":\"https:\\\/\\\/interamerica.org\\\/fr\\\/#\\\/schema\\\/person\\\/68ede8bdc292885bb76c1e3810e73c39\"},\"breadcrumb\":{\"@id\":\"https:\\\/\\\/interamerica.org\\\/fr\\\/2006\\\/05\\\/deux-etudiantes-doakwood-college-meurent-dans-un-accident-de-voiture\\\/#breadcrumb\"},\"inLanguage\":\"fr-FR\",\"potentialAction\":[{\"@type\":\"ReadAction\",\"target\":[\"https:\\\/\\\/interamerica.org\\\/fr\\\/2006\\\/05\\\/deux-etudiantes-doakwood-college-meurent-dans-un-accident-de-voiture\\\/\"]}]},{\"@type\":\"BreadcrumbList\",\"@id\":\"https:\\\/\\\/interamerica.org\\\/fr\\\/2006\\\/05\\\/deux-etudiantes-doakwood-college-meurent-dans-un-accident-de-voiture\\\/#breadcrumb\",\"itemListElement\":[{\"@type\":\"ListItem\",\"position\":1,\"name\":\"Home\",\"item\":\"https:\\\/\\\/interamerica.org\\\/fr\\\/\"},{\"@type\":\"ListItem\",\"position\":2,\"name\":\"Deux \u00e9tudiantes d&#39;Oakwood College Meurent dans un Accident de Voiture\"}]},{\"@type\":\"WebSite\",\"@id\":\"https:\\\/\\\/interamerica.org\\\/fr\\\/#website\",\"url\":\"https:\\\/\\\/interamerica.org\\\/fr\\\/\",\"name\":\"\u00c9glise Adventiste Du Septieme Jour - Inter Am\u00e9rique Division\",\"description\":\"\",\"potentialAction\":[{\"@type\":\"SearchAction\",\"target\":{\"@type\":\"EntryPoint\",\"urlTemplate\":\"https:\\\/\\\/interamerica.org\\\/fr\\\/?s={search_term_string}\"},\"query-input\":{\"@type\":\"PropertyValueSpecification\",\"valueRequired\":true,\"valueName\":\"search_term_string\"}}],\"inLanguage\":\"fr-FR\"},{\"@type\":\"Person\",\"@id\":\"https:\\\/\\\/interamerica.org\\\/fr\\\/#\\\/schema\\\/person\\\/68ede8bdc292885bb76c1e3810e73c39\",\"name\":\"Lorenzo Verduzco\",\"image\":{\"@type\":\"ImageObject\",\"inLanguage\":\"fr-FR\",\"@id\":\"https:\\\/\\\/secure.gravatar.com\\\/avatar\\\/fb81a55b6218459490a9c1dc841a34909185b81904c5337b4b27f7a6fd60c49e?s=96&d=mm&r=g\",\"url\":\"https:\\\/\\\/secure.gravatar.com\\\/avatar\\\/fb81a55b6218459490a9c1dc841a34909185b81904c5337b4b27f7a6fd60c49e?s=96&d=mm&r=g\",\"contentUrl\":\"https:\\\/\\\/secure.gravatar.com\\\/avatar\\\/fb81a55b6218459490a9c1dc841a34909185b81904c5337b4b27f7a6fd60c49e?s=96&d=mm&r=g\",\"caption\":\"Lorenzo Verduzco\"}}]}<\/script>\n<!-- \/ Yoast SEO plugin. -->","yoast_head_json":{"title":"Deux \u00e9tudiantes d&#39;Oakwood College Meurent dans un Accident de Voiture - \u00c9glise Adventiste Du Septieme Jour - Inter Am\u00e9rique Division","robots":{"index":"index","follow":"follow","max-snippet":"max-snippet:-1","max-image-preview":"max-image-preview:large","max-video-preview":"max-video-preview:-1"},"canonical":"https:\/\/interamerica.org\/fr\/2006\/05\/deux-etudiantes-doakwood-college-meurent-dans-un-accident-de-voiture\/","og_locale":"fr_FR","og_type":"article","og_title":"Deux \u00e9tudiantes d&#39;Oakwood College Meurent dans un Accident de Voiture - \u00c9glise Adventiste Du Septieme Jour - Inter Am\u00e9rique Division","og_description":"Deux \u00e9tudiantes d&#39;Oakwood College d&#39;Huntsville, en Alabama sont tu\u00e9es dans un accident de voiture le vendredi 6 mai.","og_url":"https:\/\/interamerica.org\/fr\/2006\/05\/deux-etudiantes-doakwood-college-meurent-dans-un-accident-de-voiture\/","og_site_name":"\u00c9glise Adventiste Du Septieme Jour - Inter Am\u00e9rique Division","article_published_time":"2006-05-16T04:00:00+00:00","article_modified_time":"2017-06-02T17:17:27+00:00","author":"Lorenzo Verduzco","twitter_card":"summary_large_image","twitter_misc":{"\u00c9crit par":"Lorenzo Verduzco","Dur\u00e9e de lecture estim\u00e9e":"1 minute"},"schema":{"@context":"https:\/\/schema.org","@graph":[{"@type":"Article","@id":"https:\/\/interamerica.org\/fr\/2006\/05\/deux-etudiantes-doakwood-college-meurent-dans-un-accident-de-voiture\/#article","isPartOf":{"@id":"https:\/\/interamerica.org\/fr\/2006\/05\/deux-etudiantes-doakwood-college-meurent-dans-un-accident-de-voiture\/"},"author":{"name":"Lorenzo Verduzco","@id":"https:\/\/interamerica.org\/fr\/#\/schema\/person\/68ede8bdc292885bb76c1e3810e73c39"},"headline":"Deux \u00e9tudiantes d&#39;Oakwood College Meurent dans un Accident de Voiture","datePublished":"2006-05-16T04:00:00+00:00","dateModified":"2017-06-02T17:17:27+00:00","mainEntityOfPage":{"@id":"https:\/\/interamerica.org\/fr\/2006\/05\/deux-etudiantes-doakwood-college-meurent-dans-un-accident-de-voiture\/"},"wordCount":241,"articleSection":["Archive"],"inLanguage":"fr-FR"},{"@type":"WebPage","@id":"https:\/\/interamerica.org\/fr\/2006\/05\/deux-etudiantes-doakwood-college-meurent-dans-un-accident-de-voiture\/","url":"https:\/\/interamerica.org\/fr\/2006\/05\/deux-etudiantes-doakwood-college-meurent-dans-un-accident-de-voiture\/","name":"Deux \u00e9tudiantes d&#39;Oakwood College Meurent dans un Accident de Voiture - \u00c9glise Adventiste Du Septieme Jour - Inter Am\u00e9rique Division","isPartOf":{"@id":"https:\/\/interamerica.org\/fr\/#website"},"datePublished":"2006-05-16T04:00:00+00:00","dateModified":"2017-06-02T17:17:27+00:00","author":{"@id":"https:\/\/interamerica.org\/fr\/#\/schema\/person\/68ede8bdc292885bb76c1e3810e73c39"},"breadcrumb":{"@id":"https:\/\/interamerica.org\/fr\/2006\/05\/deux-etudiantes-doakwood-college-meurent-dans-un-accident-de-voiture\/#breadcrumb"},"inLanguage":"fr-FR","potentialAction":[{"@type":"ReadAction","target":["https:\/\/interamerica.org\/fr\/2006\/05\/deux-etudiantes-doakwood-college-meurent-dans-un-accident-de-voiture\/"]}]},{"@type":"BreadcrumbList","@id":"https:\/\/interamerica.org\/fr\/2006\/05\/deux-etudiantes-doakwood-college-meurent-dans-un-accident-de-voiture\/#breadcrumb","itemListElement":[{"@type":"ListItem","position":1,"name":"Home","item":"https:\/\/interamerica.org\/fr\/"},{"@type":"ListItem","position":2,"name":"Deux \u00e9tudiantes d&#39;Oakwood College Meurent dans un Accident de Voiture"}]},{"@type":"WebSite","@id":"https:\/\/interamerica.org\/fr\/#website","url":"https:\/\/interamerica.org\/fr\/","name":"\u00c9glise Adventiste Du Septieme Jour - Inter Am\u00e9rique Division","description":"","potentialAction":[{"@type":"SearchAction","target":{"@type":"EntryPoint","urlTemplate":"https:\/\/interamerica.org\/fr\/?s={search_term_string}"},"query-input":{"@type":"PropertyValueSpecification","valueRequired":true,"valueName":"search_term_string"}}],"inLanguage":"fr-FR"},{"@type":"Person","@id":"https:\/\/interamerica.org\/fr\/#\/schema\/person\/68ede8bdc292885bb76c1e3810e73c39","name":"Lorenzo Verduzco","image":{"@type":"ImageObject","inLanguage":"fr-FR","@id":"https:\/\/secure.gravatar.com\/avatar\/fb81a55b6218459490a9c1dc841a34909185b81904c5337b4b27f7a6fd60c49e?s=96&d=mm&r=g","url":"https:\/\/secure.gravatar.com\/avatar\/fb81a55b6218459490a9c1dc841a34909185b81904c5337b4b27f7a6fd60c49e?s=96&d=mm&r=g","contentUrl":"https:\/\/secure.gravatar.com\/avatar\/fb81a55b6218459490a9c1dc841a34909185b81904c5337b4b27f7a6fd60c49e?s=96&d=mm&r=g","caption":"Lorenzo Verduzco"}}]}},"_links":{"self":[{"href":"https:\/\/interamerica.org\/fr\/wp-json\/wp\/v2\/posts\/12543","targetHints":{"allow":["GET"]}}],"collection":[{"href":"https:\/\/interamerica.org\/fr\/wp-json\/wp\/v2\/posts"}],"about":[{"href":"https:\/\/interamerica.org\/fr\/wp-json\/wp\/v2\/types\/post"}],"author":[{"embeddable":true,"href":"https:\/\/interamerica.org\/fr\/wp-json\/wp\/v2\/users\/1"}],"replies":[{"embeddable":true,"href":"https:\/\/interamerica.org\/fr\/wp-json\/wp\/v2\/comments?post=12543"}],"version-history":[{"count":0,"href":"https:\/\/interamerica.org\/fr\/wp-json\/wp\/v2\/posts\/12543\/revisions"}],"wp:attachment":[{"href":"https:\/\/interamerica.org\/fr\/wp-json\/wp\/v2\/media?parent=12543"}],"wp:term":[{"taxonomy":"category","embeddable":true,"href":"https:\/\/interamerica.org\/fr\/wp-json\/wp\/v2\/categories?post=12543"},{"taxonomy":"post_tag","embeddable":true,"href":"https:\/\/interamerica.org\/fr\/wp-json\/wp\/v2\/tags?post=12543"}],"curies":[{"name":"wp","href":"https:\/\/api.w.org\/{rel}","templated":true}]}}