{"id":12544,"date":"2006-05-17T00:00:00","date_gmt":"2006-05-17T04:00:00","guid":{"rendered":"http:\/\/192.81.217.108\/interamerica\/2006\/05\/porto-rico-des-jeunes-adventistes-visitent-le-capitole-de-lile\/"},"modified":"2017-06-02T13:17:27","modified_gmt":"2017-06-02T17:17:27","slug":"porto-rico-des-jeunes-adventistes-visitent-le-capitole-de-lile","status":"publish","type":"post","link":"https:\/\/interamerica.org\/fr\/2006\/05\/porto-rico-des-jeunes-adventistes-visitent-le-capitole-de-lile\/","title":{"rendered":"Porto-Rico:  Des Jeunes Adventistes Visitent le Capitole de l&#39;Ile"},"content":{"rendered":"<p>San Juan, Porto-Rico&#8230; (Staff de la DIA) <\/p>\n<p>Un groupe de jeunes Adventistes du Septi\u00e8me jour des \u00e9glises de Litheda et de Cupey Alto ont distribu\u00e9 de la litt\u00e9rature \u00e9vang\u00e9lique aux l\u00e9gislateurs et employ\u00e9s du gouvernement de Porto-Rico dans l&#39;enceinte du capitole au cours d&#39;une fermeture partielle du gouvernement qui a dur\u00e9 deux semaines.  Ils ont visit\u00e9 l&#39;\u00e9difice le 6 mai. <\/p>\n<p>La fermeture \u00e9tait occasionn\u00e9e par une crise budg\u00e9taire qui a provoqu\u00e9 des marches et des rassemblements \u00e0 travers l&#39;ile.  Les \u00e9coles et les agences gouvernementales sont rest\u00e9es ferm\u00e9es au pubique pendant cette p\u00e9riode de protestations. <\/p>\n<p>\u00ab\u00a0Dieu a ouvert les portes \u00e0 ces jeunes en vue de partager le message plein d&#39;espoir, de pri\u00e8re et de louanges,\u00a0\u00bb a dit Oreste Natera, directeur de communication de l&#39;\u00e9glise de Porto-Rico. <\/p>\n<p>Les jeunes, v\u00eatus de chemises sur lesquelles on lisait:  Les Dix Commandements, Vivez les et Exp\u00e9rimentez le Changement\u00a0\u00bb, ont \u00e9t\u00e9 bien re\u00e7us par les parlementaires o\u00f9, avec les Pasteurs Osvaldo Bernhardt et Angel Romero, ils eurent l&#39;occasion de parler \u00e0 ceux qui \u00e9taient pr\u00e9sents, de prier et de chanter pour ceux qu&#39;ils avaient rencontr\u00e9s, d&#39;apr\u00e8s Natera.  <\/p>\n","protected":false},"excerpt":{"rendered":"<p>Un groupe de jeunes Adventistes du Septi\u00e8me jour des \u00e9glises de Litheda et de Cupey Alto ont distribu\u00e9 de la litt\u00e9rature \u00e9vang\u00e9lique aux l\u00e9gislateurs et employ\u00e9s du gouvernement de Porto-Rico dans l&#038;<\/p>\n","protected":false},"author":1,"featured_media":0,"comment_status":"closed","ping_status":"closed","sticky":false,"template":"","format":"standard","meta":{"_acf_changed":false,"footnotes":""},"categories":[9],"tags":[],"class_list":["post-12544","post","type-post","status-publish","format-standard","hentry","category-archive-fr"],"acf":[],"yoast_head":"<!-- This site is optimized with the Yoast SEO plugin v27.3 - https:\/\/yoast.com\/product\/yoast-seo-wordpress\/ -->\n<title>Porto-Rico: Des Jeunes Adventistes Visitent le Capitole de l&#039;Ile - \u00c9glise Adventiste Du Septieme Jour - Inter Am\u00e9rique Division<\/title>\n<meta name=\"robots\" content=\"index, follow, max-snippet:-1, max-image-preview:large, max-video-preview:-1\" \/>\n<link rel=\"canonical\" href=\"https:\/\/interamerica.org\/fr\/2006\/05\/porto-rico-des-jeunes-adventistes-visitent-le-capitole-de-lile\/\" \/>\n<meta property=\"og:locale\" content=\"fr_FR\" \/>\n<meta property=\"og:type\" content=\"article\" \/>\n<meta property=\"og:title\" content=\"Porto-Rico: Des Jeunes Adventistes Visitent le Capitole de l&#039;Ile - \u00c9glise Adventiste Du Septieme Jour - Inter Am\u00e9rique Division\" \/>\n<meta property=\"og:description\" content=\"Un groupe de jeunes Adventistes du Septi\u00e8me jour des \u00e9glises de Litheda et de Cupey Alto ont distribu\u00e9 de la litt\u00e9rature \u00e9vang\u00e9lique aux l\u00e9gislateurs et employ\u00e9s du gouvernement de Porto-Rico dans l&amp;\" \/>\n<meta property=\"og:url\" content=\"https:\/\/interamerica.org\/fr\/2006\/05\/porto-rico-des-jeunes-adventistes-visitent-le-capitole-de-lile\/\" \/>\n<meta property=\"og:site_name\" content=\"\u00c9glise Adventiste Du Septieme Jour - Inter Am\u00e9rique Division\" \/>\n<meta property=\"article:published_time\" content=\"2006-05-17T04:00:00+00:00\" \/>\n<meta property=\"article:modified_time\" content=\"2017-06-02T17:17:27+00:00\" \/>\n<meta name=\"author\" content=\"Lorenzo Verduzco\" \/>\n<meta name=\"twitter:card\" content=\"summary_large_image\" \/>\n<meta name=\"twitter:label1\" content=\"\u00c9crit par\" \/>\n\t<meta name=\"twitter:data1\" content=\"Lorenzo Verduzco\" \/>\n\t<meta name=\"twitter:label2\" content=\"Dur\u00e9e de lecture estim\u00e9e\" \/>\n\t<meta name=\"twitter:data2\" content=\"1 minute\" \/>\n<script type=\"application\/ld+json\" class=\"yoast-schema-graph\">{\"@context\":\"https:\\\/\\\/schema.org\",\"@graph\":[{\"@type\":\"Article\",\"@id\":\"https:\\\/\\\/interamerica.org\\\/fr\\\/2006\\\/05\\\/porto-rico-des-jeunes-adventistes-visitent-le-capitole-de-lile\\\/#article\",\"isPartOf\":{\"@id\":\"https:\\\/\\\/interamerica.org\\\/fr\\\/2006\\\/05\\\/porto-rico-des-jeunes-adventistes-visitent-le-capitole-de-lile\\\/\"},\"author\":{\"name\":\"Lorenzo Verduzco\",\"@id\":\"https:\\\/\\\/interamerica.org\\\/fr\\\/#\\\/schema\\\/person\\\/68ede8bdc292885bb76c1e3810e73c39\"},\"headline\":\"Porto-Rico: Des Jeunes Adventistes Visitent le Capitole de l&#39;Ile\",\"datePublished\":\"2006-05-17T04:00:00+00:00\",\"dateModified\":\"2017-06-02T17:17:27+00:00\",\"mainEntityOfPage\":{\"@id\":\"https:\\\/\\\/interamerica.org\\\/fr\\\/2006\\\/05\\\/porto-rico-des-jeunes-adventistes-visitent-le-capitole-de-lile\\\/\"},\"wordCount\":215,\"articleSection\":[\"Archive\"],\"inLanguage\":\"fr-FR\"},{\"@type\":\"WebPage\",\"@id\":\"https:\\\/\\\/interamerica.org\\\/fr\\\/2006\\\/05\\\/porto-rico-des-jeunes-adventistes-visitent-le-capitole-de-lile\\\/\",\"url\":\"https:\\\/\\\/interamerica.org\\\/fr\\\/2006\\\/05\\\/porto-rico-des-jeunes-adventistes-visitent-le-capitole-de-lile\\\/\",\"name\":\"Porto-Rico: Des Jeunes Adventistes Visitent le Capitole de l&#39;Ile - \u00c9glise Adventiste Du Septieme Jour - Inter Am\u00e9rique Division\",\"isPartOf\":{\"@id\":\"https:\\\/\\\/interamerica.org\\\/fr\\\/#website\"},\"datePublished\":\"2006-05-17T04:00:00+00:00\",\"dateModified\":\"2017-06-02T17:17:27+00:00\",\"author\":{\"@id\":\"https:\\\/\\\/interamerica.org\\\/fr\\\/#\\\/schema\\\/person\\\/68ede8bdc292885bb76c1e3810e73c39\"},\"breadcrumb\":{\"@id\":\"https:\\\/\\\/interamerica.org\\\/fr\\\/2006\\\/05\\\/porto-rico-des-jeunes-adventistes-visitent-le-capitole-de-lile\\\/#breadcrumb\"},\"inLanguage\":\"fr-FR\",\"potentialAction\":[{\"@type\":\"ReadAction\",\"target\":[\"https:\\\/\\\/interamerica.org\\\/fr\\\/2006\\\/05\\\/porto-rico-des-jeunes-adventistes-visitent-le-capitole-de-lile\\\/\"]}]},{\"@type\":\"BreadcrumbList\",\"@id\":\"https:\\\/\\\/interamerica.org\\\/fr\\\/2006\\\/05\\\/porto-rico-des-jeunes-adventistes-visitent-le-capitole-de-lile\\\/#breadcrumb\",\"itemListElement\":[{\"@type\":\"ListItem\",\"position\":1,\"name\":\"Home\",\"item\":\"https:\\\/\\\/interamerica.org\\\/fr\\\/\"},{\"@type\":\"ListItem\",\"position\":2,\"name\":\"Porto-Rico: Des Jeunes Adventistes Visitent le Capitole de l&#39;Ile\"}]},{\"@type\":\"WebSite\",\"@id\":\"https:\\\/\\\/interamerica.org\\\/fr\\\/#website\",\"url\":\"https:\\\/\\\/interamerica.org\\\/fr\\\/\",\"name\":\"\u00c9glise Adventiste Du Septieme Jour - Inter Am\u00e9rique Division\",\"description\":\"\",\"potentialAction\":[{\"@type\":\"SearchAction\",\"target\":{\"@type\":\"EntryPoint\",\"urlTemplate\":\"https:\\\/\\\/interamerica.org\\\/fr\\\/?s={search_term_string}\"},\"query-input\":{\"@type\":\"PropertyValueSpecification\",\"valueRequired\":true,\"valueName\":\"search_term_string\"}}],\"inLanguage\":\"fr-FR\"},{\"@type\":\"Person\",\"@id\":\"https:\\\/\\\/interamerica.org\\\/fr\\\/#\\\/schema\\\/person\\\/68ede8bdc292885bb76c1e3810e73c39\",\"name\":\"Lorenzo Verduzco\",\"image\":{\"@type\":\"ImageObject\",\"inLanguage\":\"fr-FR\",\"@id\":\"https:\\\/\\\/secure.gravatar.com\\\/avatar\\\/fb81a55b6218459490a9c1dc841a34909185b81904c5337b4b27f7a6fd60c49e?s=96&d=mm&r=g\",\"url\":\"https:\\\/\\\/secure.gravatar.com\\\/avatar\\\/fb81a55b6218459490a9c1dc841a34909185b81904c5337b4b27f7a6fd60c49e?s=96&d=mm&r=g\",\"contentUrl\":\"https:\\\/\\\/secure.gravatar.com\\\/avatar\\\/fb81a55b6218459490a9c1dc841a34909185b81904c5337b4b27f7a6fd60c49e?s=96&d=mm&r=g\",\"caption\":\"Lorenzo Verduzco\"}}]}<\/script>\n<!-- \/ Yoast SEO plugin. -->","yoast_head_json":{"title":"Porto-Rico: Des Jeunes Adventistes Visitent le Capitole de l&#39;Ile - \u00c9glise Adventiste Du Septieme Jour - Inter Am\u00e9rique Division","robots":{"index":"index","follow":"follow","max-snippet":"max-snippet:-1","max-image-preview":"max-image-preview:large","max-video-preview":"max-video-preview:-1"},"canonical":"https:\/\/interamerica.org\/fr\/2006\/05\/porto-rico-des-jeunes-adventistes-visitent-le-capitole-de-lile\/","og_locale":"fr_FR","og_type":"article","og_title":"Porto-Rico: Des Jeunes Adventistes Visitent le Capitole de l&#39;Ile - \u00c9glise Adventiste Du Septieme Jour - Inter Am\u00e9rique Division","og_description":"Un groupe de jeunes Adventistes du Septi\u00e8me jour des \u00e9glises de Litheda et de Cupey Alto ont distribu\u00e9 de la litt\u00e9rature \u00e9vang\u00e9lique aux l\u00e9gislateurs et employ\u00e9s du gouvernement de Porto-Rico dans l&","og_url":"https:\/\/interamerica.org\/fr\/2006\/05\/porto-rico-des-jeunes-adventistes-visitent-le-capitole-de-lile\/","og_site_name":"\u00c9glise Adventiste Du Septieme Jour - Inter Am\u00e9rique Division","article_published_time":"2006-05-17T04:00:00+00:00","article_modified_time":"2017-06-02T17:17:27+00:00","author":"Lorenzo Verduzco","twitter_card":"summary_large_image","twitter_misc":{"\u00c9crit par":"Lorenzo Verduzco","Dur\u00e9e de lecture estim\u00e9e":"1 minute"},"schema":{"@context":"https:\/\/schema.org","@graph":[{"@type":"Article","@id":"https:\/\/interamerica.org\/fr\/2006\/05\/porto-rico-des-jeunes-adventistes-visitent-le-capitole-de-lile\/#article","isPartOf":{"@id":"https:\/\/interamerica.org\/fr\/2006\/05\/porto-rico-des-jeunes-adventistes-visitent-le-capitole-de-lile\/"},"author":{"name":"Lorenzo Verduzco","@id":"https:\/\/interamerica.org\/fr\/#\/schema\/person\/68ede8bdc292885bb76c1e3810e73c39"},"headline":"Porto-Rico: Des Jeunes Adventistes Visitent le Capitole de l&#39;Ile","datePublished":"2006-05-17T04:00:00+00:00","dateModified":"2017-06-02T17:17:27+00:00","mainEntityOfPage":{"@id":"https:\/\/interamerica.org\/fr\/2006\/05\/porto-rico-des-jeunes-adventistes-visitent-le-capitole-de-lile\/"},"wordCount":215,"articleSection":["Archive"],"inLanguage":"fr-FR"},{"@type":"WebPage","@id":"https:\/\/interamerica.org\/fr\/2006\/05\/porto-rico-des-jeunes-adventistes-visitent-le-capitole-de-lile\/","url":"https:\/\/interamerica.org\/fr\/2006\/05\/porto-rico-des-jeunes-adventistes-visitent-le-capitole-de-lile\/","name":"Porto-Rico: Des Jeunes Adventistes Visitent le Capitole de l&#39;Ile - \u00c9glise Adventiste Du Septieme Jour - Inter Am\u00e9rique Division","isPartOf":{"@id":"https:\/\/interamerica.org\/fr\/#website"},"datePublished":"2006-05-17T04:00:00+00:00","dateModified":"2017-06-02T17:17:27+00:00","author":{"@id":"https:\/\/interamerica.org\/fr\/#\/schema\/person\/68ede8bdc292885bb76c1e3810e73c39"},"breadcrumb":{"@id":"https:\/\/interamerica.org\/fr\/2006\/05\/porto-rico-des-jeunes-adventistes-visitent-le-capitole-de-lile\/#breadcrumb"},"inLanguage":"fr-FR","potentialAction":[{"@type":"ReadAction","target":["https:\/\/interamerica.org\/fr\/2006\/05\/porto-rico-des-jeunes-adventistes-visitent-le-capitole-de-lile\/"]}]},{"@type":"BreadcrumbList","@id":"https:\/\/interamerica.org\/fr\/2006\/05\/porto-rico-des-jeunes-adventistes-visitent-le-capitole-de-lile\/#breadcrumb","itemListElement":[{"@type":"ListItem","position":1,"name":"Home","item":"https:\/\/interamerica.org\/fr\/"},{"@type":"ListItem","position":2,"name":"Porto-Rico: Des Jeunes Adventistes Visitent le Capitole de l&#39;Ile"}]},{"@type":"WebSite","@id":"https:\/\/interamerica.org\/fr\/#website","url":"https:\/\/interamerica.org\/fr\/","name":"\u00c9glise Adventiste Du Septieme Jour - Inter Am\u00e9rique Division","description":"","potentialAction":[{"@type":"SearchAction","target":{"@type":"EntryPoint","urlTemplate":"https:\/\/interamerica.org\/fr\/?s={search_term_string}"},"query-input":{"@type":"PropertyValueSpecification","valueRequired":true,"valueName":"search_term_string"}}],"inLanguage":"fr-FR"},{"@type":"Person","@id":"https:\/\/interamerica.org\/fr\/#\/schema\/person\/68ede8bdc292885bb76c1e3810e73c39","name":"Lorenzo Verduzco","image":{"@type":"ImageObject","inLanguage":"fr-FR","@id":"https:\/\/secure.gravatar.com\/avatar\/fb81a55b6218459490a9c1dc841a34909185b81904c5337b4b27f7a6fd60c49e?s=96&d=mm&r=g","url":"https:\/\/secure.gravatar.com\/avatar\/fb81a55b6218459490a9c1dc841a34909185b81904c5337b4b27f7a6fd60c49e?s=96&d=mm&r=g","contentUrl":"https:\/\/secure.gravatar.com\/avatar\/fb81a55b6218459490a9c1dc841a34909185b81904c5337b4b27f7a6fd60c49e?s=96&d=mm&r=g","caption":"Lorenzo Verduzco"}}]}},"_links":{"self":[{"href":"https:\/\/interamerica.org\/fr\/wp-json\/wp\/v2\/posts\/12544","targetHints":{"allow":["GET"]}}],"collection":[{"href":"https:\/\/interamerica.org\/fr\/wp-json\/wp\/v2\/posts"}],"about":[{"href":"https:\/\/interamerica.org\/fr\/wp-json\/wp\/v2\/types\/post"}],"author":[{"embeddable":true,"href":"https:\/\/interamerica.org\/fr\/wp-json\/wp\/v2\/users\/1"}],"replies":[{"embeddable":true,"href":"https:\/\/interamerica.org\/fr\/wp-json\/wp\/v2\/comments?post=12544"}],"version-history":[{"count":0,"href":"https:\/\/interamerica.org\/fr\/wp-json\/wp\/v2\/posts\/12544\/revisions"}],"wp:attachment":[{"href":"https:\/\/interamerica.org\/fr\/wp-json\/wp\/v2\/media?parent=12544"}],"wp:term":[{"taxonomy":"category","embeddable":true,"href":"https:\/\/interamerica.org\/fr\/wp-json\/wp\/v2\/categories?post=12544"},{"taxonomy":"post_tag","embeddable":true,"href":"https:\/\/interamerica.org\/fr\/wp-json\/wp\/v2\/tags?post=12544"}],"curies":[{"name":"wp","href":"https:\/\/api.w.org\/{rel}","templated":true}]}}