{"id":12545,"date":"2006-05-18T00:00:00","date_gmt":"2006-05-18T04:00:00","guid":{"rendered":"http:\/\/192.81.217.108\/interamerica\/2006\/05\/russie-incendie-criminel-endommage-leglise-adventiste-de-taganrog\/"},"modified":"2017-06-02T13:17:25","modified_gmt":"2017-06-02T17:17:25","slug":"russie-incendie-criminel-endommage-leglise-adventiste-de-taganrog","status":"publish","type":"post","link":"https:\/\/interamerica.org\/fr\/2006\/05\/russie-incendie-criminel-endommage-leglise-adventiste-de-taganrog\/","title":{"rendered":"Russie:  Incendie Criminel Endommage l&#39;Eglise Adventiste de Taganrog"},"content":{"rendered":"<p>18 mai 2006, Taganrog, Rostov, Russie&#8230; (Vlad Arhipov\/Staff d&#39;ANN) <\/p>\n<p>Un incendie  douteux qui eut lieu le 28 avril a caus\u00e9 de s\u00e9rieux dommages au Temple Adventiste du Septi\u00e8me jour Num\u00e9ro 1 dans la ville de Taganrog, \u00e0 Rostov, en Russie, d&#39;apr\u00e8s ce qu&#39;ont confirm\u00e9 les officiels de l&#39;\u00e9glise. <\/p>\n<p>D&#39;apr\u00e8s le Pasteur Michael Oleinik, il d\u00e9couvrit l&#39;incendie le matin de ce vendredi:  \u00ab\u00a0En m&#39;approchant du local, je sentis une odeur de brul\u00e9.  Je me suis d\u00e9p\u00e9ch\u00e9 d&#39;ouvrir la porte, et voil\u00e0 qu&#39;il y avait une \u00e9paisse fum\u00e9e caustique.\u00a0\u00bb <\/p>\n<p>Oleinik p\u00e9n\u00e9tra dans le local, et en montant les escaliers, il d\u00e9couvrit un feu qui tout en se consumant lentement, se r\u00e9v\u00e9lait dangereux. <\/p>\n<p>Apparemment, avan\u00e7a Oleinik, (l&#39;incendiaire) brisa une fenetre au sous-sol du local de l&#39;\u00e9glise et y p\u00e9n\u00e9tra.  Dans la pi\u00e8ce o\u00f9 nous tenons d&#39;ordinaire nos services, il rassembla les bancs et y versa un m\u00e9lange de gas pour activer le feu.\u00a0\u00bb <\/p>\n<p>\u00ab\u00a0Le feu (aurait) pu causer de grands dommages, mais par un miracle le feu s&#39;\u00e9teignit et heureusement ne continua pas de se propager,\u00a0\u00bb continua-t-il.  \u00ab\u00a0Quelques bancs et le parquet sont compl\u00e8tement brul\u00e9s.  Le feu ne brula rien d&#39;autre.  Mais les murs et le plafond de (l&#39;)\u00e9difice de l&#39;\u00e9glise sont couverts d&#39;une \u00e9paisse couche de fum\u00e9e. <\/p>\n<p>Les membres ont volontairement consacr\u00e9 plusieurs jours de travail pour nettoyer et restaurer l&#39;\u00e9glise, ajouta Oleinik. <\/p>\n<p>Il y avait sans doute une menace au sujet de l&#39;incendie.  Dix jours auparavant, dit Oleinik, \u00ab\u00a0un malfaiteur inconnu  brisa les fenetres\u00a0\u00bb de l&#39;\u00e9glise.  Les media indiquent que la police a attribu\u00e9 l&#39;attaque au \u00ab\u00a0banditisme.\u00a0\u00bb   <\/p><\/p>\n","protected":false},"excerpt":{"rendered":"<p>Un incendie douteux  qui eut lieu le 28 avril a caus\u00e9 de s\u00e9rieux dommages au Temple Adventiste du Septi\u00e8me jour Num\u00e9ro 1 dans la ville de Taganrog, \u00e0 Rostov, en Russie, d&#39;apr\u00e8s ce qu&#39;ont confirm\u00e9 le<\/p>\n","protected":false},"author":1,"featured_media":0,"comment_status":"closed","ping_status":"closed","sticky":false,"template":"","format":"standard","meta":{"_acf_changed":false,"footnotes":""},"categories":[9],"tags":[],"class_list":["post-12545","post","type-post","status-publish","format-standard","hentry","category-archive-fr"],"acf":[],"yoast_head":"<!-- This site is optimized with the Yoast SEO plugin v27.3 - https:\/\/yoast.com\/product\/yoast-seo-wordpress\/ -->\n<title>Russie: Incendie Criminel Endommage l&#039;Eglise Adventiste de Taganrog - \u00c9glise Adventiste Du Septieme Jour - Inter Am\u00e9rique Division<\/title>\n<meta name=\"robots\" content=\"index, follow, max-snippet:-1, max-image-preview:large, max-video-preview:-1\" \/>\n<link rel=\"canonical\" href=\"https:\/\/interamerica.org\/fr\/2006\/05\/russie-incendie-criminel-endommage-leglise-adventiste-de-taganrog\/\" \/>\n<meta property=\"og:locale\" content=\"fr_FR\" \/>\n<meta property=\"og:type\" content=\"article\" \/>\n<meta property=\"og:title\" content=\"Russie: Incendie Criminel Endommage l&#039;Eglise Adventiste de Taganrog - \u00c9glise Adventiste Du Septieme Jour - Inter Am\u00e9rique Division\" \/>\n<meta property=\"og:description\" content=\"Un incendie douteux qui eut lieu le 28 avril a caus\u00e9 de s\u00e9rieux dommages au Temple Adventiste du Septi\u00e8me jour Num\u00e9ro 1 dans la ville de Taganrog, \u00e0 Rostov, en Russie, d&#039;apr\u00e8s ce qu&#039;ont confirm\u00e9 le\" \/>\n<meta property=\"og:url\" content=\"https:\/\/interamerica.org\/fr\/2006\/05\/russie-incendie-criminel-endommage-leglise-adventiste-de-taganrog\/\" \/>\n<meta property=\"og:site_name\" content=\"\u00c9glise Adventiste Du Septieme Jour - Inter Am\u00e9rique Division\" \/>\n<meta property=\"article:published_time\" content=\"2006-05-18T04:00:00+00:00\" \/>\n<meta property=\"article:modified_time\" content=\"2017-06-02T17:17:25+00:00\" \/>\n<meta name=\"author\" content=\"Lorenzo Verduzco\" \/>\n<meta name=\"twitter:card\" content=\"summary_large_image\" \/>\n<meta name=\"twitter:label1\" content=\"\u00c9crit par\" \/>\n\t<meta name=\"twitter:data1\" content=\"Lorenzo Verduzco\" \/>\n\t<meta name=\"twitter:label2\" content=\"Dur\u00e9e de lecture estim\u00e9e\" \/>\n\t<meta name=\"twitter:data2\" content=\"1 minute\" \/>\n<script type=\"application\/ld+json\" class=\"yoast-schema-graph\">{\"@context\":\"https:\\\/\\\/schema.org\",\"@graph\":[{\"@type\":\"Article\",\"@id\":\"https:\\\/\\\/interamerica.org\\\/fr\\\/2006\\\/05\\\/russie-incendie-criminel-endommage-leglise-adventiste-de-taganrog\\\/#article\",\"isPartOf\":{\"@id\":\"https:\\\/\\\/interamerica.org\\\/fr\\\/2006\\\/05\\\/russie-incendie-criminel-endommage-leglise-adventiste-de-taganrog\\\/\"},\"author\":{\"name\":\"Lorenzo Verduzco\",\"@id\":\"https:\\\/\\\/interamerica.org\\\/fr\\\/#\\\/schema\\\/person\\\/68ede8bdc292885bb76c1e3810e73c39\"},\"headline\":\"Russie: Incendie Criminel Endommage l&#39;Eglise Adventiste de Taganrog\",\"datePublished\":\"2006-05-18T04:00:00+00:00\",\"dateModified\":\"2017-06-02T17:17:25+00:00\",\"mainEntityOfPage\":{\"@id\":\"https:\\\/\\\/interamerica.org\\\/fr\\\/2006\\\/05\\\/russie-incendie-criminel-endommage-leglise-adventiste-de-taganrog\\\/\"},\"wordCount\":304,\"articleSection\":[\"Archive\"],\"inLanguage\":\"fr-FR\"},{\"@type\":\"WebPage\",\"@id\":\"https:\\\/\\\/interamerica.org\\\/fr\\\/2006\\\/05\\\/russie-incendie-criminel-endommage-leglise-adventiste-de-taganrog\\\/\",\"url\":\"https:\\\/\\\/interamerica.org\\\/fr\\\/2006\\\/05\\\/russie-incendie-criminel-endommage-leglise-adventiste-de-taganrog\\\/\",\"name\":\"Russie: Incendie Criminel Endommage l&#39;Eglise Adventiste de Taganrog - \u00c9glise Adventiste Du Septieme Jour - Inter Am\u00e9rique Division\",\"isPartOf\":{\"@id\":\"https:\\\/\\\/interamerica.org\\\/fr\\\/#website\"},\"datePublished\":\"2006-05-18T04:00:00+00:00\",\"dateModified\":\"2017-06-02T17:17:25+00:00\",\"author\":{\"@id\":\"https:\\\/\\\/interamerica.org\\\/fr\\\/#\\\/schema\\\/person\\\/68ede8bdc292885bb76c1e3810e73c39\"},\"breadcrumb\":{\"@id\":\"https:\\\/\\\/interamerica.org\\\/fr\\\/2006\\\/05\\\/russie-incendie-criminel-endommage-leglise-adventiste-de-taganrog\\\/#breadcrumb\"},\"inLanguage\":\"fr-FR\",\"potentialAction\":[{\"@type\":\"ReadAction\",\"target\":[\"https:\\\/\\\/interamerica.org\\\/fr\\\/2006\\\/05\\\/russie-incendie-criminel-endommage-leglise-adventiste-de-taganrog\\\/\"]}]},{\"@type\":\"BreadcrumbList\",\"@id\":\"https:\\\/\\\/interamerica.org\\\/fr\\\/2006\\\/05\\\/russie-incendie-criminel-endommage-leglise-adventiste-de-taganrog\\\/#breadcrumb\",\"itemListElement\":[{\"@type\":\"ListItem\",\"position\":1,\"name\":\"Home\",\"item\":\"https:\\\/\\\/interamerica.org\\\/fr\\\/\"},{\"@type\":\"ListItem\",\"position\":2,\"name\":\"Russie: Incendie Criminel Endommage l&#39;Eglise Adventiste de Taganrog\"}]},{\"@type\":\"WebSite\",\"@id\":\"https:\\\/\\\/interamerica.org\\\/fr\\\/#website\",\"url\":\"https:\\\/\\\/interamerica.org\\\/fr\\\/\",\"name\":\"\u00c9glise Adventiste Du Septieme Jour - Inter Am\u00e9rique Division\",\"description\":\"\",\"potentialAction\":[{\"@type\":\"SearchAction\",\"target\":{\"@type\":\"EntryPoint\",\"urlTemplate\":\"https:\\\/\\\/interamerica.org\\\/fr\\\/?s={search_term_string}\"},\"query-input\":{\"@type\":\"PropertyValueSpecification\",\"valueRequired\":true,\"valueName\":\"search_term_string\"}}],\"inLanguage\":\"fr-FR\"},{\"@type\":\"Person\",\"@id\":\"https:\\\/\\\/interamerica.org\\\/fr\\\/#\\\/schema\\\/person\\\/68ede8bdc292885bb76c1e3810e73c39\",\"name\":\"Lorenzo Verduzco\",\"image\":{\"@type\":\"ImageObject\",\"inLanguage\":\"fr-FR\",\"@id\":\"https:\\\/\\\/secure.gravatar.com\\\/avatar\\\/fb81a55b6218459490a9c1dc841a34909185b81904c5337b4b27f7a6fd60c49e?s=96&d=mm&r=g\",\"url\":\"https:\\\/\\\/secure.gravatar.com\\\/avatar\\\/fb81a55b6218459490a9c1dc841a34909185b81904c5337b4b27f7a6fd60c49e?s=96&d=mm&r=g\",\"contentUrl\":\"https:\\\/\\\/secure.gravatar.com\\\/avatar\\\/fb81a55b6218459490a9c1dc841a34909185b81904c5337b4b27f7a6fd60c49e?s=96&d=mm&r=g\",\"caption\":\"Lorenzo Verduzco\"}}]}<\/script>\n<!-- \/ Yoast SEO plugin. -->","yoast_head_json":{"title":"Russie: Incendie Criminel Endommage l&#39;Eglise Adventiste de Taganrog - \u00c9glise Adventiste Du Septieme Jour - Inter Am\u00e9rique Division","robots":{"index":"index","follow":"follow","max-snippet":"max-snippet:-1","max-image-preview":"max-image-preview:large","max-video-preview":"max-video-preview:-1"},"canonical":"https:\/\/interamerica.org\/fr\/2006\/05\/russie-incendie-criminel-endommage-leglise-adventiste-de-taganrog\/","og_locale":"fr_FR","og_type":"article","og_title":"Russie: Incendie Criminel Endommage l&#39;Eglise Adventiste de Taganrog - \u00c9glise Adventiste Du Septieme Jour - Inter Am\u00e9rique Division","og_description":"Un incendie douteux qui eut lieu le 28 avril a caus\u00e9 de s\u00e9rieux dommages au Temple Adventiste du Septi\u00e8me jour Num\u00e9ro 1 dans la ville de Taganrog, \u00e0 Rostov, en Russie, d&#39;apr\u00e8s ce qu&#39;ont confirm\u00e9 le","og_url":"https:\/\/interamerica.org\/fr\/2006\/05\/russie-incendie-criminel-endommage-leglise-adventiste-de-taganrog\/","og_site_name":"\u00c9glise Adventiste Du Septieme Jour - Inter Am\u00e9rique Division","article_published_time":"2006-05-18T04:00:00+00:00","article_modified_time":"2017-06-02T17:17:25+00:00","author":"Lorenzo Verduzco","twitter_card":"summary_large_image","twitter_misc":{"\u00c9crit par":"Lorenzo Verduzco","Dur\u00e9e de lecture estim\u00e9e":"1 minute"},"schema":{"@context":"https:\/\/schema.org","@graph":[{"@type":"Article","@id":"https:\/\/interamerica.org\/fr\/2006\/05\/russie-incendie-criminel-endommage-leglise-adventiste-de-taganrog\/#article","isPartOf":{"@id":"https:\/\/interamerica.org\/fr\/2006\/05\/russie-incendie-criminel-endommage-leglise-adventiste-de-taganrog\/"},"author":{"name":"Lorenzo Verduzco","@id":"https:\/\/interamerica.org\/fr\/#\/schema\/person\/68ede8bdc292885bb76c1e3810e73c39"},"headline":"Russie: Incendie Criminel Endommage l&#39;Eglise Adventiste de Taganrog","datePublished":"2006-05-18T04:00:00+00:00","dateModified":"2017-06-02T17:17:25+00:00","mainEntityOfPage":{"@id":"https:\/\/interamerica.org\/fr\/2006\/05\/russie-incendie-criminel-endommage-leglise-adventiste-de-taganrog\/"},"wordCount":304,"articleSection":["Archive"],"inLanguage":"fr-FR"},{"@type":"WebPage","@id":"https:\/\/interamerica.org\/fr\/2006\/05\/russie-incendie-criminel-endommage-leglise-adventiste-de-taganrog\/","url":"https:\/\/interamerica.org\/fr\/2006\/05\/russie-incendie-criminel-endommage-leglise-adventiste-de-taganrog\/","name":"Russie: Incendie Criminel Endommage l&#39;Eglise Adventiste de Taganrog - \u00c9glise Adventiste Du Septieme Jour - Inter Am\u00e9rique Division","isPartOf":{"@id":"https:\/\/interamerica.org\/fr\/#website"},"datePublished":"2006-05-18T04:00:00+00:00","dateModified":"2017-06-02T17:17:25+00:00","author":{"@id":"https:\/\/interamerica.org\/fr\/#\/schema\/person\/68ede8bdc292885bb76c1e3810e73c39"},"breadcrumb":{"@id":"https:\/\/interamerica.org\/fr\/2006\/05\/russie-incendie-criminel-endommage-leglise-adventiste-de-taganrog\/#breadcrumb"},"inLanguage":"fr-FR","potentialAction":[{"@type":"ReadAction","target":["https:\/\/interamerica.org\/fr\/2006\/05\/russie-incendie-criminel-endommage-leglise-adventiste-de-taganrog\/"]}]},{"@type":"BreadcrumbList","@id":"https:\/\/interamerica.org\/fr\/2006\/05\/russie-incendie-criminel-endommage-leglise-adventiste-de-taganrog\/#breadcrumb","itemListElement":[{"@type":"ListItem","position":1,"name":"Home","item":"https:\/\/interamerica.org\/fr\/"},{"@type":"ListItem","position":2,"name":"Russie: Incendie Criminel Endommage l&#39;Eglise Adventiste de Taganrog"}]},{"@type":"WebSite","@id":"https:\/\/interamerica.org\/fr\/#website","url":"https:\/\/interamerica.org\/fr\/","name":"\u00c9glise Adventiste Du Septieme Jour - Inter Am\u00e9rique Division","description":"","potentialAction":[{"@type":"SearchAction","target":{"@type":"EntryPoint","urlTemplate":"https:\/\/interamerica.org\/fr\/?s={search_term_string}"},"query-input":{"@type":"PropertyValueSpecification","valueRequired":true,"valueName":"search_term_string"}}],"inLanguage":"fr-FR"},{"@type":"Person","@id":"https:\/\/interamerica.org\/fr\/#\/schema\/person\/68ede8bdc292885bb76c1e3810e73c39","name":"Lorenzo Verduzco","image":{"@type":"ImageObject","inLanguage":"fr-FR","@id":"https:\/\/secure.gravatar.com\/avatar\/fb81a55b6218459490a9c1dc841a34909185b81904c5337b4b27f7a6fd60c49e?s=96&d=mm&r=g","url":"https:\/\/secure.gravatar.com\/avatar\/fb81a55b6218459490a9c1dc841a34909185b81904c5337b4b27f7a6fd60c49e?s=96&d=mm&r=g","contentUrl":"https:\/\/secure.gravatar.com\/avatar\/fb81a55b6218459490a9c1dc841a34909185b81904c5337b4b27f7a6fd60c49e?s=96&d=mm&r=g","caption":"Lorenzo Verduzco"}}]}},"_links":{"self":[{"href":"https:\/\/interamerica.org\/fr\/wp-json\/wp\/v2\/posts\/12545","targetHints":{"allow":["GET"]}}],"collection":[{"href":"https:\/\/interamerica.org\/fr\/wp-json\/wp\/v2\/posts"}],"about":[{"href":"https:\/\/interamerica.org\/fr\/wp-json\/wp\/v2\/types\/post"}],"author":[{"embeddable":true,"href":"https:\/\/interamerica.org\/fr\/wp-json\/wp\/v2\/users\/1"}],"replies":[{"embeddable":true,"href":"https:\/\/interamerica.org\/fr\/wp-json\/wp\/v2\/comments?post=12545"}],"version-history":[{"count":0,"href":"https:\/\/interamerica.org\/fr\/wp-json\/wp\/v2\/posts\/12545\/revisions"}],"wp:attachment":[{"href":"https:\/\/interamerica.org\/fr\/wp-json\/wp\/v2\/media?parent=12545"}],"wp:term":[{"taxonomy":"category","embeddable":true,"href":"https:\/\/interamerica.org\/fr\/wp-json\/wp\/v2\/categories?post=12545"},{"taxonomy":"post_tag","embeddable":true,"href":"https:\/\/interamerica.org\/fr\/wp-json\/wp\/v2\/tags?post=12545"}],"curies":[{"name":"wp","href":"https:\/\/api.w.org\/{rel}","templated":true}]}}