{"id":12546,"date":"2006-05-18T00:00:00","date_gmt":"2006-05-18T04:00:00","guid":{"rendered":"http:\/\/192.81.217.108\/interamerica\/2006\/05\/inter-amerique-croissance-extraordinaire-enregistree-pour-cette-annee\/"},"modified":"2017-06-02T13:17:26","modified_gmt":"2017-06-02T17:17:26","slug":"inter-amerique-croissance-extraordinaire-enregistree-pour-cette-annee","status":"publish","type":"post","link":"https:\/\/interamerica.org\/fr\/2006\/05\/inter-amerique-croissance-extraordinaire-enregistree-pour-cette-annee\/","title":{"rendered":"Inter Am\u00e9rique : Croissance Extraordinaire Enregistr\u00e9e Pour Cette Ann\u00e9e"},"content":{"rendered":"<\/p>\n<p>Miami, Floride, \u00c9tats-Unis&#8230; [Libna Stevens\/IAD] <\/p>\n<p>Les dirigeants de l&#39;\u00e9glise adventiste du septi\u00e8me jour repr\u00e9sentant plus de 2,6 millions de membres en Inter Am\u00e9rique ont termin\u00e9 les r\u00e9unions du comit\u00e9 de direction de milieu d&#39;ann\u00e9e avec un enregistrement sans pr\u00e9c\u00e9dent de 136,846 bapt\u00eames pour les quatre premiers mois de l&#39;ann\u00e9e. Les r\u00e9unions, qui ont r\u00e9unis les dirigeants d&#39;\u00e9glise des 15 r\u00e9gions de l&#39;Inter Am\u00e9rique, ont \u00e9t\u00e9 tenues du 14 au 16 mai au bureau central, \u00e0 Miami, Floride. \u00a0\u00bb Jamais, auparavant l&#39;Inter Am\u00e9rique n&#39;avait atteint un tel chiffre en une p\u00e9riode de temps aussi courte,\u00a0\u00bb a dit Pasteur Isra\u00ebl Le\u00efto, pr\u00e9sident de l&#39;\u00e9glise en Inter Am\u00e9rique, devant les membres du comit\u00e9 en session. La seule explication que Pasteur Le\u00efto pouvait donner est que \u00ab\u00a0le Seigneur b\u00e9nit Son \u00e9glise.\u00a0\u00bb Pour l&#39;Inter Am\u00e9rique, c&#39;est un d\u00e9but significatif du quinquennat, ont d\u00e9clar\u00e9 les officiers de l&#39;\u00e9glise. Pasteur Juan Perla, secr\u00e9taire ex\u00e9cutif de l&#39;\u00e9glise en Inter Am\u00e9rique informa que pendant la m\u00eame p\u00e9riode pour l&#39;ann\u00e9e derni\u00e8re, 40,000 nouveaux membres avaient \u00e9t\u00e9 ajout\u00e9s \u00e0 l&#39;\u00e9glise, soit un tiers de ce qui a \u00e9t\u00e9 atteint pour l&#39;instant, cette ann\u00e9e. Un autre point important des r\u00e9unions a \u00e9t\u00e9 la pr\u00e9sentation du rapport financier par le tr\u00e9sorier, dans lequel on retrouve une augmentation de 17 % des d\u00eemes par rapport \u00e0 l&#39;ann\u00e9e pr\u00e9c\u00e9dente. En plus du d\u00e9but exceptionnel de l&#39;ann\u00e9e, pour la premi\u00e8re fois depuis des d\u00e9cades, deux jeunes gens ont pris part en tant que nouveaux membres du comit\u00e9 de direction. Alvaro Ordo\u00f1ez, un \u00e9tudiant en m\u00e9decine, originaire de la Colombie et Andrew Hunte de 29 ans, un enseignant de maths \u00e0 Trinidad, ont particip\u00e9 aux r\u00e9unions. Faire participer des jeunes gens comme membres du comit\u00e9 est un plan qui a \u00e9t\u00e9 approuv\u00e9 l&#39;ann\u00e9e derni\u00e8re et adopt\u00e9 pour ce quinquennat, selon Pasteur Bernardo Rodriguez, directeur de Jeunesse pour l&#39;\u00e9glise en Inter Am\u00e9rique. Chaque ann\u00e9e, trois jeunes gens de trois diff\u00e9rentes r\u00e9gions du territoire de la IAD seront membres. Le troisi\u00e8me jeune membre, originaire de Cuba n&#39;a pas \u00e9t\u00e9 en mesure de voyager pour assister aux r\u00e9unions. Les dirigeants de l&#39;\u00e9glise ont aussi d\u00e9lib\u00e9r\u00e9 sur des amendements aux r\u00e8glements, re\u00e7u des informations sur la croissance de l&#39;\u00e9glise dans chacune des r\u00e9gions de la Division, ainsi que des rapports de commissions sur de nouvelles r\u00e9gions \u00e0 \u00eatre organis\u00e9es. Les autres points \u00e0 l&#39;ordre du jours incluyaient :   <strong ><em >Le Manuel d&#39;\u00c9glise<\/em ><\/strong ><strong > et un Suppl\u00e9ment de la IAD au Manuel.<\/strong > Dans un effort de s&#39;assurer que toutes les \u00e9glises locales op\u00e8rent en harmonie avec<em > le Manuel d&#39;\u00c9glise<\/em >, la IAD, par le canal de sa Maison d&#39;\u00e9ditions, imprimera le manuel dans les trois langues importantes de son territoire et le mettra \u00e0 la disposition de chaque premier ancien d&#39;\u00e9glises organis\u00e9es. En plus, un suppl\u00e9ment de la IAD au <em >Manuel d&#39;\u00c9glise<\/em > a \u00e9t\u00e9 approuv\u00e9. Le document inclut des renseignements suppl\u00e9mentaires sur les organisations juridiques et leur r\u00f4le, les actes l\u00e9gaux, des \u00e9chantillons de testaments, et m\u00eame une recette pour la pr\u00e9paration du pain pour la Sainte C\u00e8ne, l&#39;ordination des femmes comme anciens d&#39;\u00e9glise, l&#39;utilisation de l&#39;anneau de mariage, et des crit\u00e8res pour la cons\u00e9cration d&#39;anciens et de diacres qui avaient \u00e9t\u00e9 radi\u00e9s, mais sont revenus \u00e0 l&#39;\u00e9glise.  <strong >Sortie d&#39;un document sur \u00ab\u00a0Le R\u00f4le des Dix Commandements dans la Vie Publique\u00a0\u00bb.<\/strong > L&#39;\u00e9dition \u00ab\u00a0du R\u00f4le des Dix Commandements dans la Vie Publique\u00a0\u00bb a \u00e9t\u00e9 autoris\u00e9e pour rappeler l&#39;importance des dix commandements pour les Adventistes du Septi\u00e8me jour. \u00ab\u00a0Les Dix Commandements fournissent une boussole morale en cet \u00e8re de relativisme &#8230;\u00a0\u00bb d\u00e9clare le document. \u00ab\u00a0Pour les Adventistes du Septi\u00e8me jour, l&#39;ob\u00e9issance aux Dix Commandements repr\u00e9sente l&#39;expression fondamentale de l&#39;amour et de la gratitude envers Dieu pour Son don du salut. Nous ob\u00e9issons \u00e0 la loi, non comme un moyen de salut, mais comme une r\u00e9ponse \u00e0 la gr\u00e2ce de Dieu manifest\u00e9e de fa\u00e7on tr\u00e8s convaincante par la mort de J\u00e9sus Christ pour nous.\u00a0\u00bb <strong >Le livre de l&#39;Ann\u00e9e 2007.<\/strong > La nouvelle version du livre, Croyances des Adventistes du Septi\u00e8me Jour, sera disponible en 2007 pour les membres de l&#39;\u00c9glise et sp\u00e9cialement pour les nouveaux convertis. Disposition sera prise pour qu&#39;un exemplaire du livre soit remis au premier ancien de chaque \u00e9glise, aux pasteurs et dans les biblioth\u00e8ques des institutions et des \u00e9coles, \u00e0 travers toute l&#39;\u00e9glise en Inter Am\u00e9rique. Le deuxi\u00e8me Comit\u00e9 de direction de la IAD pour l&#39;ann\u00e9e se tiendra du 24 au 26 octobre \u00e0 Acapulco, Mexique. <\/p>\n<p>Pour plus de renseignements sur les votes pris lors des r\u00e9unions de milieu d&#39;ann\u00e9e, visitez le site <a  href=\"https:\/\/recursing-golick.147-182-135-0.plesk.page\/\">www.interamerica.org<\/a ><\/p>\n","protected":false},"excerpt":{"rendered":"<p>Les dirigeants de l&#39;\u00e9glise adventiste du septi\u00e8me jour repr\u00e9sentant plus de 2,6 millions de membres en Inter Am\u00e9rique ont termin\u00e9 les r\u00e9unions du comit\u00e9 de direction de milieu d&#39;ann\u00e9e<\/p>\n","protected":false},"author":1,"featured_media":0,"comment_status":"closed","ping_status":"closed","sticky":false,"template":"","format":"standard","meta":{"_acf_changed":false,"footnotes":""},"categories":[9],"tags":[],"class_list":["post-12546","post","type-post","status-publish","format-standard","hentry","category-archive-fr"],"acf":[],"yoast_head":"<!-- This site is optimized with the Yoast SEO plugin v27.3 - https:\/\/yoast.com\/product\/yoast-seo-wordpress\/ -->\n<title>Inter Am\u00e9rique : Croissance Extraordinaire Enregistr\u00e9e Pour Cette Ann\u00e9e - \u00c9glise Adventiste Du Septieme Jour - Inter Am\u00e9rique Division<\/title>\n<meta name=\"robots\" content=\"index, follow, max-snippet:-1, max-image-preview:large, max-video-preview:-1\" \/>\n<link rel=\"canonical\" href=\"https:\/\/interamerica.org\/fr\/2006\/05\/inter-amerique-croissance-extraordinaire-enregistree-pour-cette-annee\/\" \/>\n<meta property=\"og:locale\" content=\"fr_FR\" \/>\n<meta property=\"og:type\" content=\"article\" \/>\n<meta property=\"og:title\" content=\"Inter Am\u00e9rique : Croissance Extraordinaire Enregistr\u00e9e Pour Cette Ann\u00e9e - \u00c9glise Adventiste Du Septieme Jour - Inter Am\u00e9rique Division\" \/>\n<meta property=\"og:description\" content=\"Les dirigeants de l&#039;\u00e9glise adventiste du septi\u00e8me jour repr\u00e9sentant plus de 2,6 millions de membres en Inter Am\u00e9rique ont termin\u00e9 les r\u00e9unions du comit\u00e9 de direction de milieu d&#039;ann\u00e9e\" \/>\n<meta property=\"og:url\" content=\"https:\/\/interamerica.org\/fr\/2006\/05\/inter-amerique-croissance-extraordinaire-enregistree-pour-cette-annee\/\" \/>\n<meta property=\"og:site_name\" content=\"\u00c9glise Adventiste Du Septieme Jour - Inter Am\u00e9rique Division\" \/>\n<meta property=\"article:published_time\" content=\"2006-05-18T04:00:00+00:00\" \/>\n<meta property=\"article:modified_time\" content=\"2017-06-02T17:17:26+00:00\" \/>\n<meta name=\"author\" content=\"Lorenzo Verduzco\" \/>\n<meta name=\"twitter:card\" content=\"summary_large_image\" \/>\n<meta name=\"twitter:label1\" content=\"\u00c9crit par\" \/>\n\t<meta name=\"twitter:data1\" content=\"Lorenzo Verduzco\" \/>\n\t<meta name=\"twitter:label2\" content=\"Dur\u00e9e de lecture estim\u00e9e\" \/>\n\t<meta name=\"twitter:data2\" content=\"4 minutes\" \/>\n<script type=\"application\/ld+json\" class=\"yoast-schema-graph\">{\"@context\":\"https:\\\/\\\/schema.org\",\"@graph\":[{\"@type\":\"Article\",\"@id\":\"https:\\\/\\\/interamerica.org\\\/fr\\\/2006\\\/05\\\/inter-amerique-croissance-extraordinaire-enregistree-pour-cette-annee\\\/#article\",\"isPartOf\":{\"@id\":\"https:\\\/\\\/interamerica.org\\\/fr\\\/2006\\\/05\\\/inter-amerique-croissance-extraordinaire-enregistree-pour-cette-annee\\\/\"},\"author\":{\"name\":\"Lorenzo Verduzco\",\"@id\":\"https:\\\/\\\/interamerica.org\\\/fr\\\/#\\\/schema\\\/person\\\/68ede8bdc292885bb76c1e3810e73c39\"},\"headline\":\"Inter Am\u00e9rique : Croissance Extraordinaire Enregistr\u00e9e Pour Cette Ann\u00e9e\",\"datePublished\":\"2006-05-18T04:00:00+00:00\",\"dateModified\":\"2017-06-02T17:17:26+00:00\",\"mainEntityOfPage\":{\"@id\":\"https:\\\/\\\/interamerica.org\\\/fr\\\/2006\\\/05\\\/inter-amerique-croissance-extraordinaire-enregistree-pour-cette-annee\\\/\"},\"wordCount\":871,\"articleSection\":[\"Archive\"],\"inLanguage\":\"fr-FR\"},{\"@type\":\"WebPage\",\"@id\":\"https:\\\/\\\/interamerica.org\\\/fr\\\/2006\\\/05\\\/inter-amerique-croissance-extraordinaire-enregistree-pour-cette-annee\\\/\",\"url\":\"https:\\\/\\\/interamerica.org\\\/fr\\\/2006\\\/05\\\/inter-amerique-croissance-extraordinaire-enregistree-pour-cette-annee\\\/\",\"name\":\"Inter Am\u00e9rique : Croissance Extraordinaire Enregistr\u00e9e Pour Cette Ann\u00e9e - \u00c9glise Adventiste Du Septieme Jour - Inter Am\u00e9rique Division\",\"isPartOf\":{\"@id\":\"https:\\\/\\\/interamerica.org\\\/fr\\\/#website\"},\"datePublished\":\"2006-05-18T04:00:00+00:00\",\"dateModified\":\"2017-06-02T17:17:26+00:00\",\"author\":{\"@id\":\"https:\\\/\\\/interamerica.org\\\/fr\\\/#\\\/schema\\\/person\\\/68ede8bdc292885bb76c1e3810e73c39\"},\"breadcrumb\":{\"@id\":\"https:\\\/\\\/interamerica.org\\\/fr\\\/2006\\\/05\\\/inter-amerique-croissance-extraordinaire-enregistree-pour-cette-annee\\\/#breadcrumb\"},\"inLanguage\":\"fr-FR\",\"potentialAction\":[{\"@type\":\"ReadAction\",\"target\":[\"https:\\\/\\\/interamerica.org\\\/fr\\\/2006\\\/05\\\/inter-amerique-croissance-extraordinaire-enregistree-pour-cette-annee\\\/\"]}]},{\"@type\":\"BreadcrumbList\",\"@id\":\"https:\\\/\\\/interamerica.org\\\/fr\\\/2006\\\/05\\\/inter-amerique-croissance-extraordinaire-enregistree-pour-cette-annee\\\/#breadcrumb\",\"itemListElement\":[{\"@type\":\"ListItem\",\"position\":1,\"name\":\"Home\",\"item\":\"https:\\\/\\\/interamerica.org\\\/fr\\\/\"},{\"@type\":\"ListItem\",\"position\":2,\"name\":\"Inter Am\u00e9rique : Croissance Extraordinaire Enregistr\u00e9e Pour Cette Ann\u00e9e\"}]},{\"@type\":\"WebSite\",\"@id\":\"https:\\\/\\\/interamerica.org\\\/fr\\\/#website\",\"url\":\"https:\\\/\\\/interamerica.org\\\/fr\\\/\",\"name\":\"\u00c9glise Adventiste Du Septieme Jour - Inter Am\u00e9rique Division\",\"description\":\"\",\"potentialAction\":[{\"@type\":\"SearchAction\",\"target\":{\"@type\":\"EntryPoint\",\"urlTemplate\":\"https:\\\/\\\/interamerica.org\\\/fr\\\/?s={search_term_string}\"},\"query-input\":{\"@type\":\"PropertyValueSpecification\",\"valueRequired\":true,\"valueName\":\"search_term_string\"}}],\"inLanguage\":\"fr-FR\"},{\"@type\":\"Person\",\"@id\":\"https:\\\/\\\/interamerica.org\\\/fr\\\/#\\\/schema\\\/person\\\/68ede8bdc292885bb76c1e3810e73c39\",\"name\":\"Lorenzo Verduzco\",\"image\":{\"@type\":\"ImageObject\",\"inLanguage\":\"fr-FR\",\"@id\":\"https:\\\/\\\/secure.gravatar.com\\\/avatar\\\/fb81a55b6218459490a9c1dc841a34909185b81904c5337b4b27f7a6fd60c49e?s=96&d=mm&r=g\",\"url\":\"https:\\\/\\\/secure.gravatar.com\\\/avatar\\\/fb81a55b6218459490a9c1dc841a34909185b81904c5337b4b27f7a6fd60c49e?s=96&d=mm&r=g\",\"contentUrl\":\"https:\\\/\\\/secure.gravatar.com\\\/avatar\\\/fb81a55b6218459490a9c1dc841a34909185b81904c5337b4b27f7a6fd60c49e?s=96&d=mm&r=g\",\"caption\":\"Lorenzo Verduzco\"}}]}<\/script>\n<!-- \/ Yoast SEO plugin. -->","yoast_head_json":{"title":"Inter Am\u00e9rique : Croissance Extraordinaire Enregistr\u00e9e Pour Cette Ann\u00e9e - \u00c9glise Adventiste Du Septieme Jour - Inter Am\u00e9rique Division","robots":{"index":"index","follow":"follow","max-snippet":"max-snippet:-1","max-image-preview":"max-image-preview:large","max-video-preview":"max-video-preview:-1"},"canonical":"https:\/\/interamerica.org\/fr\/2006\/05\/inter-amerique-croissance-extraordinaire-enregistree-pour-cette-annee\/","og_locale":"fr_FR","og_type":"article","og_title":"Inter Am\u00e9rique : Croissance Extraordinaire Enregistr\u00e9e Pour Cette Ann\u00e9e - \u00c9glise Adventiste Du Septieme Jour - Inter Am\u00e9rique Division","og_description":"Les dirigeants de l&#39;\u00e9glise adventiste du septi\u00e8me jour repr\u00e9sentant plus de 2,6 millions de membres en Inter Am\u00e9rique ont termin\u00e9 les r\u00e9unions du comit\u00e9 de direction de milieu d&#39;ann\u00e9e","og_url":"https:\/\/interamerica.org\/fr\/2006\/05\/inter-amerique-croissance-extraordinaire-enregistree-pour-cette-annee\/","og_site_name":"\u00c9glise Adventiste Du Septieme Jour - Inter Am\u00e9rique Division","article_published_time":"2006-05-18T04:00:00+00:00","article_modified_time":"2017-06-02T17:17:26+00:00","author":"Lorenzo Verduzco","twitter_card":"summary_large_image","twitter_misc":{"\u00c9crit par":"Lorenzo Verduzco","Dur\u00e9e de lecture estim\u00e9e":"4 minutes"},"schema":{"@context":"https:\/\/schema.org","@graph":[{"@type":"Article","@id":"https:\/\/interamerica.org\/fr\/2006\/05\/inter-amerique-croissance-extraordinaire-enregistree-pour-cette-annee\/#article","isPartOf":{"@id":"https:\/\/interamerica.org\/fr\/2006\/05\/inter-amerique-croissance-extraordinaire-enregistree-pour-cette-annee\/"},"author":{"name":"Lorenzo Verduzco","@id":"https:\/\/interamerica.org\/fr\/#\/schema\/person\/68ede8bdc292885bb76c1e3810e73c39"},"headline":"Inter Am\u00e9rique : Croissance Extraordinaire Enregistr\u00e9e Pour Cette Ann\u00e9e","datePublished":"2006-05-18T04:00:00+00:00","dateModified":"2017-06-02T17:17:26+00:00","mainEntityOfPage":{"@id":"https:\/\/interamerica.org\/fr\/2006\/05\/inter-amerique-croissance-extraordinaire-enregistree-pour-cette-annee\/"},"wordCount":871,"articleSection":["Archive"],"inLanguage":"fr-FR"},{"@type":"WebPage","@id":"https:\/\/interamerica.org\/fr\/2006\/05\/inter-amerique-croissance-extraordinaire-enregistree-pour-cette-annee\/","url":"https:\/\/interamerica.org\/fr\/2006\/05\/inter-amerique-croissance-extraordinaire-enregistree-pour-cette-annee\/","name":"Inter Am\u00e9rique : Croissance Extraordinaire Enregistr\u00e9e Pour Cette Ann\u00e9e - \u00c9glise Adventiste Du Septieme Jour - Inter Am\u00e9rique Division","isPartOf":{"@id":"https:\/\/interamerica.org\/fr\/#website"},"datePublished":"2006-05-18T04:00:00+00:00","dateModified":"2017-06-02T17:17:26+00:00","author":{"@id":"https:\/\/interamerica.org\/fr\/#\/schema\/person\/68ede8bdc292885bb76c1e3810e73c39"},"breadcrumb":{"@id":"https:\/\/interamerica.org\/fr\/2006\/05\/inter-amerique-croissance-extraordinaire-enregistree-pour-cette-annee\/#breadcrumb"},"inLanguage":"fr-FR","potentialAction":[{"@type":"ReadAction","target":["https:\/\/interamerica.org\/fr\/2006\/05\/inter-amerique-croissance-extraordinaire-enregistree-pour-cette-annee\/"]}]},{"@type":"BreadcrumbList","@id":"https:\/\/interamerica.org\/fr\/2006\/05\/inter-amerique-croissance-extraordinaire-enregistree-pour-cette-annee\/#breadcrumb","itemListElement":[{"@type":"ListItem","position":1,"name":"Home","item":"https:\/\/interamerica.org\/fr\/"},{"@type":"ListItem","position":2,"name":"Inter Am\u00e9rique : Croissance Extraordinaire Enregistr\u00e9e Pour Cette Ann\u00e9e"}]},{"@type":"WebSite","@id":"https:\/\/interamerica.org\/fr\/#website","url":"https:\/\/interamerica.org\/fr\/","name":"\u00c9glise Adventiste Du Septieme Jour - Inter Am\u00e9rique Division","description":"","potentialAction":[{"@type":"SearchAction","target":{"@type":"EntryPoint","urlTemplate":"https:\/\/interamerica.org\/fr\/?s={search_term_string}"},"query-input":{"@type":"PropertyValueSpecification","valueRequired":true,"valueName":"search_term_string"}}],"inLanguage":"fr-FR"},{"@type":"Person","@id":"https:\/\/interamerica.org\/fr\/#\/schema\/person\/68ede8bdc292885bb76c1e3810e73c39","name":"Lorenzo Verduzco","image":{"@type":"ImageObject","inLanguage":"fr-FR","@id":"https:\/\/secure.gravatar.com\/avatar\/fb81a55b6218459490a9c1dc841a34909185b81904c5337b4b27f7a6fd60c49e?s=96&d=mm&r=g","url":"https:\/\/secure.gravatar.com\/avatar\/fb81a55b6218459490a9c1dc841a34909185b81904c5337b4b27f7a6fd60c49e?s=96&d=mm&r=g","contentUrl":"https:\/\/secure.gravatar.com\/avatar\/fb81a55b6218459490a9c1dc841a34909185b81904c5337b4b27f7a6fd60c49e?s=96&d=mm&r=g","caption":"Lorenzo Verduzco"}}]}},"_links":{"self":[{"href":"https:\/\/interamerica.org\/fr\/wp-json\/wp\/v2\/posts\/12546","targetHints":{"allow":["GET"]}}],"collection":[{"href":"https:\/\/interamerica.org\/fr\/wp-json\/wp\/v2\/posts"}],"about":[{"href":"https:\/\/interamerica.org\/fr\/wp-json\/wp\/v2\/types\/post"}],"author":[{"embeddable":true,"href":"https:\/\/interamerica.org\/fr\/wp-json\/wp\/v2\/users\/1"}],"replies":[{"embeddable":true,"href":"https:\/\/interamerica.org\/fr\/wp-json\/wp\/v2\/comments?post=12546"}],"version-history":[{"count":0,"href":"https:\/\/interamerica.org\/fr\/wp-json\/wp\/v2\/posts\/12546\/revisions"}],"wp:attachment":[{"href":"https:\/\/interamerica.org\/fr\/wp-json\/wp\/v2\/media?parent=12546"}],"wp:term":[{"taxonomy":"category","embeddable":true,"href":"https:\/\/interamerica.org\/fr\/wp-json\/wp\/v2\/categories?post=12546"},{"taxonomy":"post_tag","embeddable":true,"href":"https:\/\/interamerica.org\/fr\/wp-json\/wp\/v2\/tags?post=12546"}],"curies":[{"name":"wp","href":"https:\/\/api.w.org\/{rel}","templated":true}]}}