{"id":125478,"date":"2025-02-20T21:02:39","date_gmt":"2025-02-21T02:02:39","guid":{"rendered":"https:\/\/interamerica.org\/?p=125478"},"modified":"2025-02-21T23:21:05","modified_gmt":"2025-02-22T04:21:05","slug":"vivre-une-paix-parfaite","status":"publish","type":"post","link":"https:\/\/interamerica.org\/fr\/2025\/02\/vivre-une-paix-parfaite\/","title":{"rendered":"Vivre une paix parfaite"},"content":{"rendered":"<p>20 f\u00e9vrier 2025 | Silver Spring, Maryland, \u00c9tats-Unis | Ted N.C. Wilson, pr\u00e9sident de la Conf\u00e9rence g\u00e9n\u00e9rale des adventistes du septi\u00e8me jour<\/p>\n<p>Bonjour, chers amis ! La Bible nous dit que le retour de J\u00e9sus ne sera pas un \u00e9v\u00e9nement silencieux. En 2 Pierre 3:10, nous lisons : \u00ab Le jour du Seigneur viendra comme un voleur dans la nuit. \u00bb Ce verset ne sous-entend pas que sa venue sera silencieuse mais inattendue. Si nous poursuivons la lecture, nous voyons \u00e0 quel point ce sera bruyant ! \u00ab Ce jour-l\u00e0, le ciel dispara\u00eetra avec fracas, les \u00e9l\u00e9ments embras\u00e9s se d\u00e9sagr\u00e9geront et la terre avec les \u0153uvres qu&rsquo;elle contient sera br\u00fbl\u00e9e. \u00bb<\/p>\n<p>\u00ab\u00a0C&rsquo;est ce que La Trag\u00e9die des si\u00e8cles d\u00e9crit en d\u00e9tail dans le chapitre 40. Alors que la terre vacille sous le tonnerre, les \u00e9clairs, les tremblements de terre et autres catastrophes, le peuple de Dieu est dans une paix parfaite. Il sait que J\u00e9sus revient et les voix s&rsquo;exclament avec triomphe : \u00ab Dieu est pour nous un refuge et un appui, un secours qui ne manque jamais dans la d\u00e9tresse. C&rsquo;est pourquoi nous sommes sans crainte quand la terre est boulevers\u00e9e, et que les montagnes chancellent au c\u0153ur des mers, quand les flots de la mer mugissent, \u00e9cument, se soul\u00e8vent jusqu&rsquo;\u00e0 faire trembler les montagnes. \u00bb<\/p>\n<p>De l&rsquo;autre c\u00f4t\u00e9, les m\u00e9chants sont terrifi\u00e9s. Pendant que les rachet\u00e9s chantent des chants de triomphe, \u00ab les nuages se retirent, et dans l\u2019\u00e9chancrure de deux masses noires et mena\u00e7antes appara\u00eet la gloire indescriptible du ciel \u00e9toil\u00e9. \u00bb<\/p>\n<p>L&rsquo;autrice inspir\u00e9e continue : \u00ab On voit alors dans le ciel une main tenant deux tables de pierre superpos\u00e9es&#8230;.. Les tables de pierre s\u2019\u00e9cartent; on y reconna\u00eet les pr\u00e9ceptes du d\u00e9calogue trac\u00e9s comme par une plume de feu; les dix paroles de Dieu, concises, compr\u00e9hensibles, souveraines, se pr\u00e9sentent aux yeux de tous les habitants de la terre. Les caract\u00e8res en sont si clairs que chacun peut les lire. Les m\u00e9moires se r\u00e9veillent, et les souvenirs affluent. Les t\u00e9n\u00e8bres de la superstition et de l\u2019h\u00e9r\u00e9sie sont dissip\u00e9es de tous les esprits. Il est impossible de d\u00e9peindre l\u2019angoisse et le d\u00e9sespoir de ceux qui ont foul\u00e9 aux pieds les exigences divines. \u00bb<\/p>\n<p>Mes fr\u00e8res et s\u0153urs, permettez-moi d&rsquo;\u00eatre tr\u00e8s clair : il n&rsquo;y a rien que nous puissions faire pour gagner notre salut. Nous sommes sauv\u00e9s par la gr\u00e2ce et le sang de J\u00e9sus-Christ, mais cela ne signifie pas que nous sommes libres d&rsquo;ignorer la loi de Dieu.<\/p>\n<p>L&rsquo;ap\u00f4tre Paul explique : \u00ab Que dirons-nous donc? Demeurerions-nous dans le p\u00e9ch\u00e9, afin que la gr\u00e2ce abonde? Loin de l\u00e0! Nous qui sommes morts au p\u00e9ch\u00e9, comment vivrions-nous encore dans le p\u00e9ch\u00e9? \u00bb\u00a0\u00a0 Et J\u00e9sus Lui-m\u00eame a dit : \u00ab Si vous m&rsquo;aimez, gardez mes commandements. \u00bb<\/p>\n<p>Alors que les m\u00e9chants r\u00e9alisent qu&rsquo;ils ont choisi d&rsquo;ob\u00e9ir aux \u00eatres humains plut\u00f4t qu&rsquo;\u00e0 Dieu et ont essay\u00e9 de forcer le peuple de Dieu \u00e0 profaner Son sabbat, \u00ab Ils sont maintenant condamn\u00e9s par la loi qu\u2019ils ont m\u00e9pris\u00e9e. \u00bb<\/p>\n<p>C&rsquo;est \u00e0 ce moment qu&rsquo;\u00ab On entend alors la voix de Dieu annoncer du haut du ciel le jour et l\u2019heure de la venue de J\u00e9sus&#8230; Comme les \u00e9clats du plus puissant tonnerre, ses paroles font le tour de la terre. \u00bb<\/p>\n<p>Les visages du peuple de Dieu s&rsquo;illuminent de Sa gloire, et \u00ab quand la b\u00e9n\u00e9diction est prononc\u00e9e sur ceux qui ont honor\u00e9 Dieu en sanctifiant son saint jour, on entend un immense cri de victoire. \u00bb<\/p>\n<p>Oh, mes chers amis, ne voulez-vous pas \u00eatre parmi les rachet\u00e9s ? Moi, oui ! Ne voulez-vous pas vivre cette proximit\u00e9 avec Dieu o\u00f9 rien ne peut s&rsquo;immiscer entre vous et le sauveur ? Moi, oui ! Vous pouvez en faire l&rsquo;exp\u00e9rience en lui abandonnant votre vie pleinement et sans r\u00e9serve.<\/p>\n<p>Je vous invite \u00e0 prier avec moi.<\/p>\n<p>Notre P\u00e8re qui est dans les cieux, nous venons \u00e0 toi de mani\u00e8re tr\u00e8s sp\u00e9ciale pour te remercier de nous aider \u00e0 comprendre les tout derniers jours de l&rsquo;histoire de la Terre et la venue de J\u00e9sus. Nous aspirons \u00e0 cette relation \u00e9troite avec toi afin d&rsquo;\u00eatre pr\u00e9par\u00e9s pour ces jours qui viennent et nous d\u00e9sirons nous appuyer compl\u00e8tement sur toi. Nous pouvons vraiment \u00eatre le peuple qui garde les commandements de Dieu et a la foi de J\u00e9sus-Christ. Seigneur, guide chacun de nous dans notre d\u00e9cision de te suivre totalement et de te permettre de remplir nos vies avec le Saint-Esprit en pr\u00e9paration pour le retour imminent de J\u00e9sus. Au nom du Christ, nous te le demandons. Amen.<\/p>\n<p><iframe title=\"La Trag\u00e9die des si\u00e8cles, chapitre 40, 2e partie : La Loi de Dieu r\u00e9v\u00e9l\u00e9e devant le monde\" width=\"500\" height=\"281\" src=\"https:\/\/www.youtube.com\/embed\/mP8nHQ_Egy8?feature=oembed\" frameborder=\"0\" allow=\"accelerometer; autoplay; clipboard-write; encrypted-media; gyroscope; picture-in-picture; web-share\" referrerpolicy=\"strict-origin-when-cross-origin\" allowfullscreen><\/iframe><\/p>\n","protected":false},"excerpt":{"rendered":"<p>20 f\u00e9vrier 2025 | Silver Spring, Maryland, \u00c9tats-Unis | Ted N.C. Wilson, pr\u00e9sident de la Conf\u00e9rence g\u00e9n\u00e9rale des adventistes du septi\u00e8me jour Bonjour, chers amis ! La Bible nous dit&#8230;<\/p>\n","protected":false},"author":3,"featured_media":125470,"comment_status":"closed","ping_status":"closed","sticky":false,"template":"","format":"standard","meta":{"_acf_changed":false,"footnotes":""},"categories":[18,19],"tags":[],"class_list":["post-125478","post","type-post","status-publish","format-standard","has-post-thumbnail","hentry","category-nouvelles-de-leglise-mondiale","category-rss-francais"],"acf":[],"yoast_head":"<!-- This site is optimized with the Yoast SEO plugin v27.3 - https:\/\/yoast.com\/product\/yoast-seo-wordpress\/ -->\n<title>Vivre une paix parfaite - \u00c9glise Adventiste Du Septieme Jour - Inter Am\u00e9rique Division<\/title>\n<meta name=\"robots\" content=\"index, follow, max-snippet:-1, max-image-preview:large, max-video-preview:-1\" \/>\n<link rel=\"canonical\" href=\"https:\/\/interamerica.org\/fr\/2025\/02\/vivre-une-paix-parfaite\/\" \/>\n<meta property=\"og:locale\" content=\"fr_FR\" \/>\n<meta property=\"og:type\" content=\"article\" \/>\n<meta property=\"og:title\" content=\"Vivre une paix parfaite - \u00c9glise Adventiste Du Septieme Jour - Inter Am\u00e9rique Division\" \/>\n<meta property=\"og:description\" content=\"20 f\u00e9vrier 2025 | Silver Spring, Maryland, \u00c9tats-Unis | Ted N.C. Wilson, pr\u00e9sident de la Conf\u00e9rence g\u00e9n\u00e9rale des adventistes du septi\u00e8me jour Bonjour, chers amis ! La Bible nous dit...\" \/>\n<meta property=\"og:url\" content=\"https:\/\/interamerica.org\/fr\/2025\/02\/vivre-une-paix-parfaite\/\" \/>\n<meta property=\"og:site_name\" content=\"\u00c9glise Adventiste Du Septieme Jour - Inter Am\u00e9rique Division\" \/>\n<meta property=\"article:published_time\" content=\"2025-02-21T02:02:39+00:00\" \/>\n<meta property=\"article:modified_time\" content=\"2025-02-22T04:21:05+00:00\" \/>\n<meta property=\"og:image\" content=\"https:\/\/interamerica.org\/wp-content\/uploads\/2025\/02\/experiencing-perfect-peace-fr.jpg\" \/>\n\t<meta property=\"og:image:width\" content=\"1441\" \/>\n\t<meta property=\"og:image:height\" content=\"810\" \/>\n\t<meta property=\"og:image:type\" content=\"image\/jpeg\" \/>\n<meta name=\"author\" content=\"libna\" \/>\n<meta name=\"twitter:card\" content=\"summary_large_image\" \/>\n<meta name=\"twitter:label1\" content=\"\u00c9crit par\" \/>\n\t<meta name=\"twitter:data1\" content=\"libna\" \/>\n\t<meta name=\"twitter:label2\" content=\"Dur\u00e9e de lecture estim\u00e9e\" \/>\n\t<meta name=\"twitter:data2\" content=\"4 minutes\" \/>\n<script type=\"application\/ld+json\" class=\"yoast-schema-graph\">{\"@context\":\"https:\\\/\\\/schema.org\",\"@graph\":[{\"@type\":\"Article\",\"@id\":\"https:\\\/\\\/interamerica.org\\\/fr\\\/2025\\\/02\\\/vivre-une-paix-parfaite\\\/#article\",\"isPartOf\":{\"@id\":\"https:\\\/\\\/interamerica.org\\\/fr\\\/2025\\\/02\\\/vivre-une-paix-parfaite\\\/\"},\"author\":{\"name\":\"libna\",\"@id\":\"https:\\\/\\\/interamerica.org\\\/fr\\\/#\\\/schema\\\/person\\\/29998f2bc2d8bd0d38662909289b54f1\"},\"headline\":\"Vivre une paix parfaite\",\"datePublished\":\"2025-02-21T02:02:39+00:00\",\"dateModified\":\"2025-02-22T04:21:05+00:00\",\"mainEntityOfPage\":{\"@id\":\"https:\\\/\\\/interamerica.org\\\/fr\\\/2025\\\/02\\\/vivre-une-paix-parfaite\\\/\"},\"wordCount\":836,\"image\":{\"@id\":\"https:\\\/\\\/interamerica.org\\\/fr\\\/2025\\\/02\\\/vivre-une-paix-parfaite\\\/#primaryimage\"},\"thumbnailUrl\":\"https:\\\/\\\/interamerica.org\\\/wp-content\\\/uploads\\\/2025\\\/02\\\/experiencing-perfect-peace-fr.jpg\",\"articleSection\":[\"Nouvelles de l'\u00c9glise mondiale\",\"RSS Fran\u00e7ais\"],\"inLanguage\":\"fr-FR\"},{\"@type\":\"WebPage\",\"@id\":\"https:\\\/\\\/interamerica.org\\\/fr\\\/2025\\\/02\\\/vivre-une-paix-parfaite\\\/\",\"url\":\"https:\\\/\\\/interamerica.org\\\/fr\\\/2025\\\/02\\\/vivre-une-paix-parfaite\\\/\",\"name\":\"Vivre une paix parfaite - \u00c9glise Adventiste Du Septieme Jour - Inter Am\u00e9rique Division\",\"isPartOf\":{\"@id\":\"https:\\\/\\\/interamerica.org\\\/fr\\\/#website\"},\"primaryImageOfPage\":{\"@id\":\"https:\\\/\\\/interamerica.org\\\/fr\\\/2025\\\/02\\\/vivre-une-paix-parfaite\\\/#primaryimage\"},\"image\":{\"@id\":\"https:\\\/\\\/interamerica.org\\\/fr\\\/2025\\\/02\\\/vivre-une-paix-parfaite\\\/#primaryimage\"},\"thumbnailUrl\":\"https:\\\/\\\/interamerica.org\\\/wp-content\\\/uploads\\\/2025\\\/02\\\/experiencing-perfect-peace-fr.jpg\",\"datePublished\":\"2025-02-21T02:02:39+00:00\",\"dateModified\":\"2025-02-22T04:21:05+00:00\",\"author\":{\"@id\":\"https:\\\/\\\/interamerica.org\\\/fr\\\/#\\\/schema\\\/person\\\/29998f2bc2d8bd0d38662909289b54f1\"},\"breadcrumb\":{\"@id\":\"https:\\\/\\\/interamerica.org\\\/fr\\\/2025\\\/02\\\/vivre-une-paix-parfaite\\\/#breadcrumb\"},\"inLanguage\":\"fr-FR\",\"potentialAction\":[{\"@type\":\"ReadAction\",\"target\":[\"https:\\\/\\\/interamerica.org\\\/fr\\\/2025\\\/02\\\/vivre-une-paix-parfaite\\\/\"]}]},{\"@type\":\"ImageObject\",\"inLanguage\":\"fr-FR\",\"@id\":\"https:\\\/\\\/interamerica.org\\\/fr\\\/2025\\\/02\\\/vivre-une-paix-parfaite\\\/#primaryimage\",\"url\":\"https:\\\/\\\/interamerica.org\\\/wp-content\\\/uploads\\\/2025\\\/02\\\/experiencing-perfect-peace-fr.jpg\",\"contentUrl\":\"https:\\\/\\\/interamerica.org\\\/wp-content\\\/uploads\\\/2025\\\/02\\\/experiencing-perfect-peace-fr.jpg\",\"width\":1441,\"height\":810},{\"@type\":\"BreadcrumbList\",\"@id\":\"https:\\\/\\\/interamerica.org\\\/fr\\\/2025\\\/02\\\/vivre-une-paix-parfaite\\\/#breadcrumb\",\"itemListElement\":[{\"@type\":\"ListItem\",\"position\":1,\"name\":\"Home\",\"item\":\"https:\\\/\\\/interamerica.org\\\/fr\\\/\"},{\"@type\":\"ListItem\",\"position\":2,\"name\":\"Vivre une paix parfaite\"}]},{\"@type\":\"WebSite\",\"@id\":\"https:\\\/\\\/interamerica.org\\\/fr\\\/#website\",\"url\":\"https:\\\/\\\/interamerica.org\\\/fr\\\/\",\"name\":\"\u00c9glise Adventiste Du Septieme Jour - Inter Am\u00e9rique Division\",\"description\":\"\",\"potentialAction\":[{\"@type\":\"SearchAction\",\"target\":{\"@type\":\"EntryPoint\",\"urlTemplate\":\"https:\\\/\\\/interamerica.org\\\/fr\\\/?s={search_term_string}\"},\"query-input\":{\"@type\":\"PropertyValueSpecification\",\"valueRequired\":true,\"valueName\":\"search_term_string\"}}],\"inLanguage\":\"fr-FR\"},{\"@type\":\"Person\",\"@id\":\"https:\\\/\\\/interamerica.org\\\/fr\\\/#\\\/schema\\\/person\\\/29998f2bc2d8bd0d38662909289b54f1\",\"name\":\"libna\",\"image\":{\"@type\":\"ImageObject\",\"inLanguage\":\"fr-FR\",\"@id\":\"https:\\\/\\\/secure.gravatar.com\\\/avatar\\\/7c5bd30ae4b47a9ba3c856590957fd1d96dc588bf3ac05719d247e126840331f?s=96&d=mm&r=g\",\"url\":\"https:\\\/\\\/secure.gravatar.com\\\/avatar\\\/7c5bd30ae4b47a9ba3c856590957fd1d96dc588bf3ac05719d247e126840331f?s=96&d=mm&r=g\",\"contentUrl\":\"https:\\\/\\\/secure.gravatar.com\\\/avatar\\\/7c5bd30ae4b47a9ba3c856590957fd1d96dc588bf3ac05719d247e126840331f?s=96&d=mm&r=g\",\"caption\":\"libna\"}}]}<\/script>\n<!-- \/ Yoast SEO plugin. -->","yoast_head_json":{"title":"Vivre une paix parfaite - \u00c9glise Adventiste Du Septieme Jour - Inter Am\u00e9rique Division","robots":{"index":"index","follow":"follow","max-snippet":"max-snippet:-1","max-image-preview":"max-image-preview:large","max-video-preview":"max-video-preview:-1"},"canonical":"https:\/\/interamerica.org\/fr\/2025\/02\/vivre-une-paix-parfaite\/","og_locale":"fr_FR","og_type":"article","og_title":"Vivre une paix parfaite - \u00c9glise Adventiste Du Septieme Jour - Inter Am\u00e9rique Division","og_description":"20 f\u00e9vrier 2025 | Silver Spring, Maryland, \u00c9tats-Unis | Ted N.C. Wilson, pr\u00e9sident de la Conf\u00e9rence g\u00e9n\u00e9rale des adventistes du septi\u00e8me jour Bonjour, chers amis ! La Bible nous dit...","og_url":"https:\/\/interamerica.org\/fr\/2025\/02\/vivre-une-paix-parfaite\/","og_site_name":"\u00c9glise Adventiste Du Septieme Jour - Inter Am\u00e9rique Division","article_published_time":"2025-02-21T02:02:39+00:00","article_modified_time":"2025-02-22T04:21:05+00:00","og_image":[{"width":1441,"height":810,"url":"https:\/\/interamerica.org\/wp-content\/uploads\/2025\/02\/experiencing-perfect-peace-fr.jpg","type":"image\/jpeg"}],"author":"libna","twitter_card":"summary_large_image","twitter_misc":{"\u00c9crit par":"libna","Dur\u00e9e de lecture estim\u00e9e":"4 minutes"},"schema":{"@context":"https:\/\/schema.org","@graph":[{"@type":"Article","@id":"https:\/\/interamerica.org\/fr\/2025\/02\/vivre-une-paix-parfaite\/#article","isPartOf":{"@id":"https:\/\/interamerica.org\/fr\/2025\/02\/vivre-une-paix-parfaite\/"},"author":{"name":"libna","@id":"https:\/\/interamerica.org\/fr\/#\/schema\/person\/29998f2bc2d8bd0d38662909289b54f1"},"headline":"Vivre une paix parfaite","datePublished":"2025-02-21T02:02:39+00:00","dateModified":"2025-02-22T04:21:05+00:00","mainEntityOfPage":{"@id":"https:\/\/interamerica.org\/fr\/2025\/02\/vivre-une-paix-parfaite\/"},"wordCount":836,"image":{"@id":"https:\/\/interamerica.org\/fr\/2025\/02\/vivre-une-paix-parfaite\/#primaryimage"},"thumbnailUrl":"https:\/\/interamerica.org\/wp-content\/uploads\/2025\/02\/experiencing-perfect-peace-fr.jpg","articleSection":["Nouvelles de l'\u00c9glise mondiale","RSS Fran\u00e7ais"],"inLanguage":"fr-FR"},{"@type":"WebPage","@id":"https:\/\/interamerica.org\/fr\/2025\/02\/vivre-une-paix-parfaite\/","url":"https:\/\/interamerica.org\/fr\/2025\/02\/vivre-une-paix-parfaite\/","name":"Vivre une paix parfaite - \u00c9glise Adventiste Du Septieme Jour - Inter Am\u00e9rique Division","isPartOf":{"@id":"https:\/\/interamerica.org\/fr\/#website"},"primaryImageOfPage":{"@id":"https:\/\/interamerica.org\/fr\/2025\/02\/vivre-une-paix-parfaite\/#primaryimage"},"image":{"@id":"https:\/\/interamerica.org\/fr\/2025\/02\/vivre-une-paix-parfaite\/#primaryimage"},"thumbnailUrl":"https:\/\/interamerica.org\/wp-content\/uploads\/2025\/02\/experiencing-perfect-peace-fr.jpg","datePublished":"2025-02-21T02:02:39+00:00","dateModified":"2025-02-22T04:21:05+00:00","author":{"@id":"https:\/\/interamerica.org\/fr\/#\/schema\/person\/29998f2bc2d8bd0d38662909289b54f1"},"breadcrumb":{"@id":"https:\/\/interamerica.org\/fr\/2025\/02\/vivre-une-paix-parfaite\/#breadcrumb"},"inLanguage":"fr-FR","potentialAction":[{"@type":"ReadAction","target":["https:\/\/interamerica.org\/fr\/2025\/02\/vivre-une-paix-parfaite\/"]}]},{"@type":"ImageObject","inLanguage":"fr-FR","@id":"https:\/\/interamerica.org\/fr\/2025\/02\/vivre-une-paix-parfaite\/#primaryimage","url":"https:\/\/interamerica.org\/wp-content\/uploads\/2025\/02\/experiencing-perfect-peace-fr.jpg","contentUrl":"https:\/\/interamerica.org\/wp-content\/uploads\/2025\/02\/experiencing-perfect-peace-fr.jpg","width":1441,"height":810},{"@type":"BreadcrumbList","@id":"https:\/\/interamerica.org\/fr\/2025\/02\/vivre-une-paix-parfaite\/#breadcrumb","itemListElement":[{"@type":"ListItem","position":1,"name":"Home","item":"https:\/\/interamerica.org\/fr\/"},{"@type":"ListItem","position":2,"name":"Vivre une paix parfaite"}]},{"@type":"WebSite","@id":"https:\/\/interamerica.org\/fr\/#website","url":"https:\/\/interamerica.org\/fr\/","name":"\u00c9glise Adventiste Du Septieme Jour - Inter Am\u00e9rique Division","description":"","potentialAction":[{"@type":"SearchAction","target":{"@type":"EntryPoint","urlTemplate":"https:\/\/interamerica.org\/fr\/?s={search_term_string}"},"query-input":{"@type":"PropertyValueSpecification","valueRequired":true,"valueName":"search_term_string"}}],"inLanguage":"fr-FR"},{"@type":"Person","@id":"https:\/\/interamerica.org\/fr\/#\/schema\/person\/29998f2bc2d8bd0d38662909289b54f1","name":"libna","image":{"@type":"ImageObject","inLanguage":"fr-FR","@id":"https:\/\/secure.gravatar.com\/avatar\/7c5bd30ae4b47a9ba3c856590957fd1d96dc588bf3ac05719d247e126840331f?s=96&d=mm&r=g","url":"https:\/\/secure.gravatar.com\/avatar\/7c5bd30ae4b47a9ba3c856590957fd1d96dc588bf3ac05719d247e126840331f?s=96&d=mm&r=g","contentUrl":"https:\/\/secure.gravatar.com\/avatar\/7c5bd30ae4b47a9ba3c856590957fd1d96dc588bf3ac05719d247e126840331f?s=96&d=mm&r=g","caption":"libna"}}]}},"_links":{"self":[{"href":"https:\/\/interamerica.org\/fr\/wp-json\/wp\/v2\/posts\/125478","targetHints":{"allow":["GET"]}}],"collection":[{"href":"https:\/\/interamerica.org\/fr\/wp-json\/wp\/v2\/posts"}],"about":[{"href":"https:\/\/interamerica.org\/fr\/wp-json\/wp\/v2\/types\/post"}],"author":[{"embeddable":true,"href":"https:\/\/interamerica.org\/fr\/wp-json\/wp\/v2\/users\/3"}],"replies":[{"embeddable":true,"href":"https:\/\/interamerica.org\/fr\/wp-json\/wp\/v2\/comments?post=125478"}],"version-history":[{"count":0,"href":"https:\/\/interamerica.org\/fr\/wp-json\/wp\/v2\/posts\/125478\/revisions"}],"wp:featuredmedia":[{"embeddable":true,"href":"https:\/\/interamerica.org\/fr\/wp-json\/wp\/v2\/media\/125470"}],"wp:attachment":[{"href":"https:\/\/interamerica.org\/fr\/wp-json\/wp\/v2\/media?parent=125478"}],"wp:term":[{"taxonomy":"category","embeddable":true,"href":"https:\/\/interamerica.org\/fr\/wp-json\/wp\/v2\/categories?post=125478"},{"taxonomy":"post_tag","embeddable":true,"href":"https:\/\/interamerica.org\/fr\/wp-json\/wp\/v2\/tags?post=125478"}],"curies":[{"name":"wp","href":"https:\/\/api.w.org\/{rel}","templated":true}]}}