{"id":12548,"date":"2006-05-19T00:00:00","date_gmt":"2006-05-19T04:00:00","guid":{"rendered":"http:\/\/192.81.217.108\/interamerica\/2006\/05\/eglise-mondiale-nouvelle\/"},"modified":"2017-06-02T13:17:25","modified_gmt":"2017-06-02T17:17:25","slug":"eglise-mondiale-nouvelle","status":"publish","type":"post","link":"https:\/\/interamerica.org\/fr\/2006\/05\/eglise-mondiale-nouvelle\/","title":{"rendered":"Eglise Mondiale:  Nouvelle"},"content":{"rendered":"<p>19 mai 2006, Silver Spring, Maryland, Etats-Unis&#8230; (Mark A. Kellner\/ANN) <\/p>\n<p>Une ville d&#39;une population d&#39;environ 14 millions de r\u00e9sidents&#8211;mais comptant un tr\u00e8s faible pourcentage d&#39;Adventistes&#8211;est la nouvelle cible de l&#39;\u00e9glise mondiale pour la campagne \u00ab\u00a0Espoir pour les Grandes Villes\u00a0\u00bb (Hope for Big Cities), rapporte Michael L. Ryan, un vice-pr\u00e9sident de l&#39;\u00e9glise mondiale qui \u00e9tait dans la r\u00e9gion \u00e0  l&#39;occasion d&#39;une session de planification. <\/p>\n<p>Puisque cette ville et ce pays sont connus pour leur appartenance non-Chr\u00e9tienne, le nom de la ville \u00ab\u00a0n&#39;est pas mentionn\u00e9,\u00a0\u00bb a d\u00e9clar\u00e9 Ryan \u00e0 Adventist News Network au cours d&#39;une entrevue.  Cependant, il a dit que, l&#39;\u00e9glise de cette r\u00e9gion l\u00e0 a d\u00e9sign\u00e9 la ville comme \u00ab\u00a0une zone d&#39;une importance prioritaire\u00a0\u00bb pour l&#39;\u00e9vang\u00e9lisation. <\/p>\n<p>\u00ab\u00a0Au cours de la r\u00e9union de planification, les dirigeants de l&#39;\u00e9glise locale ont reconnu qu&#39;il y a une pr\u00e9sence Adventiste dans la ville depuis plus de 100 ans, a d\u00e9clar\u00e9 Ryan.  \u00ab\u00a0Aujourd&#39;hui, nous avons l\u00e0 106 congr\u00e9gations, ce qui repr\u00e9sente un pourcentage d&#39;une \u00e9glise par ann\u00e9e, et le but pour les cinq prochaines ann\u00e9es est de doubler ce nombre. <\/p>\n<p>Ryan a avanc\u00e9 que l&#39;\u00e9glise  de la r\u00e9gion esp\u00e8re gagner 9.300 nouveaux membres, assez pour remplir ces \u00e9glises l\u00e0.  La campagne visera des groupes de personnes de la ville qui n&#39;ont pas fait partie des congr\u00e9gations Adventistes dans le pass\u00e9. <\/p>\n<p>Bien que nous ne pouvons nommer la zone, nous voulons bien attirer l&#39;attention de l&#39;\u00e9glise mondiale sur ce projet, ajouta-t-il.  \u00ab\u00a0Nous voulons que les gens prient le Seigneur pour ceci, car cet effort n&#39;aura pas lieu \u00e0 une \u00e9poque favorable , ni dans un milieu facile; des sacrifices et des risques sont en jeu.\u00a0\u00bb       <\/p>\n<\/p>\n<p>Proclamer le message de l&#39;Evangile aux plus grands centres de la population du monde est le but de l&#39;Eglise Adventiste du Septi\u00e8me jour, qui \u00e0 pr\u00e9sent compte 14.6 millions de membres baptis\u00e9s et 30 millions de gens qui assistent aux services hebdomadaires. <\/p>\n<p>Cette ville est seulement l&#39;une des 55 plus grandes villes du monde qui seront vis\u00e9es pour les programmes de campagnes \u00e9vang\u00e9liques de l&#39;\u00e9glise Adventiste du Septi\u00e8me jour. <\/p>\n","protected":false},"excerpt":{"rendered":"<p>Une ville d&#39;une population d&#39;environ 14 millions de r\u00e9sidents&#8211;mais comptant un tr\u00e8s faible pourcentage d&#39;Adventistes&#8211;est la nouvelle cible de l&#39;\u00e9glise mondiale pour la campagne \u00ab\u00a0Espoir pour les Grandes Villes&#038;<\/p>\n","protected":false},"author":1,"featured_media":0,"comment_status":"closed","ping_status":"closed","sticky":false,"template":"","format":"standard","meta":{"_acf_changed":false,"footnotes":""},"categories":[9],"tags":[],"class_list":["post-12548","post","type-post","status-publish","format-standard","hentry","category-archive-fr"],"acf":[],"yoast_head":"<!-- This site is optimized with the Yoast SEO plugin v27.3 - https:\/\/yoast.com\/product\/yoast-seo-wordpress\/ -->\n<title>Eglise Mondiale: Nouvelle - \u00c9glise Adventiste Du Septieme Jour - Inter Am\u00e9rique Division<\/title>\n<meta name=\"robots\" content=\"index, follow, max-snippet:-1, max-image-preview:large, max-video-preview:-1\" \/>\n<link rel=\"canonical\" href=\"https:\/\/interamerica.org\/fr\/2006\/05\/eglise-mondiale-nouvelle\/\" \/>\n<meta property=\"og:locale\" content=\"fr_FR\" \/>\n<meta property=\"og:type\" content=\"article\" \/>\n<meta property=\"og:title\" content=\"Eglise Mondiale: Nouvelle - \u00c9glise Adventiste Du Septieme Jour - Inter Am\u00e9rique Division\" \/>\n<meta property=\"og:description\" content=\"Une ville d&#039;une population d&#039;environ 14 millions de r\u00e9sidents--mais comptant un tr\u00e8s faible pourcentage d&#039;Adventistes--est la nouvelle cible de l&#039;\u00e9glise mondiale pour la campagne &quot;Espoir pour les Grandes Villes&amp;\" \/>\n<meta property=\"og:url\" content=\"https:\/\/interamerica.org\/fr\/2006\/05\/eglise-mondiale-nouvelle\/\" \/>\n<meta property=\"og:site_name\" content=\"\u00c9glise Adventiste Du Septieme Jour - Inter Am\u00e9rique Division\" \/>\n<meta property=\"article:published_time\" content=\"2006-05-19T04:00:00+00:00\" \/>\n<meta property=\"article:modified_time\" content=\"2017-06-02T17:17:25+00:00\" \/>\n<meta name=\"author\" content=\"Lorenzo Verduzco\" \/>\n<meta name=\"twitter:card\" content=\"summary_large_image\" \/>\n<meta name=\"twitter:label1\" content=\"\u00c9crit par\" \/>\n\t<meta name=\"twitter:data1\" content=\"Lorenzo Verduzco\" \/>\n\t<meta name=\"twitter:label2\" content=\"Dur\u00e9e de lecture estim\u00e9e\" \/>\n\t<meta name=\"twitter:data2\" content=\"2 minutes\" \/>\n<script type=\"application\/ld+json\" class=\"yoast-schema-graph\">{\"@context\":\"https:\\\/\\\/schema.org\",\"@graph\":[{\"@type\":\"Article\",\"@id\":\"https:\\\/\\\/interamerica.org\\\/fr\\\/2006\\\/05\\\/eglise-mondiale-nouvelle\\\/#article\",\"isPartOf\":{\"@id\":\"https:\\\/\\\/interamerica.org\\\/fr\\\/2006\\\/05\\\/eglise-mondiale-nouvelle\\\/\"},\"author\":{\"name\":\"Lorenzo Verduzco\",\"@id\":\"https:\\\/\\\/interamerica.org\\\/fr\\\/#\\\/schema\\\/person\\\/68ede8bdc292885bb76c1e3810e73c39\"},\"headline\":\"Eglise Mondiale: Nouvelle\",\"datePublished\":\"2006-05-19T04:00:00+00:00\",\"dateModified\":\"2017-06-02T17:17:25+00:00\",\"mainEntityOfPage\":{\"@id\":\"https:\\\/\\\/interamerica.org\\\/fr\\\/2006\\\/05\\\/eglise-mondiale-nouvelle\\\/\"},\"wordCount\":378,\"articleSection\":[\"Archive\"],\"inLanguage\":\"fr-FR\"},{\"@type\":\"WebPage\",\"@id\":\"https:\\\/\\\/interamerica.org\\\/fr\\\/2006\\\/05\\\/eglise-mondiale-nouvelle\\\/\",\"url\":\"https:\\\/\\\/interamerica.org\\\/fr\\\/2006\\\/05\\\/eglise-mondiale-nouvelle\\\/\",\"name\":\"Eglise Mondiale: Nouvelle - \u00c9glise Adventiste Du Septieme Jour - Inter Am\u00e9rique Division\",\"isPartOf\":{\"@id\":\"https:\\\/\\\/interamerica.org\\\/fr\\\/#website\"},\"datePublished\":\"2006-05-19T04:00:00+00:00\",\"dateModified\":\"2017-06-02T17:17:25+00:00\",\"author\":{\"@id\":\"https:\\\/\\\/interamerica.org\\\/fr\\\/#\\\/schema\\\/person\\\/68ede8bdc292885bb76c1e3810e73c39\"},\"breadcrumb\":{\"@id\":\"https:\\\/\\\/interamerica.org\\\/fr\\\/2006\\\/05\\\/eglise-mondiale-nouvelle\\\/#breadcrumb\"},\"inLanguage\":\"fr-FR\",\"potentialAction\":[{\"@type\":\"ReadAction\",\"target\":[\"https:\\\/\\\/interamerica.org\\\/fr\\\/2006\\\/05\\\/eglise-mondiale-nouvelle\\\/\"]}]},{\"@type\":\"BreadcrumbList\",\"@id\":\"https:\\\/\\\/interamerica.org\\\/fr\\\/2006\\\/05\\\/eglise-mondiale-nouvelle\\\/#breadcrumb\",\"itemListElement\":[{\"@type\":\"ListItem\",\"position\":1,\"name\":\"Home\",\"item\":\"https:\\\/\\\/interamerica.org\\\/fr\\\/\"},{\"@type\":\"ListItem\",\"position\":2,\"name\":\"Eglise Mondiale: Nouvelle\"}]},{\"@type\":\"WebSite\",\"@id\":\"https:\\\/\\\/interamerica.org\\\/fr\\\/#website\",\"url\":\"https:\\\/\\\/interamerica.org\\\/fr\\\/\",\"name\":\"\u00c9glise Adventiste Du Septieme Jour - Inter Am\u00e9rique Division\",\"description\":\"\",\"potentialAction\":[{\"@type\":\"SearchAction\",\"target\":{\"@type\":\"EntryPoint\",\"urlTemplate\":\"https:\\\/\\\/interamerica.org\\\/fr\\\/?s={search_term_string}\"},\"query-input\":{\"@type\":\"PropertyValueSpecification\",\"valueRequired\":true,\"valueName\":\"search_term_string\"}}],\"inLanguage\":\"fr-FR\"},{\"@type\":\"Person\",\"@id\":\"https:\\\/\\\/interamerica.org\\\/fr\\\/#\\\/schema\\\/person\\\/68ede8bdc292885bb76c1e3810e73c39\",\"name\":\"Lorenzo Verduzco\",\"image\":{\"@type\":\"ImageObject\",\"inLanguage\":\"fr-FR\",\"@id\":\"https:\\\/\\\/secure.gravatar.com\\\/avatar\\\/fb81a55b6218459490a9c1dc841a34909185b81904c5337b4b27f7a6fd60c49e?s=96&d=mm&r=g\",\"url\":\"https:\\\/\\\/secure.gravatar.com\\\/avatar\\\/fb81a55b6218459490a9c1dc841a34909185b81904c5337b4b27f7a6fd60c49e?s=96&d=mm&r=g\",\"contentUrl\":\"https:\\\/\\\/secure.gravatar.com\\\/avatar\\\/fb81a55b6218459490a9c1dc841a34909185b81904c5337b4b27f7a6fd60c49e?s=96&d=mm&r=g\",\"caption\":\"Lorenzo Verduzco\"}}]}<\/script>\n<!-- \/ Yoast SEO plugin. -->","yoast_head_json":{"title":"Eglise Mondiale: Nouvelle - \u00c9glise Adventiste Du Septieme Jour - Inter Am\u00e9rique Division","robots":{"index":"index","follow":"follow","max-snippet":"max-snippet:-1","max-image-preview":"max-image-preview:large","max-video-preview":"max-video-preview:-1"},"canonical":"https:\/\/interamerica.org\/fr\/2006\/05\/eglise-mondiale-nouvelle\/","og_locale":"fr_FR","og_type":"article","og_title":"Eglise Mondiale: Nouvelle - \u00c9glise Adventiste Du Septieme Jour - Inter Am\u00e9rique Division","og_description":"Une ville d&#39;une population d&#39;environ 14 millions de r\u00e9sidents--mais comptant un tr\u00e8s faible pourcentage d&#39;Adventistes--est la nouvelle cible de l&#39;\u00e9glise mondiale pour la campagne \"Espoir pour les Grandes Villes&","og_url":"https:\/\/interamerica.org\/fr\/2006\/05\/eglise-mondiale-nouvelle\/","og_site_name":"\u00c9glise Adventiste Du Septieme Jour - Inter Am\u00e9rique Division","article_published_time":"2006-05-19T04:00:00+00:00","article_modified_time":"2017-06-02T17:17:25+00:00","author":"Lorenzo Verduzco","twitter_card":"summary_large_image","twitter_misc":{"\u00c9crit par":"Lorenzo Verduzco","Dur\u00e9e de lecture estim\u00e9e":"2 minutes"},"schema":{"@context":"https:\/\/schema.org","@graph":[{"@type":"Article","@id":"https:\/\/interamerica.org\/fr\/2006\/05\/eglise-mondiale-nouvelle\/#article","isPartOf":{"@id":"https:\/\/interamerica.org\/fr\/2006\/05\/eglise-mondiale-nouvelle\/"},"author":{"name":"Lorenzo Verduzco","@id":"https:\/\/interamerica.org\/fr\/#\/schema\/person\/68ede8bdc292885bb76c1e3810e73c39"},"headline":"Eglise Mondiale: Nouvelle","datePublished":"2006-05-19T04:00:00+00:00","dateModified":"2017-06-02T17:17:25+00:00","mainEntityOfPage":{"@id":"https:\/\/interamerica.org\/fr\/2006\/05\/eglise-mondiale-nouvelle\/"},"wordCount":378,"articleSection":["Archive"],"inLanguage":"fr-FR"},{"@type":"WebPage","@id":"https:\/\/interamerica.org\/fr\/2006\/05\/eglise-mondiale-nouvelle\/","url":"https:\/\/interamerica.org\/fr\/2006\/05\/eglise-mondiale-nouvelle\/","name":"Eglise Mondiale: Nouvelle - \u00c9glise Adventiste Du Septieme Jour - Inter Am\u00e9rique Division","isPartOf":{"@id":"https:\/\/interamerica.org\/fr\/#website"},"datePublished":"2006-05-19T04:00:00+00:00","dateModified":"2017-06-02T17:17:25+00:00","author":{"@id":"https:\/\/interamerica.org\/fr\/#\/schema\/person\/68ede8bdc292885bb76c1e3810e73c39"},"breadcrumb":{"@id":"https:\/\/interamerica.org\/fr\/2006\/05\/eglise-mondiale-nouvelle\/#breadcrumb"},"inLanguage":"fr-FR","potentialAction":[{"@type":"ReadAction","target":["https:\/\/interamerica.org\/fr\/2006\/05\/eglise-mondiale-nouvelle\/"]}]},{"@type":"BreadcrumbList","@id":"https:\/\/interamerica.org\/fr\/2006\/05\/eglise-mondiale-nouvelle\/#breadcrumb","itemListElement":[{"@type":"ListItem","position":1,"name":"Home","item":"https:\/\/interamerica.org\/fr\/"},{"@type":"ListItem","position":2,"name":"Eglise Mondiale: Nouvelle"}]},{"@type":"WebSite","@id":"https:\/\/interamerica.org\/fr\/#website","url":"https:\/\/interamerica.org\/fr\/","name":"\u00c9glise Adventiste Du Septieme Jour - Inter Am\u00e9rique Division","description":"","potentialAction":[{"@type":"SearchAction","target":{"@type":"EntryPoint","urlTemplate":"https:\/\/interamerica.org\/fr\/?s={search_term_string}"},"query-input":{"@type":"PropertyValueSpecification","valueRequired":true,"valueName":"search_term_string"}}],"inLanguage":"fr-FR"},{"@type":"Person","@id":"https:\/\/interamerica.org\/fr\/#\/schema\/person\/68ede8bdc292885bb76c1e3810e73c39","name":"Lorenzo Verduzco","image":{"@type":"ImageObject","inLanguage":"fr-FR","@id":"https:\/\/secure.gravatar.com\/avatar\/fb81a55b6218459490a9c1dc841a34909185b81904c5337b4b27f7a6fd60c49e?s=96&d=mm&r=g","url":"https:\/\/secure.gravatar.com\/avatar\/fb81a55b6218459490a9c1dc841a34909185b81904c5337b4b27f7a6fd60c49e?s=96&d=mm&r=g","contentUrl":"https:\/\/secure.gravatar.com\/avatar\/fb81a55b6218459490a9c1dc841a34909185b81904c5337b4b27f7a6fd60c49e?s=96&d=mm&r=g","caption":"Lorenzo Verduzco"}}]}},"_links":{"self":[{"href":"https:\/\/interamerica.org\/fr\/wp-json\/wp\/v2\/posts\/12548","targetHints":{"allow":["GET"]}}],"collection":[{"href":"https:\/\/interamerica.org\/fr\/wp-json\/wp\/v2\/posts"}],"about":[{"href":"https:\/\/interamerica.org\/fr\/wp-json\/wp\/v2\/types\/post"}],"author":[{"embeddable":true,"href":"https:\/\/interamerica.org\/fr\/wp-json\/wp\/v2\/users\/1"}],"replies":[{"embeddable":true,"href":"https:\/\/interamerica.org\/fr\/wp-json\/wp\/v2\/comments?post=12548"}],"version-history":[{"count":0,"href":"https:\/\/interamerica.org\/fr\/wp-json\/wp\/v2\/posts\/12548\/revisions"}],"wp:attachment":[{"href":"https:\/\/interamerica.org\/fr\/wp-json\/wp\/v2\/media?parent=12548"}],"wp:term":[{"taxonomy":"category","embeddable":true,"href":"https:\/\/interamerica.org\/fr\/wp-json\/wp\/v2\/categories?post=12548"},{"taxonomy":"post_tag","embeddable":true,"href":"https:\/\/interamerica.org\/fr\/wp-json\/wp\/v2\/tags?post=12548"}],"curies":[{"name":"wp","href":"https:\/\/api.w.org\/{rel}","templated":true}]}}