{"id":12550,"date":"2006-05-30T00:00:00","date_gmt":"2006-05-30T04:00:00","guid":{"rendered":"http:\/\/192.81.217.108\/interamerica\/2006\/05\/indonesie-adra-reagit-a-loccasion-du-tremblement-de-terre-de-java\/"},"modified":"2017-06-02T13:17:21","modified_gmt":"2017-06-02T17:17:21","slug":"indonesie-adra-reagit-a-loccasion-du-tremblement-de-terre-de-java","status":"publish","type":"post","link":"https:\/\/interamerica.org\/fr\/2006\/05\/indonesie-adra-reagit-a-loccasion-du-tremblement-de-terre-de-java\/","title":{"rendered":"Indon\u00e9sie:  ADRA R\u00e9agit A l&#39;Occasion du Tremblement de Terre de Java"},"content":{"rendered":"<p>27 mai 2006, Silver Spring, Maryland, Etats-Unis&#8230; (ADRA\/Staff d&#39;ANN) <\/p>\n<p>L&#39;Agence Adventiste de Secours (ADRA) dispose d\u00e9j\u00e0 d&#39;\u00e9quipes de secours d&#39;urgence au sol de l&#39;\u00eele de Java, en Indon\u00e9sie, o\u00f9 un puissant tremblement de terre a frapp\u00e9, faisant plus de 3.000 personnes  et laissant des milliers d&#39;autres bless\u00e9es et sans abris.  Le nombre de morts  et de bless\u00e9s risque d&#39;augmenter. <\/p>\n<p>Les m\u00e9dia rapportent que c&#39;est la catastrophe naturelle la plus terrible de la nation Sud Est Asiatique depuis le tsunami du 26 d\u00e9cembre 2004.  Le s\u00e9isme a d\u00e9plac\u00e9 environ 200.000 personnes, a rappport\u00e9 la Croix Rouge. <\/p>\n<p>ADRA International a d&#39;abord allou\u00e9 $100.000 pour commencer et plaide pour trouver des fonds additionnels. <\/p>\n<p>Les employ\u00e9s d&#39;ADRA en Indon\u00e9sie travaillent de concert avec les partenaires locaux pour fournir des abris dans l&#39;imm\u00e9diat, et des \u00e9quipes m\u00e9dicales d&#39;urgence sont en route pour soigner les bless\u00e9s,\u00a0\u00bb avance Frank Teeuwen, chef du bureau d&#39;administration des urgences d&#39;ADRA International. <\/p>\n<p>ADRA s&#39;empresse d&#39;envoyer une \u00e9quipe additionnelle pour aider la r\u00e9gion affect\u00e9e, et une action d&#39;intervention au s\u00e9isme s&#39;\u00e9tendra dans les heures et jours \u00e0 venir.  De nouvelles informations seront disponibles. <\/p>\n<p>Comment vous pouvez aider:  Donner en ligne:  <a  href=\"http:\/\/www.adra.org\/\">www.adra.org<\/a >.  Par T\u00e9l\u00e9phone:  1-800-424-2372.  Par courrier:  ADRA International, 12501 Old Columbia Pike, Silver Spring, MD 20904. FUND:  Indonesia Earthquake Fund. <\/p>\n<p>ADRA se trouve dans 125 pays, travaillant au d\u00e9veloppement communautaire et pourvoyant de l&#39;aide d&#39;urgence sans distinction d&#39;association politique ou religieuse, d&#39;\u00e2ge, ou de couleur.  Des informations compl\u00e9mentaires peuvent \u00eatre trouv\u00e9es sur <a  href=\"http:\/\/www.adra.org\/\">www.adra.org<\/a >.       <\/p>\n","protected":false},"excerpt":{"rendered":"<p>Indon\u00e9sie:  ADRA R\u00e9agit au Tremblement de Terre de Java&#8230;<\/p>\n","protected":false},"author":1,"featured_media":0,"comment_status":"closed","ping_status":"closed","sticky":false,"template":"","format":"standard","meta":{"_acf_changed":false,"footnotes":""},"categories":[9],"tags":[],"class_list":["post-12550","post","type-post","status-publish","format-standard","hentry","category-archive-fr"],"acf":[],"yoast_head":"<!-- This site is optimized with the Yoast SEO plugin v27.3 - https:\/\/yoast.com\/product\/yoast-seo-wordpress\/ -->\n<title>Indon\u00e9sie: ADRA R\u00e9agit A l&#039;Occasion du Tremblement de Terre de Java - \u00c9glise Adventiste Du Septieme Jour - Inter Am\u00e9rique Division<\/title>\n<meta name=\"robots\" content=\"index, follow, max-snippet:-1, max-image-preview:large, max-video-preview:-1\" \/>\n<link rel=\"canonical\" href=\"https:\/\/interamerica.org\/fr\/2006\/05\/indonesie-adra-reagit-a-loccasion-du-tremblement-de-terre-de-java\/\" \/>\n<meta property=\"og:locale\" content=\"fr_FR\" \/>\n<meta property=\"og:type\" content=\"article\" \/>\n<meta property=\"og:title\" content=\"Indon\u00e9sie: ADRA R\u00e9agit A l&#039;Occasion du Tremblement de Terre de Java - \u00c9glise Adventiste Du Septieme Jour - Inter Am\u00e9rique Division\" \/>\n<meta property=\"og:description\" content=\"Indon\u00e9sie: ADRA R\u00e9agit au Tremblement de Terre de Java...\" \/>\n<meta property=\"og:url\" content=\"https:\/\/interamerica.org\/fr\/2006\/05\/indonesie-adra-reagit-a-loccasion-du-tremblement-de-terre-de-java\/\" \/>\n<meta property=\"og:site_name\" content=\"\u00c9glise Adventiste Du Septieme Jour - Inter Am\u00e9rique Division\" \/>\n<meta property=\"article:published_time\" content=\"2006-05-30T04:00:00+00:00\" \/>\n<meta property=\"article:modified_time\" content=\"2017-06-02T17:17:21+00:00\" \/>\n<meta name=\"author\" content=\"Lorenzo Verduzco\" \/>\n<meta name=\"twitter:card\" content=\"summary_large_image\" \/>\n<meta name=\"twitter:label1\" content=\"\u00c9crit par\" \/>\n\t<meta name=\"twitter:data1\" content=\"Lorenzo Verduzco\" \/>\n\t<meta name=\"twitter:label2\" content=\"Dur\u00e9e de lecture estim\u00e9e\" \/>\n\t<meta name=\"twitter:data2\" content=\"1 minute\" \/>\n<script type=\"application\/ld+json\" class=\"yoast-schema-graph\">{\"@context\":\"https:\\\/\\\/schema.org\",\"@graph\":[{\"@type\":\"Article\",\"@id\":\"https:\\\/\\\/interamerica.org\\\/fr\\\/2006\\\/05\\\/indonesie-adra-reagit-a-loccasion-du-tremblement-de-terre-de-java\\\/#article\",\"isPartOf\":{\"@id\":\"https:\\\/\\\/interamerica.org\\\/fr\\\/2006\\\/05\\\/indonesie-adra-reagit-a-loccasion-du-tremblement-de-terre-de-java\\\/\"},\"author\":{\"name\":\"Lorenzo Verduzco\",\"@id\":\"https:\\\/\\\/interamerica.org\\\/fr\\\/#\\\/schema\\\/person\\\/68ede8bdc292885bb76c1e3810e73c39\"},\"headline\":\"Indon\u00e9sie: ADRA R\u00e9agit A l&#39;Occasion du Tremblement de Terre de Java\",\"datePublished\":\"2006-05-30T04:00:00+00:00\",\"dateModified\":\"2017-06-02T17:17:21+00:00\",\"mainEntityOfPage\":{\"@id\":\"https:\\\/\\\/interamerica.org\\\/fr\\\/2006\\\/05\\\/indonesie-adra-reagit-a-loccasion-du-tremblement-de-terre-de-java\\\/\"},\"wordCount\":294,\"articleSection\":[\"Archive\"],\"inLanguage\":\"fr-FR\"},{\"@type\":\"WebPage\",\"@id\":\"https:\\\/\\\/interamerica.org\\\/fr\\\/2006\\\/05\\\/indonesie-adra-reagit-a-loccasion-du-tremblement-de-terre-de-java\\\/\",\"url\":\"https:\\\/\\\/interamerica.org\\\/fr\\\/2006\\\/05\\\/indonesie-adra-reagit-a-loccasion-du-tremblement-de-terre-de-java\\\/\",\"name\":\"Indon\u00e9sie: ADRA R\u00e9agit A l&#39;Occasion du Tremblement de Terre de Java - \u00c9glise Adventiste Du Septieme Jour - Inter Am\u00e9rique Division\",\"isPartOf\":{\"@id\":\"https:\\\/\\\/interamerica.org\\\/fr\\\/#website\"},\"datePublished\":\"2006-05-30T04:00:00+00:00\",\"dateModified\":\"2017-06-02T17:17:21+00:00\",\"author\":{\"@id\":\"https:\\\/\\\/interamerica.org\\\/fr\\\/#\\\/schema\\\/person\\\/68ede8bdc292885bb76c1e3810e73c39\"},\"breadcrumb\":{\"@id\":\"https:\\\/\\\/interamerica.org\\\/fr\\\/2006\\\/05\\\/indonesie-adra-reagit-a-loccasion-du-tremblement-de-terre-de-java\\\/#breadcrumb\"},\"inLanguage\":\"fr-FR\",\"potentialAction\":[{\"@type\":\"ReadAction\",\"target\":[\"https:\\\/\\\/interamerica.org\\\/fr\\\/2006\\\/05\\\/indonesie-adra-reagit-a-loccasion-du-tremblement-de-terre-de-java\\\/\"]}]},{\"@type\":\"BreadcrumbList\",\"@id\":\"https:\\\/\\\/interamerica.org\\\/fr\\\/2006\\\/05\\\/indonesie-adra-reagit-a-loccasion-du-tremblement-de-terre-de-java\\\/#breadcrumb\",\"itemListElement\":[{\"@type\":\"ListItem\",\"position\":1,\"name\":\"Home\",\"item\":\"https:\\\/\\\/interamerica.org\\\/fr\\\/\"},{\"@type\":\"ListItem\",\"position\":2,\"name\":\"Indon\u00e9sie: ADRA R\u00e9agit A l&#39;Occasion du Tremblement de Terre de Java\"}]},{\"@type\":\"WebSite\",\"@id\":\"https:\\\/\\\/interamerica.org\\\/fr\\\/#website\",\"url\":\"https:\\\/\\\/interamerica.org\\\/fr\\\/\",\"name\":\"\u00c9glise Adventiste Du Septieme Jour - Inter Am\u00e9rique Division\",\"description\":\"\",\"potentialAction\":[{\"@type\":\"SearchAction\",\"target\":{\"@type\":\"EntryPoint\",\"urlTemplate\":\"https:\\\/\\\/interamerica.org\\\/fr\\\/?s={search_term_string}\"},\"query-input\":{\"@type\":\"PropertyValueSpecification\",\"valueRequired\":true,\"valueName\":\"search_term_string\"}}],\"inLanguage\":\"fr-FR\"},{\"@type\":\"Person\",\"@id\":\"https:\\\/\\\/interamerica.org\\\/fr\\\/#\\\/schema\\\/person\\\/68ede8bdc292885bb76c1e3810e73c39\",\"name\":\"Lorenzo Verduzco\",\"image\":{\"@type\":\"ImageObject\",\"inLanguage\":\"fr-FR\",\"@id\":\"https:\\\/\\\/secure.gravatar.com\\\/avatar\\\/fb81a55b6218459490a9c1dc841a34909185b81904c5337b4b27f7a6fd60c49e?s=96&d=mm&r=g\",\"url\":\"https:\\\/\\\/secure.gravatar.com\\\/avatar\\\/fb81a55b6218459490a9c1dc841a34909185b81904c5337b4b27f7a6fd60c49e?s=96&d=mm&r=g\",\"contentUrl\":\"https:\\\/\\\/secure.gravatar.com\\\/avatar\\\/fb81a55b6218459490a9c1dc841a34909185b81904c5337b4b27f7a6fd60c49e?s=96&d=mm&r=g\",\"caption\":\"Lorenzo Verduzco\"}}]}<\/script>\n<!-- \/ Yoast SEO plugin. -->","yoast_head_json":{"title":"Indon\u00e9sie: ADRA R\u00e9agit A l&#39;Occasion du Tremblement de Terre de Java - \u00c9glise Adventiste Du Septieme Jour - Inter Am\u00e9rique Division","robots":{"index":"index","follow":"follow","max-snippet":"max-snippet:-1","max-image-preview":"max-image-preview:large","max-video-preview":"max-video-preview:-1"},"canonical":"https:\/\/interamerica.org\/fr\/2006\/05\/indonesie-adra-reagit-a-loccasion-du-tremblement-de-terre-de-java\/","og_locale":"fr_FR","og_type":"article","og_title":"Indon\u00e9sie: ADRA R\u00e9agit A l&#39;Occasion du Tremblement de Terre de Java - \u00c9glise Adventiste Du Septieme Jour - Inter Am\u00e9rique Division","og_description":"Indon\u00e9sie: ADRA R\u00e9agit au Tremblement de Terre de Java...","og_url":"https:\/\/interamerica.org\/fr\/2006\/05\/indonesie-adra-reagit-a-loccasion-du-tremblement-de-terre-de-java\/","og_site_name":"\u00c9glise Adventiste Du Septieme Jour - Inter Am\u00e9rique Division","article_published_time":"2006-05-30T04:00:00+00:00","article_modified_time":"2017-06-02T17:17:21+00:00","author":"Lorenzo Verduzco","twitter_card":"summary_large_image","twitter_misc":{"\u00c9crit par":"Lorenzo Verduzco","Dur\u00e9e de lecture estim\u00e9e":"1 minute"},"schema":{"@context":"https:\/\/schema.org","@graph":[{"@type":"Article","@id":"https:\/\/interamerica.org\/fr\/2006\/05\/indonesie-adra-reagit-a-loccasion-du-tremblement-de-terre-de-java\/#article","isPartOf":{"@id":"https:\/\/interamerica.org\/fr\/2006\/05\/indonesie-adra-reagit-a-loccasion-du-tremblement-de-terre-de-java\/"},"author":{"name":"Lorenzo Verduzco","@id":"https:\/\/interamerica.org\/fr\/#\/schema\/person\/68ede8bdc292885bb76c1e3810e73c39"},"headline":"Indon\u00e9sie: ADRA R\u00e9agit A l&#39;Occasion du Tremblement de Terre de Java","datePublished":"2006-05-30T04:00:00+00:00","dateModified":"2017-06-02T17:17:21+00:00","mainEntityOfPage":{"@id":"https:\/\/interamerica.org\/fr\/2006\/05\/indonesie-adra-reagit-a-loccasion-du-tremblement-de-terre-de-java\/"},"wordCount":294,"articleSection":["Archive"],"inLanguage":"fr-FR"},{"@type":"WebPage","@id":"https:\/\/interamerica.org\/fr\/2006\/05\/indonesie-adra-reagit-a-loccasion-du-tremblement-de-terre-de-java\/","url":"https:\/\/interamerica.org\/fr\/2006\/05\/indonesie-adra-reagit-a-loccasion-du-tremblement-de-terre-de-java\/","name":"Indon\u00e9sie: ADRA R\u00e9agit A l&#39;Occasion du Tremblement de Terre de Java - \u00c9glise Adventiste Du Septieme Jour - Inter Am\u00e9rique Division","isPartOf":{"@id":"https:\/\/interamerica.org\/fr\/#website"},"datePublished":"2006-05-30T04:00:00+00:00","dateModified":"2017-06-02T17:17:21+00:00","author":{"@id":"https:\/\/interamerica.org\/fr\/#\/schema\/person\/68ede8bdc292885bb76c1e3810e73c39"},"breadcrumb":{"@id":"https:\/\/interamerica.org\/fr\/2006\/05\/indonesie-adra-reagit-a-loccasion-du-tremblement-de-terre-de-java\/#breadcrumb"},"inLanguage":"fr-FR","potentialAction":[{"@type":"ReadAction","target":["https:\/\/interamerica.org\/fr\/2006\/05\/indonesie-adra-reagit-a-loccasion-du-tremblement-de-terre-de-java\/"]}]},{"@type":"BreadcrumbList","@id":"https:\/\/interamerica.org\/fr\/2006\/05\/indonesie-adra-reagit-a-loccasion-du-tremblement-de-terre-de-java\/#breadcrumb","itemListElement":[{"@type":"ListItem","position":1,"name":"Home","item":"https:\/\/interamerica.org\/fr\/"},{"@type":"ListItem","position":2,"name":"Indon\u00e9sie: ADRA R\u00e9agit A l&#39;Occasion du Tremblement de Terre de Java"}]},{"@type":"WebSite","@id":"https:\/\/interamerica.org\/fr\/#website","url":"https:\/\/interamerica.org\/fr\/","name":"\u00c9glise Adventiste Du Septieme Jour - Inter Am\u00e9rique Division","description":"","potentialAction":[{"@type":"SearchAction","target":{"@type":"EntryPoint","urlTemplate":"https:\/\/interamerica.org\/fr\/?s={search_term_string}"},"query-input":{"@type":"PropertyValueSpecification","valueRequired":true,"valueName":"search_term_string"}}],"inLanguage":"fr-FR"},{"@type":"Person","@id":"https:\/\/interamerica.org\/fr\/#\/schema\/person\/68ede8bdc292885bb76c1e3810e73c39","name":"Lorenzo Verduzco","image":{"@type":"ImageObject","inLanguage":"fr-FR","@id":"https:\/\/secure.gravatar.com\/avatar\/fb81a55b6218459490a9c1dc841a34909185b81904c5337b4b27f7a6fd60c49e?s=96&d=mm&r=g","url":"https:\/\/secure.gravatar.com\/avatar\/fb81a55b6218459490a9c1dc841a34909185b81904c5337b4b27f7a6fd60c49e?s=96&d=mm&r=g","contentUrl":"https:\/\/secure.gravatar.com\/avatar\/fb81a55b6218459490a9c1dc841a34909185b81904c5337b4b27f7a6fd60c49e?s=96&d=mm&r=g","caption":"Lorenzo Verduzco"}}]}},"_links":{"self":[{"href":"https:\/\/interamerica.org\/fr\/wp-json\/wp\/v2\/posts\/12550","targetHints":{"allow":["GET"]}}],"collection":[{"href":"https:\/\/interamerica.org\/fr\/wp-json\/wp\/v2\/posts"}],"about":[{"href":"https:\/\/interamerica.org\/fr\/wp-json\/wp\/v2\/types\/post"}],"author":[{"embeddable":true,"href":"https:\/\/interamerica.org\/fr\/wp-json\/wp\/v2\/users\/1"}],"replies":[{"embeddable":true,"href":"https:\/\/interamerica.org\/fr\/wp-json\/wp\/v2\/comments?post=12550"}],"version-history":[{"count":0,"href":"https:\/\/interamerica.org\/fr\/wp-json\/wp\/v2\/posts\/12550\/revisions"}],"wp:attachment":[{"href":"https:\/\/interamerica.org\/fr\/wp-json\/wp\/v2\/media?parent=12550"}],"wp:term":[{"taxonomy":"category","embeddable":true,"href":"https:\/\/interamerica.org\/fr\/wp-json\/wp\/v2\/categories?post=12550"},{"taxonomy":"post_tag","embeddable":true,"href":"https:\/\/interamerica.org\/fr\/wp-json\/wp\/v2\/tags?post=12550"}],"curies":[{"name":"wp","href":"https:\/\/api.w.org\/{rel}","templated":true}]}}