{"id":125504,"date":"2025-02-19T12:35:36","date_gmt":"2025-02-19T17:35:36","guid":{"rendered":"https:\/\/interamerica.org\/?p=125504"},"modified":"2025-02-26T14:16:51","modified_gmt":"2025-02-26T19:16:51","slug":"au-mexique-les-anciens-deglise-dans-le-chiapas-se-preparent-pour-des-efforts-devangelisation-majeurs-et-des-records-de-baptemes","status":"publish","type":"post","link":"https:\/\/interamerica.org\/fr\/2025\/02\/au-mexique-les-anciens-deglise-dans-le-chiapas-se-preparent-pour-des-efforts-devangelisation-majeurs-et-des-records-de-baptemes\/","title":{"rendered":"Au Mexique, les anciens d\u2019\u00e9glise dans le Chiapas se pr\u00e9parent pour des efforts d\u2019\u00e9vang\u00e9lisation majeurs et des records de bapt\u00eames"},"content":{"rendered":"<p><div id=\"attachment_125359\" style=\"width: 1010px\" class=\"wp-caption aligncenter\"><img fetchpriority=\"high\" decoding=\"async\" aria-describedby=\"caption-attachment-125359\" class=\"size-full wp-image-125358\" src=\"https:\/\/interamerica.org\/wp-content\/uploads\/2025\/02\/cima-elders-praying-soconusco-jan2025.jpg\" alt=\"\" width=\"1000\" height=\"563\" srcset=\"https:\/\/interamerica.org\/wp-content\/uploads\/2025\/02\/cima-elders-praying-soconusco-jan2025.jpg 1000w, https:\/\/interamerica.org\/wp-content\/uploads\/2025\/02\/cima-elders-praying-soconusco-jan2025-300x169.jpg 300w, https:\/\/interamerica.org\/wp-content\/uploads\/2025\/02\/cima-elders-praying-soconusco-jan2025-768x432.jpg 768w\" sizes=\"(max-width: 1000px) 100vw, 1000px\" \/><p id=\"caption-attachment-125359\" class=\"wp-caption-text\">Une pri\u00e8re est faite en faveur des anciens d\u2019\u00e9glise de la F\u00e9d\u00e9ration de Soconusco dans l\u2019\u00e9tat du Chiapas, au Mexique, pendant une s\u00e9ance de cons\u00e9cration lors d\u2019une session sp\u00e9ciale de formation \u00e0 l\u2019\u00e9vang\u00e9lisation le 11 janvier 2025. Quelque 8000 anciens et dirigeants d\u2019\u00e9glise de tout le territoire de l\u2019Union Mexicaine du Chiapas se sont r\u00e9unis du 10 au 18 janvier dans des auditoriums, des \u00e9glises et des centres pour \u00eatre inspir\u00e9s, form\u00e9s et s\u2019engager \u00e0 redoubler d\u2019efforts pour proclamer l\u2019\u00e9vangile avec l\u2019objectif de baptiser plus de 38000 nouveaux croyants au cours des quatre premiers mois de l\u2019ann\u00e9e. [Photo : M\u00e9dias de l\u2019Union Mexicaine du Chiapas]<\/p><\/div><em>Pr\u00e8s de 8000 anciens d\u2019\u00e9glise s\u2019engagent \u00e0 mobiliser les membres pour accueillir de nouveaux croyants au cours des quatre premiers mois de l\u2019ann\u00e9e.<\/em><\/p>\n<p>18 F\u00e9vrier 2025 | Tuxtla Guti\u00e9rrez, Chiapas, Mexique | Fran\u00e7aisYosainy Oyaga, Uriel Castellanos et Actualit\u00e9s de la Division Inter-Am\u00e9ricaine<\/p>\n<p>L\u2019\u00c9glise adventiste du septi\u00e8me jour dans l\u2019\u00e9tat du Chiapas, au Mexique, a commenc\u00e9 \u00e0 former et \u00e0 \u00e9quiper les anciens des \u00e9glises locales dans ses plus de 3000 \u00e9glises dans le cadre de la pr\u00e9paration pour d\u2019importantes campagnes d\u2019\u00e9vang\u00e9lisation visant \u00e0 atteindre un nombre historique de bapt\u00eames d\u2019ici la fin avril.<\/p>\n<p>Pr\u00e8s de 8000 anciens consacr\u00e9s se sont r\u00e9unis du 10 au 18 janvier 2025, sur divers sites dans les neuf champs r\u00e9gionaux, dans le but d\u2019\u00eatre inspir\u00e9s, form\u00e9s, et de s\u2019engager davantage dans la mission lors d\u2019une action d\u2019impact \u00e9vang\u00e9lique sans pr\u00e9c\u00e9dent, a indiqu\u00e9 le pasteur Ignacio Navarro, pr\u00e9sident de l\u2019Union Mexicaine du Chiapas.<\/p>\n<p><div id=\"attachment_125350\" style=\"width: 1010px\" class=\"wp-caption aligncenter\"><img decoding=\"async\" aria-describedby=\"caption-attachment-125350\" class=\"size-full wp-image-125349\" src=\"https:\/\/interamerica.org\/wp-content\/uploads\/2025\/02\/ignacio-navarro-cima-jan2025.jpg\" alt=\"\" width=\"1000\" height=\"676\" srcset=\"https:\/\/interamerica.org\/wp-content\/uploads\/2025\/02\/ignacio-navarro-cima-jan2025.jpg 1000w, https:\/\/interamerica.org\/wp-content\/uploads\/2025\/02\/ignacio-navarro-cima-jan2025-300x203.jpg 300w, https:\/\/interamerica.org\/wp-content\/uploads\/2025\/02\/ignacio-navarro-cima-jan2025-768x519.jpg 768w\" sizes=\"(max-width: 1000px) 100vw, 1000px\" \/><p id=\"caption-attachment-125350\" class=\"wp-caption-text\">Pasteur Ignacio Navarro (deuxi\u00e8me \u00e0 partir de la droite), pr\u00e9sident de l\u2019Union Mexicaine du Chiapas, s\u2019adresse \u00e0 des centaines d\u2019anciens et de dirigeants d\u2019\u00e9glises locales au site de camp de Las Sauces lors de sa visite en compagnie des administrateurs de la F\u00e9d\u00e9ration du Haut-Chiapas. [Photo : M\u00e9dias de l\u2019Union Mexicaine du Chiapas]<\/p><\/div>\u00ab Nos dirigeants, nos anciens, sont pr\u00eats \u00e0 avancer avec puissance sous la direction du Saint-Esprit pour apporter le message de l\u2019\u00e9vangile \u00e0 chaque foyer, chaque famille et chaque personne dans l\u2019\u00e9tat du Chiapas, \u00bb a dit pasteur Navarro. \u00ab Nous nous r\u00e9unirons pour des journ\u00e9es d\u2019impact \u00e9vang\u00e9lique tout au long des mois de f\u00e9vrier et de mars, et nous nous pr\u00e9parerons \u00e0 de grands efforts de moisson \u00e9vang\u00e9lique du 19 au 26 avril dans toutes les \u00e9glises du Chiapas. \u00bb<\/p>\n<p><strong>Sessions de formation \u00e0 l\u2019\u00e9vang\u00e9lisation dans tout le Chiapas<\/strong><\/p>\n<p>La caravane de sessions de formation a offert des messages spirituels aux anciens d\u2019\u00e9glise consacr\u00e9s, les motivant \u00e0 se rapprocher de Dieu et \u00e0 rechercher un engagement plus profond dans la mission o\u00f9 qu\u2019ils servent. Les anciens et les membres actifs de l\u2019\u00e9glise se sont r\u00e9unis \u00e0 Tapachula, \u00e0 Pueblo Nuevo Solistahuac\u00e1n, \u00e0 Pichucalco, \u00e0 Palenque, \u00e0 Cintalapa, \u00e0 Tuxtla Guti\u00e9rrez et \u00e0 Comit\u00e1n. Chaque session a \u00e9t\u00e9 l\u2019occasion pour 700 \u00e0 1200 dirigeants d\u2019\u00e9glises locales d\u2019en apprendre davantage sur les d\u00e9fis actuels auxquels l\u2019\u00e9glise est confront\u00e9e, sur la mani\u00e8re de mieux mobiliser et d\u2019impliquer les membres d\u2019\u00e9glise dans l\u2019\u00e9vang\u00e9lisation par le biais de programmes et d\u2019initiatives, et bien plus encore.<\/p>\n<p><div id=\"attachment_125362\" style=\"width: 1010px\" class=\"wp-caption aligncenter\"><img decoding=\"async\" aria-describedby=\"caption-attachment-125362\" class=\"size-full wp-image-125361\" src=\"https:\/\/interamerica.org\/wp-content\/uploads\/2025\/02\/cima-elders-soconusco-jan2025.jpg\" alt=\"\" width=\"1000\" height=\"563\" srcset=\"https:\/\/interamerica.org\/wp-content\/uploads\/2025\/02\/cima-elders-soconusco-jan2025.jpg 1000w, https:\/\/interamerica.org\/wp-content\/uploads\/2025\/02\/cima-elders-soconusco-jan2025-300x169.jpg 300w, https:\/\/interamerica.org\/wp-content\/uploads\/2025\/02\/cima-elders-soconusco-jan2025-768x432.jpg 768w\" sizes=\"(max-width: 1000px) 100vw, 1000px\" \/><p id=\"caption-attachment-125362\" class=\"wp-caption-text\">Plus de 1100 dirigeants d\u2019\u00e9glise des f\u00e9d\u00e9rations de Soconusco se sont r\u00e9unis le 11 janvier 2025 \u00e0 l\u2019auditorium du site de camp de Sina\u00ef lors de la session de formation de la caravane men\u00e9e par les dirigeants de la Division Inter Am\u00e9ricaine et les dirigeants de l\u2019Union Mexicaine du Chiapas. [Photo : M\u00e9dias de l\u2019Union Mexicaine du Chiapas]<\/p><\/div>Ces sessions sp\u00e9ciales de formation \u00e0 l\u2019\u00e9vang\u00e9lisation intervenaient dans le cadre d\u2019un programme missionnaire mis en place pour l\u2019ensemble du territoire et dirig\u00e9 par l\u2019Union Mexicaine du Chiapas en coordination avec la Division Inter Am\u00e9ricaine (DIA) pour intensifier la proclamation de l\u2019\u00e9vangile dans l\u2019optique d\u2019une grande c\u00e9l\u00e9bration baptismale \u00e0 Tuxtla Guti\u00e9rrez, dans le Chiapas, le 26 avril 2025. Les dirigeants de l\u2019\u00c9glise estiment que plus de 38000 nouveaux croyants se joindront \u00e0 l\u2019\u00c9glise au cours des quatre premiers mois de l\u2019ann\u00e9e.<\/p>\n<p>Lors de sa visite dans le Chiapas, pasteur Balvin Braham, vice-pr\u00e9sident de la DIA en charge de l\u2019\u00e9vang\u00e9lisation, a encourag\u00e9 les anciens d\u2019\u00e9glise \u00e0 renforcer leur engagement ensemble. \u00ab Dieu vous appelle \u00e0 prendre part \u00e0 cette merveilleuse \u0153uvre consistant \u00e0 pr\u00e9parer d\u2019autres pour le Royaume des Cieux, \u00bb a dit pasteur Braham. \u00ab Nous mettons en avant le plan \u2018Toute la Famille en Mission\u2019 et prions pour l\u2019effusion du Saint-Esprit \u00e0 travers cette belle initiative. L\u2019objectif \u00e9tait de baptiser plus de 20000 personnes au cours de ces quatre mois, mais votre Union du Chiapas s\u2019est fix\u00e9 comme objectif de baptiser 38612 personnes. \u00bb Balvin Braham a indiqu\u00e9 que, le 26 avril, d\u2019apr\u00e8s les estimations des dirigeants, plus de 70000 personnes seront baptis\u00e9es sur l\u2019ensemble du territoire de la DIA.<\/p>\n<p><div id=\"attachment_125365\" style=\"width: 1010px\" class=\"wp-caption aligncenter\"><img loading=\"lazy\" decoding=\"async\" aria-describedby=\"caption-attachment-125365\" class=\"size-full wp-image-125364\" src=\"https:\/\/interamerica.org\/wp-content\/uploads\/2025\/02\/balvinbraham-cima-elders-evanelism-jan2025.jpg\" alt=\"\" width=\"1000\" height=\"610\" srcset=\"https:\/\/interamerica.org\/wp-content\/uploads\/2025\/02\/balvinbraham-cima-elders-evanelism-jan2025.jpg 1000w, https:\/\/interamerica.org\/wp-content\/uploads\/2025\/02\/balvinbraham-cima-elders-evanelism-jan2025-300x183.jpg 300w, https:\/\/interamerica.org\/wp-content\/uploads\/2025\/02\/balvinbraham-cima-elders-evanelism-jan2025-768x468.jpg 768w\" sizes=\"(max-width: 1000px) 100vw, 1000px\" \/><p id=\"caption-attachment-125365\" class=\"wp-caption-text\">Pasteur Balvin Braham, vice-pr\u00e9sident de la Division Inter Am\u00e9ricaine en charge de l\u2019\u00e9vang\u00e9lisation, s\u2019adresse aux dirigeants des \u00e9glises locales pour intensifier leur engagement \u00e0 mobiliser les membres d\u2019\u00e9glise dans leurs congr\u00e9gations afin qu\u2019ils s\u2019impliquent pleinement dans la proclamation de l\u2019\u00e9vangile dans leurs communaut\u00e9s. [Photo : M\u00e9dias de l\u2019Union Mexicaine du Chiapas]<\/p><\/div><strong>Mobilisation des dirigeants et des membres<\/strong><\/p>\n<p>C\u2019est la premi\u00e8re fois que l\u2019\u00c9glise dans l\u2019Union Mexicaine du Chiapas tente de mobiliser autant de ses membres pour autant de bapt\u00eames en seulement quatre mois, ont d\u00e9clar\u00e9 les dirigeants de l\u2019union. L\u2019ann\u00e9e derni\u00e8re seulement, pr\u00e8s de 23000 bapt\u00eames ont eu lieu dans les \u00e9glises du Chiapas, ont-ils indiqu\u00e9.<\/p>\n<p>\u00ab Chaque ann\u00e9e, notre union organise une caravane sp\u00e9ciale ayant pour objectif de former les dirigeants des \u00e9glises locales, mais cette ann\u00e9e, il s\u2019agissait sp\u00e9cifiquement de former les anciens et les dirigeants d\u2019\u00e9glise dans le cadre du plan d\u2019\u00e9vang\u00e9lisation que nous avons baptis\u00e9 \u2018Esp\u00e9rance Inter-Am\u00e9rique : Le Ciel Vous Attend,\u2019 \u00bb a expliqu\u00e9 pasteur Navarro.<\/p>\n<p><div id=\"attachment_125347\" style=\"width: 1010px\" class=\"wp-caption aligncenter\"><img loading=\"lazy\" decoding=\"async\" aria-describedby=\"caption-attachment-125347\" class=\"wp-image-125346 size-full\" src=\"https:\/\/interamerica.org\/wp-content\/uploads\/2025\/02\/cima-elders-bibles-high-jan2025.jpg\" alt=\"\" width=\"1000\" height=\"667\" srcset=\"https:\/\/interamerica.org\/wp-content\/uploads\/2025\/02\/cima-elders-bibles-high-jan2025.jpg 1000w, https:\/\/interamerica.org\/wp-content\/uploads\/2025\/02\/cima-elders-bibles-high-jan2025-300x200.jpg 300w, https:\/\/interamerica.org\/wp-content\/uploads\/2025\/02\/cima-elders-bibles-high-jan2025-768x512.jpg 768w\" sizes=\"(max-width: 1000px) 100vw, 1000px\" \/><p id=\"caption-attachment-125347\" class=\"wp-caption-text\">Les anciens d\u2019\u00e9glise consacr\u00e9s tiennent leurs nouvelles bibles sp\u00e9cialement con\u00e7ues dans une \u00e9glise adventiste du septi\u00e8me jour dans la Mission de Bosques, le 14 janvier 2025. Les anciens d\u2019\u00e9glise consacr\u00e9s ont chacun re\u00e7u un sac \u00e0 dos contenant la Bible, des le\u00e7ons d\u2019\u00e9tude biblique et une nouvelle blouse de bapt\u00eame \u00e0 utiliser lorsqu\u2019ils baptiseront de nouveaux croyants dans l\u2019\u00c9glise au cours des prochaines semaines. [Photo : M\u00e9dias de l\u2019Union Mexicaine du Chiapas]<\/p><\/div>Les sessions de la caravane d\u2019\u00e9vang\u00e9lisation ont fait \u00e9tat de 160 bapt\u00eames r\u00e9alis\u00e9s suite \u00e0 des efforts intensifs au d\u00e9but de janvier. Le programme comprenait des concerts musicaux et des pr\u00e9sentations faites par les directeurs de d\u00e9partement de la DIA et par les administrateurs et directeurs de d\u00e9partement de l\u2019Union Mexicaine du Chiapas.<\/p>\n<p>Les participants ont exprim\u00e9 leur joie d\u2019avoir l\u2019opportunit\u00e9 de participer \u00e0 ce programme historique.<\/p>\n<p><strong>R\u00e9actions des anciens d\u2019\u00e9glise consacr\u00e9s<\/strong><\/p>\n<p>Orbin Guti\u00e9rrez, ancien de l\u2019\u00e9glise adventiste de Copainal\u00e1 II depuis 30 ans, a partag\u00e9 son enthousiasme : \u00ab Pour moi, cela a \u00e9t\u00e9 une belle exp\u00e9rience, et je remercie Dieu de ce que l\u2019\u00c9glise nous donne l\u2019opportunit\u00e9 de participer \u00e0 un programme aussi sp\u00e9cial o\u00f9 nous pouvons baptiser au niveau du district. C\u2019est une grande joie et un grand privil\u00e8ge. \u00bb<\/p>\n<p><div id=\"attachment_125368\" style=\"width: 1010px\" class=\"wp-caption aligncenter\"><img loading=\"lazy\" decoding=\"async\" aria-describedby=\"caption-attachment-125368\" class=\"size-full wp-image-125367\" src=\"https:\/\/interamerica.org\/wp-content\/uploads\/2025\/02\/cima-baptism-elders-jan2025.jpg\" alt=\"\" width=\"1000\" height=\"667\" srcset=\"https:\/\/interamerica.org\/wp-content\/uploads\/2025\/02\/cima-baptism-elders-jan2025.jpg 1000w, https:\/\/interamerica.org\/wp-content\/uploads\/2025\/02\/cima-baptism-elders-jan2025-300x200.jpg 300w, https:\/\/interamerica.org\/wp-content\/uploads\/2025\/02\/cima-baptism-elders-jan2025-768x512.jpg 768w\" sizes=\"(max-width: 1000px) 100vw, 1000px\" \/><p id=\"caption-attachment-125368\" class=\"wp-caption-text\">TDeux des 14 nouveaux croyants se pr\u00e9parent \u00e0 \u00eatre baptis\u00e9s par des anciens d\u2019\u00e9glise habilit\u00e9s lors d\u2019une c\u00e9r\u00e9monie sp\u00e9ciale \u00e0 Tuxtla Guti\u00e9rrez, dans le Chiapas, au Mexique, le 16 janvier 2025 pendant la session de formation organis\u00e9e \u00e0 la F\u00e9d\u00e9ration de Grijalva. [Photo : M\u00e9dias de l\u2019Union Mexicaine du Chiapas]<\/p><\/div>Levi Morales de l\u2019\u00e9glise adventiste de Las Nubes dans la F\u00e9d\u00e9ration de Soconusco, qui a \u00e9t\u00e9 consacr\u00e9 ancien il y a un an, a d\u00e9clar\u00e9 qu\u2019il ne pouvait pas expliquer exactement la joie qu\u2019il ressentait de participer \u00e0 un effort d\u2019\u00e9vang\u00e9lisation \u00e0 si grande \u00e9chelle. \u00ab Ce premier programme m\u2019a profond\u00e9ment marqu\u00e9 en raison de l\u2019autorisation que la f\u00e9d\u00e9ration et l\u2019union nous donnent de baptiser et d\u2019accueillir dans l\u2019\u00e9glise ceux \u00e0 qui nous avons donn\u00e9 des \u00e9tudes bibliques, \u00bb a dit Levi Morales.<\/p>\n<p>\u00ab C\u2019est un privil\u00e8ge que l\u2019\u00c9glise nous accorde, et je suis vraiment reconnaissant \u00e0 Dieu pour cette opportunit\u00e9 de baptiser et d\u2019amener ma fille aux pieds du Seigneur, \u00bb a d\u00e9clar\u00e9 Luis Alonso Jim\u00e9nez, un ancien de l\u2019\u00e9glise adventiste Centrale du district de Honduras dans la F\u00e9d\u00e9ration du Haut Chiapas.<\/p>\n<p><div id=\"attachment_125353\" style=\"width: 1010px\" class=\"wp-caption aligncenter\"><img loading=\"lazy\" decoding=\"async\" aria-describedby=\"caption-attachment-125353\" class=\"size-full wp-image-125352\" src=\"https:\/\/interamerica.org\/wp-content\/uploads\/2025\/02\/cima-choir-jan2025.jpg\" alt=\"\" width=\"1000\" height=\"601\" srcset=\"https:\/\/interamerica.org\/wp-content\/uploads\/2025\/02\/cima-choir-jan2025.jpg 1000w, https:\/\/interamerica.org\/wp-content\/uploads\/2025\/02\/cima-choir-jan2025-300x180.jpg 300w, https:\/\/interamerica.org\/wp-content\/uploads\/2025\/02\/cima-choir-jan2025-768x462.jpg 768w\" sizes=\"(max-width: 1000px) 100vw, 1000px\" \/><p id=\"caption-attachment-125353\" class=\"wp-caption-text\">Les chanteurs de la chorale de l\u2019Union Mexicaine du Chiapas interviennent lors d\u2019un concert donn\u00e9 dans le cadre des sessions de formation \u00e0 l\u2019\u00e9vang\u00e9lisation organis\u00e9es \u00e0 Las Sauces, le site de camp de l\u2019\u00c9glise dans la F\u00e9d\u00e9ration du Haut Chiapas, dans le Chiapas, au Mexique. La chorale a parcouru les neuf champs locaux du Chiapas du 10 au 18 janvier 2025. [Photo : M\u00e9dias de l\u2019Union Mexicaine du Chiapas]<\/p><\/div>Uziel Roblero, un ancien d\u2019\u00e9glise consacr\u00e9 de la F\u00e9d\u00e9ration du Centre du Chiapas, a dit qu\u2019il avait \u00e9prouv\u00e9 de la joie \u00e0 baptiser sa s\u0153ur a\u00een\u00e9e, Emma Roblero : \u00ab C\u2019est la premi\u00e8re fois que je baptise, et cela a \u00e9t\u00e9 une exp\u00e9rience vraiment sp\u00e9ciale, \u00bb a-t-il d\u00e9clar\u00e9. \u00ab Je remercie Dieu pour elle et pour l\u2019opportunit\u00e9 de participer \u00e0 cette c\u00e9r\u00e9monie de bapt\u00eame sp\u00e9ciale. \u00bb Emma Roblero a d\u00e9clar\u00e9 qu\u2019elle se sentait b\u00e9nie et heureuse d\u2019avoir \u00e9t\u00e9 baptis\u00e9e par son jeune fr\u00e8re et d\u2019avoir \u00ab donn\u00e9 sa vie \u00e0 Dieu. \u00bb<\/p>\n<p>Chaque ancien d\u2019\u00e9glise form\u00e9 dans le Chiapas a re\u00e7u un sac \u00e0 dos sp\u00e9cial contenant une Bible, des lots de le\u00e7ons d\u2019\u00e9tude biblique et les anciens consacr\u00e9s ont re\u00e7u une blouse de bapt\u00eame.<\/p>\n<p>Des centaines de pasteurs, d\u2019\u00e9vang\u00e9listes et d\u2019\u00e9tudiants en th\u00e9ologie de l\u2019Universit\u00e9 de Montemorelos et de l\u2019universit\u00e9 de Linda Vista tiendront des campagnes d\u2019\u00e9vang\u00e9lisation dans les 3000 \u00e9glises adventistes du Chiapas du 19 au 26 avril en amont des milliers de bapt\u00eames qui auront lieu le 26 avril 2025.<\/p>\n<p>Traduction: Patrick Luciathe<\/p>\n","protected":false},"excerpt":{"rendered":"<p>Pr\u00e8s de 8000 anciens d\u2019\u00e9glise s\u2019engagent \u00e0 mobiliser les membres pour accueillir de nouveaux croyants au cours des quatre premiers mois de l\u2019ann\u00e9e. 18 F\u00e9vrier 2025 | Tuxtla Guti\u00e9rrez, Chiapas,&#8230;<\/p>\n","protected":false},"author":3,"featured_media":125359,"comment_status":"closed","ping_status":"closed","sticky":false,"template":"","format":"standard","meta":{"_acf_changed":false,"footnotes":""},"categories":[21,19],"tags":[],"class_list":["post-125504","post","type-post","status-publish","format-standard","has-post-thumbnail","hentry","category-nouvelles-du-territoire","category-rss-francais"],"acf":[],"yoast_head":"<!-- This site is optimized with the Yoast SEO plugin v27.3 - https:\/\/yoast.com\/product\/yoast-seo-wordpress\/ -->\n<title>Au Mexique, les anciens d\u2019\u00e9glise dans le Chiapas se pr\u00e9parent pour des efforts d\u2019\u00e9vang\u00e9lisation majeurs et des records de bapt\u00eames - \u00c9glise Adventiste Du Septieme Jour - Inter Am\u00e9rique Division<\/title>\n<meta name=\"robots\" content=\"index, follow, max-snippet:-1, max-image-preview:large, max-video-preview:-1\" \/>\n<link rel=\"canonical\" href=\"https:\/\/interamerica.org\/fr\/2025\/02\/au-mexique-les-anciens-deglise-dans-le-chiapas-se-preparent-pour-des-efforts-devangelisation-majeurs-et-des-records-de-baptemes\/\" \/>\n<meta property=\"og:locale\" content=\"fr_FR\" \/>\n<meta property=\"og:type\" content=\"article\" \/>\n<meta property=\"og:title\" content=\"Au Mexique, les anciens d\u2019\u00e9glise dans le Chiapas se pr\u00e9parent pour des efforts d\u2019\u00e9vang\u00e9lisation majeurs et des records de bapt\u00eames - \u00c9glise Adventiste Du Septieme Jour - Inter Am\u00e9rique Division\" \/>\n<meta property=\"og:description\" content=\"Pr\u00e8s de 8000 anciens d\u2019\u00e9glise s\u2019engagent \u00e0 mobiliser les membres pour accueillir de nouveaux croyants au cours des quatre premiers mois de l\u2019ann\u00e9e. 18 F\u00e9vrier 2025 | Tuxtla Guti\u00e9rrez, Chiapas,...\" \/>\n<meta property=\"og:url\" content=\"https:\/\/interamerica.org\/fr\/2025\/02\/au-mexique-les-anciens-deglise-dans-le-chiapas-se-preparent-pour-des-efforts-devangelisation-majeurs-et-des-records-de-baptemes\/\" \/>\n<meta property=\"og:site_name\" content=\"\u00c9glise Adventiste Du Septieme Jour - Inter Am\u00e9rique Division\" \/>\n<meta property=\"article:published_time\" content=\"2025-02-19T17:35:36+00:00\" \/>\n<meta property=\"article:modified_time\" content=\"2025-02-26T19:16:51+00:00\" \/>\n<meta property=\"og:image\" content=\"https:\/\/interamerica.org\/wp-content\/uploads\/2025\/02\/cima-elders-praying-soconusco-jan2025.jpg\" \/>\n\t<meta property=\"og:image:width\" content=\"1000\" \/>\n\t<meta property=\"og:image:height\" content=\"563\" \/>\n\t<meta property=\"og:image:type\" content=\"image\/jpeg\" \/>\n<meta name=\"author\" content=\"libna\" \/>\n<meta name=\"twitter:card\" content=\"summary_large_image\" \/>\n<meta name=\"twitter:label1\" content=\"\u00c9crit par\" \/>\n\t<meta name=\"twitter:data1\" content=\"libna\" \/>\n\t<meta name=\"twitter:label2\" content=\"Dur\u00e9e de lecture estim\u00e9e\" \/>\n\t<meta name=\"twitter:data2\" content=\"9 minutes\" \/>\n<script type=\"application\/ld+json\" class=\"yoast-schema-graph\">{\"@context\":\"https:\\\/\\\/schema.org\",\"@graph\":[{\"@type\":\"Article\",\"@id\":\"https:\\\/\\\/interamerica.org\\\/fr\\\/2025\\\/02\\\/au-mexique-les-anciens-deglise-dans-le-chiapas-se-preparent-pour-des-efforts-devangelisation-majeurs-et-des-records-de-baptemes\\\/#article\",\"isPartOf\":{\"@id\":\"https:\\\/\\\/interamerica.org\\\/fr\\\/2025\\\/02\\\/au-mexique-les-anciens-deglise-dans-le-chiapas-se-preparent-pour-des-efforts-devangelisation-majeurs-et-des-records-de-baptemes\\\/\"},\"author\":{\"name\":\"libna\",\"@id\":\"https:\\\/\\\/interamerica.org\\\/fr\\\/#\\\/schema\\\/person\\\/29998f2bc2d8bd0d38662909289b54f1\"},\"headline\":\"Au Mexique, les anciens d\u2019\u00e9glise dans le Chiapas se pr\u00e9parent pour des efforts d\u2019\u00e9vang\u00e9lisation majeurs et des records de bapt\u00eames\",\"datePublished\":\"2025-02-19T17:35:36+00:00\",\"dateModified\":\"2025-02-26T19:16:51+00:00\",\"mainEntityOfPage\":{\"@id\":\"https:\\\/\\\/interamerica.org\\\/fr\\\/2025\\\/02\\\/au-mexique-les-anciens-deglise-dans-le-chiapas-se-preparent-pour-des-efforts-devangelisation-majeurs-et-des-records-de-baptemes\\\/\"},\"wordCount\":1818,\"image\":{\"@id\":\"https:\\\/\\\/interamerica.org\\\/fr\\\/2025\\\/02\\\/au-mexique-les-anciens-deglise-dans-le-chiapas-se-preparent-pour-des-efforts-devangelisation-majeurs-et-des-records-de-baptemes\\\/#primaryimage\"},\"thumbnailUrl\":\"https:\\\/\\\/interamerica.org\\\/wp-content\\\/uploads\\\/2025\\\/02\\\/cima-elders-praying-soconusco-jan2025.jpg\",\"articleSection\":[\"Nouvelles du territoire\",\"RSS Fran\u00e7ais\"],\"inLanguage\":\"fr-FR\"},{\"@type\":\"WebPage\",\"@id\":\"https:\\\/\\\/interamerica.org\\\/fr\\\/2025\\\/02\\\/au-mexique-les-anciens-deglise-dans-le-chiapas-se-preparent-pour-des-efforts-devangelisation-majeurs-et-des-records-de-baptemes\\\/\",\"url\":\"https:\\\/\\\/interamerica.org\\\/fr\\\/2025\\\/02\\\/au-mexique-les-anciens-deglise-dans-le-chiapas-se-preparent-pour-des-efforts-devangelisation-majeurs-et-des-records-de-baptemes\\\/\",\"name\":\"Au Mexique, les anciens d\u2019\u00e9glise dans le Chiapas se pr\u00e9parent pour des efforts d\u2019\u00e9vang\u00e9lisation majeurs et des records de bapt\u00eames - \u00c9glise Adventiste Du Septieme Jour - Inter Am\u00e9rique Division\",\"isPartOf\":{\"@id\":\"https:\\\/\\\/interamerica.org\\\/fr\\\/#website\"},\"primaryImageOfPage\":{\"@id\":\"https:\\\/\\\/interamerica.org\\\/fr\\\/2025\\\/02\\\/au-mexique-les-anciens-deglise-dans-le-chiapas-se-preparent-pour-des-efforts-devangelisation-majeurs-et-des-records-de-baptemes\\\/#primaryimage\"},\"image\":{\"@id\":\"https:\\\/\\\/interamerica.org\\\/fr\\\/2025\\\/02\\\/au-mexique-les-anciens-deglise-dans-le-chiapas-se-preparent-pour-des-efforts-devangelisation-majeurs-et-des-records-de-baptemes\\\/#primaryimage\"},\"thumbnailUrl\":\"https:\\\/\\\/interamerica.org\\\/wp-content\\\/uploads\\\/2025\\\/02\\\/cima-elders-praying-soconusco-jan2025.jpg\",\"datePublished\":\"2025-02-19T17:35:36+00:00\",\"dateModified\":\"2025-02-26T19:16:51+00:00\",\"author\":{\"@id\":\"https:\\\/\\\/interamerica.org\\\/fr\\\/#\\\/schema\\\/person\\\/29998f2bc2d8bd0d38662909289b54f1\"},\"breadcrumb\":{\"@id\":\"https:\\\/\\\/interamerica.org\\\/fr\\\/2025\\\/02\\\/au-mexique-les-anciens-deglise-dans-le-chiapas-se-preparent-pour-des-efforts-devangelisation-majeurs-et-des-records-de-baptemes\\\/#breadcrumb\"},\"inLanguage\":\"fr-FR\",\"potentialAction\":[{\"@type\":\"ReadAction\",\"target\":[\"https:\\\/\\\/interamerica.org\\\/fr\\\/2025\\\/02\\\/au-mexique-les-anciens-deglise-dans-le-chiapas-se-preparent-pour-des-efforts-devangelisation-majeurs-et-des-records-de-baptemes\\\/\"]}]},{\"@type\":\"ImageObject\",\"inLanguage\":\"fr-FR\",\"@id\":\"https:\\\/\\\/interamerica.org\\\/fr\\\/2025\\\/02\\\/au-mexique-les-anciens-deglise-dans-le-chiapas-se-preparent-pour-des-efforts-devangelisation-majeurs-et-des-records-de-baptemes\\\/#primaryimage\",\"url\":\"https:\\\/\\\/interamerica.org\\\/wp-content\\\/uploads\\\/2025\\\/02\\\/cima-elders-praying-soconusco-jan2025.jpg\",\"contentUrl\":\"https:\\\/\\\/interamerica.org\\\/wp-content\\\/uploads\\\/2025\\\/02\\\/cima-elders-praying-soconusco-jan2025.jpg\",\"width\":1000,\"height\":563,\"caption\":\"[Photo: Chiapas Mexican Union Media]\"},{\"@type\":\"BreadcrumbList\",\"@id\":\"https:\\\/\\\/interamerica.org\\\/fr\\\/2025\\\/02\\\/au-mexique-les-anciens-deglise-dans-le-chiapas-se-preparent-pour-des-efforts-devangelisation-majeurs-et-des-records-de-baptemes\\\/#breadcrumb\",\"itemListElement\":[{\"@type\":\"ListItem\",\"position\":1,\"name\":\"Home\",\"item\":\"https:\\\/\\\/interamerica.org\\\/fr\\\/\"},{\"@type\":\"ListItem\",\"position\":2,\"name\":\"Au Mexique, les anciens d\u2019\u00e9glise dans le Chiapas se pr\u00e9parent pour des efforts d\u2019\u00e9vang\u00e9lisation majeurs et des records de bapt\u00eames\"}]},{\"@type\":\"WebSite\",\"@id\":\"https:\\\/\\\/interamerica.org\\\/fr\\\/#website\",\"url\":\"https:\\\/\\\/interamerica.org\\\/fr\\\/\",\"name\":\"\u00c9glise Adventiste Du Septieme Jour - Inter Am\u00e9rique Division\",\"description\":\"\",\"potentialAction\":[{\"@type\":\"SearchAction\",\"target\":{\"@type\":\"EntryPoint\",\"urlTemplate\":\"https:\\\/\\\/interamerica.org\\\/fr\\\/?s={search_term_string}\"},\"query-input\":{\"@type\":\"PropertyValueSpecification\",\"valueRequired\":true,\"valueName\":\"search_term_string\"}}],\"inLanguage\":\"fr-FR\"},{\"@type\":\"Person\",\"@id\":\"https:\\\/\\\/interamerica.org\\\/fr\\\/#\\\/schema\\\/person\\\/29998f2bc2d8bd0d38662909289b54f1\",\"name\":\"libna\",\"image\":{\"@type\":\"ImageObject\",\"inLanguage\":\"fr-FR\",\"@id\":\"https:\\\/\\\/secure.gravatar.com\\\/avatar\\\/7c5bd30ae4b47a9ba3c856590957fd1d96dc588bf3ac05719d247e126840331f?s=96&d=mm&r=g\",\"url\":\"https:\\\/\\\/secure.gravatar.com\\\/avatar\\\/7c5bd30ae4b47a9ba3c856590957fd1d96dc588bf3ac05719d247e126840331f?s=96&d=mm&r=g\",\"contentUrl\":\"https:\\\/\\\/secure.gravatar.com\\\/avatar\\\/7c5bd30ae4b47a9ba3c856590957fd1d96dc588bf3ac05719d247e126840331f?s=96&d=mm&r=g\",\"caption\":\"libna\"}}]}<\/script>\n<!-- \/ Yoast SEO plugin. -->","yoast_head_json":{"title":"Au Mexique, les anciens d\u2019\u00e9glise dans le Chiapas se pr\u00e9parent pour des efforts d\u2019\u00e9vang\u00e9lisation majeurs et des records de bapt\u00eames - \u00c9glise Adventiste Du Septieme Jour - Inter Am\u00e9rique Division","robots":{"index":"index","follow":"follow","max-snippet":"max-snippet:-1","max-image-preview":"max-image-preview:large","max-video-preview":"max-video-preview:-1"},"canonical":"https:\/\/interamerica.org\/fr\/2025\/02\/au-mexique-les-anciens-deglise-dans-le-chiapas-se-preparent-pour-des-efforts-devangelisation-majeurs-et-des-records-de-baptemes\/","og_locale":"fr_FR","og_type":"article","og_title":"Au Mexique, les anciens d\u2019\u00e9glise dans le Chiapas se pr\u00e9parent pour des efforts d\u2019\u00e9vang\u00e9lisation majeurs et des records de bapt\u00eames - \u00c9glise Adventiste Du Septieme Jour - Inter Am\u00e9rique Division","og_description":"Pr\u00e8s de 8000 anciens d\u2019\u00e9glise s\u2019engagent \u00e0 mobiliser les membres pour accueillir de nouveaux croyants au cours des quatre premiers mois de l\u2019ann\u00e9e. 18 F\u00e9vrier 2025 | Tuxtla Guti\u00e9rrez, Chiapas,...","og_url":"https:\/\/interamerica.org\/fr\/2025\/02\/au-mexique-les-anciens-deglise-dans-le-chiapas-se-preparent-pour-des-efforts-devangelisation-majeurs-et-des-records-de-baptemes\/","og_site_name":"\u00c9glise Adventiste Du Septieme Jour - Inter Am\u00e9rique Division","article_published_time":"2025-02-19T17:35:36+00:00","article_modified_time":"2025-02-26T19:16:51+00:00","og_image":[{"width":1000,"height":563,"url":"https:\/\/interamerica.org\/wp-content\/uploads\/2025\/02\/cima-elders-praying-soconusco-jan2025.jpg","type":"image\/jpeg"}],"author":"libna","twitter_card":"summary_large_image","twitter_misc":{"\u00c9crit par":"libna","Dur\u00e9e de lecture estim\u00e9e":"9 minutes"},"schema":{"@context":"https:\/\/schema.org","@graph":[{"@type":"Article","@id":"https:\/\/interamerica.org\/fr\/2025\/02\/au-mexique-les-anciens-deglise-dans-le-chiapas-se-preparent-pour-des-efforts-devangelisation-majeurs-et-des-records-de-baptemes\/#article","isPartOf":{"@id":"https:\/\/interamerica.org\/fr\/2025\/02\/au-mexique-les-anciens-deglise-dans-le-chiapas-se-preparent-pour-des-efforts-devangelisation-majeurs-et-des-records-de-baptemes\/"},"author":{"name":"libna","@id":"https:\/\/interamerica.org\/fr\/#\/schema\/person\/29998f2bc2d8bd0d38662909289b54f1"},"headline":"Au Mexique, les anciens d\u2019\u00e9glise dans le Chiapas se pr\u00e9parent pour des efforts d\u2019\u00e9vang\u00e9lisation majeurs et des records de bapt\u00eames","datePublished":"2025-02-19T17:35:36+00:00","dateModified":"2025-02-26T19:16:51+00:00","mainEntityOfPage":{"@id":"https:\/\/interamerica.org\/fr\/2025\/02\/au-mexique-les-anciens-deglise-dans-le-chiapas-se-preparent-pour-des-efforts-devangelisation-majeurs-et-des-records-de-baptemes\/"},"wordCount":1818,"image":{"@id":"https:\/\/interamerica.org\/fr\/2025\/02\/au-mexique-les-anciens-deglise-dans-le-chiapas-se-preparent-pour-des-efforts-devangelisation-majeurs-et-des-records-de-baptemes\/#primaryimage"},"thumbnailUrl":"https:\/\/interamerica.org\/wp-content\/uploads\/2025\/02\/cima-elders-praying-soconusco-jan2025.jpg","articleSection":["Nouvelles du territoire","RSS Fran\u00e7ais"],"inLanguage":"fr-FR"},{"@type":"WebPage","@id":"https:\/\/interamerica.org\/fr\/2025\/02\/au-mexique-les-anciens-deglise-dans-le-chiapas-se-preparent-pour-des-efforts-devangelisation-majeurs-et-des-records-de-baptemes\/","url":"https:\/\/interamerica.org\/fr\/2025\/02\/au-mexique-les-anciens-deglise-dans-le-chiapas-se-preparent-pour-des-efforts-devangelisation-majeurs-et-des-records-de-baptemes\/","name":"Au Mexique, les anciens d\u2019\u00e9glise dans le Chiapas se pr\u00e9parent pour des efforts d\u2019\u00e9vang\u00e9lisation majeurs et des records de bapt\u00eames - \u00c9glise Adventiste Du Septieme Jour - Inter Am\u00e9rique Division","isPartOf":{"@id":"https:\/\/interamerica.org\/fr\/#website"},"primaryImageOfPage":{"@id":"https:\/\/interamerica.org\/fr\/2025\/02\/au-mexique-les-anciens-deglise-dans-le-chiapas-se-preparent-pour-des-efforts-devangelisation-majeurs-et-des-records-de-baptemes\/#primaryimage"},"image":{"@id":"https:\/\/interamerica.org\/fr\/2025\/02\/au-mexique-les-anciens-deglise-dans-le-chiapas-se-preparent-pour-des-efforts-devangelisation-majeurs-et-des-records-de-baptemes\/#primaryimage"},"thumbnailUrl":"https:\/\/interamerica.org\/wp-content\/uploads\/2025\/02\/cima-elders-praying-soconusco-jan2025.jpg","datePublished":"2025-02-19T17:35:36+00:00","dateModified":"2025-02-26T19:16:51+00:00","author":{"@id":"https:\/\/interamerica.org\/fr\/#\/schema\/person\/29998f2bc2d8bd0d38662909289b54f1"},"breadcrumb":{"@id":"https:\/\/interamerica.org\/fr\/2025\/02\/au-mexique-les-anciens-deglise-dans-le-chiapas-se-preparent-pour-des-efforts-devangelisation-majeurs-et-des-records-de-baptemes\/#breadcrumb"},"inLanguage":"fr-FR","potentialAction":[{"@type":"ReadAction","target":["https:\/\/interamerica.org\/fr\/2025\/02\/au-mexique-les-anciens-deglise-dans-le-chiapas-se-preparent-pour-des-efforts-devangelisation-majeurs-et-des-records-de-baptemes\/"]}]},{"@type":"ImageObject","inLanguage":"fr-FR","@id":"https:\/\/interamerica.org\/fr\/2025\/02\/au-mexique-les-anciens-deglise-dans-le-chiapas-se-preparent-pour-des-efforts-devangelisation-majeurs-et-des-records-de-baptemes\/#primaryimage","url":"https:\/\/interamerica.org\/wp-content\/uploads\/2025\/02\/cima-elders-praying-soconusco-jan2025.jpg","contentUrl":"https:\/\/interamerica.org\/wp-content\/uploads\/2025\/02\/cima-elders-praying-soconusco-jan2025.jpg","width":1000,"height":563,"caption":"[Photo: Chiapas Mexican Union Media]"},{"@type":"BreadcrumbList","@id":"https:\/\/interamerica.org\/fr\/2025\/02\/au-mexique-les-anciens-deglise-dans-le-chiapas-se-preparent-pour-des-efforts-devangelisation-majeurs-et-des-records-de-baptemes\/#breadcrumb","itemListElement":[{"@type":"ListItem","position":1,"name":"Home","item":"https:\/\/interamerica.org\/fr\/"},{"@type":"ListItem","position":2,"name":"Au Mexique, les anciens d\u2019\u00e9glise dans le Chiapas se pr\u00e9parent pour des efforts d\u2019\u00e9vang\u00e9lisation majeurs et des records de bapt\u00eames"}]},{"@type":"WebSite","@id":"https:\/\/interamerica.org\/fr\/#website","url":"https:\/\/interamerica.org\/fr\/","name":"\u00c9glise Adventiste Du Septieme Jour - Inter Am\u00e9rique Division","description":"","potentialAction":[{"@type":"SearchAction","target":{"@type":"EntryPoint","urlTemplate":"https:\/\/interamerica.org\/fr\/?s={search_term_string}"},"query-input":{"@type":"PropertyValueSpecification","valueRequired":true,"valueName":"search_term_string"}}],"inLanguage":"fr-FR"},{"@type":"Person","@id":"https:\/\/interamerica.org\/fr\/#\/schema\/person\/29998f2bc2d8bd0d38662909289b54f1","name":"libna","image":{"@type":"ImageObject","inLanguage":"fr-FR","@id":"https:\/\/secure.gravatar.com\/avatar\/7c5bd30ae4b47a9ba3c856590957fd1d96dc588bf3ac05719d247e126840331f?s=96&d=mm&r=g","url":"https:\/\/secure.gravatar.com\/avatar\/7c5bd30ae4b47a9ba3c856590957fd1d96dc588bf3ac05719d247e126840331f?s=96&d=mm&r=g","contentUrl":"https:\/\/secure.gravatar.com\/avatar\/7c5bd30ae4b47a9ba3c856590957fd1d96dc588bf3ac05719d247e126840331f?s=96&d=mm&r=g","caption":"libna"}}]}},"_links":{"self":[{"href":"https:\/\/interamerica.org\/fr\/wp-json\/wp\/v2\/posts\/125504","targetHints":{"allow":["GET"]}}],"collection":[{"href":"https:\/\/interamerica.org\/fr\/wp-json\/wp\/v2\/posts"}],"about":[{"href":"https:\/\/interamerica.org\/fr\/wp-json\/wp\/v2\/types\/post"}],"author":[{"embeddable":true,"href":"https:\/\/interamerica.org\/fr\/wp-json\/wp\/v2\/users\/3"}],"replies":[{"embeddable":true,"href":"https:\/\/interamerica.org\/fr\/wp-json\/wp\/v2\/comments?post=125504"}],"version-history":[{"count":0,"href":"https:\/\/interamerica.org\/fr\/wp-json\/wp\/v2\/posts\/125504\/revisions"}],"wp:featuredmedia":[{"embeddable":true,"href":"https:\/\/interamerica.org\/fr\/wp-json\/wp\/v2\/media\/125359"}],"wp:attachment":[{"href":"https:\/\/interamerica.org\/fr\/wp-json\/wp\/v2\/media?parent=125504"}],"wp:term":[{"taxonomy":"category","embeddable":true,"href":"https:\/\/interamerica.org\/fr\/wp-json\/wp\/v2\/categories?post=125504"},{"taxonomy":"post_tag","embeddable":true,"href":"https:\/\/interamerica.org\/fr\/wp-json\/wp\/v2\/tags?post=125504"}],"curies":[{"name":"wp","href":"https:\/\/api.w.org\/{rel}","templated":true}]}}