{"id":125505,"date":"2025-02-19T19:17:15","date_gmt":"2025-02-20T00:17:15","guid":{"rendered":"https:\/\/interamerica.org\/?p=125505"},"modified":"2025-02-21T23:11:55","modified_gmt":"2025-02-22T04:11:55","slug":"une-surprise-familiale-en-argentine-met-en-relief-ce-que-coute-la-mission","status":"publish","type":"post","link":"https:\/\/interamerica.org\/fr\/2025\/02\/une-surprise-familiale-en-argentine-met-en-relief-ce-que-coute-la-mission\/","title":{"rendered":"Une surprise familiale en Argentine met en relief ce que co\u00fbte la mission"},"content":{"rendered":"<div id=\"attachment_125384\" style=\"width: 1034px\" class=\"wp-caption aligncenter\"><img fetchpriority=\"high\" decoding=\"async\" aria-describedby=\"caption-attachment-125384\" class=\"size-large wp-image-125383\" src=\"https:\/\/interamerica.org\/wp-content\/uploads\/2025\/02\/argentina-5-2-1024x583.jpg\" alt=\"\" width=\"1024\" height=\"583\" srcset=\"https:\/\/interamerica.org\/wp-content\/uploads\/2025\/02\/argentina-5-2-1024x583.jpg 1024w, https:\/\/interamerica.org\/wp-content\/uploads\/2025\/02\/argentina-5-2-300x171.jpg 300w, https:\/\/interamerica.org\/wp-content\/uploads\/2025\/02\/argentina-5-2-768x437.jpg 768w, https:\/\/interamerica.org\/wp-content\/uploads\/2025\/02\/argentina-5-2-1536x874.jpg 1536w, https:\/\/interamerica.org\/wp-content\/uploads\/2025\/02\/argentina-5-2.jpg 2048w\" sizes=\"(max-width: 1024px) 100vw, 1024px\" \/><p id=\"caption-attachment-125384\" class=\"wp-caption-text\">Une d\u00e9l\u00e9gation a accueilli Ted N. C. Wilson et sa femme, Nancy, en Argentine le 13 f\u00e9vrier. Elle comprenait leur plus jeune fille et une petite-fille, qui ont fait le voyage dans le cadre d\u2019une surprise. [Photo : Alexis Villar]<\/p><\/div>\n<p class=\"c-post-header__subtitle\"><em>Le pr\u00e9sident de la Conf\u00e9rence G\u00e9n\u00e9rale, Ted N. C. Wilson, participe \u00e0 des programmes ax\u00e9s sur la mission et \u00e0 des inaugurations.<\/em><\/p>\n<p>19 F\u00e9vrier 2025 | Argentine | Marcos Paseggi, <em>Adventist Review<\/em><\/p>\n<p>Lorsque le pr\u00e9sident de la Conf\u00e9rence G\u00e9n\u00e9rale, Ted N. C. Wilson, et sa femme Nancy, ont entrepris de visiter des \u00e9glises et des institutions en Am\u00e9rique du Sud au d\u00e9but du mois de f\u00e9vrier, ils ont eu une surprise sp\u00e9ciale et inattendue \u00e0 leur arriv\u00e9e en Argentine.<\/p>\n<p>\u00ab Nous n\u2019avions aucune id\u00e9e de ce que serait la surprise, \u00bb a dit Ted Wilson aux professeurs, aux \u00e9tudiants et aux membres de la communaut\u00e9 de l\u2019Universit\u00e9 Adventiste de River Plate (UAP) en Argentine, qui s\u2019\u00e9taient r\u00e9unis pour \u00e9couter son message sur le campus de l\u2019\u00e9cole \u00e0 Libertador San Martin, \u00e0 Entre Rios, le 15 f\u00e9vrier.<\/p>\n<p><div id=\"attachment_125387\" style=\"width: 1034px\" class=\"wp-caption aligncenter\"><img decoding=\"async\" aria-describedby=\"caption-attachment-125387\" class=\"size-large wp-image-125386\" src=\"https:\/\/interamerica.org\/wp-content\/uploads\/2025\/02\/argentina-6-2-1024x683.jpg\" alt=\"\" width=\"1024\" height=\"683\" srcset=\"https:\/\/interamerica.org\/wp-content\/uploads\/2025\/02\/argentina-6-2-1024x683.jpg 1024w, https:\/\/interamerica.org\/wp-content\/uploads\/2025\/02\/argentina-6-2-300x200.jpg 300w, https:\/\/interamerica.org\/wp-content\/uploads\/2025\/02\/argentina-6-2-768x512.jpg 768w, https:\/\/interamerica.org\/wp-content\/uploads\/2025\/02\/argentina-6-2.jpg 1065w\" sizes=\"(max-width: 1024px) 100vw, 1024px\" \/><p id=\"caption-attachment-125387\" class=\"wp-caption-text\">Ted N. C. Wilson et sa femme Nancy ont \u00e9t\u00e9 surpris de rencontrer leur plus jeune fille, Catherine Wilson Renck, et sa fille Charlotte \u00e0 leur arriv\u00e9e en Argentine le 13 f\u00e9vrier. [Photo : Universit\u00e9 Adventiste de River Plate]<\/p><\/div>Ted Wilson a racont\u00e9 qu\u2019\u00e0 leur arriv\u00e9e \u00e0 l\u2019a\u00e9roport de Buenos Aires, le pr\u00e9sident de l\u2019universit\u00e9, Horacio Rizzo, qui a accueilli la d\u00e9l\u00e9gation, leur a dit qu\u2019un ancien \u00e9tudiant de l\u2019\u00e9cole et un futur \u00e9tudiant potentiel, leur serviraient de guides pendant leur s\u00e9jour. Quelques secondes plus tard, les Wilson ont \u00e9t\u00e9 surpris de voir appara\u00eetre leur plus jeune fille, Catherine Wilson Renck, et sa fille adolescente, Charlotte, qui vivent aux \u00c9tats-Unis. \u00ab C\u2019\u00e9tait une r\u00e9union de famille vraiment agr\u00e9able ! \u00bb a dit Ted Wilson.<\/p>\n<p>Il y a quelques d\u00e9cennies, Catherine Renck a fait du b\u00e9n\u00e9volat \u00e0 l\u2019UAP pendant plusieurs mois. \u00ab Catherine a de tr\u00e8s bons souvenirs de l\u2019UAP, \u00bb a reconnu Ted Wilson. Il a racont\u00e9 comment elle a grandi en suivant ses parents missionnaires qui ont v\u00e9cu dans des endroits comme l\u2019Afrique de l\u2019Ouest et la Russie avant de servir plus tard au Guyana. \u00ab C\u2019est une fille tr\u00e8s orient\u00e9e vers la mission, \u00bb a d\u00e9clar\u00e9 Ted Wilson.<\/p>\n<div id=\"attachment_125390\" style=\"width: 1034px\" class=\"wp-caption aligncenter\"><img decoding=\"async\" aria-describedby=\"caption-attachment-125390\" class=\"size-large wp-image-125389\" src=\"https:\/\/interamerica.org\/wp-content\/uploads\/2025\/02\/argentina-7-1-1024x683.jpg\" alt=\"\" width=\"1024\" height=\"683\" srcset=\"https:\/\/interamerica.org\/wp-content\/uploads\/2025\/02\/argentina-7-1-1024x683.jpg 1024w, https:\/\/interamerica.org\/wp-content\/uploads\/2025\/02\/argentina-7-1-300x200.jpg 300w, https:\/\/interamerica.org\/wp-content\/uploads\/2025\/02\/argentina-7-1-768x512.jpg 768w, https:\/\/interamerica.org\/wp-content\/uploads\/2025\/02\/argentina-7-1-1536x1024.jpg 1536w, https:\/\/interamerica.org\/wp-content\/uploads\/2025\/02\/argentina-7-1.jpg 2048w\" sizes=\"(max-width: 1024px) 100vw, 1024px\" \/><p id=\"caption-attachment-125390\" class=\"wp-caption-text\">Ted N. C. Wilson a particip\u00e9 \u00e0 l\u2019inauguration du nouveau si\u00e8ge de l\u2019\u00c9glise adventiste du septi\u00e8me jour en Argentine. [Photo : Luis Sanchez]<\/p><\/div>\n<h3 class=\"wp-block-heading\"><strong>Grandir en tant que missionnaire<\/strong><\/h3>\n<p>Le message de Ted Wilson a couronn\u00e9 un week-end au cours duquel l\u2019accent a \u00e9t\u00e9 r\u00e9solument plac\u00e9 sur la mission, ont d\u00e9clar\u00e9 les dirigeants de l\u2019\u00e9cole. Deux jours auparavant, Ted Wilson avait particip\u00e9 \u00e0 <a href=\"https:\/\/noticias.adventistas.org\/es\/la-iglesia-adventista-reinaugura-su-sede-central-en-argentina-con-la-presencia-del-pastor-ted-wilson\/\" target=\"_blank\" rel=\"noopener\">l\u2019inauguration du nouveau si\u00e8ge de l\u2019\u00c9glise adventiste en Argentine<\/a>. Et la veille au soir, un programme sp\u00e9cial a vu les Wilson partager certaines de leurs exp\u00e9riences en tant que missionnaires, alors que les dirigeants de l\u2019\u00e9cole consacraient des jeunes qui se forment afin de servir l\u00e0 o\u00f9 Dieu les conduira.<\/p>\n<p>Le 15 f\u00e9vrier, Ted Wilson a appel\u00e9 Catherine Renck \u00e0 le rejoindre sur la plateforme pour qu\u2019elle puisse partager certaines de ses exp\u00e9riences en tant que fille d\u2019une famille missionnaire.<\/p>\n<p>Catherine Renck a d\u00e9clar\u00e9 que pour les familles missionnaires tr\u00e8s actives, le temps pass\u00e9 ensemble en famille est essentiel. \u00ab Mon p\u00e8re voyageait beaucoup quand j\u2019\u00e9tais jeune, \u00bb a-t-elle reconnu. \u00ab Mais je savais que le vendredi soir, pendant les vacances et lors des occasions sp\u00e9ciales, nous serions ensemble. \u00bb<\/p>\n<p><div id=\"attachment_125393\" style=\"width: 1034px\" class=\"wp-caption aligncenter\"><img loading=\"lazy\" decoding=\"async\" aria-describedby=\"caption-attachment-125393\" class=\"size-large wp-image-125392\" src=\"https:\/\/interamerica.org\/wp-content\/uploads\/2025\/02\/argentina-2-3-1024x683.jpg\" alt=\"\" width=\"1024\" height=\"683\" srcset=\"https:\/\/interamerica.org\/wp-content\/uploads\/2025\/02\/argentina-2-3-1024x683.jpg 1024w, https:\/\/interamerica.org\/wp-content\/uploads\/2025\/02\/argentina-2-3-300x200.jpg 300w, https:\/\/interamerica.org\/wp-content\/uploads\/2025\/02\/argentina-2-3-768x512.jpg 768w, https:\/\/interamerica.org\/wp-content\/uploads\/2025\/02\/argentina-2-3.jpg 1440w\" sizes=\"(max-width: 1024px) 100vw, 1024px\" \/><p id=\"caption-attachment-125393\" class=\"wp-caption-text\">\u00ab Peu importe ce que nous faisons, notre objectif doit \u00eatre de proclamer J\u00e9sus et sa justice, \u00bb a d\u00e9clar\u00e9 Ted N. C. Wilson aux dirigeants et aux membres d\u2019\u00e9glise en Argentine. \u00ab Que rien ni personne ne vous d\u00e9tourne de votre objectif. \u00bb [Photo : Universit\u00e9 Adventiste de River Plate]<\/p><\/div>Parmi les avantages qu\u2019il y a \u00e0 grandir dans le champ missionnaire, elle a mentionn\u00e9 le fait de voir l\u2019\u00c9glise mondiale et pas seulement la communaut\u00e9 de l\u2019\u00e9glise locale. \u00ab Vous voyez l\u2019ensemble connect\u00e9, \u00bb a dit Catherine Renck. \u00ab J\u2019entendais toujours mon p\u00e8re appeler tout le monde \u00ab mon fr\u00e8re \u00bb ou \u00ab ma s\u0153ur \u00bb, alors quand je suis arriv\u00e9 ici, je savais d\u00e9j\u00e0 que vous \u00e9tiez mes fr\u00e8res et s\u0153urs. Je venais dans la famille et vous m\u2019avez trait\u00e9e comme un membre de la famille. \u00bb<\/p>\n<p>Il y a cependant quelques inconv\u00e9nients \u00e0 \u00eatre un enfant de missionnaires, a reconnu Catherine Renck. Elle a mentionn\u00e9 le fait de ne pas pouvoir vraiment savoir d\u2019o\u00f9 l\u2019on vient. \u00ab Vous avez un pays d\u2019origine, mais vous avez des choses que vous aimez dans chaque pays o\u00f9 vous avez pass\u00e9 du temps, \u00bb a-t-elle expliqu\u00e9. Catherine Renck a ajout\u00e9 que J\u00e9sus comprend ce que ressentent les enfants de missionnaires, car il a \u00e9galement v\u00e9cu dans des endroits diff\u00e9rents. \u00ab Si vous ne savez pas o\u00f9 se situe votre place, votre place est aux c\u00f4t\u00e9s de J\u00e9sus. \u00bb<\/p>\n<div id=\"attachment_125396\" style=\"width: 1034px\" class=\"wp-caption aligncenter\"><img loading=\"lazy\" decoding=\"async\" aria-describedby=\"caption-attachment-125396\" class=\"size-large wp-image-125395\" src=\"https:\/\/interamerica.org\/wp-content\/uploads\/2025\/02\/argentina-3b-1024x683.png\" alt=\"\" width=\"1024\" height=\"683\" srcset=\"https:\/\/interamerica.org\/wp-content\/uploads\/2025\/02\/argentina-3b-1024x683.png 1024w, https:\/\/interamerica.org\/wp-content\/uploads\/2025\/02\/argentina-3b-300x200.png 300w, https:\/\/interamerica.org\/wp-content\/uploads\/2025\/02\/argentina-3b-768x512.png 768w, https:\/\/interamerica.org\/wp-content\/uploads\/2025\/02\/argentina-3b.png 1440w\" sizes=\"(max-width: 1024px) 100vw, 1024px\" \/><p id=\"caption-attachment-125396\" class=\"wp-caption-text\">Ted N. C. Wilson s\u2019adresse aux professeurs, aux \u00e9tudiants et aux membres de la communaut\u00e9 de l\u2019Universit\u00e9 Adventiste de River Plate en Argentine, \u00e0 Libertador San Martin, Entre Rios, le 15 f\u00e9vrier. [Photo : Universit\u00e9 Adventiste de River Plate]<\/p><\/div>\n<h3 class=\"wp-block-heading\"><strong>Le v\u00e9ritable objectif de la mission <\/strong><\/h3>\n<p>Reprenant les paroles de sa fille, Ted Wilson a dit \u00e0 ceux qui assistaient au service : \u00ab J\u2019esp\u00e8re que c\u2019est le message que vous partagez chaque jour. C\u2019est le v\u00e9ritable objectif de la mission. \u00bb<\/p>\n<p>En utilisant l\u2019exemple de l\u2019ap\u00f4tre Paul, Ted Wilson a appel\u00e9 tout le monde \u00e0 \u00ab oublier les choses qui sont derri\u00e8re \u00bb et \u00e0 \u00ab se porter vers celles qui sont en avant, \u00bb \u00e0 \u00ab courir vers le but, \u00bb ce qui est l\u2019appel de Dieu \u00e0 chacun d\u2019entre nous (voir Phil. 3:13, 14). \u00ab Lorsque vous \u00eates aux c\u00f4t\u00e9s de J\u00e9sus, votre vie devient plus douce, votre vision devient plus claire et vous \u00eates \u00e9lev\u00e9 vers des choses d\u2019une valeur \u00e9ternelle. \u00bb<\/p>\n<p><div id=\"attachment_125399\" style=\"width: 1034px\" class=\"wp-caption aligncenter\"><img loading=\"lazy\" decoding=\"async\" aria-describedby=\"caption-attachment-125399\" class=\"size-large wp-image-125398\" src=\"https:\/\/interamerica.org\/wp-content\/uploads\/2025\/02\/argentina-4-3-1024x683.jpg\" alt=\"\" width=\"1024\" height=\"683\" srcset=\"https:\/\/interamerica.org\/wp-content\/uploads\/2025\/02\/argentina-4-3-1024x683.jpg 1024w, https:\/\/interamerica.org\/wp-content\/uploads\/2025\/02\/argentina-4-3-300x200.jpg 300w, https:\/\/interamerica.org\/wp-content\/uploads\/2025\/02\/argentina-4-3-768x512.jpg 768w, https:\/\/interamerica.org\/wp-content\/uploads\/2025\/02\/argentina-4-3.jpg 1440w\" sizes=\"(max-width: 1024px) 100vw, 1024px\" \/><p id=\"caption-attachment-125399\" class=\"wp-caption-text\">Nancy Wilson (\u00e0 droite) avec sa plus jeune fille, Catherine Wilson Renck, et sa petite-fille Charlotte. [Photo : Universit\u00e9 Adventiste de River Plate]<\/p><\/div>Dans ce contexte, Ted Wilson a expliqu\u00e9 que Paul nous dit d\u2019\u00e9viter les distractions et de nous concentrer plut\u00f4t sur l\u2019objectif. En ce qui concerne les adventistes du septi\u00e8me jour, cela implique de proclamer Christ et ses messages des trois anges, ou les trois derniers messages d\u2019avertissement au monde, tels qu\u2019ils sont consign\u00e9s dans Apocalypse 14. Citant la cofondatrice de l\u2019\u00c9glise adventiste, Ellen G. White, il a d\u00e9clar\u00e9 que \u00ab nous avons une \u0153uvre \u00e0 accomplir. \u00bb Et cela concerne tout le monde, que vous soyez un retrait\u00e9 ou un enfant. Peu importe ce que nous faisons, notre objectif doit \u00eatre de proclamer J\u00e9sus et sa justice, a-t-il d\u00e9clar\u00e9. \u00ab Que personne ni rien ne vous d\u00e9tourne de votre objectif. \u00bb<\/p>\n<p><em>Cet article a \u00e9t\u00e9 mis \u00e0 jour le mardi 18 f\u00e9vrier.<\/em><\/p>\n<p>Traduction: Patrick Luciathe<\/p>\n","protected":false},"excerpt":{"rendered":"<p>Le pr\u00e9sident de la Conf\u00e9rence G\u00e9n\u00e9rale, Ted N. C. Wilson, participe \u00e0 des programmes ax\u00e9s sur la mission et \u00e0 des inaugurations. 19 F\u00e9vrier 2025 | Argentine | Marcos Paseggi,&#8230;<\/p>\n","protected":false},"author":3,"featured_media":125384,"comment_status":"closed","ping_status":"closed","sticky":false,"template":"","format":"standard","meta":{"_acf_changed":false,"footnotes":""},"categories":[18,19],"tags":[],"class_list":["post-125505","post","type-post","status-publish","format-standard","has-post-thumbnail","hentry","category-nouvelles-de-leglise-mondiale","category-rss-francais"],"acf":[],"yoast_head":"<!-- This site is optimized with the Yoast SEO plugin v27.3 - https:\/\/yoast.com\/product\/yoast-seo-wordpress\/ -->\n<title>Une surprise familiale en Argentine met en relief ce que co\u00fbte la mission - \u00c9glise Adventiste Du Septieme Jour - Inter Am\u00e9rique Division<\/title>\n<meta name=\"robots\" content=\"index, follow, max-snippet:-1, max-image-preview:large, max-video-preview:-1\" \/>\n<link rel=\"canonical\" href=\"https:\/\/interamerica.org\/fr\/2025\/02\/une-surprise-familiale-en-argentine-met-en-relief-ce-que-coute-la-mission\/\" \/>\n<meta property=\"og:locale\" content=\"fr_FR\" \/>\n<meta property=\"og:type\" content=\"article\" \/>\n<meta property=\"og:title\" content=\"Une surprise familiale en Argentine met en relief ce que co\u00fbte la mission - \u00c9glise Adventiste Du Septieme Jour - Inter Am\u00e9rique Division\" \/>\n<meta property=\"og:description\" content=\"Le pr\u00e9sident de la Conf\u00e9rence G\u00e9n\u00e9rale, Ted N. C. Wilson, participe \u00e0 des programmes ax\u00e9s sur la mission et \u00e0 des inaugurations. 19 F\u00e9vrier 2025 | Argentine | Marcos Paseggi,...\" \/>\n<meta property=\"og:url\" content=\"https:\/\/interamerica.org\/fr\/2025\/02\/une-surprise-familiale-en-argentine-met-en-relief-ce-que-coute-la-mission\/\" \/>\n<meta property=\"og:site_name\" content=\"\u00c9glise Adventiste Du Septieme Jour - Inter Am\u00e9rique Division\" \/>\n<meta property=\"article:published_time\" content=\"2025-02-20T00:17:15+00:00\" \/>\n<meta property=\"article:modified_time\" content=\"2025-02-22T04:11:55+00:00\" \/>\n<meta property=\"og:image\" content=\"https:\/\/interamerica.org\/wp-content\/uploads\/2025\/02\/argentina-5-2.jpg\" \/>\n\t<meta property=\"og:image:width\" content=\"2048\" \/>\n\t<meta property=\"og:image:height\" content=\"1165\" \/>\n\t<meta property=\"og:image:type\" content=\"image\/jpeg\" \/>\n<meta name=\"author\" content=\"libna\" \/>\n<meta name=\"twitter:card\" content=\"summary_large_image\" \/>\n<meta name=\"twitter:label1\" content=\"\u00c9crit par\" \/>\n\t<meta name=\"twitter:data1\" content=\"libna\" \/>\n\t<meta name=\"twitter:label2\" content=\"Dur\u00e9e de lecture estim\u00e9e\" \/>\n\t<meta name=\"twitter:data2\" content=\"7 minutes\" \/>\n<script type=\"application\/ld+json\" class=\"yoast-schema-graph\">{\"@context\":\"https:\\\/\\\/schema.org\",\"@graph\":[{\"@type\":\"Article\",\"@id\":\"https:\\\/\\\/interamerica.org\\\/fr\\\/2025\\\/02\\\/une-surprise-familiale-en-argentine-met-en-relief-ce-que-coute-la-mission\\\/#article\",\"isPartOf\":{\"@id\":\"https:\\\/\\\/interamerica.org\\\/fr\\\/2025\\\/02\\\/une-surprise-familiale-en-argentine-met-en-relief-ce-que-coute-la-mission\\\/\"},\"author\":{\"name\":\"libna\",\"@id\":\"https:\\\/\\\/interamerica.org\\\/fr\\\/#\\\/schema\\\/person\\\/29998f2bc2d8bd0d38662909289b54f1\"},\"headline\":\"Une surprise familiale en Argentine met en relief ce que co\u00fbte la mission\",\"datePublished\":\"2025-02-20T00:17:15+00:00\",\"dateModified\":\"2025-02-22T04:11:55+00:00\",\"mainEntityOfPage\":{\"@id\":\"https:\\\/\\\/interamerica.org\\\/fr\\\/2025\\\/02\\\/une-surprise-familiale-en-argentine-met-en-relief-ce-que-coute-la-mission\\\/\"},\"wordCount\":1237,\"image\":{\"@id\":\"https:\\\/\\\/interamerica.org\\\/fr\\\/2025\\\/02\\\/une-surprise-familiale-en-argentine-met-en-relief-ce-que-coute-la-mission\\\/#primaryimage\"},\"thumbnailUrl\":\"https:\\\/\\\/interamerica.org\\\/wp-content\\\/uploads\\\/2025\\\/02\\\/argentina-5-2.jpg\",\"articleSection\":[\"Nouvelles de l'\u00c9glise mondiale\",\"RSS Fran\u00e7ais\"],\"inLanguage\":\"fr-FR\"},{\"@type\":\"WebPage\",\"@id\":\"https:\\\/\\\/interamerica.org\\\/fr\\\/2025\\\/02\\\/une-surprise-familiale-en-argentine-met-en-relief-ce-que-coute-la-mission\\\/\",\"url\":\"https:\\\/\\\/interamerica.org\\\/fr\\\/2025\\\/02\\\/une-surprise-familiale-en-argentine-met-en-relief-ce-que-coute-la-mission\\\/\",\"name\":\"Une surprise familiale en Argentine met en relief ce que co\u00fbte la mission - \u00c9glise Adventiste Du Septieme Jour - Inter Am\u00e9rique Division\",\"isPartOf\":{\"@id\":\"https:\\\/\\\/interamerica.org\\\/fr\\\/#website\"},\"primaryImageOfPage\":{\"@id\":\"https:\\\/\\\/interamerica.org\\\/fr\\\/2025\\\/02\\\/une-surprise-familiale-en-argentine-met-en-relief-ce-que-coute-la-mission\\\/#primaryimage\"},\"image\":{\"@id\":\"https:\\\/\\\/interamerica.org\\\/fr\\\/2025\\\/02\\\/une-surprise-familiale-en-argentine-met-en-relief-ce-que-coute-la-mission\\\/#primaryimage\"},\"thumbnailUrl\":\"https:\\\/\\\/interamerica.org\\\/wp-content\\\/uploads\\\/2025\\\/02\\\/argentina-5-2.jpg\",\"datePublished\":\"2025-02-20T00:17:15+00:00\",\"dateModified\":\"2025-02-22T04:11:55+00:00\",\"author\":{\"@id\":\"https:\\\/\\\/interamerica.org\\\/fr\\\/#\\\/schema\\\/person\\\/29998f2bc2d8bd0d38662909289b54f1\"},\"breadcrumb\":{\"@id\":\"https:\\\/\\\/interamerica.org\\\/fr\\\/2025\\\/02\\\/une-surprise-familiale-en-argentine-met-en-relief-ce-que-coute-la-mission\\\/#breadcrumb\"},\"inLanguage\":\"fr-FR\",\"potentialAction\":[{\"@type\":\"ReadAction\",\"target\":[\"https:\\\/\\\/interamerica.org\\\/fr\\\/2025\\\/02\\\/une-surprise-familiale-en-argentine-met-en-relief-ce-que-coute-la-mission\\\/\"]}]},{\"@type\":\"ImageObject\",\"inLanguage\":\"fr-FR\",\"@id\":\"https:\\\/\\\/interamerica.org\\\/fr\\\/2025\\\/02\\\/une-surprise-familiale-en-argentine-met-en-relief-ce-que-coute-la-mission\\\/#primaryimage\",\"url\":\"https:\\\/\\\/interamerica.org\\\/wp-content\\\/uploads\\\/2025\\\/02\\\/argentina-5-2.jpg\",\"contentUrl\":\"https:\\\/\\\/interamerica.org\\\/wp-content\\\/uploads\\\/2025\\\/02\\\/argentina-5-2.jpg\",\"width\":2048,\"height\":1165,\"caption\":\"A delegation welcomed Ted N. C. Wilson and his wife, Nancy, to Argentina on February 13. It included their youngest daughter and a granddaughter, who flew there as a surprise. [Photo: Alexis Villar]\"},{\"@type\":\"BreadcrumbList\",\"@id\":\"https:\\\/\\\/interamerica.org\\\/fr\\\/2025\\\/02\\\/une-surprise-familiale-en-argentine-met-en-relief-ce-que-coute-la-mission\\\/#breadcrumb\",\"itemListElement\":[{\"@type\":\"ListItem\",\"position\":1,\"name\":\"Home\",\"item\":\"https:\\\/\\\/interamerica.org\\\/fr\\\/\"},{\"@type\":\"ListItem\",\"position\":2,\"name\":\"Une surprise familiale en Argentine met en relief ce que co\u00fbte la mission\"}]},{\"@type\":\"WebSite\",\"@id\":\"https:\\\/\\\/interamerica.org\\\/fr\\\/#website\",\"url\":\"https:\\\/\\\/interamerica.org\\\/fr\\\/\",\"name\":\"\u00c9glise Adventiste Du Septieme Jour - Inter Am\u00e9rique Division\",\"description\":\"\",\"potentialAction\":[{\"@type\":\"SearchAction\",\"target\":{\"@type\":\"EntryPoint\",\"urlTemplate\":\"https:\\\/\\\/interamerica.org\\\/fr\\\/?s={search_term_string}\"},\"query-input\":{\"@type\":\"PropertyValueSpecification\",\"valueRequired\":true,\"valueName\":\"search_term_string\"}}],\"inLanguage\":\"fr-FR\"},{\"@type\":\"Person\",\"@id\":\"https:\\\/\\\/interamerica.org\\\/fr\\\/#\\\/schema\\\/person\\\/29998f2bc2d8bd0d38662909289b54f1\",\"name\":\"libna\",\"image\":{\"@type\":\"ImageObject\",\"inLanguage\":\"fr-FR\",\"@id\":\"https:\\\/\\\/secure.gravatar.com\\\/avatar\\\/7c5bd30ae4b47a9ba3c856590957fd1d96dc588bf3ac05719d247e126840331f?s=96&d=mm&r=g\",\"url\":\"https:\\\/\\\/secure.gravatar.com\\\/avatar\\\/7c5bd30ae4b47a9ba3c856590957fd1d96dc588bf3ac05719d247e126840331f?s=96&d=mm&r=g\",\"contentUrl\":\"https:\\\/\\\/secure.gravatar.com\\\/avatar\\\/7c5bd30ae4b47a9ba3c856590957fd1d96dc588bf3ac05719d247e126840331f?s=96&d=mm&r=g\",\"caption\":\"libna\"}}]}<\/script>\n<!-- \/ Yoast SEO plugin. -->","yoast_head_json":{"title":"Une surprise familiale en Argentine met en relief ce que co\u00fbte la mission - \u00c9glise Adventiste Du Septieme Jour - Inter Am\u00e9rique Division","robots":{"index":"index","follow":"follow","max-snippet":"max-snippet:-1","max-image-preview":"max-image-preview:large","max-video-preview":"max-video-preview:-1"},"canonical":"https:\/\/interamerica.org\/fr\/2025\/02\/une-surprise-familiale-en-argentine-met-en-relief-ce-que-coute-la-mission\/","og_locale":"fr_FR","og_type":"article","og_title":"Une surprise familiale en Argentine met en relief ce que co\u00fbte la mission - \u00c9glise Adventiste Du Septieme Jour - Inter Am\u00e9rique Division","og_description":"Le pr\u00e9sident de la Conf\u00e9rence G\u00e9n\u00e9rale, Ted N. C. Wilson, participe \u00e0 des programmes ax\u00e9s sur la mission et \u00e0 des inaugurations. 19 F\u00e9vrier 2025 | Argentine | Marcos Paseggi,...","og_url":"https:\/\/interamerica.org\/fr\/2025\/02\/une-surprise-familiale-en-argentine-met-en-relief-ce-que-coute-la-mission\/","og_site_name":"\u00c9glise Adventiste Du Septieme Jour - Inter Am\u00e9rique Division","article_published_time":"2025-02-20T00:17:15+00:00","article_modified_time":"2025-02-22T04:11:55+00:00","og_image":[{"width":2048,"height":1165,"url":"https:\/\/interamerica.org\/wp-content\/uploads\/2025\/02\/argentina-5-2.jpg","type":"image\/jpeg"}],"author":"libna","twitter_card":"summary_large_image","twitter_misc":{"\u00c9crit par":"libna","Dur\u00e9e de lecture estim\u00e9e":"7 minutes"},"schema":{"@context":"https:\/\/schema.org","@graph":[{"@type":"Article","@id":"https:\/\/interamerica.org\/fr\/2025\/02\/une-surprise-familiale-en-argentine-met-en-relief-ce-que-coute-la-mission\/#article","isPartOf":{"@id":"https:\/\/interamerica.org\/fr\/2025\/02\/une-surprise-familiale-en-argentine-met-en-relief-ce-que-coute-la-mission\/"},"author":{"name":"libna","@id":"https:\/\/interamerica.org\/fr\/#\/schema\/person\/29998f2bc2d8bd0d38662909289b54f1"},"headline":"Une surprise familiale en Argentine met en relief ce que co\u00fbte la mission","datePublished":"2025-02-20T00:17:15+00:00","dateModified":"2025-02-22T04:11:55+00:00","mainEntityOfPage":{"@id":"https:\/\/interamerica.org\/fr\/2025\/02\/une-surprise-familiale-en-argentine-met-en-relief-ce-que-coute-la-mission\/"},"wordCount":1237,"image":{"@id":"https:\/\/interamerica.org\/fr\/2025\/02\/une-surprise-familiale-en-argentine-met-en-relief-ce-que-coute-la-mission\/#primaryimage"},"thumbnailUrl":"https:\/\/interamerica.org\/wp-content\/uploads\/2025\/02\/argentina-5-2.jpg","articleSection":["Nouvelles de l'\u00c9glise mondiale","RSS Fran\u00e7ais"],"inLanguage":"fr-FR"},{"@type":"WebPage","@id":"https:\/\/interamerica.org\/fr\/2025\/02\/une-surprise-familiale-en-argentine-met-en-relief-ce-que-coute-la-mission\/","url":"https:\/\/interamerica.org\/fr\/2025\/02\/une-surprise-familiale-en-argentine-met-en-relief-ce-que-coute-la-mission\/","name":"Une surprise familiale en Argentine met en relief ce que co\u00fbte la mission - \u00c9glise Adventiste Du Septieme Jour - Inter Am\u00e9rique Division","isPartOf":{"@id":"https:\/\/interamerica.org\/fr\/#website"},"primaryImageOfPage":{"@id":"https:\/\/interamerica.org\/fr\/2025\/02\/une-surprise-familiale-en-argentine-met-en-relief-ce-que-coute-la-mission\/#primaryimage"},"image":{"@id":"https:\/\/interamerica.org\/fr\/2025\/02\/une-surprise-familiale-en-argentine-met-en-relief-ce-que-coute-la-mission\/#primaryimage"},"thumbnailUrl":"https:\/\/interamerica.org\/wp-content\/uploads\/2025\/02\/argentina-5-2.jpg","datePublished":"2025-02-20T00:17:15+00:00","dateModified":"2025-02-22T04:11:55+00:00","author":{"@id":"https:\/\/interamerica.org\/fr\/#\/schema\/person\/29998f2bc2d8bd0d38662909289b54f1"},"breadcrumb":{"@id":"https:\/\/interamerica.org\/fr\/2025\/02\/une-surprise-familiale-en-argentine-met-en-relief-ce-que-coute-la-mission\/#breadcrumb"},"inLanguage":"fr-FR","potentialAction":[{"@type":"ReadAction","target":["https:\/\/interamerica.org\/fr\/2025\/02\/une-surprise-familiale-en-argentine-met-en-relief-ce-que-coute-la-mission\/"]}]},{"@type":"ImageObject","inLanguage":"fr-FR","@id":"https:\/\/interamerica.org\/fr\/2025\/02\/une-surprise-familiale-en-argentine-met-en-relief-ce-que-coute-la-mission\/#primaryimage","url":"https:\/\/interamerica.org\/wp-content\/uploads\/2025\/02\/argentina-5-2.jpg","contentUrl":"https:\/\/interamerica.org\/wp-content\/uploads\/2025\/02\/argentina-5-2.jpg","width":2048,"height":1165,"caption":"A delegation welcomed Ted N. C. Wilson and his wife, Nancy, to Argentina on February 13. It included their youngest daughter and a granddaughter, who flew there as a surprise. [Photo: Alexis Villar]"},{"@type":"BreadcrumbList","@id":"https:\/\/interamerica.org\/fr\/2025\/02\/une-surprise-familiale-en-argentine-met-en-relief-ce-que-coute-la-mission\/#breadcrumb","itemListElement":[{"@type":"ListItem","position":1,"name":"Home","item":"https:\/\/interamerica.org\/fr\/"},{"@type":"ListItem","position":2,"name":"Une surprise familiale en Argentine met en relief ce que co\u00fbte la mission"}]},{"@type":"WebSite","@id":"https:\/\/interamerica.org\/fr\/#website","url":"https:\/\/interamerica.org\/fr\/","name":"\u00c9glise Adventiste Du Septieme Jour - Inter Am\u00e9rique Division","description":"","potentialAction":[{"@type":"SearchAction","target":{"@type":"EntryPoint","urlTemplate":"https:\/\/interamerica.org\/fr\/?s={search_term_string}"},"query-input":{"@type":"PropertyValueSpecification","valueRequired":true,"valueName":"search_term_string"}}],"inLanguage":"fr-FR"},{"@type":"Person","@id":"https:\/\/interamerica.org\/fr\/#\/schema\/person\/29998f2bc2d8bd0d38662909289b54f1","name":"libna","image":{"@type":"ImageObject","inLanguage":"fr-FR","@id":"https:\/\/secure.gravatar.com\/avatar\/7c5bd30ae4b47a9ba3c856590957fd1d96dc588bf3ac05719d247e126840331f?s=96&d=mm&r=g","url":"https:\/\/secure.gravatar.com\/avatar\/7c5bd30ae4b47a9ba3c856590957fd1d96dc588bf3ac05719d247e126840331f?s=96&d=mm&r=g","contentUrl":"https:\/\/secure.gravatar.com\/avatar\/7c5bd30ae4b47a9ba3c856590957fd1d96dc588bf3ac05719d247e126840331f?s=96&d=mm&r=g","caption":"libna"}}]}},"_links":{"self":[{"href":"https:\/\/interamerica.org\/fr\/wp-json\/wp\/v2\/posts\/125505","targetHints":{"allow":["GET"]}}],"collection":[{"href":"https:\/\/interamerica.org\/fr\/wp-json\/wp\/v2\/posts"}],"about":[{"href":"https:\/\/interamerica.org\/fr\/wp-json\/wp\/v2\/types\/post"}],"author":[{"embeddable":true,"href":"https:\/\/interamerica.org\/fr\/wp-json\/wp\/v2\/users\/3"}],"replies":[{"embeddable":true,"href":"https:\/\/interamerica.org\/fr\/wp-json\/wp\/v2\/comments?post=125505"}],"version-history":[{"count":0,"href":"https:\/\/interamerica.org\/fr\/wp-json\/wp\/v2\/posts\/125505\/revisions"}],"wp:featuredmedia":[{"embeddable":true,"href":"https:\/\/interamerica.org\/fr\/wp-json\/wp\/v2\/media\/125384"}],"wp:attachment":[{"href":"https:\/\/interamerica.org\/fr\/wp-json\/wp\/v2\/media?parent=125505"}],"wp:term":[{"taxonomy":"category","embeddable":true,"href":"https:\/\/interamerica.org\/fr\/wp-json\/wp\/v2\/categories?post=125505"},{"taxonomy":"post_tag","embeddable":true,"href":"https:\/\/interamerica.org\/fr\/wp-json\/wp\/v2\/tags?post=125505"}],"curies":[{"name":"wp","href":"https:\/\/api.w.org\/{rel}","templated":true}]}}