{"id":125506,"date":"2025-02-19T20:44:59","date_gmt":"2025-02-20T01:44:59","guid":{"rendered":"https:\/\/interamerica.org\/?p=125506"},"modified":"2025-02-21T23:17:32","modified_gmt":"2025-02-22T04:17:32","slug":"des-dirigeants-de-leglise-et-des-responsables-parlent-de-la-double-nature-de-la-technologie-et-de-letat-de-la-liberte-religieuse-en-jamaique","status":"publish","type":"post","link":"https:\/\/interamerica.org\/fr\/2025\/02\/des-dirigeants-de-leglise-et-des-responsables-parlent-de-la-double-nature-de-la-technologie-et-de-letat-de-la-liberte-religieuse-en-jamaique\/","title":{"rendered":"Des dirigeants de l\u2019\u00c9glise et des responsables parlent de la double nature de la technologie et de l\u2019\u00e9tat de la libert\u00e9 religieuse en Jama\u00efque"},"content":{"rendered":"<p><em>Lors d\u2019un programme en Jama\u00efque, un panel discute des d\u00e9fis et des opportunit\u00e9s de l\u2019environnement actuel.<\/em><\/p>\n<p>19 F\u00e9vrier 2025 | Kingston, Jama\u00efque | Dyhann Buddoo-Fletcher et \u00c9quipe de presse de la DIA<\/p>\n<p>Les dirigeants de l\u2019\u00c9glise adventiste du septi\u00e8me jour se sont r\u00e9cemment pench\u00e9s sur la nature paradoxale des avanc\u00e9es technologiques dans le domaine de la libert\u00e9 religieuse dans un panel lors du Sommet sur la Libert\u00e9 Religieuse organis\u00e9 par l\u2019Union de la Jama\u00efque \u00e0 Kingston, en Jama\u00efque, le 30 janvier 2025. Ils ont expliqu\u00e9 comment les nouvelles technologies repr\u00e9sentent des menaces importantes tout en cr\u00e9ant de nouvelles opportunit\u00e9s, tandis que les responsables du pays, dont le Premier Ministre, le Tr\u00e8s Honorable Andrew Holness, ont discut\u00e9 des r\u00e9alisations et des d\u00e9fis dans le domaine de la libert\u00e9 religieuse en Jama\u00efque.<\/p>\n<p><strong>L\u2019\u00e9tat des lieux en Jama\u00efque<\/strong><\/p>\n<p>Andrew Holness a fait observer que la tol\u00e9rance historique de la Jama\u00efque \u00e0 l\u2019\u00e9gard des diff\u00e9rentes religions est le r\u00e9sultat de d\u00e9cennies d\u2019efforts d\u00e9lib\u00e9r\u00e9s visant \u00e0 honorer les droits constitutionnels et \u00e0 favoriser le respect mutuel, une culture qui, selon lui, ne doit pas \u00eatre tenue pour acquise. Il a admis que bien que la tol\u00e9rance religieuse soit \u00e0 un niveau \u00e9lev\u00e9, il reste encore du travail \u00e0 faire.<\/p>\n<p>&nbsp;<\/p>\n<p><div id=\"attachment_125489\" style=\"width: 1010px\" class=\"wp-caption aligncenter\"><img fetchpriority=\"high\" decoding=\"async\" aria-describedby=\"caption-attachment-125489\" class=\"size-full wp-image-125488\" src=\"https:\/\/interamerica.org\/wp-content\/uploads\/2025\/02\/jamu-rlsummit-pms.jpg\" alt=\"\" width=\"1000\" height=\"667\" srcset=\"https:\/\/interamerica.org\/wp-content\/uploads\/2025\/02\/jamu-rlsummit-pms.jpg 1000w, https:\/\/interamerica.org\/wp-content\/uploads\/2025\/02\/jamu-rlsummit-pms-300x200.jpg 300w, https:\/\/interamerica.org\/wp-content\/uploads\/2025\/02\/jamu-rlsummit-pms-768x512.jpg 768w\" sizes=\"(max-width: 1000px) 100vw, 1000px\" \/><p id=\"caption-attachment-125489\" class=\"wp-caption-text\">De gauche \u00e0 droite : Mark Golding, d\u00e9put\u00e9 et chef de l\u2019opposition, Nigel Coke, directeur des Affaires Publiques et de la Libert\u00e9 Religieuse de l\u2019Union de la Jama\u00efque et Dr Andrew Holness, ON, PC, MP, \u00e9coutent attentivement une pr\u00e9sentation lors du Sommet sur la Libert\u00e9 Religieuse qui s\u2019est tenu le 30 janvier 2025 au Centre de Conf\u00e9rences de la Jama\u00efque \u00e0 Kingston, en Jama\u00efque. [Photo : Phillip Castell]<\/p><\/div>\u00ab Nous reconnaissons que malgr\u00e9 nos garanties constitutionnelles, certains de nos citoyens continuent d\u2019\u00eatre confront\u00e9s \u00e0 des difficult\u00e9s lorsqu\u2019il s\u2019agit de pratiquer librement leur foi, en particulier sur le lieu de travail et dans les institutions \u00e9ducatives. Nous avons entendu la voix de ceux qui peuvent avoir l\u2019impression que leurs pratiques religieuses sont parfois mal comprises ou ignor\u00e9es. Ces pr\u00e9occupations sont l\u00e9gitimes et, en tant que soci\u00e9t\u00e9, nous devons travailler ensemble pour trouver des solutions qui respectent \u00e0 la fois les droits individuels et les responsabilit\u00e9s institutionnelles, \u00bb a-t-il d\u00e9clar\u00e9.<\/p>\n<p>Le premier ministre a ajout\u00e9 que les libert\u00e9s doivent \u00eatre recherch\u00e9es de mani\u00e8re \u00e9quilibr\u00e9e pour maintenir la stabilit\u00e9 nationale. \u00ab La libert\u00e9 s\u2019accompagne de responsabilit\u00e9s. Souvent, la conversation est unilat\u00e9rale \u00e0 cet \u00e9gard. Alors que nous poursuivons notre chemin vers une soci\u00e9t\u00e9 fond\u00e9e sur les droits, ce sur quoi nous avons fait de nombreuses avanc\u00e9es, nous devons aussi, dans le m\u00eame temps, devenir une soci\u00e9t\u00e9 responsable. Le parcours vers la libert\u00e9 sans responsabilit\u00e9 a pour destination le chaos. \u00bb<\/p>\n<p>Andrew Holness a f\u00e9licit\u00e9 l\u2019\u00c9glise adventiste et d\u2019autres parties concern\u00e9es pour leur approche unifi\u00e9e, affirmant que les discussions sont plus qu\u2019un plaidoyer mais constituent un devoir et un exemple pour la nation.<\/p>\n<p>D\u2019autres ministres du gouvernement ont embo\u00eet\u00e9 le pas en s\u2019engageant \u00e0 d\u00e9fendre la libert\u00e9 religieuse et ont d\u00e9crit les garanties juridiques int\u00e9gr\u00e9es dans leurs minist\u00e8res \u00e0 cette fin.<\/p>\n<p><div id=\"attachment_125443\" style=\"width: 997px\" class=\"wp-caption aligncenter\"><img decoding=\"async\" aria-describedby=\"caption-attachment-125443\" class=\" wp-image-125442\" src=\"https:\/\/interamerica.org\/wp-content\/uploads\/2025\/02\/jamaica-pm-holness-rlsummit.jpg\" alt=\"\" width=\"987\" height=\"658\" srcset=\"https:\/\/interamerica.org\/wp-content\/uploads\/2025\/02\/jamaica-pm-holness-rlsummit.jpg 1000w, https:\/\/interamerica.org\/wp-content\/uploads\/2025\/02\/jamaica-pm-holness-rlsummit-300x200.jpg 300w, https:\/\/interamerica.org\/wp-content\/uploads\/2025\/02\/jamaica-pm-holness-rlsummit-768x512.jpg 768w\" sizes=\"(max-width: 987px) 100vw, 987px\" \/><p id=\"caption-attachment-125443\" class=\"wp-caption-text\">Le Premier Ministre, le Tr\u00e8s Honorable Andrew Holness, discute des r\u00e9alisations et des d\u00e9fis en mati\u00e8re de libert\u00e9 religieuse en Jama\u00efque, dans son discours lors du Sommet sur la Libert\u00e9 Religieuse organis\u00e9 par l\u2019\u00c9glise adventiste \u00e0 Kingston, en Jama\u00efque, le 30 janvier 2025. [Photo : Phillip Castell]<\/p><\/div><strong>Une \u00e9p\u00e9e \u00e0 double tranchant<\/strong><\/p>\n<p>Dr Nelu Burcea, directeur adjoint des Affaires Publiques et de la Libert\u00e9 Religieuse de la Conf\u00e9rence G\u00e9n\u00e9rale et l\u2019un des quatre pan\u00e9listes, a discut\u00e9 du th\u00e8me \u00ab L\u2019Intersection de la Libert\u00e9 Religieuse et des Nouvelles Technologies, \u00bb au cours du segment de l\u2019apr\u00e8s-midi.<\/p>\n<p>\u00ab Tout d\u2019abord, nous devons \u00eatre conscients que nous vivons dans un monde o\u00f9 la technologie est une arme \u00e0 double tranchant, \u00bb a dit Dr Burcea. \u00ab Dans certains pays, les groupes religieux peuvent utiliser la technologie pour proclamer leur foi. Cependant, il y a des cas o\u00f9 la technologie est utilis\u00e9e pour r\u00e9primer les activit\u00e9s religieuses. Les gouvernements surveillent le contenu religieux en ligne, restreignent l\u2019acc\u00e8s aux Bibles num\u00e9riques et interrompent les rassemblements virtuels. \u00bb<\/p>\n<p><strong>Surveillance num\u00e9rique et libert\u00e9 religieuse <\/strong><\/p>\n<p>Brendon Coleman, directeur adjoint de la communication de l\u2019Union de la Jama\u00efque et animateur de la discussion en panel, a cherch\u00e9 \u00e0 mieux comprendre les pr\u00e9occupations croissantes li\u00e9es \u00e0 la surveillance num\u00e9rique, faisant observer que divers gouvernements utilisent la technologie pour surveiller les pratiques religieuses et r\u00e9primer la libert\u00e9 d\u2019expression.<\/p>\n<p><div id=\"attachment_125446\" style=\"width: 1010px\" class=\"wp-caption aligncenter\"><img decoding=\"async\" aria-describedby=\"caption-attachment-125446\" class=\"size-full wp-image-125445\" src=\"https:\/\/interamerica.org\/wp-content\/uploads\/2025\/02\/jamu-rlsummit-panel-1.jpg\" alt=\"\" width=\"1000\" height=\"667\" srcset=\"https:\/\/interamerica.org\/wp-content\/uploads\/2025\/02\/jamu-rlsummit-panel-1.jpg 1000w, https:\/\/interamerica.org\/wp-content\/uploads\/2025\/02\/jamu-rlsummit-panel-1-300x200.jpg 300w, https:\/\/interamerica.org\/wp-content\/uploads\/2025\/02\/jamu-rlsummit-panel-1-768x512.jpg 768w\" sizes=\"(max-width: 1000px) 100vw, 1000px\" \/><p id=\"caption-attachment-125446\" class=\"wp-caption-text\">Brendan Coleman (\u00e0 droite), directeur adjoint de la communication de l\u2019Union de la Jama\u00efque, anime une table ronde avec, de gauche \u00e0 droite : Dr Nelu Burcea, directeur adjoint des Affaires Publiques et de la Libert\u00e9 Religieuse de la Conf\u00e9rence G\u00e9n\u00e9rale, Stacey Mitchell (au centre), pr\u00e9sidente du Concile pour la Fraternit\u00e9 Interconfessionnelle de la Jama\u00efque et pasteur Glen Samuels, pr\u00e9sident de la F\u00e9d\u00e9ration de l\u2019Ouest de la Jama\u00efque, \u00e0 Kingston, en Jama\u00efque, et pasteur Dane Fletcher, directeur des minist\u00e8res de la jeunesse et des campus \u00e0 l\u2019Union de la Jama\u00efque, lors du Sommet sur la Libert\u00e9 Religieuse organis\u00e9 par l\u2019\u00c9glise, le 30 janvier 2025. [Photo : Phillip Castell]<\/p><\/div>\u00ab Certains pays du Moyen-Orient utilisent de tels outils pour limiter les activit\u00e9s des communaut\u00e9s religieuses. Cela soul\u00e8ve une question cruciale : comment les communaut\u00e9s religieuses peuvent-elles prot\u00e9ger leurs libert\u00e9s \u00e0 l\u2019\u00e8re de la surveillance num\u00e9rique, ? \u00bb a demand\u00e9 Brendan Coleman.<\/p>\n<p>\u00ab Dans certains pays, vous ne pouvez rien faire, \u00bb a r\u00e9pondu Nelu Burcea. \u00ab Parce que [les responsables gouvernementaux] ont coup\u00e9 l\u2019acc\u00e8s \u00e0 internet et que vous n\u2019avez pas acc\u00e8s \u00e0 votre biblioth\u00e8que num\u00e9rique, et il devient presque impossible d\u2019acc\u00e9der aux documents religieux num\u00e9riques. Dans d\u2019autres pays, vous pouvez faire beaucoup de choses pour prot\u00e9ger vos donn\u00e9es. \u00bb<\/p>\n<p>Au-del\u00e0 de la surveillance, Dr Burcea a parl\u00e9 des menaces de cybers\u00e9curit\u00e9 qui repr\u00e9sentent un autre risque pour les institutions religieuses. Par exemple, \u00ab la collecte de donn\u00e9es non autoris\u00e9e expose les groupes religieux \u00e0 la discrimination, \u00e0 la fraude financi\u00e8re et aux atteintes \u00e0 la vie priv\u00e9e, \u00bb a-t-il d\u00e9clar\u00e9, ajoutant : \u00ab Les donn\u00e9es biom\u00e9triques sont de plus en plus utilis\u00e9es \u00e0 mauvais escient, certains gouvernements exigeant des empreintes digitales et une reconnaissance faciale pour entrer dans les lieux de culte, ce qui pourrait ensuite \u00eatre utilis\u00e9 comme arme contre certains groupes. \u00bb<\/p>\n<p>Dr Burcea a invit\u00e9 l\u2019auditoire \u00e0 consulter la page web du Haut-Commissariat des Nations Unies aux Droits de l\u2019Homme. \u00ab Vous serez surpris de voir tous ces d\u00e9tails et plus encore au sujet de ce que je suis maintenant en train de vous dire. \u00bb<\/p>\n<p><div id=\"attachment_125437\" style=\"width: 1010px\" class=\"wp-caption aligncenter\"><img loading=\"lazy\" decoding=\"async\" aria-describedby=\"caption-attachment-125437\" class=\"size-full wp-image-125436\" src=\"https:\/\/interamerica.org\/wp-content\/uploads\/2025\/02\/jamu-carla-anne-roper-rlsummit.jpg\" alt=\"\" width=\"1000\" height=\"667\" srcset=\"https:\/\/interamerica.org\/wp-content\/uploads\/2025\/02\/jamu-carla-anne-roper-rlsummit.jpg 1000w, https:\/\/interamerica.org\/wp-content\/uploads\/2025\/02\/jamu-carla-anne-roper-rlsummit-300x200.jpg 300w, https:\/\/interamerica.org\/wp-content\/uploads\/2025\/02\/jamu-carla-anne-roper-rlsummit-768x512.jpg 768w\" sizes=\"(max-width: 1000px) 100vw, 1000px\" \/><p id=\"caption-attachment-125437\" class=\"wp-caption-text\">Carla-Anne Roper, avocate \u00e0 Kingston, pr\u00e9sente un point lors du Sommet sur la Libert\u00e9 Religieuse qui s\u2019est tenu au Centre de Conf\u00e9rences de la Jama\u00efque \u00e0 Kingston, en Jama\u00efque, le 30 janvier 2025. [Photo : Phillip Castell]<\/p><\/div><strong>Une \u00e9glise sans murs<\/strong><\/p>\n<p>Pasteur Glen Samuels, pr\u00e9sident de la F\u00e9d\u00e9ration de l\u2019Ouest de la Jama\u00efque, a attir\u00e9 l\u2019attention sur l\u2019impact transformateur de la technologie dans la proclamation des messages religieux \u00e0 l\u2019\u00e9chelle mondiale. \u00ab Le COVID-19 a ouvert des portes d\u2019opportunit\u00e9s, \u00bb a-t-il d\u00e9clar\u00e9. \u00ab La technologie a cr\u00e9\u00e9 une \u2018\u00e9glise sans murs,\u2019 qui permet aux communaut\u00e9s religieuses d\u2019atteindre des millions de personnes au-del\u00e0 de leur espace physique. \u00bb<\/p>\n<p>Il a cependant \u00e9galement mis en garde contre les dangers qui accompagnent de telles avanc\u00e9es. \u00ab S\u2019il est vrai que la technologie permet la libre expression de la foi, elle pr\u00e9sente \u00e9galement un d\u00e9fi, peut-\u00eatre plus grand que les restrictions traditionnelles \u00e0 la libert\u00e9 religieuse, \u00bb a-t-il averti. Pasteur Samuels a fait r\u00e9f\u00e9rence \u00e0 Pegasus, un logiciel espion d\u00e9velopp\u00e9 par Isra\u00ebl que certains gouvernements auraient apparemment utilis\u00e9 pour traquer et r\u00e9primer les minorit\u00e9s religieuses. \u00ab Il peut \u00eatre attach\u00e9 \u00e0 distance aux appareils, surveiller les communications et enregistrer sans consentement. Cela constitue une menace s\u00e9rieuse pour les libert\u00e9s religieuses. \u00bb<\/p>\n<p><strong>Un appel \u00e0 l\u2019action<\/strong><\/p>\n<p>Bien que des restrictions religieuses existent dans de nombreuses r\u00e9gions, Dane Fletcher, directeur des minist\u00e8res de la jeunesse et des campus \u00e0 l\u2019Union de la Jama\u00efque, a soulign\u00e9 l\u2019importance qu\u2019il y a \u00e0 d\u00e9fendre la cause. \u00ab Ceux qui jouissent de la libert\u00e9 religieuse ne doivent pas la consid\u00e9rer comme acquise, \u00bb a-t-il d\u00e9clar\u00e9. \u00ab Nous devons utiliser la technologie pour amplifier la prise de conscience et soutenir ceux qui sont confront\u00e9s \u00e0 l\u2019oppression. \u00bb<\/p>\n<p><div id=\"attachment_125434\" style=\"width: 1010px\" class=\"wp-caption aligncenter\"><img loading=\"lazy\" decoding=\"async\" aria-describedby=\"caption-attachment-125434\" class=\"size-full wp-image-125433\" src=\"https:\/\/interamerica.org\/wp-content\/uploads\/2025\/02\/wendell-wilkins-jamu-rl2025.jpg\" alt=\"\" width=\"1000\" height=\"667\" srcset=\"https:\/\/interamerica.org\/wp-content\/uploads\/2025\/02\/wendell-wilkins-jamu-rl2025.jpg 1000w, https:\/\/interamerica.org\/wp-content\/uploads\/2025\/02\/wendell-wilkins-jamu-rl2025-300x200.jpg 300w, https:\/\/interamerica.org\/wp-content\/uploads\/2025\/02\/wendell-wilkins-jamu-rl2025-768x512.jpg 768w\" sizes=\"(max-width: 1000px) 100vw, 1000px\" \/><p id=\"caption-attachment-125434\" class=\"wp-caption-text\">Wendell Wilkins, avocat de Kingston, membre de l\u2019Association Nationale pour la Libert\u00e9 Religieuse en Jama\u00efque, pose une question lors du Sommet sur la Libert\u00e9 Religieuse qui a eu lieu le 30 janvier 2025. [Photo : Phillip Castell]<\/p><\/div>Stacey Mitchell, pr\u00e9sidente du Concile pour la Fraternit\u00e9 Interconfessionnelle de la Jama\u00efque, a fait \u00e9cho \u00e0 son sentiment. \u00ab Nous ne pouvons pas attendre que la pers\u00e9cution religieuse nous affecte personnellement. Nous devons d\u00e9fendre la cause pour les autres maintenant, en nous assurant que les libert\u00e9s religieuses mondiales soient prot\u00e9g\u00e9es, \u00bb a-t-elle d\u00e9clar\u00e9.<\/p>\n<p>Pasteur Samuels a conclu en soulignant la n\u00e9cessit\u00e9 d\u2019un engagement proactif. \u00ab La d\u00e9mocratie repose sur des repr\u00e9sentants inform\u00e9s qui d\u00e9fendent les libert\u00e9s, mais sans prise de conscience, ils peuvent involontairement supprimer les droits religieux. La technologie doit \u00eatre utilis\u00e9e pour \u00e9duquer et prot\u00e9ger les libert\u00e9s religieuses dans le monde entier, \u00bb a-t-il dit.<\/p>\n<p><em>Lawrie Henry a contribu\u00e9 \u00e0 cet article.<\/em><\/p>\n<p>Traduction: Patrick Luciathe<\/p>\n","protected":false},"excerpt":{"rendered":"<p>Lors d\u2019un programme en Jama\u00efque, un panel discute des d\u00e9fis et des opportunit\u00e9s de l\u2019environnement actuel. 19 F\u00e9vrier 2025 | Kingston, Jama\u00efque | Dyhann Buddoo-Fletcher et \u00c9quipe de presse de&#8230;<\/p>\n","protected":false},"author":3,"featured_media":125489,"comment_status":"closed","ping_status":"closed","sticky":false,"template":"","format":"standard","meta":{"_acf_changed":false,"footnotes":""},"categories":[21,19],"tags":[],"class_list":["post-125506","post","type-post","status-publish","format-standard","has-post-thumbnail","hentry","category-nouvelles-du-territoire","category-rss-francais"],"acf":[],"yoast_head":"<!-- This site is optimized with the Yoast SEO plugin v27.3 - https:\/\/yoast.com\/product\/yoast-seo-wordpress\/ -->\n<title>Des dirigeants de l\u2019\u00c9glise et des responsables parlent de la double nature de la technologie et de l\u2019\u00e9tat de la libert\u00e9 religieuse en Jama\u00efque - \u00c9glise Adventiste Du Septieme Jour - Inter Am\u00e9rique Division<\/title>\n<meta name=\"robots\" content=\"index, follow, max-snippet:-1, max-image-preview:large, max-video-preview:-1\" \/>\n<link rel=\"canonical\" href=\"https:\/\/interamerica.org\/fr\/2025\/02\/des-dirigeants-de-leglise-et-des-responsables-parlent-de-la-double-nature-de-la-technologie-et-de-letat-de-la-liberte-religieuse-en-jamaique\/\" \/>\n<meta property=\"og:locale\" content=\"fr_FR\" \/>\n<meta property=\"og:type\" content=\"article\" \/>\n<meta property=\"og:title\" content=\"Des dirigeants de l\u2019\u00c9glise et des responsables parlent de la double nature de la technologie et de l\u2019\u00e9tat de la libert\u00e9 religieuse en Jama\u00efque - \u00c9glise Adventiste Du Septieme Jour - Inter Am\u00e9rique Division\" \/>\n<meta property=\"og:description\" content=\"Lors d\u2019un programme en Jama\u00efque, un panel discute des d\u00e9fis et des opportunit\u00e9s de l\u2019environnement actuel. 19 F\u00e9vrier 2025 | Kingston, Jama\u00efque | Dyhann Buddoo-Fletcher et \u00c9quipe de presse de...\" \/>\n<meta property=\"og:url\" content=\"https:\/\/interamerica.org\/fr\/2025\/02\/des-dirigeants-de-leglise-et-des-responsables-parlent-de-la-double-nature-de-la-technologie-et-de-letat-de-la-liberte-religieuse-en-jamaique\/\" \/>\n<meta property=\"og:site_name\" content=\"\u00c9glise Adventiste Du Septieme Jour - Inter Am\u00e9rique Division\" \/>\n<meta property=\"article:published_time\" content=\"2025-02-20T01:44:59+00:00\" \/>\n<meta property=\"article:modified_time\" content=\"2025-02-22T04:17:32+00:00\" \/>\n<meta property=\"og:image\" content=\"https:\/\/interamerica.org\/wp-content\/uploads\/2025\/02\/jamu-rlsummit-pms.jpg\" \/>\n\t<meta property=\"og:image:width\" content=\"1000\" \/>\n\t<meta property=\"og:image:height\" content=\"667\" \/>\n\t<meta property=\"og:image:type\" content=\"image\/jpeg\" \/>\n<meta name=\"author\" content=\"libna\" \/>\n<meta name=\"twitter:card\" content=\"summary_large_image\" \/>\n<meta name=\"twitter:label1\" content=\"\u00c9crit par\" \/>\n\t<meta name=\"twitter:data1\" content=\"libna\" \/>\n\t<meta name=\"twitter:label2\" content=\"Dur\u00e9e de lecture estim\u00e9e\" \/>\n\t<meta name=\"twitter:data2\" content=\"8 minutes\" \/>\n<script type=\"application\/ld+json\" class=\"yoast-schema-graph\">{\"@context\":\"https:\\\/\\\/schema.org\",\"@graph\":[{\"@type\":\"Article\",\"@id\":\"https:\\\/\\\/interamerica.org\\\/fr\\\/2025\\\/02\\\/des-dirigeants-de-leglise-et-des-responsables-parlent-de-la-double-nature-de-la-technologie-et-de-letat-de-la-liberte-religieuse-en-jamaique\\\/#article\",\"isPartOf\":{\"@id\":\"https:\\\/\\\/interamerica.org\\\/fr\\\/2025\\\/02\\\/des-dirigeants-de-leglise-et-des-responsables-parlent-de-la-double-nature-de-la-technologie-et-de-letat-de-la-liberte-religieuse-en-jamaique\\\/\"},\"author\":{\"name\":\"libna\",\"@id\":\"https:\\\/\\\/interamerica.org\\\/fr\\\/#\\\/schema\\\/person\\\/29998f2bc2d8bd0d38662909289b54f1\"},\"headline\":\"Des dirigeants de l\u2019\u00c9glise et des responsables parlent de la double nature de la technologie et de l\u2019\u00e9tat de la libert\u00e9 religieuse en Jama\u00efque\",\"datePublished\":\"2025-02-20T01:44:59+00:00\",\"dateModified\":\"2025-02-22T04:17:32+00:00\",\"mainEntityOfPage\":{\"@id\":\"https:\\\/\\\/interamerica.org\\\/fr\\\/2025\\\/02\\\/des-dirigeants-de-leglise-et-des-responsables-parlent-de-la-double-nature-de-la-technologie-et-de-letat-de-la-liberte-religieuse-en-jamaique\\\/\"},\"wordCount\":1702,\"image\":{\"@id\":\"https:\\\/\\\/interamerica.org\\\/fr\\\/2025\\\/02\\\/des-dirigeants-de-leglise-et-des-responsables-parlent-de-la-double-nature-de-la-technologie-et-de-letat-de-la-liberte-religieuse-en-jamaique\\\/#primaryimage\"},\"thumbnailUrl\":\"https:\\\/\\\/interamerica.org\\\/wp-content\\\/uploads\\\/2025\\\/02\\\/jamu-rlsummit-pms.jpg\",\"articleSection\":[\"Nouvelles du territoire\",\"RSS Fran\u00e7ais\"],\"inLanguage\":\"fr-FR\"},{\"@type\":\"WebPage\",\"@id\":\"https:\\\/\\\/interamerica.org\\\/fr\\\/2025\\\/02\\\/des-dirigeants-de-leglise-et-des-responsables-parlent-de-la-double-nature-de-la-technologie-et-de-letat-de-la-liberte-religieuse-en-jamaique\\\/\",\"url\":\"https:\\\/\\\/interamerica.org\\\/fr\\\/2025\\\/02\\\/des-dirigeants-de-leglise-et-des-responsables-parlent-de-la-double-nature-de-la-technologie-et-de-letat-de-la-liberte-religieuse-en-jamaique\\\/\",\"name\":\"Des dirigeants de l\u2019\u00c9glise et des responsables parlent de la double nature de la technologie et de l\u2019\u00e9tat de la libert\u00e9 religieuse en Jama\u00efque - \u00c9glise Adventiste Du Septieme Jour - Inter Am\u00e9rique Division\",\"isPartOf\":{\"@id\":\"https:\\\/\\\/interamerica.org\\\/fr\\\/#website\"},\"primaryImageOfPage\":{\"@id\":\"https:\\\/\\\/interamerica.org\\\/fr\\\/2025\\\/02\\\/des-dirigeants-de-leglise-et-des-responsables-parlent-de-la-double-nature-de-la-technologie-et-de-letat-de-la-liberte-religieuse-en-jamaique\\\/#primaryimage\"},\"image\":{\"@id\":\"https:\\\/\\\/interamerica.org\\\/fr\\\/2025\\\/02\\\/des-dirigeants-de-leglise-et-des-responsables-parlent-de-la-double-nature-de-la-technologie-et-de-letat-de-la-liberte-religieuse-en-jamaique\\\/#primaryimage\"},\"thumbnailUrl\":\"https:\\\/\\\/interamerica.org\\\/wp-content\\\/uploads\\\/2025\\\/02\\\/jamu-rlsummit-pms.jpg\",\"datePublished\":\"2025-02-20T01:44:59+00:00\",\"dateModified\":\"2025-02-22T04:17:32+00:00\",\"author\":{\"@id\":\"https:\\\/\\\/interamerica.org\\\/fr\\\/#\\\/schema\\\/person\\\/29998f2bc2d8bd0d38662909289b54f1\"},\"breadcrumb\":{\"@id\":\"https:\\\/\\\/interamerica.org\\\/fr\\\/2025\\\/02\\\/des-dirigeants-de-leglise-et-des-responsables-parlent-de-la-double-nature-de-la-technologie-et-de-letat-de-la-liberte-religieuse-en-jamaique\\\/#breadcrumb\"},\"inLanguage\":\"fr-FR\",\"potentialAction\":[{\"@type\":\"ReadAction\",\"target\":[\"https:\\\/\\\/interamerica.org\\\/fr\\\/2025\\\/02\\\/des-dirigeants-de-leglise-et-des-responsables-parlent-de-la-double-nature-de-la-technologie-et-de-letat-de-la-liberte-religieuse-en-jamaique\\\/\"]}]},{\"@type\":\"ImageObject\",\"inLanguage\":\"fr-FR\",\"@id\":\"https:\\\/\\\/interamerica.org\\\/fr\\\/2025\\\/02\\\/des-dirigeants-de-leglise-et-des-responsables-parlent-de-la-double-nature-de-la-technologie-et-de-letat-de-la-liberte-religieuse-en-jamaique\\\/#primaryimage\",\"url\":\"https:\\\/\\\/interamerica.org\\\/wp-content\\\/uploads\\\/2025\\\/02\\\/jamu-rlsummit-pms.jpg\",\"contentUrl\":\"https:\\\/\\\/interamerica.org\\\/wp-content\\\/uploads\\\/2025\\\/02\\\/jamu-rlsummit-pms.jpg\",\"width\":1000,\"height\":667,\"caption\":\"L-R: Mark Golding MP, Leader of the Opposition, Nigel Coke, Public Affairs and Religious Liberty director of the Jamaica Union and Dr. the Hon. Andrew Holness ON, PC, MP listen attentively to a presentation during the Religious Liberty Summit held on January 30, 2025 at the Jamaica Conference Centre in Kingston, Jamaica[Photo: Phillip Castell]\"},{\"@type\":\"BreadcrumbList\",\"@id\":\"https:\\\/\\\/interamerica.org\\\/fr\\\/2025\\\/02\\\/des-dirigeants-de-leglise-et-des-responsables-parlent-de-la-double-nature-de-la-technologie-et-de-letat-de-la-liberte-religieuse-en-jamaique\\\/#breadcrumb\",\"itemListElement\":[{\"@type\":\"ListItem\",\"position\":1,\"name\":\"Home\",\"item\":\"https:\\\/\\\/interamerica.org\\\/fr\\\/\"},{\"@type\":\"ListItem\",\"position\":2,\"name\":\"Des dirigeants de l\u2019\u00c9glise et des responsables parlent de la double nature de la technologie et de l\u2019\u00e9tat de la libert\u00e9 religieuse en Jama\u00efque\"}]},{\"@type\":\"WebSite\",\"@id\":\"https:\\\/\\\/interamerica.org\\\/fr\\\/#website\",\"url\":\"https:\\\/\\\/interamerica.org\\\/fr\\\/\",\"name\":\"\u00c9glise Adventiste Du Septieme Jour - Inter Am\u00e9rique Division\",\"description\":\"\",\"potentialAction\":[{\"@type\":\"SearchAction\",\"target\":{\"@type\":\"EntryPoint\",\"urlTemplate\":\"https:\\\/\\\/interamerica.org\\\/fr\\\/?s={search_term_string}\"},\"query-input\":{\"@type\":\"PropertyValueSpecification\",\"valueRequired\":true,\"valueName\":\"search_term_string\"}}],\"inLanguage\":\"fr-FR\"},{\"@type\":\"Person\",\"@id\":\"https:\\\/\\\/interamerica.org\\\/fr\\\/#\\\/schema\\\/person\\\/29998f2bc2d8bd0d38662909289b54f1\",\"name\":\"libna\",\"image\":{\"@type\":\"ImageObject\",\"inLanguage\":\"fr-FR\",\"@id\":\"https:\\\/\\\/secure.gravatar.com\\\/avatar\\\/7c5bd30ae4b47a9ba3c856590957fd1d96dc588bf3ac05719d247e126840331f?s=96&d=mm&r=g\",\"url\":\"https:\\\/\\\/secure.gravatar.com\\\/avatar\\\/7c5bd30ae4b47a9ba3c856590957fd1d96dc588bf3ac05719d247e126840331f?s=96&d=mm&r=g\",\"contentUrl\":\"https:\\\/\\\/secure.gravatar.com\\\/avatar\\\/7c5bd30ae4b47a9ba3c856590957fd1d96dc588bf3ac05719d247e126840331f?s=96&d=mm&r=g\",\"caption\":\"libna\"}}]}<\/script>\n<!-- \/ Yoast SEO plugin. -->","yoast_head_json":{"title":"Des dirigeants de l\u2019\u00c9glise et des responsables parlent de la double nature de la technologie et de l\u2019\u00e9tat de la libert\u00e9 religieuse en Jama\u00efque - \u00c9glise Adventiste Du Septieme Jour - Inter Am\u00e9rique Division","robots":{"index":"index","follow":"follow","max-snippet":"max-snippet:-1","max-image-preview":"max-image-preview:large","max-video-preview":"max-video-preview:-1"},"canonical":"https:\/\/interamerica.org\/fr\/2025\/02\/des-dirigeants-de-leglise-et-des-responsables-parlent-de-la-double-nature-de-la-technologie-et-de-letat-de-la-liberte-religieuse-en-jamaique\/","og_locale":"fr_FR","og_type":"article","og_title":"Des dirigeants de l\u2019\u00c9glise et des responsables parlent de la double nature de la technologie et de l\u2019\u00e9tat de la libert\u00e9 religieuse en Jama\u00efque - \u00c9glise Adventiste Du Septieme Jour - Inter Am\u00e9rique Division","og_description":"Lors d\u2019un programme en Jama\u00efque, un panel discute des d\u00e9fis et des opportunit\u00e9s de l\u2019environnement actuel. 19 F\u00e9vrier 2025 | Kingston, Jama\u00efque | Dyhann Buddoo-Fletcher et \u00c9quipe de presse de...","og_url":"https:\/\/interamerica.org\/fr\/2025\/02\/des-dirigeants-de-leglise-et-des-responsables-parlent-de-la-double-nature-de-la-technologie-et-de-letat-de-la-liberte-religieuse-en-jamaique\/","og_site_name":"\u00c9glise Adventiste Du Septieme Jour - Inter Am\u00e9rique Division","article_published_time":"2025-02-20T01:44:59+00:00","article_modified_time":"2025-02-22T04:17:32+00:00","og_image":[{"width":1000,"height":667,"url":"https:\/\/interamerica.org\/wp-content\/uploads\/2025\/02\/jamu-rlsummit-pms.jpg","type":"image\/jpeg"}],"author":"libna","twitter_card":"summary_large_image","twitter_misc":{"\u00c9crit par":"libna","Dur\u00e9e de lecture estim\u00e9e":"8 minutes"},"schema":{"@context":"https:\/\/schema.org","@graph":[{"@type":"Article","@id":"https:\/\/interamerica.org\/fr\/2025\/02\/des-dirigeants-de-leglise-et-des-responsables-parlent-de-la-double-nature-de-la-technologie-et-de-letat-de-la-liberte-religieuse-en-jamaique\/#article","isPartOf":{"@id":"https:\/\/interamerica.org\/fr\/2025\/02\/des-dirigeants-de-leglise-et-des-responsables-parlent-de-la-double-nature-de-la-technologie-et-de-letat-de-la-liberte-religieuse-en-jamaique\/"},"author":{"name":"libna","@id":"https:\/\/interamerica.org\/fr\/#\/schema\/person\/29998f2bc2d8bd0d38662909289b54f1"},"headline":"Des dirigeants de l\u2019\u00c9glise et des responsables parlent de la double nature de la technologie et de l\u2019\u00e9tat de la libert\u00e9 religieuse en Jama\u00efque","datePublished":"2025-02-20T01:44:59+00:00","dateModified":"2025-02-22T04:17:32+00:00","mainEntityOfPage":{"@id":"https:\/\/interamerica.org\/fr\/2025\/02\/des-dirigeants-de-leglise-et-des-responsables-parlent-de-la-double-nature-de-la-technologie-et-de-letat-de-la-liberte-religieuse-en-jamaique\/"},"wordCount":1702,"image":{"@id":"https:\/\/interamerica.org\/fr\/2025\/02\/des-dirigeants-de-leglise-et-des-responsables-parlent-de-la-double-nature-de-la-technologie-et-de-letat-de-la-liberte-religieuse-en-jamaique\/#primaryimage"},"thumbnailUrl":"https:\/\/interamerica.org\/wp-content\/uploads\/2025\/02\/jamu-rlsummit-pms.jpg","articleSection":["Nouvelles du territoire","RSS Fran\u00e7ais"],"inLanguage":"fr-FR"},{"@type":"WebPage","@id":"https:\/\/interamerica.org\/fr\/2025\/02\/des-dirigeants-de-leglise-et-des-responsables-parlent-de-la-double-nature-de-la-technologie-et-de-letat-de-la-liberte-religieuse-en-jamaique\/","url":"https:\/\/interamerica.org\/fr\/2025\/02\/des-dirigeants-de-leglise-et-des-responsables-parlent-de-la-double-nature-de-la-technologie-et-de-letat-de-la-liberte-religieuse-en-jamaique\/","name":"Des dirigeants de l\u2019\u00c9glise et des responsables parlent de la double nature de la technologie et de l\u2019\u00e9tat de la libert\u00e9 religieuse en Jama\u00efque - \u00c9glise Adventiste Du Septieme Jour - Inter Am\u00e9rique Division","isPartOf":{"@id":"https:\/\/interamerica.org\/fr\/#website"},"primaryImageOfPage":{"@id":"https:\/\/interamerica.org\/fr\/2025\/02\/des-dirigeants-de-leglise-et-des-responsables-parlent-de-la-double-nature-de-la-technologie-et-de-letat-de-la-liberte-religieuse-en-jamaique\/#primaryimage"},"image":{"@id":"https:\/\/interamerica.org\/fr\/2025\/02\/des-dirigeants-de-leglise-et-des-responsables-parlent-de-la-double-nature-de-la-technologie-et-de-letat-de-la-liberte-religieuse-en-jamaique\/#primaryimage"},"thumbnailUrl":"https:\/\/interamerica.org\/wp-content\/uploads\/2025\/02\/jamu-rlsummit-pms.jpg","datePublished":"2025-02-20T01:44:59+00:00","dateModified":"2025-02-22T04:17:32+00:00","author":{"@id":"https:\/\/interamerica.org\/fr\/#\/schema\/person\/29998f2bc2d8bd0d38662909289b54f1"},"breadcrumb":{"@id":"https:\/\/interamerica.org\/fr\/2025\/02\/des-dirigeants-de-leglise-et-des-responsables-parlent-de-la-double-nature-de-la-technologie-et-de-letat-de-la-liberte-religieuse-en-jamaique\/#breadcrumb"},"inLanguage":"fr-FR","potentialAction":[{"@type":"ReadAction","target":["https:\/\/interamerica.org\/fr\/2025\/02\/des-dirigeants-de-leglise-et-des-responsables-parlent-de-la-double-nature-de-la-technologie-et-de-letat-de-la-liberte-religieuse-en-jamaique\/"]}]},{"@type":"ImageObject","inLanguage":"fr-FR","@id":"https:\/\/interamerica.org\/fr\/2025\/02\/des-dirigeants-de-leglise-et-des-responsables-parlent-de-la-double-nature-de-la-technologie-et-de-letat-de-la-liberte-religieuse-en-jamaique\/#primaryimage","url":"https:\/\/interamerica.org\/wp-content\/uploads\/2025\/02\/jamu-rlsummit-pms.jpg","contentUrl":"https:\/\/interamerica.org\/wp-content\/uploads\/2025\/02\/jamu-rlsummit-pms.jpg","width":1000,"height":667,"caption":"L-R: Mark Golding MP, Leader of the Opposition, Nigel Coke, Public Affairs and Religious Liberty director of the Jamaica Union and Dr. the Hon. Andrew Holness ON, PC, MP listen attentively to a presentation during the Religious Liberty Summit held on January 30, 2025 at the Jamaica Conference Centre in Kingston, Jamaica[Photo: Phillip Castell]"},{"@type":"BreadcrumbList","@id":"https:\/\/interamerica.org\/fr\/2025\/02\/des-dirigeants-de-leglise-et-des-responsables-parlent-de-la-double-nature-de-la-technologie-et-de-letat-de-la-liberte-religieuse-en-jamaique\/#breadcrumb","itemListElement":[{"@type":"ListItem","position":1,"name":"Home","item":"https:\/\/interamerica.org\/fr\/"},{"@type":"ListItem","position":2,"name":"Des dirigeants de l\u2019\u00c9glise et des responsables parlent de la double nature de la technologie et de l\u2019\u00e9tat de la libert\u00e9 religieuse en Jama\u00efque"}]},{"@type":"WebSite","@id":"https:\/\/interamerica.org\/fr\/#website","url":"https:\/\/interamerica.org\/fr\/","name":"\u00c9glise Adventiste Du Septieme Jour - Inter Am\u00e9rique Division","description":"","potentialAction":[{"@type":"SearchAction","target":{"@type":"EntryPoint","urlTemplate":"https:\/\/interamerica.org\/fr\/?s={search_term_string}"},"query-input":{"@type":"PropertyValueSpecification","valueRequired":true,"valueName":"search_term_string"}}],"inLanguage":"fr-FR"},{"@type":"Person","@id":"https:\/\/interamerica.org\/fr\/#\/schema\/person\/29998f2bc2d8bd0d38662909289b54f1","name":"libna","image":{"@type":"ImageObject","inLanguage":"fr-FR","@id":"https:\/\/secure.gravatar.com\/avatar\/7c5bd30ae4b47a9ba3c856590957fd1d96dc588bf3ac05719d247e126840331f?s=96&d=mm&r=g","url":"https:\/\/secure.gravatar.com\/avatar\/7c5bd30ae4b47a9ba3c856590957fd1d96dc588bf3ac05719d247e126840331f?s=96&d=mm&r=g","contentUrl":"https:\/\/secure.gravatar.com\/avatar\/7c5bd30ae4b47a9ba3c856590957fd1d96dc588bf3ac05719d247e126840331f?s=96&d=mm&r=g","caption":"libna"}}]}},"_links":{"self":[{"href":"https:\/\/interamerica.org\/fr\/wp-json\/wp\/v2\/posts\/125506","targetHints":{"allow":["GET"]}}],"collection":[{"href":"https:\/\/interamerica.org\/fr\/wp-json\/wp\/v2\/posts"}],"about":[{"href":"https:\/\/interamerica.org\/fr\/wp-json\/wp\/v2\/types\/post"}],"author":[{"embeddable":true,"href":"https:\/\/interamerica.org\/fr\/wp-json\/wp\/v2\/users\/3"}],"replies":[{"embeddable":true,"href":"https:\/\/interamerica.org\/fr\/wp-json\/wp\/v2\/comments?post=125506"}],"version-history":[{"count":0,"href":"https:\/\/interamerica.org\/fr\/wp-json\/wp\/v2\/posts\/125506\/revisions"}],"wp:featuredmedia":[{"embeddable":true,"href":"https:\/\/interamerica.org\/fr\/wp-json\/wp\/v2\/media\/125489"}],"wp:attachment":[{"href":"https:\/\/interamerica.org\/fr\/wp-json\/wp\/v2\/media?parent=125506"}],"wp:term":[{"taxonomy":"category","embeddable":true,"href":"https:\/\/interamerica.org\/fr\/wp-json\/wp\/v2\/categories?post=125506"},{"taxonomy":"post_tag","embeddable":true,"href":"https:\/\/interamerica.org\/fr\/wp-json\/wp\/v2\/tags?post=125506"}],"curies":[{"name":"wp","href":"https:\/\/api.w.org\/{rel}","templated":true}]}}