{"id":12552,"date":"2006-05-26T00:00:00","date_gmt":"2006-05-26T04:00:00","guid":{"rendered":"http:\/\/192.81.217.108\/interamerica\/2006\/05\/venezuela-des-adventistes-organisent-une-marche-pour-attirer-lattention-sur-le-cancer-du-sein\/"},"modified":"2017-06-02T13:17:22","modified_gmt":"2017-06-02T17:17:22","slug":"venezuela-des-adventistes-organisent-une-marche-pour-attirer-lattention-sur-le-cancer-du-sein","status":"publish","type":"post","link":"https:\/\/interamerica.org\/fr\/2006\/05\/venezuela-des-adventistes-organisent-une-marche-pour-attirer-lattention-sur-le-cancer-du-sein\/","title":{"rendered":"V\u00e9n\u00e9zu\u00e9la:  Des Adventistes Organisent une Marche pour Attirer l&#39;Attention sur le Cancer du  Sein."},"content":{"rendered":"<p>Maracaibo, V\u00e9n\u00e9zu\u00e9la&#8230; (Emilet Poloche\/Staff de la DIA) <\/p>\n<p> Pr\u00e8s de 1.000 Adventistes du Septi\u00e8me jour ont gagn\u00e9 les rues au cours de ce mois \u00e0 Maracaibo, au V\u00e9nu\u00e9la, pour promouvoir la conscientisation sur le cancer du sein.  L&#39;\u00e9v\u00e8nement du 13 mai, d\u00e9nomm\u00e9 \u00ab\u00a0A vous Femmes\u00a0\u00bb, a conduit des centaines de membres d&#39;\u00e9glise sur la principale place, La Vereda del Lago. <\/p>\n<p>Le principal but de ce mouvement \u00e9tait de motiver et d&#39;attirer l&#39;attention de la communaut\u00e9 sur la n\u00e9cessit\u00e9 de vivre en bonne sant\u00e9, a dit Raiza Ramirez, directrice du minist\u00e8re de la femme de l&#39;\u00e9glise de la r\u00e9gion Ouest du pays.  C&#39;est la premi\u00e8re fois qu&#39;une marche sur la conscientisation du cancer du sein a \u00e9t\u00e9 tenue par l&#39;\u00e9glise de la r\u00e9gion, avan\u00e7a Ramirez.  \u00ab\u00a0Cette exp\u00e9rience nous aidera \u00e0 continuer avec la tradition dans les ann\u00e9es \u00e0 venir,\u00a0\u00bb ajouta-t-elle. <\/p>\n<p>En brandissant des pancartes pour pr\u00e9venir contre les dangers du cancer du sein, les membres de l&#39;\u00e9glise, jeunes et \u00e9claireurs ont distribu\u00e9 de la litt\u00e9rature et invit\u00e9 ceux qui les regardaient passer \u00e0 se r\u00e9unir sur la place pour un programme sp\u00e9cial. <\/p>\n<p>Un concert musical a \u00e9t\u00e9 pr\u00e9sent\u00e9 par des groupes de l&#39;\u00e9glise et des conf\u00e9rences de conscientisation sur le cancer du sein furent tenus par des m\u00e9decins locaux.  Une clinique m\u00e9dicale sp\u00e9ciale dirig\u00e9e par des professionnels de la sant\u00e9 offrirent des tests de stress gratuits, et des examens de sein et d&#39;autres examens. <\/p>\n<p>L&#39;\u00e9v\u00e8nement, qui a \u00e9t\u00e9 organis\u00e9 par l&#39;Eglise Adventiste du Septi\u00e8me jour de la r\u00e9gion Ouest du V\u00e9n\u00e9zu\u00e9la, a \u00e9t\u00e9 couvert par les m\u00e9dias locaux et retransmis sur la cha\u00eene de t\u00e9l\u00e9vision Globo Vision.    <\/p>\n","protected":false},"excerpt":{"rendered":"<p>Pr\u00e8s de 1.000 Adventistes du Septi\u00e8me jour ont gagn\u00e9 les rues au cours de ce mois \u00e0 Maracaibo, au V\u00e9nu\u00e9la, pour promouvoir la conscientisation sur le cancer du sein.<\/p>\n","protected":false},"author":1,"featured_media":0,"comment_status":"closed","ping_status":"closed","sticky":false,"template":"","format":"standard","meta":{"_acf_changed":false,"footnotes":""},"categories":[9],"tags":[],"class_list":["post-12552","post","type-post","status-publish","format-standard","hentry","category-archive-fr"],"acf":[],"yoast_head":"<!-- This site is optimized with the Yoast SEO plugin v27.3 - https:\/\/yoast.com\/product\/yoast-seo-wordpress\/ -->\n<title>V\u00e9n\u00e9zu\u00e9la: Des Adventistes Organisent une Marche pour Attirer l&#039;Attention sur le Cancer du Sein. - \u00c9glise Adventiste Du Septieme Jour - Inter Am\u00e9rique Division<\/title>\n<meta name=\"robots\" content=\"index, follow, max-snippet:-1, max-image-preview:large, max-video-preview:-1\" \/>\n<link rel=\"canonical\" href=\"https:\/\/interamerica.org\/fr\/2006\/05\/venezuela-des-adventistes-organisent-une-marche-pour-attirer-lattention-sur-le-cancer-du-sein\/\" \/>\n<meta property=\"og:locale\" content=\"fr_FR\" \/>\n<meta property=\"og:type\" content=\"article\" \/>\n<meta property=\"og:title\" content=\"V\u00e9n\u00e9zu\u00e9la: Des Adventistes Organisent une Marche pour Attirer l&#039;Attention sur le Cancer du Sein. - \u00c9glise Adventiste Du Septieme Jour - Inter Am\u00e9rique Division\" \/>\n<meta property=\"og:description\" content=\"Pr\u00e8s de 1.000 Adventistes du Septi\u00e8me jour ont gagn\u00e9 les rues au cours de ce mois \u00e0 Maracaibo, au V\u00e9nu\u00e9la, pour promouvoir la conscientisation sur le cancer du sein.\" \/>\n<meta property=\"og:url\" content=\"https:\/\/interamerica.org\/fr\/2006\/05\/venezuela-des-adventistes-organisent-une-marche-pour-attirer-lattention-sur-le-cancer-du-sein\/\" \/>\n<meta property=\"og:site_name\" content=\"\u00c9glise Adventiste Du Septieme Jour - Inter Am\u00e9rique Division\" \/>\n<meta property=\"article:published_time\" content=\"2006-05-26T04:00:00+00:00\" \/>\n<meta property=\"article:modified_time\" content=\"2017-06-02T17:17:22+00:00\" \/>\n<meta name=\"author\" content=\"Lorenzo Verduzco\" \/>\n<meta name=\"twitter:card\" content=\"summary_large_image\" \/>\n<meta name=\"twitter:label1\" content=\"\u00c9crit par\" \/>\n\t<meta name=\"twitter:data1\" content=\"Lorenzo Verduzco\" \/>\n\t<meta name=\"twitter:label2\" content=\"Dur\u00e9e de lecture estim\u00e9e\" \/>\n\t<meta name=\"twitter:data2\" content=\"2 minutes\" \/>\n<script type=\"application\/ld+json\" class=\"yoast-schema-graph\">{\"@context\":\"https:\\\/\\\/schema.org\",\"@graph\":[{\"@type\":\"Article\",\"@id\":\"https:\\\/\\\/interamerica.org\\\/fr\\\/2006\\\/05\\\/venezuela-des-adventistes-organisent-une-marche-pour-attirer-lattention-sur-le-cancer-du-sein\\\/#article\",\"isPartOf\":{\"@id\":\"https:\\\/\\\/interamerica.org\\\/fr\\\/2006\\\/05\\\/venezuela-des-adventistes-organisent-une-marche-pour-attirer-lattention-sur-le-cancer-du-sein\\\/\"},\"author\":{\"name\":\"Lorenzo Verduzco\",\"@id\":\"https:\\\/\\\/interamerica.org\\\/fr\\\/#\\\/schema\\\/person\\\/68ede8bdc292885bb76c1e3810e73c39\"},\"headline\":\"V\u00e9n\u00e9zu\u00e9la: Des Adventistes Organisent une Marche pour Attirer l&#39;Attention sur le Cancer du Sein.\",\"datePublished\":\"2006-05-26T04:00:00+00:00\",\"dateModified\":\"2017-06-02T17:17:22+00:00\",\"mainEntityOfPage\":{\"@id\":\"https:\\\/\\\/interamerica.org\\\/fr\\\/2006\\\/05\\\/venezuela-des-adventistes-organisent-une-marche-pour-attirer-lattention-sur-le-cancer-du-sein\\\/\"},\"wordCount\":328,\"articleSection\":[\"Archive\"],\"inLanguage\":\"fr-FR\"},{\"@type\":\"WebPage\",\"@id\":\"https:\\\/\\\/interamerica.org\\\/fr\\\/2006\\\/05\\\/venezuela-des-adventistes-organisent-une-marche-pour-attirer-lattention-sur-le-cancer-du-sein\\\/\",\"url\":\"https:\\\/\\\/interamerica.org\\\/fr\\\/2006\\\/05\\\/venezuela-des-adventistes-organisent-une-marche-pour-attirer-lattention-sur-le-cancer-du-sein\\\/\",\"name\":\"V\u00e9n\u00e9zu\u00e9la: Des Adventistes Organisent une Marche pour Attirer l&#39;Attention sur le Cancer du Sein. - \u00c9glise Adventiste Du Septieme Jour - Inter Am\u00e9rique Division\",\"isPartOf\":{\"@id\":\"https:\\\/\\\/interamerica.org\\\/fr\\\/#website\"},\"datePublished\":\"2006-05-26T04:00:00+00:00\",\"dateModified\":\"2017-06-02T17:17:22+00:00\",\"author\":{\"@id\":\"https:\\\/\\\/interamerica.org\\\/fr\\\/#\\\/schema\\\/person\\\/68ede8bdc292885bb76c1e3810e73c39\"},\"breadcrumb\":{\"@id\":\"https:\\\/\\\/interamerica.org\\\/fr\\\/2006\\\/05\\\/venezuela-des-adventistes-organisent-une-marche-pour-attirer-lattention-sur-le-cancer-du-sein\\\/#breadcrumb\"},\"inLanguage\":\"fr-FR\",\"potentialAction\":[{\"@type\":\"ReadAction\",\"target\":[\"https:\\\/\\\/interamerica.org\\\/fr\\\/2006\\\/05\\\/venezuela-des-adventistes-organisent-une-marche-pour-attirer-lattention-sur-le-cancer-du-sein\\\/\"]}]},{\"@type\":\"BreadcrumbList\",\"@id\":\"https:\\\/\\\/interamerica.org\\\/fr\\\/2006\\\/05\\\/venezuela-des-adventistes-organisent-une-marche-pour-attirer-lattention-sur-le-cancer-du-sein\\\/#breadcrumb\",\"itemListElement\":[{\"@type\":\"ListItem\",\"position\":1,\"name\":\"Home\",\"item\":\"https:\\\/\\\/interamerica.org\\\/fr\\\/\"},{\"@type\":\"ListItem\",\"position\":2,\"name\":\"V\u00e9n\u00e9zu\u00e9la: Des Adventistes Organisent une Marche pour Attirer l&#39;Attention sur le Cancer du Sein.\"}]},{\"@type\":\"WebSite\",\"@id\":\"https:\\\/\\\/interamerica.org\\\/fr\\\/#website\",\"url\":\"https:\\\/\\\/interamerica.org\\\/fr\\\/\",\"name\":\"\u00c9glise Adventiste Du Septieme Jour - Inter Am\u00e9rique Division\",\"description\":\"\",\"potentialAction\":[{\"@type\":\"SearchAction\",\"target\":{\"@type\":\"EntryPoint\",\"urlTemplate\":\"https:\\\/\\\/interamerica.org\\\/fr\\\/?s={search_term_string}\"},\"query-input\":{\"@type\":\"PropertyValueSpecification\",\"valueRequired\":true,\"valueName\":\"search_term_string\"}}],\"inLanguage\":\"fr-FR\"},{\"@type\":\"Person\",\"@id\":\"https:\\\/\\\/interamerica.org\\\/fr\\\/#\\\/schema\\\/person\\\/68ede8bdc292885bb76c1e3810e73c39\",\"name\":\"Lorenzo Verduzco\",\"image\":{\"@type\":\"ImageObject\",\"inLanguage\":\"fr-FR\",\"@id\":\"https:\\\/\\\/secure.gravatar.com\\\/avatar\\\/fb81a55b6218459490a9c1dc841a34909185b81904c5337b4b27f7a6fd60c49e?s=96&d=mm&r=g\",\"url\":\"https:\\\/\\\/secure.gravatar.com\\\/avatar\\\/fb81a55b6218459490a9c1dc841a34909185b81904c5337b4b27f7a6fd60c49e?s=96&d=mm&r=g\",\"contentUrl\":\"https:\\\/\\\/secure.gravatar.com\\\/avatar\\\/fb81a55b6218459490a9c1dc841a34909185b81904c5337b4b27f7a6fd60c49e?s=96&d=mm&r=g\",\"caption\":\"Lorenzo Verduzco\"}}]}<\/script>\n<!-- \/ Yoast SEO plugin. -->","yoast_head_json":{"title":"V\u00e9n\u00e9zu\u00e9la: Des Adventistes Organisent une Marche pour Attirer l&#39;Attention sur le Cancer du Sein. - \u00c9glise Adventiste Du Septieme Jour - Inter Am\u00e9rique Division","robots":{"index":"index","follow":"follow","max-snippet":"max-snippet:-1","max-image-preview":"max-image-preview:large","max-video-preview":"max-video-preview:-1"},"canonical":"https:\/\/interamerica.org\/fr\/2006\/05\/venezuela-des-adventistes-organisent-une-marche-pour-attirer-lattention-sur-le-cancer-du-sein\/","og_locale":"fr_FR","og_type":"article","og_title":"V\u00e9n\u00e9zu\u00e9la: Des Adventistes Organisent une Marche pour Attirer l&#39;Attention sur le Cancer du Sein. - \u00c9glise Adventiste Du Septieme Jour - Inter Am\u00e9rique Division","og_description":"Pr\u00e8s de 1.000 Adventistes du Septi\u00e8me jour ont gagn\u00e9 les rues au cours de ce mois \u00e0 Maracaibo, au V\u00e9nu\u00e9la, pour promouvoir la conscientisation sur le cancer du sein.","og_url":"https:\/\/interamerica.org\/fr\/2006\/05\/venezuela-des-adventistes-organisent-une-marche-pour-attirer-lattention-sur-le-cancer-du-sein\/","og_site_name":"\u00c9glise Adventiste Du Septieme Jour - Inter Am\u00e9rique Division","article_published_time":"2006-05-26T04:00:00+00:00","article_modified_time":"2017-06-02T17:17:22+00:00","author":"Lorenzo Verduzco","twitter_card":"summary_large_image","twitter_misc":{"\u00c9crit par":"Lorenzo Verduzco","Dur\u00e9e de lecture estim\u00e9e":"2 minutes"},"schema":{"@context":"https:\/\/schema.org","@graph":[{"@type":"Article","@id":"https:\/\/interamerica.org\/fr\/2006\/05\/venezuela-des-adventistes-organisent-une-marche-pour-attirer-lattention-sur-le-cancer-du-sein\/#article","isPartOf":{"@id":"https:\/\/interamerica.org\/fr\/2006\/05\/venezuela-des-adventistes-organisent-une-marche-pour-attirer-lattention-sur-le-cancer-du-sein\/"},"author":{"name":"Lorenzo Verduzco","@id":"https:\/\/interamerica.org\/fr\/#\/schema\/person\/68ede8bdc292885bb76c1e3810e73c39"},"headline":"V\u00e9n\u00e9zu\u00e9la: Des Adventistes Organisent une Marche pour Attirer l&#39;Attention sur le Cancer du Sein.","datePublished":"2006-05-26T04:00:00+00:00","dateModified":"2017-06-02T17:17:22+00:00","mainEntityOfPage":{"@id":"https:\/\/interamerica.org\/fr\/2006\/05\/venezuela-des-adventistes-organisent-une-marche-pour-attirer-lattention-sur-le-cancer-du-sein\/"},"wordCount":328,"articleSection":["Archive"],"inLanguage":"fr-FR"},{"@type":"WebPage","@id":"https:\/\/interamerica.org\/fr\/2006\/05\/venezuela-des-adventistes-organisent-une-marche-pour-attirer-lattention-sur-le-cancer-du-sein\/","url":"https:\/\/interamerica.org\/fr\/2006\/05\/venezuela-des-adventistes-organisent-une-marche-pour-attirer-lattention-sur-le-cancer-du-sein\/","name":"V\u00e9n\u00e9zu\u00e9la: Des Adventistes Organisent une Marche pour Attirer l&#39;Attention sur le Cancer du Sein. - \u00c9glise Adventiste Du Septieme Jour - Inter Am\u00e9rique Division","isPartOf":{"@id":"https:\/\/interamerica.org\/fr\/#website"},"datePublished":"2006-05-26T04:00:00+00:00","dateModified":"2017-06-02T17:17:22+00:00","author":{"@id":"https:\/\/interamerica.org\/fr\/#\/schema\/person\/68ede8bdc292885bb76c1e3810e73c39"},"breadcrumb":{"@id":"https:\/\/interamerica.org\/fr\/2006\/05\/venezuela-des-adventistes-organisent-une-marche-pour-attirer-lattention-sur-le-cancer-du-sein\/#breadcrumb"},"inLanguage":"fr-FR","potentialAction":[{"@type":"ReadAction","target":["https:\/\/interamerica.org\/fr\/2006\/05\/venezuela-des-adventistes-organisent-une-marche-pour-attirer-lattention-sur-le-cancer-du-sein\/"]}]},{"@type":"BreadcrumbList","@id":"https:\/\/interamerica.org\/fr\/2006\/05\/venezuela-des-adventistes-organisent-une-marche-pour-attirer-lattention-sur-le-cancer-du-sein\/#breadcrumb","itemListElement":[{"@type":"ListItem","position":1,"name":"Home","item":"https:\/\/interamerica.org\/fr\/"},{"@type":"ListItem","position":2,"name":"V\u00e9n\u00e9zu\u00e9la: Des Adventistes Organisent une Marche pour Attirer l&#39;Attention sur le Cancer du Sein."}]},{"@type":"WebSite","@id":"https:\/\/interamerica.org\/fr\/#website","url":"https:\/\/interamerica.org\/fr\/","name":"\u00c9glise Adventiste Du Septieme Jour - Inter Am\u00e9rique Division","description":"","potentialAction":[{"@type":"SearchAction","target":{"@type":"EntryPoint","urlTemplate":"https:\/\/interamerica.org\/fr\/?s={search_term_string}"},"query-input":{"@type":"PropertyValueSpecification","valueRequired":true,"valueName":"search_term_string"}}],"inLanguage":"fr-FR"},{"@type":"Person","@id":"https:\/\/interamerica.org\/fr\/#\/schema\/person\/68ede8bdc292885bb76c1e3810e73c39","name":"Lorenzo Verduzco","image":{"@type":"ImageObject","inLanguage":"fr-FR","@id":"https:\/\/secure.gravatar.com\/avatar\/fb81a55b6218459490a9c1dc841a34909185b81904c5337b4b27f7a6fd60c49e?s=96&d=mm&r=g","url":"https:\/\/secure.gravatar.com\/avatar\/fb81a55b6218459490a9c1dc841a34909185b81904c5337b4b27f7a6fd60c49e?s=96&d=mm&r=g","contentUrl":"https:\/\/secure.gravatar.com\/avatar\/fb81a55b6218459490a9c1dc841a34909185b81904c5337b4b27f7a6fd60c49e?s=96&d=mm&r=g","caption":"Lorenzo Verduzco"}}]}},"_links":{"self":[{"href":"https:\/\/interamerica.org\/fr\/wp-json\/wp\/v2\/posts\/12552","targetHints":{"allow":["GET"]}}],"collection":[{"href":"https:\/\/interamerica.org\/fr\/wp-json\/wp\/v2\/posts"}],"about":[{"href":"https:\/\/interamerica.org\/fr\/wp-json\/wp\/v2\/types\/post"}],"author":[{"embeddable":true,"href":"https:\/\/interamerica.org\/fr\/wp-json\/wp\/v2\/users\/1"}],"replies":[{"embeddable":true,"href":"https:\/\/interamerica.org\/fr\/wp-json\/wp\/v2\/comments?post=12552"}],"version-history":[{"count":0,"href":"https:\/\/interamerica.org\/fr\/wp-json\/wp\/v2\/posts\/12552\/revisions"}],"wp:attachment":[{"href":"https:\/\/interamerica.org\/fr\/wp-json\/wp\/v2\/media?parent=12552"}],"wp:term":[{"taxonomy":"category","embeddable":true,"href":"https:\/\/interamerica.org\/fr\/wp-json\/wp\/v2\/categories?post=12552"},{"taxonomy":"post_tag","embeddable":true,"href":"https:\/\/interamerica.org\/fr\/wp-json\/wp\/v2\/tags?post=12552"}],"curies":[{"name":"wp","href":"https:\/\/api.w.org\/{rel}","templated":true}]}}