{"id":12553,"date":"2006-06-12T00:00:00","date_gmt":"2006-06-12T04:00:00","guid":{"rendered":"http:\/\/192.81.217.108\/interamerica\/2006\/06\/haiti-les-dirigeants-de-leglise-se-sont-reunis-dans-un-service-de-reconsacration\/"},"modified":"2017-06-02T13:17:20","modified_gmt":"2017-06-02T17:17:20","slug":"haiti-les-dirigeants-de-leglise-se-sont-reunis-dans-un-service-de-reconsacration","status":"publish","type":"post","link":"https:\/\/interamerica.org\/fr\/2006\/06\/haiti-les-dirigeants-de-leglise-se-sont-reunis-dans-un-service-de-reconsacration\/","title":{"rendered":"Ha\u00efti : les Dirigeants de l&#39;\u00c9glise se Sont R\u00e9unis Dans un Service de Reconsacration"},"content":{"rendered":"<\/p>\n<p>Port-au-Prince, Ha\u00efti&#8230; [Libna Stevens\/IAD] <\/p>\n<p>L&#39;\u00c9glise Adventiste du Septi\u00e8me jour en Ha\u00efti continue \u00e0 avoir une croissance rapide, malgr\u00e9 l&#39;agitation politique durant de longues d\u00e9cades, la pauvret\u00e9, la violence et les d\u00e9sastres naturels qui ont tourment\u00e9 la nation. Aujourd&#39;hui, il y a pr\u00e8s de 300,000 membres baptis\u00e9s occupant les 396 \u00e9glises. Lors d&#39;une r\u00e9union au d\u00e9but de cette ann\u00e9e, les dirigeants d&#39;\u00e9glise issus de tout le territoire d&#39;Ha\u00efti se sont rencontr\u00e9s pour renouveler leur engagement dans le minist\u00e8re et pour se mettre ensemble dans un service plus consacr\u00e9 envers leur Seigneur, et \u00e0 l&#39;endroit de leurs communaut\u00e9s respectives. En pensant surtout \u00e0 la protection de l&#39;unit\u00e9 de la famille, ces dirigeants ont \u00e9tudi\u00e9 des moyens de fortifier et d&#39;augmenter le nombre de membres, d&#39;encourager une image positive de l&#39;\u00e9glise, par l&#39;utilisation des possibilit\u00e9s de la technologie au service de l&#39;\u00e9glise. \u00ab\u00a0Nous avons le r\u00eave de couvrir toutes les r\u00e9gions du pays : les villes et les villages, les coins et les quartiers, dans les ann\u00e9es qui viennent,\u00a0\u00bb a d\u00e9clar\u00e9 Pasteur Mathias Theart St. Pierre, pr\u00e9sident de l&#39;\u00e9glise en Ha\u00efti. L&#39;\u00e9glise en Ha\u00efti a pris naissance en 1905, avec seulement 25 membres dans la r\u00e9gion nord du pays, selon pasteur Saint Pierre. \u00ab\u00a0Depuis 1905 et jusqu&#39;\u00e0 2005, l&#39;\u00e9glise a connu la pluie de la premi\u00e8re saison,\u00a0\u00bb ajoute-t-il. \u00ab\u00a0Nous attendons que le Seigneur d\u00e9verse sur nous la pluie de la derni\u00e8re saison. Si nos m\u00e9thodes d&#39;approche \u00e9taient rurales avant le d\u00e9but de ce si\u00e8cle, d\u00e9sormais nous visons \u00e0 atteindre ceux qui sont plus modernes et qui se sont adapt\u00e9s aux exigences des temps actuels.\u00a0\u00bb La lutte pour s&#39;adapter \u00e0 ce monde d&#39;aujourd&#39;hui, avec ses changements rapides, est la raison pour laquelle les dirigeants de l&#39;\u00e9glise en Ha\u00efti continuent \u00e0 partager l&#39;\u00c9vangile et \u00e0 s&#39;occuper de certains des d\u00e9fis caus\u00e9s par la croissance rapide, ainsi que de la construction des \u00e9difices inachev\u00e9s \u00e0 travers tout le pays. Un groupe de directeurs de communication de l&#39;\u00e9glise en Ha\u00efti a dirig\u00e9 un s\u00e9minaire de formation intensif, le mois dernier, bas\u00e9 sur l&#39;utilisation de la technologie des communications comme un instrument indispensable pour la poursuite de la mission de l&#39;\u00e9glise. Bien que la technologie dans ce pays \u00e9conomiquement d\u00e9prim\u00e9 ait progress\u00e9 \u00e0 une allure d&#39;escargot, les responsables de communication restent d\u00e9cid\u00e9s \u00e0 faire leur part et \u00e0 utiliser tous les instruments et m\u00e9thodes \u00e0 leur disposition, dit Pasteur Pierre Caporal, directeur des communications pour l&#39;\u00e9glise en Ha\u00efti. \u00ab\u00a0L&#39;utilisation de la technologie peut \u00eatre d&#39;un grand avantage  pour l&#39;\u00e9glise en Ha\u00efti, particuli\u00e8rement dans la diffusion de l&#39;\u00c9vangile, pour le gain de plus de personnes pour le royaume des cieux, et pour la consolidation des membres et de la jeunesse, face \u00e0 un monde qui change constamment,\u00a0\u00bb dit Pasteur Caporal, qui ajoute que des plans sont en cours pour que le bureau central de l&#39;\u00e9glise en Ha\u00efti et ses quatre bureaux r\u00e9gionaux aient bient\u00f4t chacun un site internet. <\/p>\n<p>L&#39;\u00c9glise Adventiste du Septi\u00e8me jour en Ha\u00efti g\u00e8re un h\u00f4pital, une universit\u00e9, deux \u00e9coles et une station de radio. <\/p>\n","protected":false},"excerpt":{"rendered":"<p>L&#39;\u00c9glise Adventiste du Septi\u00e8me jour en Ha\u00efti continue \u00e0 avoir une croissance rapide, malgr\u00e9 l&#39;agitation politique durant de longues d\u00e9cades, la pauvret\u00e9, la violence et les d\u00e9sastres naturels<\/p>\n","protected":false},"author":1,"featured_media":0,"comment_status":"closed","ping_status":"closed","sticky":false,"template":"","format":"standard","meta":{"_acf_changed":false,"footnotes":""},"categories":[9],"tags":[],"class_list":["post-12553","post","type-post","status-publish","format-standard","hentry","category-archive-fr"],"acf":[],"yoast_head":"<!-- This site is optimized with the Yoast SEO plugin v27.3 - https:\/\/yoast.com\/product\/yoast-seo-wordpress\/ -->\n<title>Ha\u00efti : les Dirigeants de l&#039;\u00c9glise se Sont R\u00e9unis Dans un Service de Reconsacration - \u00c9glise Adventiste Du Septieme Jour - Inter Am\u00e9rique Division<\/title>\n<meta name=\"robots\" content=\"index, follow, max-snippet:-1, max-image-preview:large, max-video-preview:-1\" \/>\n<link rel=\"canonical\" href=\"https:\/\/interamerica.org\/fr\/2006\/06\/haiti-les-dirigeants-de-leglise-se-sont-reunis-dans-un-service-de-reconsacration\/\" \/>\n<meta property=\"og:locale\" content=\"fr_FR\" \/>\n<meta property=\"og:type\" content=\"article\" \/>\n<meta property=\"og:title\" content=\"Ha\u00efti : les Dirigeants de l&#039;\u00c9glise se Sont R\u00e9unis Dans un Service de Reconsacration - \u00c9glise Adventiste Du Septieme Jour - Inter Am\u00e9rique Division\" \/>\n<meta property=\"og:description\" content=\"L&#039;\u00c9glise Adventiste du Septi\u00e8me jour en Ha\u00efti continue \u00e0 avoir une croissance rapide, malgr\u00e9 l&#039;agitation politique durant de longues d\u00e9cades, la pauvret\u00e9, la violence et les d\u00e9sastres naturels\" \/>\n<meta property=\"og:url\" content=\"https:\/\/interamerica.org\/fr\/2006\/06\/haiti-les-dirigeants-de-leglise-se-sont-reunis-dans-un-service-de-reconsacration\/\" \/>\n<meta property=\"og:site_name\" content=\"\u00c9glise Adventiste Du Septieme Jour - Inter Am\u00e9rique Division\" \/>\n<meta property=\"article:published_time\" content=\"2006-06-12T04:00:00+00:00\" \/>\n<meta property=\"article:modified_time\" content=\"2017-06-02T17:17:20+00:00\" \/>\n<meta name=\"author\" content=\"Lorenzo Verduzco\" \/>\n<meta name=\"twitter:card\" content=\"summary_large_image\" \/>\n<meta name=\"twitter:label1\" content=\"\u00c9crit par\" \/>\n\t<meta name=\"twitter:data1\" content=\"Lorenzo Verduzco\" \/>\n\t<meta name=\"twitter:label2\" content=\"Dur\u00e9e de lecture estim\u00e9e\" \/>\n\t<meta name=\"twitter:data2\" content=\"3 minutes\" \/>\n<script type=\"application\/ld+json\" class=\"yoast-schema-graph\">{\"@context\":\"https:\\\/\\\/schema.org\",\"@graph\":[{\"@type\":\"Article\",\"@id\":\"https:\\\/\\\/interamerica.org\\\/fr\\\/2006\\\/06\\\/haiti-les-dirigeants-de-leglise-se-sont-reunis-dans-un-service-de-reconsacration\\\/#article\",\"isPartOf\":{\"@id\":\"https:\\\/\\\/interamerica.org\\\/fr\\\/2006\\\/06\\\/haiti-les-dirigeants-de-leglise-se-sont-reunis-dans-un-service-de-reconsacration\\\/\"},\"author\":{\"name\":\"Lorenzo Verduzco\",\"@id\":\"https:\\\/\\\/interamerica.org\\\/fr\\\/#\\\/schema\\\/person\\\/68ede8bdc292885bb76c1e3810e73c39\"},\"headline\":\"Ha\u00efti : les Dirigeants de l&#39;\u00c9glise se Sont R\u00e9unis Dans un Service de Reconsacration\",\"datePublished\":\"2006-06-12T04:00:00+00:00\",\"dateModified\":\"2017-06-02T17:17:20+00:00\",\"mainEntityOfPage\":{\"@id\":\"https:\\\/\\\/interamerica.org\\\/fr\\\/2006\\\/06\\\/haiti-les-dirigeants-de-leglise-se-sont-reunis-dans-un-service-de-reconsacration\\\/\"},\"wordCount\":580,\"articleSection\":[\"Archive\"],\"inLanguage\":\"fr-FR\"},{\"@type\":\"WebPage\",\"@id\":\"https:\\\/\\\/interamerica.org\\\/fr\\\/2006\\\/06\\\/haiti-les-dirigeants-de-leglise-se-sont-reunis-dans-un-service-de-reconsacration\\\/\",\"url\":\"https:\\\/\\\/interamerica.org\\\/fr\\\/2006\\\/06\\\/haiti-les-dirigeants-de-leglise-se-sont-reunis-dans-un-service-de-reconsacration\\\/\",\"name\":\"Ha\u00efti : les Dirigeants de l&#39;\u00c9glise se Sont R\u00e9unis Dans un Service de Reconsacration - \u00c9glise Adventiste Du Septieme Jour - Inter Am\u00e9rique Division\",\"isPartOf\":{\"@id\":\"https:\\\/\\\/interamerica.org\\\/fr\\\/#website\"},\"datePublished\":\"2006-06-12T04:00:00+00:00\",\"dateModified\":\"2017-06-02T17:17:20+00:00\",\"author\":{\"@id\":\"https:\\\/\\\/interamerica.org\\\/fr\\\/#\\\/schema\\\/person\\\/68ede8bdc292885bb76c1e3810e73c39\"},\"breadcrumb\":{\"@id\":\"https:\\\/\\\/interamerica.org\\\/fr\\\/2006\\\/06\\\/haiti-les-dirigeants-de-leglise-se-sont-reunis-dans-un-service-de-reconsacration\\\/#breadcrumb\"},\"inLanguage\":\"fr-FR\",\"potentialAction\":[{\"@type\":\"ReadAction\",\"target\":[\"https:\\\/\\\/interamerica.org\\\/fr\\\/2006\\\/06\\\/haiti-les-dirigeants-de-leglise-se-sont-reunis-dans-un-service-de-reconsacration\\\/\"]}]},{\"@type\":\"BreadcrumbList\",\"@id\":\"https:\\\/\\\/interamerica.org\\\/fr\\\/2006\\\/06\\\/haiti-les-dirigeants-de-leglise-se-sont-reunis-dans-un-service-de-reconsacration\\\/#breadcrumb\",\"itemListElement\":[{\"@type\":\"ListItem\",\"position\":1,\"name\":\"Home\",\"item\":\"https:\\\/\\\/interamerica.org\\\/fr\\\/\"},{\"@type\":\"ListItem\",\"position\":2,\"name\":\"Ha\u00efti : les Dirigeants de l&#39;\u00c9glise se Sont R\u00e9unis Dans un Service de Reconsacration\"}]},{\"@type\":\"WebSite\",\"@id\":\"https:\\\/\\\/interamerica.org\\\/fr\\\/#website\",\"url\":\"https:\\\/\\\/interamerica.org\\\/fr\\\/\",\"name\":\"\u00c9glise Adventiste Du Septieme Jour - Inter Am\u00e9rique Division\",\"description\":\"\",\"potentialAction\":[{\"@type\":\"SearchAction\",\"target\":{\"@type\":\"EntryPoint\",\"urlTemplate\":\"https:\\\/\\\/interamerica.org\\\/fr\\\/?s={search_term_string}\"},\"query-input\":{\"@type\":\"PropertyValueSpecification\",\"valueRequired\":true,\"valueName\":\"search_term_string\"}}],\"inLanguage\":\"fr-FR\"},{\"@type\":\"Person\",\"@id\":\"https:\\\/\\\/interamerica.org\\\/fr\\\/#\\\/schema\\\/person\\\/68ede8bdc292885bb76c1e3810e73c39\",\"name\":\"Lorenzo Verduzco\",\"image\":{\"@type\":\"ImageObject\",\"inLanguage\":\"fr-FR\",\"@id\":\"https:\\\/\\\/secure.gravatar.com\\\/avatar\\\/fb81a55b6218459490a9c1dc841a34909185b81904c5337b4b27f7a6fd60c49e?s=96&d=mm&r=g\",\"url\":\"https:\\\/\\\/secure.gravatar.com\\\/avatar\\\/fb81a55b6218459490a9c1dc841a34909185b81904c5337b4b27f7a6fd60c49e?s=96&d=mm&r=g\",\"contentUrl\":\"https:\\\/\\\/secure.gravatar.com\\\/avatar\\\/fb81a55b6218459490a9c1dc841a34909185b81904c5337b4b27f7a6fd60c49e?s=96&d=mm&r=g\",\"caption\":\"Lorenzo Verduzco\"}}]}<\/script>\n<!-- \/ Yoast SEO plugin. -->","yoast_head_json":{"title":"Ha\u00efti : les Dirigeants de l&#39;\u00c9glise se Sont R\u00e9unis Dans un Service de Reconsacration - \u00c9glise Adventiste Du Septieme Jour - Inter Am\u00e9rique Division","robots":{"index":"index","follow":"follow","max-snippet":"max-snippet:-1","max-image-preview":"max-image-preview:large","max-video-preview":"max-video-preview:-1"},"canonical":"https:\/\/interamerica.org\/fr\/2006\/06\/haiti-les-dirigeants-de-leglise-se-sont-reunis-dans-un-service-de-reconsacration\/","og_locale":"fr_FR","og_type":"article","og_title":"Ha\u00efti : les Dirigeants de l&#39;\u00c9glise se Sont R\u00e9unis Dans un Service de Reconsacration - \u00c9glise Adventiste Du Septieme Jour - Inter Am\u00e9rique Division","og_description":"L&#39;\u00c9glise Adventiste du Septi\u00e8me jour en Ha\u00efti continue \u00e0 avoir une croissance rapide, malgr\u00e9 l&#39;agitation politique durant de longues d\u00e9cades, la pauvret\u00e9, la violence et les d\u00e9sastres naturels","og_url":"https:\/\/interamerica.org\/fr\/2006\/06\/haiti-les-dirigeants-de-leglise-se-sont-reunis-dans-un-service-de-reconsacration\/","og_site_name":"\u00c9glise Adventiste Du Septieme Jour - Inter Am\u00e9rique Division","article_published_time":"2006-06-12T04:00:00+00:00","article_modified_time":"2017-06-02T17:17:20+00:00","author":"Lorenzo Verduzco","twitter_card":"summary_large_image","twitter_misc":{"\u00c9crit par":"Lorenzo Verduzco","Dur\u00e9e de lecture estim\u00e9e":"3 minutes"},"schema":{"@context":"https:\/\/schema.org","@graph":[{"@type":"Article","@id":"https:\/\/interamerica.org\/fr\/2006\/06\/haiti-les-dirigeants-de-leglise-se-sont-reunis-dans-un-service-de-reconsacration\/#article","isPartOf":{"@id":"https:\/\/interamerica.org\/fr\/2006\/06\/haiti-les-dirigeants-de-leglise-se-sont-reunis-dans-un-service-de-reconsacration\/"},"author":{"name":"Lorenzo Verduzco","@id":"https:\/\/interamerica.org\/fr\/#\/schema\/person\/68ede8bdc292885bb76c1e3810e73c39"},"headline":"Ha\u00efti : les Dirigeants de l&#39;\u00c9glise se Sont R\u00e9unis Dans un Service de Reconsacration","datePublished":"2006-06-12T04:00:00+00:00","dateModified":"2017-06-02T17:17:20+00:00","mainEntityOfPage":{"@id":"https:\/\/interamerica.org\/fr\/2006\/06\/haiti-les-dirigeants-de-leglise-se-sont-reunis-dans-un-service-de-reconsacration\/"},"wordCount":580,"articleSection":["Archive"],"inLanguage":"fr-FR"},{"@type":"WebPage","@id":"https:\/\/interamerica.org\/fr\/2006\/06\/haiti-les-dirigeants-de-leglise-se-sont-reunis-dans-un-service-de-reconsacration\/","url":"https:\/\/interamerica.org\/fr\/2006\/06\/haiti-les-dirigeants-de-leglise-se-sont-reunis-dans-un-service-de-reconsacration\/","name":"Ha\u00efti : les Dirigeants de l&#39;\u00c9glise se Sont R\u00e9unis Dans un Service de Reconsacration - \u00c9glise Adventiste Du Septieme Jour - Inter Am\u00e9rique Division","isPartOf":{"@id":"https:\/\/interamerica.org\/fr\/#website"},"datePublished":"2006-06-12T04:00:00+00:00","dateModified":"2017-06-02T17:17:20+00:00","author":{"@id":"https:\/\/interamerica.org\/fr\/#\/schema\/person\/68ede8bdc292885bb76c1e3810e73c39"},"breadcrumb":{"@id":"https:\/\/interamerica.org\/fr\/2006\/06\/haiti-les-dirigeants-de-leglise-se-sont-reunis-dans-un-service-de-reconsacration\/#breadcrumb"},"inLanguage":"fr-FR","potentialAction":[{"@type":"ReadAction","target":["https:\/\/interamerica.org\/fr\/2006\/06\/haiti-les-dirigeants-de-leglise-se-sont-reunis-dans-un-service-de-reconsacration\/"]}]},{"@type":"BreadcrumbList","@id":"https:\/\/interamerica.org\/fr\/2006\/06\/haiti-les-dirigeants-de-leglise-se-sont-reunis-dans-un-service-de-reconsacration\/#breadcrumb","itemListElement":[{"@type":"ListItem","position":1,"name":"Home","item":"https:\/\/interamerica.org\/fr\/"},{"@type":"ListItem","position":2,"name":"Ha\u00efti : les Dirigeants de l&#39;\u00c9glise se Sont R\u00e9unis Dans un Service de Reconsacration"}]},{"@type":"WebSite","@id":"https:\/\/interamerica.org\/fr\/#website","url":"https:\/\/interamerica.org\/fr\/","name":"\u00c9glise Adventiste Du Septieme Jour - Inter Am\u00e9rique Division","description":"","potentialAction":[{"@type":"SearchAction","target":{"@type":"EntryPoint","urlTemplate":"https:\/\/interamerica.org\/fr\/?s={search_term_string}"},"query-input":{"@type":"PropertyValueSpecification","valueRequired":true,"valueName":"search_term_string"}}],"inLanguage":"fr-FR"},{"@type":"Person","@id":"https:\/\/interamerica.org\/fr\/#\/schema\/person\/68ede8bdc292885bb76c1e3810e73c39","name":"Lorenzo Verduzco","image":{"@type":"ImageObject","inLanguage":"fr-FR","@id":"https:\/\/secure.gravatar.com\/avatar\/fb81a55b6218459490a9c1dc841a34909185b81904c5337b4b27f7a6fd60c49e?s=96&d=mm&r=g","url":"https:\/\/secure.gravatar.com\/avatar\/fb81a55b6218459490a9c1dc841a34909185b81904c5337b4b27f7a6fd60c49e?s=96&d=mm&r=g","contentUrl":"https:\/\/secure.gravatar.com\/avatar\/fb81a55b6218459490a9c1dc841a34909185b81904c5337b4b27f7a6fd60c49e?s=96&d=mm&r=g","caption":"Lorenzo Verduzco"}}]}},"_links":{"self":[{"href":"https:\/\/interamerica.org\/fr\/wp-json\/wp\/v2\/posts\/12553","targetHints":{"allow":["GET"]}}],"collection":[{"href":"https:\/\/interamerica.org\/fr\/wp-json\/wp\/v2\/posts"}],"about":[{"href":"https:\/\/interamerica.org\/fr\/wp-json\/wp\/v2\/types\/post"}],"author":[{"embeddable":true,"href":"https:\/\/interamerica.org\/fr\/wp-json\/wp\/v2\/users\/1"}],"replies":[{"embeddable":true,"href":"https:\/\/interamerica.org\/fr\/wp-json\/wp\/v2\/comments?post=12553"}],"version-history":[{"count":0,"href":"https:\/\/interamerica.org\/fr\/wp-json\/wp\/v2\/posts\/12553\/revisions"}],"wp:attachment":[{"href":"https:\/\/interamerica.org\/fr\/wp-json\/wp\/v2\/media?parent=12553"}],"wp:term":[{"taxonomy":"category","embeddable":true,"href":"https:\/\/interamerica.org\/fr\/wp-json\/wp\/v2\/categories?post=12553"},{"taxonomy":"post_tag","embeddable":true,"href":"https:\/\/interamerica.org\/fr\/wp-json\/wp\/v2\/tags?post=12553"}],"curies":[{"name":"wp","href":"https:\/\/api.w.org\/{rel}","templated":true}]}}