{"id":12557,"date":"2006-06-22T00:00:00","date_gmt":"2006-06-22T04:00:00","guid":{"rendered":"http:\/\/192.81.217.108\/interamerica\/2006\/06\/nicaragua-la-communaute-du-college-adventiste-finance-des-logements\/"},"modified":"2017-06-02T13:17:18","modified_gmt":"2017-06-02T17:17:18","slug":"nicaragua-la-communaute-du-college-adventiste-finance-des-logements","status":"publish","type":"post","link":"https:\/\/interamerica.org\/fr\/2006\/06\/nicaragua-la-communaute-du-college-adventiste-finance-des-logements\/","title":{"rendered":"Nicaragua : La Communaut\u00e9 du Coll\u00e8ge Adventiste Finance des Logements"},"content":{"rendered":"<\/p>\n<p><em >22 juin 2006<\/em > Empalme de Boaco, Nicaragua&#8230;. [Daneen Akers\/PUC\/ANN] <\/p>\n<p>Tout juste, au moment o\u00f9 commence la saison pluvieuse, 20 familles &#8211; en incluant Maria Luna \u2013 ont \u00e9t\u00e9 relog\u00e9es dans leurs nouvelles maisons, \u00e0 l&#39;\u00e9preuve des eaux,  dans Empalme de Boaco, Nicaragua, le 30 mai. Luna et ses deux fils ont \u00e9t\u00e9 relog\u00e9s dans l&#39;une de ces maisons financ\u00e9es par le corps enseignant, le personnel et des milliers d&#39;\u00e9tudiants vivant \u00e0 plusieurs kilom\u00e8tres de distance de Pacific Union College (PUC), \u00e0 Angwin, Californie. <\/p>\n<p>La communaut\u00e9 du PUC s&#39;est int\u00e9ress\u00e9e \u00e0 ce projet, quand Jake Schiedeman, un dipl\u00f4m\u00e9 de la classe sortante de 1990, est revenu dans son \u00ab\u00a0alma mater\u00a0\u00bb et a parl\u00e9 de son exp\u00e9rience en tant que volontaire au Nicaragua. Il pr\u00e9senta le plan de mener \u00e0 bien un projet pour la construction d&#39;un terrain de base-ball, d&#39;un parc public, d&#39;un ch\u00e2teau d&#39;eau et maintenant, d&#39;un ensemble de logements priv\u00e9s. Il rapporta aussi comment servir les autres \u00e9tait devenu primordial dans sa vie et pr\u00e9senta une vid\u00e9o sur le projet Nicaraguayen et sur ces personnes devenues si importantes dans sa vie. <\/p>\n<p>Apr\u00e8s la pr\u00e9sentation de Scheideman, le pasteur responsable Tim Mitchell a pris le micro et a invit\u00e9 les \u00e9tudiants \u00e0 prendre part. Les \u00e9tudiants du PUC, le corps enseignant et le personnel suivirent son exemple et \u00e0 la fin du service $7,861 sous forme de promesses avaient \u00e9t\u00e9 recueillis. Les dons ont continu\u00e9 \u00e0 entrer et le 6 avril, la communaut\u00e9 du PUC obtint $8,388 pour construire une maison. <\/p>\n<p>\u00c0 la fin de mai, Jake se trouva \u00e0 la t\u00eate d&#39;un groupe de donateurs et de volontaires pour visiter le Nicaragua et inaugurer les 20 nouvelles maisons, portant le nombre total de familles vivant dans de nouvelles maisons \u00e0 42 (les plans pour ce projet : construire 65 maisons). <\/p>\n<p>Selon Scheideman, tous voulaient emm\u00e9nager avant le d\u00e9but de la saison pluvieuse. \u00ab\u00a0La pluie est ce qui tue les pauvres gens,\u00a0\u00bb a-t-il continu\u00e9. \u00ab\u00a0Ils \u00e9taient tous si heureux d&#39;avoir un toit r\u00e9el pour la premi\u00e8re fois. Maintenant ils n&#39;ont pas \u00e0 s&#39;inqui\u00e9ter au sujet de la boue sous le lit, le matin ou la pluie d\u00e9goulinant sur le plastique.\u00a0\u00bb <\/p>\n<p>La maison du PUC est maintenant la maison de Maria Luna, de 28 ans d&#39;\u00e2ge, une vendeuse ambulante, et ses deux fils, \u00e2g\u00e9s de huit et cinq ans. <\/p>\n<p>Scheideman souligne que les contributions de PUC l&#39;ont encourag\u00e9 \u00e0 mieux servir encore. \u00ab\u00a0J&#39;ai \u00e9t\u00e9 fier de voir mon \u00e9cole engag\u00e9e comme \u00e7a et cela m&#39;a vraiment convaincu des possibilit\u00e9s que l&#39;on a de faire juste quelque chose\u00a0\u00bb. \u00ab\u00a0J&#39;ai consid\u00e9r\u00e9 l&#39;\u00e9glise ce jour-l\u00e0 et j&#39;ai vu plus d&#39;un millier de visages &#8211; des visages de personnes \u00e9duqu\u00e9es. En tant qu&#39;am\u00e9ricains \u00e9duqu\u00e9s nous avons la responsabilit\u00e9 de faire quelque chose dans le monde.\u00a0\u00bb <\/p>\n<p><strong >Copyright (c) 2006 de <\/strong ><strong >Adventist News Network<\/strong > <\/p>\n","protected":false},"excerpt":{"rendered":"<p>Tout juste, au moment o\u00f9 commence la saison pluvieuse, 20 familles &#8211; en incluant Maria Luna \u2013 ont \u00e9t\u00e9 relog\u00e9es dans leurs nouvelles maisons, \u00e0 l&#39;\u00e9preuve des eaux,  dans Empalme de Boaco, Nicaragua<\/p>\n","protected":false},"author":1,"featured_media":0,"comment_status":"closed","ping_status":"closed","sticky":false,"template":"","format":"standard","meta":{"_acf_changed":false,"footnotes":""},"categories":[9],"tags":[],"class_list":["post-12557","post","type-post","status-publish","format-standard","hentry","category-archive-fr"],"acf":[],"yoast_head":"<!-- This site is optimized with the Yoast SEO plugin v27.3 - https:\/\/yoast.com\/product\/yoast-seo-wordpress\/ -->\n<title>Nicaragua : La Communaut\u00e9 du Coll\u00e8ge Adventiste Finance des Logements - \u00c9glise Adventiste Du Septieme Jour - Inter Am\u00e9rique Division<\/title>\n<meta name=\"robots\" content=\"index, follow, max-snippet:-1, max-image-preview:large, max-video-preview:-1\" \/>\n<link rel=\"canonical\" href=\"https:\/\/interamerica.org\/fr\/2006\/06\/nicaragua-la-communaute-du-college-adventiste-finance-des-logements\/\" \/>\n<meta property=\"og:locale\" content=\"fr_FR\" \/>\n<meta property=\"og:type\" content=\"article\" \/>\n<meta property=\"og:title\" content=\"Nicaragua : La Communaut\u00e9 du Coll\u00e8ge Adventiste Finance des Logements - \u00c9glise Adventiste Du Septieme Jour - Inter Am\u00e9rique Division\" \/>\n<meta property=\"og:description\" content=\"Tout juste, au moment o\u00f9 commence la saison pluvieuse, 20 familles - en incluant Maria Luna \u2013 ont \u00e9t\u00e9 relog\u00e9es dans leurs nouvelles maisons, \u00e0 l&#039;\u00e9preuve des eaux, dans Empalme de Boaco, Nicaragua\" \/>\n<meta property=\"og:url\" content=\"https:\/\/interamerica.org\/fr\/2006\/06\/nicaragua-la-communaute-du-college-adventiste-finance-des-logements\/\" \/>\n<meta property=\"og:site_name\" content=\"\u00c9glise Adventiste Du Septieme Jour - Inter Am\u00e9rique Division\" \/>\n<meta property=\"article:published_time\" content=\"2006-06-22T04:00:00+00:00\" \/>\n<meta property=\"article:modified_time\" content=\"2017-06-02T17:17:18+00:00\" \/>\n<meta name=\"author\" content=\"Lorenzo Verduzco\" \/>\n<meta name=\"twitter:card\" content=\"summary_large_image\" \/>\n<meta name=\"twitter:label1\" content=\"\u00c9crit par\" \/>\n\t<meta name=\"twitter:data1\" content=\"Lorenzo Verduzco\" \/>\n\t<meta name=\"twitter:label2\" content=\"Dur\u00e9e de lecture estim\u00e9e\" \/>\n\t<meta name=\"twitter:data2\" content=\"2 minutes\" \/>\n<script type=\"application\/ld+json\" class=\"yoast-schema-graph\">{\"@context\":\"https:\\\/\\\/schema.org\",\"@graph\":[{\"@type\":\"Article\",\"@id\":\"https:\\\/\\\/interamerica.org\\\/fr\\\/2006\\\/06\\\/nicaragua-la-communaute-du-college-adventiste-finance-des-logements\\\/#article\",\"isPartOf\":{\"@id\":\"https:\\\/\\\/interamerica.org\\\/fr\\\/2006\\\/06\\\/nicaragua-la-communaute-du-college-adventiste-finance-des-logements\\\/\"},\"author\":{\"name\":\"Lorenzo Verduzco\",\"@id\":\"https:\\\/\\\/interamerica.org\\\/fr\\\/#\\\/schema\\\/person\\\/68ede8bdc292885bb76c1e3810e73c39\"},\"headline\":\"Nicaragua : La Communaut\u00e9 du Coll\u00e8ge Adventiste Finance des Logements\",\"datePublished\":\"2006-06-22T04:00:00+00:00\",\"dateModified\":\"2017-06-02T17:17:18+00:00\",\"mainEntityOfPage\":{\"@id\":\"https:\\\/\\\/interamerica.org\\\/fr\\\/2006\\\/06\\\/nicaragua-la-communaute-du-college-adventiste-finance-des-logements\\\/\"},\"wordCount\":503,\"articleSection\":[\"Archive\"],\"inLanguage\":\"fr-FR\"},{\"@type\":\"WebPage\",\"@id\":\"https:\\\/\\\/interamerica.org\\\/fr\\\/2006\\\/06\\\/nicaragua-la-communaute-du-college-adventiste-finance-des-logements\\\/\",\"url\":\"https:\\\/\\\/interamerica.org\\\/fr\\\/2006\\\/06\\\/nicaragua-la-communaute-du-college-adventiste-finance-des-logements\\\/\",\"name\":\"Nicaragua : La Communaut\u00e9 du Coll\u00e8ge Adventiste Finance des Logements - \u00c9glise Adventiste Du Septieme Jour - Inter Am\u00e9rique Division\",\"isPartOf\":{\"@id\":\"https:\\\/\\\/interamerica.org\\\/fr\\\/#website\"},\"datePublished\":\"2006-06-22T04:00:00+00:00\",\"dateModified\":\"2017-06-02T17:17:18+00:00\",\"author\":{\"@id\":\"https:\\\/\\\/interamerica.org\\\/fr\\\/#\\\/schema\\\/person\\\/68ede8bdc292885bb76c1e3810e73c39\"},\"breadcrumb\":{\"@id\":\"https:\\\/\\\/interamerica.org\\\/fr\\\/2006\\\/06\\\/nicaragua-la-communaute-du-college-adventiste-finance-des-logements\\\/#breadcrumb\"},\"inLanguage\":\"fr-FR\",\"potentialAction\":[{\"@type\":\"ReadAction\",\"target\":[\"https:\\\/\\\/interamerica.org\\\/fr\\\/2006\\\/06\\\/nicaragua-la-communaute-du-college-adventiste-finance-des-logements\\\/\"]}]},{\"@type\":\"BreadcrumbList\",\"@id\":\"https:\\\/\\\/interamerica.org\\\/fr\\\/2006\\\/06\\\/nicaragua-la-communaute-du-college-adventiste-finance-des-logements\\\/#breadcrumb\",\"itemListElement\":[{\"@type\":\"ListItem\",\"position\":1,\"name\":\"Home\",\"item\":\"https:\\\/\\\/interamerica.org\\\/fr\\\/\"},{\"@type\":\"ListItem\",\"position\":2,\"name\":\"Nicaragua : La Communaut\u00e9 du Coll\u00e8ge Adventiste Finance des Logements\"}]},{\"@type\":\"WebSite\",\"@id\":\"https:\\\/\\\/interamerica.org\\\/fr\\\/#website\",\"url\":\"https:\\\/\\\/interamerica.org\\\/fr\\\/\",\"name\":\"\u00c9glise Adventiste Du Septieme Jour - Inter Am\u00e9rique Division\",\"description\":\"\",\"potentialAction\":[{\"@type\":\"SearchAction\",\"target\":{\"@type\":\"EntryPoint\",\"urlTemplate\":\"https:\\\/\\\/interamerica.org\\\/fr\\\/?s={search_term_string}\"},\"query-input\":{\"@type\":\"PropertyValueSpecification\",\"valueRequired\":true,\"valueName\":\"search_term_string\"}}],\"inLanguage\":\"fr-FR\"},{\"@type\":\"Person\",\"@id\":\"https:\\\/\\\/interamerica.org\\\/fr\\\/#\\\/schema\\\/person\\\/68ede8bdc292885bb76c1e3810e73c39\",\"name\":\"Lorenzo Verduzco\",\"image\":{\"@type\":\"ImageObject\",\"inLanguage\":\"fr-FR\",\"@id\":\"https:\\\/\\\/secure.gravatar.com\\\/avatar\\\/fb81a55b6218459490a9c1dc841a34909185b81904c5337b4b27f7a6fd60c49e?s=96&d=mm&r=g\",\"url\":\"https:\\\/\\\/secure.gravatar.com\\\/avatar\\\/fb81a55b6218459490a9c1dc841a34909185b81904c5337b4b27f7a6fd60c49e?s=96&d=mm&r=g\",\"contentUrl\":\"https:\\\/\\\/secure.gravatar.com\\\/avatar\\\/fb81a55b6218459490a9c1dc841a34909185b81904c5337b4b27f7a6fd60c49e?s=96&d=mm&r=g\",\"caption\":\"Lorenzo Verduzco\"}}]}<\/script>\n<!-- \/ Yoast SEO plugin. -->","yoast_head_json":{"title":"Nicaragua : La Communaut\u00e9 du Coll\u00e8ge Adventiste Finance des Logements - \u00c9glise Adventiste Du Septieme Jour - Inter Am\u00e9rique Division","robots":{"index":"index","follow":"follow","max-snippet":"max-snippet:-1","max-image-preview":"max-image-preview:large","max-video-preview":"max-video-preview:-1"},"canonical":"https:\/\/interamerica.org\/fr\/2006\/06\/nicaragua-la-communaute-du-college-adventiste-finance-des-logements\/","og_locale":"fr_FR","og_type":"article","og_title":"Nicaragua : La Communaut\u00e9 du Coll\u00e8ge Adventiste Finance des Logements - \u00c9glise Adventiste Du Septieme Jour - Inter Am\u00e9rique Division","og_description":"Tout juste, au moment o\u00f9 commence la saison pluvieuse, 20 familles - en incluant Maria Luna \u2013 ont \u00e9t\u00e9 relog\u00e9es dans leurs nouvelles maisons, \u00e0 l&#39;\u00e9preuve des eaux, dans Empalme de Boaco, Nicaragua","og_url":"https:\/\/interamerica.org\/fr\/2006\/06\/nicaragua-la-communaute-du-college-adventiste-finance-des-logements\/","og_site_name":"\u00c9glise Adventiste Du Septieme Jour - Inter Am\u00e9rique Division","article_published_time":"2006-06-22T04:00:00+00:00","article_modified_time":"2017-06-02T17:17:18+00:00","author":"Lorenzo Verduzco","twitter_card":"summary_large_image","twitter_misc":{"\u00c9crit par":"Lorenzo Verduzco","Dur\u00e9e de lecture estim\u00e9e":"2 minutes"},"schema":{"@context":"https:\/\/schema.org","@graph":[{"@type":"Article","@id":"https:\/\/interamerica.org\/fr\/2006\/06\/nicaragua-la-communaute-du-college-adventiste-finance-des-logements\/#article","isPartOf":{"@id":"https:\/\/interamerica.org\/fr\/2006\/06\/nicaragua-la-communaute-du-college-adventiste-finance-des-logements\/"},"author":{"name":"Lorenzo Verduzco","@id":"https:\/\/interamerica.org\/fr\/#\/schema\/person\/68ede8bdc292885bb76c1e3810e73c39"},"headline":"Nicaragua : La Communaut\u00e9 du Coll\u00e8ge Adventiste Finance des Logements","datePublished":"2006-06-22T04:00:00+00:00","dateModified":"2017-06-02T17:17:18+00:00","mainEntityOfPage":{"@id":"https:\/\/interamerica.org\/fr\/2006\/06\/nicaragua-la-communaute-du-college-adventiste-finance-des-logements\/"},"wordCount":503,"articleSection":["Archive"],"inLanguage":"fr-FR"},{"@type":"WebPage","@id":"https:\/\/interamerica.org\/fr\/2006\/06\/nicaragua-la-communaute-du-college-adventiste-finance-des-logements\/","url":"https:\/\/interamerica.org\/fr\/2006\/06\/nicaragua-la-communaute-du-college-adventiste-finance-des-logements\/","name":"Nicaragua : La Communaut\u00e9 du Coll\u00e8ge Adventiste Finance des Logements - \u00c9glise Adventiste Du Septieme Jour - Inter Am\u00e9rique Division","isPartOf":{"@id":"https:\/\/interamerica.org\/fr\/#website"},"datePublished":"2006-06-22T04:00:00+00:00","dateModified":"2017-06-02T17:17:18+00:00","author":{"@id":"https:\/\/interamerica.org\/fr\/#\/schema\/person\/68ede8bdc292885bb76c1e3810e73c39"},"breadcrumb":{"@id":"https:\/\/interamerica.org\/fr\/2006\/06\/nicaragua-la-communaute-du-college-adventiste-finance-des-logements\/#breadcrumb"},"inLanguage":"fr-FR","potentialAction":[{"@type":"ReadAction","target":["https:\/\/interamerica.org\/fr\/2006\/06\/nicaragua-la-communaute-du-college-adventiste-finance-des-logements\/"]}]},{"@type":"BreadcrumbList","@id":"https:\/\/interamerica.org\/fr\/2006\/06\/nicaragua-la-communaute-du-college-adventiste-finance-des-logements\/#breadcrumb","itemListElement":[{"@type":"ListItem","position":1,"name":"Home","item":"https:\/\/interamerica.org\/fr\/"},{"@type":"ListItem","position":2,"name":"Nicaragua : La Communaut\u00e9 du Coll\u00e8ge Adventiste Finance des Logements"}]},{"@type":"WebSite","@id":"https:\/\/interamerica.org\/fr\/#website","url":"https:\/\/interamerica.org\/fr\/","name":"\u00c9glise Adventiste Du Septieme Jour - Inter Am\u00e9rique Division","description":"","potentialAction":[{"@type":"SearchAction","target":{"@type":"EntryPoint","urlTemplate":"https:\/\/interamerica.org\/fr\/?s={search_term_string}"},"query-input":{"@type":"PropertyValueSpecification","valueRequired":true,"valueName":"search_term_string"}}],"inLanguage":"fr-FR"},{"@type":"Person","@id":"https:\/\/interamerica.org\/fr\/#\/schema\/person\/68ede8bdc292885bb76c1e3810e73c39","name":"Lorenzo Verduzco","image":{"@type":"ImageObject","inLanguage":"fr-FR","@id":"https:\/\/secure.gravatar.com\/avatar\/fb81a55b6218459490a9c1dc841a34909185b81904c5337b4b27f7a6fd60c49e?s=96&d=mm&r=g","url":"https:\/\/secure.gravatar.com\/avatar\/fb81a55b6218459490a9c1dc841a34909185b81904c5337b4b27f7a6fd60c49e?s=96&d=mm&r=g","contentUrl":"https:\/\/secure.gravatar.com\/avatar\/fb81a55b6218459490a9c1dc841a34909185b81904c5337b4b27f7a6fd60c49e?s=96&d=mm&r=g","caption":"Lorenzo Verduzco"}}]}},"_links":{"self":[{"href":"https:\/\/interamerica.org\/fr\/wp-json\/wp\/v2\/posts\/12557","targetHints":{"allow":["GET"]}}],"collection":[{"href":"https:\/\/interamerica.org\/fr\/wp-json\/wp\/v2\/posts"}],"about":[{"href":"https:\/\/interamerica.org\/fr\/wp-json\/wp\/v2\/types\/post"}],"author":[{"embeddable":true,"href":"https:\/\/interamerica.org\/fr\/wp-json\/wp\/v2\/users\/1"}],"replies":[{"embeddable":true,"href":"https:\/\/interamerica.org\/fr\/wp-json\/wp\/v2\/comments?post=12557"}],"version-history":[{"count":0,"href":"https:\/\/interamerica.org\/fr\/wp-json\/wp\/v2\/posts\/12557\/revisions"}],"wp:attachment":[{"href":"https:\/\/interamerica.org\/fr\/wp-json\/wp\/v2\/media?parent=12557"}],"wp:term":[{"taxonomy":"category","embeddable":true,"href":"https:\/\/interamerica.org\/fr\/wp-json\/wp\/v2\/categories?post=12557"},{"taxonomy":"post_tag","embeddable":true,"href":"https:\/\/interamerica.org\/fr\/wp-json\/wp\/v2\/tags?post=12557"}],"curies":[{"name":"wp","href":"https:\/\/api.w.org\/{rel}","templated":true}]}}