{"id":12561,"date":"2006-07-05T00:00:00","date_gmt":"2006-07-05T04:00:00","guid":{"rendered":"http:\/\/192.81.217.108\/interamerica\/2006\/07\/colombie-des-milliers-reunis-pour-le-camp-national-des-eclaireurs\/"},"modified":"2017-06-02T13:17:15","modified_gmt":"2017-06-02T17:17:15","slug":"colombie-des-milliers-reunis-pour-le-camp-national-des-eclaireurs","status":"publish","type":"post","link":"https:\/\/interamerica.org\/fr\/2006\/07\/colombie-des-milliers-reunis-pour-le-camp-national-des-eclaireurs\/","title":{"rendered":"Colombie:  Des Milliers R\u00e9unis pour le Camp National des Eclaireurs"},"content":{"rendered":"<p>Medellin, Colombie&#8230; Union de la Colombie\/Staff de la DIA <\/p>\n<p>Plus de 2.300 jeunes de centaines d&#39;Eglises Adventistes du Septi\u00e8me jour de toute la Colombie ont pr\u00e9par\u00e9 leurs sacs de couchage pour participer au 5\u00e8me Camp National des Eclaireurs de Medellin, en Colombie, le 27 juin. <\/p>\n<p>Une d\u00e9claration \u00e9crite par le Dr. Alvaro Uribe Velez, le pr\u00e9sident de Colombie, fut lue aux \u00e9claireurs pour souhaiter la bienveue aux jeunes rassembl\u00e9s et mettre en relief leur contribution \u00e0 la construction d&#39;une Colombie meilleure. <\/p>\n<p>Au cours du camp, ayant pour th\u00e8me \u00ab\u00a0Vaincre pour J\u00e9sus,\u00a0\u00bb  il fut rappel\u00e9 aux Eclaireurs que leur pr\u00e9sence \u00e9tait non seulement un t\u00e9moignage de la victoire de J\u00e9sus dans leurs vies mais qu&#39;ils devaient \u00e0 leur tour consacrer leurs talents \u00e0 Son service. <\/p>\n<p>Les Eclaireurs ont particip\u00e9 \u00e0 des activit\u00e9s sportives, des jeux Bibliques, et \u00e0 des parades. <\/p>\n<p>Parmi les invit\u00e9s sp\u00e9ciaux, il y avait Jonatan Tejel, directeur des Eclaireurs de l&#39;Eglise Adventiste Mondiale, et Pasteur Bernardo Rodriguez, directeur de jeunesse de l&#39;\u00e9glise de l&#39;Inter-Am\u00e9rique, qui ont encourag\u00e9 les jeunes \u00e0 garder leur engagement \u00e0 mieux connaitre J\u00e9sus.  Plus de 80 pasteurs et d&#39;ouvriers ont aussi assist\u00e9 \u00e0 cet \u00e9v\u00e8nement. <\/p><\/p>\n","protected":false},"excerpt":{"rendered":"<p>Plus de 2.300 jeunes de centaines d&#39;Eglises Adventistes du Septi\u00e8me jour de toute la Colombie ont pr\u00e9par\u00e9 leurs sacs de couchage pour participer au 5\u00e8me Camp National des Eclaireurs de Medellin, en Colombie, le 27 juin.<\/p>\n","protected":false},"author":1,"featured_media":0,"comment_status":"closed","ping_status":"closed","sticky":false,"template":"","format":"standard","meta":{"_acf_changed":false,"footnotes":""},"categories":[9],"tags":[],"class_list":["post-12561","post","type-post","status-publish","format-standard","hentry","category-archive-fr"],"acf":[],"yoast_head":"<!-- This site is optimized with the Yoast SEO plugin v27.3 - https:\/\/yoast.com\/product\/yoast-seo-wordpress\/ -->\n<title>Colombie: Des Milliers R\u00e9unis pour le Camp National des Eclaireurs - \u00c9glise Adventiste Du Septieme Jour - Inter Am\u00e9rique Division<\/title>\n<meta name=\"robots\" content=\"index, follow, max-snippet:-1, max-image-preview:large, max-video-preview:-1\" \/>\n<link rel=\"canonical\" href=\"https:\/\/interamerica.org\/fr\/2006\/07\/colombie-des-milliers-reunis-pour-le-camp-national-des-eclaireurs\/\" \/>\n<meta property=\"og:locale\" content=\"fr_FR\" \/>\n<meta property=\"og:type\" content=\"article\" \/>\n<meta property=\"og:title\" content=\"Colombie: Des Milliers R\u00e9unis pour le Camp National des Eclaireurs - \u00c9glise Adventiste Du Septieme Jour - Inter Am\u00e9rique Division\" \/>\n<meta property=\"og:description\" content=\"Plus de 2.300 jeunes de centaines d&#039;Eglises Adventistes du Septi\u00e8me jour de toute la Colombie ont pr\u00e9par\u00e9 leurs sacs de couchage pour participer au 5\u00e8me Camp National des Eclaireurs de Medellin, en Colombie, le 27 juin.\" \/>\n<meta property=\"og:url\" content=\"https:\/\/interamerica.org\/fr\/2006\/07\/colombie-des-milliers-reunis-pour-le-camp-national-des-eclaireurs\/\" \/>\n<meta property=\"og:site_name\" content=\"\u00c9glise Adventiste Du Septieme Jour - Inter Am\u00e9rique Division\" \/>\n<meta property=\"article:published_time\" content=\"2006-07-05T04:00:00+00:00\" \/>\n<meta property=\"article:modified_time\" content=\"2017-06-02T17:17:15+00:00\" \/>\n<meta name=\"author\" content=\"Lorenzo Verduzco\" \/>\n<meta name=\"twitter:card\" content=\"summary_large_image\" \/>\n<meta name=\"twitter:label1\" content=\"\u00c9crit par\" \/>\n\t<meta name=\"twitter:data1\" content=\"Lorenzo Verduzco\" \/>\n\t<meta name=\"twitter:label2\" content=\"Dur\u00e9e de lecture estim\u00e9e\" \/>\n\t<meta name=\"twitter:data2\" content=\"1 minute\" \/>\n<script type=\"application\/ld+json\" class=\"yoast-schema-graph\">{\"@context\":\"https:\\\/\\\/schema.org\",\"@graph\":[{\"@type\":\"Article\",\"@id\":\"https:\\\/\\\/interamerica.org\\\/fr\\\/2006\\\/07\\\/colombie-des-milliers-reunis-pour-le-camp-national-des-eclaireurs\\\/#article\",\"isPartOf\":{\"@id\":\"https:\\\/\\\/interamerica.org\\\/fr\\\/2006\\\/07\\\/colombie-des-milliers-reunis-pour-le-camp-national-des-eclaireurs\\\/\"},\"author\":{\"name\":\"Lorenzo Verduzco\",\"@id\":\"https:\\\/\\\/interamerica.org\\\/fr\\\/#\\\/schema\\\/person\\\/68ede8bdc292885bb76c1e3810e73c39\"},\"headline\":\"Colombie: Des Milliers R\u00e9unis pour le Camp National des Eclaireurs\",\"datePublished\":\"2006-07-05T04:00:00+00:00\",\"dateModified\":\"2017-06-02T17:17:15+00:00\",\"mainEntityOfPage\":{\"@id\":\"https:\\\/\\\/interamerica.org\\\/fr\\\/2006\\\/07\\\/colombie-des-milliers-reunis-pour-le-camp-national-des-eclaireurs\\\/\"},\"wordCount\":215,\"articleSection\":[\"Archive\"],\"inLanguage\":\"fr-FR\"},{\"@type\":\"WebPage\",\"@id\":\"https:\\\/\\\/interamerica.org\\\/fr\\\/2006\\\/07\\\/colombie-des-milliers-reunis-pour-le-camp-national-des-eclaireurs\\\/\",\"url\":\"https:\\\/\\\/interamerica.org\\\/fr\\\/2006\\\/07\\\/colombie-des-milliers-reunis-pour-le-camp-national-des-eclaireurs\\\/\",\"name\":\"Colombie: Des Milliers R\u00e9unis pour le Camp National des Eclaireurs - \u00c9glise Adventiste Du Septieme Jour - Inter Am\u00e9rique Division\",\"isPartOf\":{\"@id\":\"https:\\\/\\\/interamerica.org\\\/fr\\\/#website\"},\"datePublished\":\"2006-07-05T04:00:00+00:00\",\"dateModified\":\"2017-06-02T17:17:15+00:00\",\"author\":{\"@id\":\"https:\\\/\\\/interamerica.org\\\/fr\\\/#\\\/schema\\\/person\\\/68ede8bdc292885bb76c1e3810e73c39\"},\"breadcrumb\":{\"@id\":\"https:\\\/\\\/interamerica.org\\\/fr\\\/2006\\\/07\\\/colombie-des-milliers-reunis-pour-le-camp-national-des-eclaireurs\\\/#breadcrumb\"},\"inLanguage\":\"fr-FR\",\"potentialAction\":[{\"@type\":\"ReadAction\",\"target\":[\"https:\\\/\\\/interamerica.org\\\/fr\\\/2006\\\/07\\\/colombie-des-milliers-reunis-pour-le-camp-national-des-eclaireurs\\\/\"]}]},{\"@type\":\"BreadcrumbList\",\"@id\":\"https:\\\/\\\/interamerica.org\\\/fr\\\/2006\\\/07\\\/colombie-des-milliers-reunis-pour-le-camp-national-des-eclaireurs\\\/#breadcrumb\",\"itemListElement\":[{\"@type\":\"ListItem\",\"position\":1,\"name\":\"Home\",\"item\":\"https:\\\/\\\/interamerica.org\\\/fr\\\/\"},{\"@type\":\"ListItem\",\"position\":2,\"name\":\"Colombie: Des Milliers R\u00e9unis pour le Camp National des Eclaireurs\"}]},{\"@type\":\"WebSite\",\"@id\":\"https:\\\/\\\/interamerica.org\\\/fr\\\/#website\",\"url\":\"https:\\\/\\\/interamerica.org\\\/fr\\\/\",\"name\":\"\u00c9glise Adventiste Du Septieme Jour - Inter Am\u00e9rique Division\",\"description\":\"\",\"potentialAction\":[{\"@type\":\"SearchAction\",\"target\":{\"@type\":\"EntryPoint\",\"urlTemplate\":\"https:\\\/\\\/interamerica.org\\\/fr\\\/?s={search_term_string}\"},\"query-input\":{\"@type\":\"PropertyValueSpecification\",\"valueRequired\":true,\"valueName\":\"search_term_string\"}}],\"inLanguage\":\"fr-FR\"},{\"@type\":\"Person\",\"@id\":\"https:\\\/\\\/interamerica.org\\\/fr\\\/#\\\/schema\\\/person\\\/68ede8bdc292885bb76c1e3810e73c39\",\"name\":\"Lorenzo Verduzco\",\"image\":{\"@type\":\"ImageObject\",\"inLanguage\":\"fr-FR\",\"@id\":\"https:\\\/\\\/secure.gravatar.com\\\/avatar\\\/fb81a55b6218459490a9c1dc841a34909185b81904c5337b4b27f7a6fd60c49e?s=96&d=mm&r=g\",\"url\":\"https:\\\/\\\/secure.gravatar.com\\\/avatar\\\/fb81a55b6218459490a9c1dc841a34909185b81904c5337b4b27f7a6fd60c49e?s=96&d=mm&r=g\",\"contentUrl\":\"https:\\\/\\\/secure.gravatar.com\\\/avatar\\\/fb81a55b6218459490a9c1dc841a34909185b81904c5337b4b27f7a6fd60c49e?s=96&d=mm&r=g\",\"caption\":\"Lorenzo Verduzco\"}}]}<\/script>\n<!-- \/ Yoast SEO plugin. -->","yoast_head_json":{"title":"Colombie: Des Milliers R\u00e9unis pour le Camp National des Eclaireurs - \u00c9glise Adventiste Du Septieme Jour - Inter Am\u00e9rique Division","robots":{"index":"index","follow":"follow","max-snippet":"max-snippet:-1","max-image-preview":"max-image-preview:large","max-video-preview":"max-video-preview:-1"},"canonical":"https:\/\/interamerica.org\/fr\/2006\/07\/colombie-des-milliers-reunis-pour-le-camp-national-des-eclaireurs\/","og_locale":"fr_FR","og_type":"article","og_title":"Colombie: Des Milliers R\u00e9unis pour le Camp National des Eclaireurs - \u00c9glise Adventiste Du Septieme Jour - Inter Am\u00e9rique Division","og_description":"Plus de 2.300 jeunes de centaines d&#39;Eglises Adventistes du Septi\u00e8me jour de toute la Colombie ont pr\u00e9par\u00e9 leurs sacs de couchage pour participer au 5\u00e8me Camp National des Eclaireurs de Medellin, en Colombie, le 27 juin.","og_url":"https:\/\/interamerica.org\/fr\/2006\/07\/colombie-des-milliers-reunis-pour-le-camp-national-des-eclaireurs\/","og_site_name":"\u00c9glise Adventiste Du Septieme Jour - Inter Am\u00e9rique Division","article_published_time":"2006-07-05T04:00:00+00:00","article_modified_time":"2017-06-02T17:17:15+00:00","author":"Lorenzo Verduzco","twitter_card":"summary_large_image","twitter_misc":{"\u00c9crit par":"Lorenzo Verduzco","Dur\u00e9e de lecture estim\u00e9e":"1 minute"},"schema":{"@context":"https:\/\/schema.org","@graph":[{"@type":"Article","@id":"https:\/\/interamerica.org\/fr\/2006\/07\/colombie-des-milliers-reunis-pour-le-camp-national-des-eclaireurs\/#article","isPartOf":{"@id":"https:\/\/interamerica.org\/fr\/2006\/07\/colombie-des-milliers-reunis-pour-le-camp-national-des-eclaireurs\/"},"author":{"name":"Lorenzo Verduzco","@id":"https:\/\/interamerica.org\/fr\/#\/schema\/person\/68ede8bdc292885bb76c1e3810e73c39"},"headline":"Colombie: Des Milliers R\u00e9unis pour le Camp National des Eclaireurs","datePublished":"2006-07-05T04:00:00+00:00","dateModified":"2017-06-02T17:17:15+00:00","mainEntityOfPage":{"@id":"https:\/\/interamerica.org\/fr\/2006\/07\/colombie-des-milliers-reunis-pour-le-camp-national-des-eclaireurs\/"},"wordCount":215,"articleSection":["Archive"],"inLanguage":"fr-FR"},{"@type":"WebPage","@id":"https:\/\/interamerica.org\/fr\/2006\/07\/colombie-des-milliers-reunis-pour-le-camp-national-des-eclaireurs\/","url":"https:\/\/interamerica.org\/fr\/2006\/07\/colombie-des-milliers-reunis-pour-le-camp-national-des-eclaireurs\/","name":"Colombie: Des Milliers R\u00e9unis pour le Camp National des Eclaireurs - \u00c9glise Adventiste Du Septieme Jour - Inter Am\u00e9rique Division","isPartOf":{"@id":"https:\/\/interamerica.org\/fr\/#website"},"datePublished":"2006-07-05T04:00:00+00:00","dateModified":"2017-06-02T17:17:15+00:00","author":{"@id":"https:\/\/interamerica.org\/fr\/#\/schema\/person\/68ede8bdc292885bb76c1e3810e73c39"},"breadcrumb":{"@id":"https:\/\/interamerica.org\/fr\/2006\/07\/colombie-des-milliers-reunis-pour-le-camp-national-des-eclaireurs\/#breadcrumb"},"inLanguage":"fr-FR","potentialAction":[{"@type":"ReadAction","target":["https:\/\/interamerica.org\/fr\/2006\/07\/colombie-des-milliers-reunis-pour-le-camp-national-des-eclaireurs\/"]}]},{"@type":"BreadcrumbList","@id":"https:\/\/interamerica.org\/fr\/2006\/07\/colombie-des-milliers-reunis-pour-le-camp-national-des-eclaireurs\/#breadcrumb","itemListElement":[{"@type":"ListItem","position":1,"name":"Home","item":"https:\/\/interamerica.org\/fr\/"},{"@type":"ListItem","position":2,"name":"Colombie: Des Milliers R\u00e9unis pour le Camp National des Eclaireurs"}]},{"@type":"WebSite","@id":"https:\/\/interamerica.org\/fr\/#website","url":"https:\/\/interamerica.org\/fr\/","name":"\u00c9glise Adventiste Du Septieme Jour - Inter Am\u00e9rique Division","description":"","potentialAction":[{"@type":"SearchAction","target":{"@type":"EntryPoint","urlTemplate":"https:\/\/interamerica.org\/fr\/?s={search_term_string}"},"query-input":{"@type":"PropertyValueSpecification","valueRequired":true,"valueName":"search_term_string"}}],"inLanguage":"fr-FR"},{"@type":"Person","@id":"https:\/\/interamerica.org\/fr\/#\/schema\/person\/68ede8bdc292885bb76c1e3810e73c39","name":"Lorenzo Verduzco","image":{"@type":"ImageObject","inLanguage":"fr-FR","@id":"https:\/\/secure.gravatar.com\/avatar\/fb81a55b6218459490a9c1dc841a34909185b81904c5337b4b27f7a6fd60c49e?s=96&d=mm&r=g","url":"https:\/\/secure.gravatar.com\/avatar\/fb81a55b6218459490a9c1dc841a34909185b81904c5337b4b27f7a6fd60c49e?s=96&d=mm&r=g","contentUrl":"https:\/\/secure.gravatar.com\/avatar\/fb81a55b6218459490a9c1dc841a34909185b81904c5337b4b27f7a6fd60c49e?s=96&d=mm&r=g","caption":"Lorenzo Verduzco"}}]}},"_links":{"self":[{"href":"https:\/\/interamerica.org\/fr\/wp-json\/wp\/v2\/posts\/12561","targetHints":{"allow":["GET"]}}],"collection":[{"href":"https:\/\/interamerica.org\/fr\/wp-json\/wp\/v2\/posts"}],"about":[{"href":"https:\/\/interamerica.org\/fr\/wp-json\/wp\/v2\/types\/post"}],"author":[{"embeddable":true,"href":"https:\/\/interamerica.org\/fr\/wp-json\/wp\/v2\/users\/1"}],"replies":[{"embeddable":true,"href":"https:\/\/interamerica.org\/fr\/wp-json\/wp\/v2\/comments?post=12561"}],"version-history":[{"count":0,"href":"https:\/\/interamerica.org\/fr\/wp-json\/wp\/v2\/posts\/12561\/revisions"}],"wp:attachment":[{"href":"https:\/\/interamerica.org\/fr\/wp-json\/wp\/v2\/media?parent=12561"}],"wp:term":[{"taxonomy":"category","embeddable":true,"href":"https:\/\/interamerica.org\/fr\/wp-json\/wp\/v2\/categories?post=12561"},{"taxonomy":"post_tag","embeddable":true,"href":"https:\/\/interamerica.org\/fr\/wp-json\/wp\/v2\/tags?post=12561"}],"curies":[{"name":"wp","href":"https:\/\/api.w.org\/{rel}","templated":true}]}}