{"id":12562,"date":"2006-07-09T00:00:00","date_gmt":"2006-07-09T04:00:00","guid":{"rendered":"http:\/\/192.81.217.108\/interamerica\/2006\/07\/mexique-leglise-celebre-un-congres-de-predicateurs-laics\/"},"modified":"2017-06-02T13:17:15","modified_gmt":"2017-06-02T17:17:15","slug":"mexique-leglise-celebre-un-congres-de-predicateurs-laics","status":"publish","type":"post","link":"https:\/\/interamerica.org\/fr\/2006\/07\/mexique-leglise-celebre-un-congres-de-predicateurs-laics\/","title":{"rendered":"Mexique : l&#39;\u00c9glise C\u00e9l\u00e8bre un Congr\u00e8s de Pr\u00e9dicateurs La\u00efcs"},"content":{"rendered":"<\/p>\n<p>Chiapas, Mexique&#8230; [Edersein Alvarez\/IAD] <\/p>\n<p>L&#39;\u00c9glise Adventiste du Septi\u00e8me Jour dans le Sud du Mexique a r\u00e9uni des centaines de pr\u00e9dicateurs la\u00efcs et des pasteurs lors d&#39;un Congr\u00e8s au campus de l&#39;Universit\u00e9 Adventiste de Linda Vista \u00e0 Chiapas, Mexique, du 15 au 18 juin. Plus de 1,000 d\u00e9l\u00e9gu\u00e9s, pasteurs et dirigeants d&#39;\u00e9glise des six r\u00e9gions du territoire de l&#39;Union Sud du Mexique ont \u00e9t\u00e9 invit\u00e9s dans le but de leur t\u00e9moigner de la reconnaissance pour le merveilleux travail effectu\u00e9 par les la\u00efcs, leur offrir des s\u00e9minaires et les inspirer \u00e0 continuer \u00e0 partager J\u00e9sus. <\/p>\n<p>\u00ab\u00a0Ce congr\u00e8s a \u00e9t\u00e9 organis\u00e9 dans le but de vous inspirer et vous perfectionner pour la t\u00e2che la plus importante \u2013 celle qui consiste \u00e0 pr\u00eacher l&#39;\u00c9vangile,\u00a0\u00bb a dit le pasteur David Javier, pr\u00e9sident de l&#39;\u00e9glise dans le Mexique Sud. <\/p>\n<p>Sous le th\u00e8me \u00ab\u00a0Chaque Membre un Disciple\u00a0\u00bb, les la\u00efcs ont re\u00e7us du mat\u00e9riel pour que leur travail puisse continuer \u00e0 se d\u00e9velopper et cro\u00eetre. <\/p>\n<p>Pasteur Miguel Presuel, directeur des minist\u00e8res personnels, qui \u00e9tait le responsable de la coordination de l&#39;\u00e9v\u00e9nement, a soulign\u00e9 le besoin de la\u00efcs pour que nous soyons adapt\u00e9s aux temps qui changent dans cette soci\u00e9t\u00e9 actuelle. <\/p>\n<p>\u00ab\u00a0Nous voulons que ce congr\u00e8s de la\u00efcs approfondisse votre engagement \u00e0 vivre l&#39;\u00c9vangile et \u00e0 avancer avec la connaissance d&#39;une approche de pr\u00e9dicateur dynamique, moderne et efficace pour que l&#39;\u00e9glise puisse continuer \u00e0 cro\u00eetre,\u00a0\u00bb a dit Presuel. \u00ab\u00a0Nous devons investir toutes les ressources n\u00e9cessaires pour que chaque membre d&#39;\u00c9glise soit un disciple et se convertisse en un pr\u00e9dicateur efficace attirant de nouveaux croyants dans l&#39;\u00e9glise.\u00a0\u00bb <\/p>\n<p>Parmi les conf\u00e9renciers invit\u00e9s, il y avait  Pasteur Sergio Moctezuma, directeur retrait\u00e9 des minist\u00e8res personnels de la IAD qui a dirig\u00e9 le travail des la\u00efcs durant plus de deux d\u00e9cades dans la Division Interam\u00e9ricaine ; Pasteur Ramon Maury,  retrait\u00e9 et ancien vice-pr\u00e9sident de la IAD, , Pasteur Jansen Trotman, secr\u00e9taire itin\u00e9rant de la IAD, Pasteur Carlyle Bayne, directeur des minist\u00e8res personnels de la IAD; Dr Richard Norton, professeur \u00e0 l&#39;Universit\u00e9 Andrews; et Isma\u00ebl Castillo, pr\u00e9sident de l&#39;Universit\u00e9 Montemorelos. <\/p>\n","protected":false},"excerpt":{"rendered":"<p>L&#39;\u00c9glise Adventiste du Septi\u00e8me Jour dans le Sud du Mexique a r\u00e9uni des centaines de pr\u00e9dicateurs la\u00efcs et des pasteurs lors d&#39;un Congr\u00e8s au campus de l&#39;Universit\u00e9 Adventiste de Linda Vista &#038;agr<\/p>\n","protected":false},"author":1,"featured_media":0,"comment_status":"closed","ping_status":"closed","sticky":false,"template":"","format":"standard","meta":{"_acf_changed":false,"footnotes":""},"categories":[9],"tags":[],"class_list":["post-12562","post","type-post","status-publish","format-standard","hentry","category-archive-fr"],"acf":[],"yoast_head":"<!-- This site is optimized with the Yoast SEO plugin v27.3 - https:\/\/yoast.com\/product\/yoast-seo-wordpress\/ -->\n<title>Mexique : l&#039;\u00c9glise C\u00e9l\u00e8bre un Congr\u00e8s de Pr\u00e9dicateurs La\u00efcs - \u00c9glise Adventiste Du Septieme Jour - Inter Am\u00e9rique Division<\/title>\n<meta name=\"robots\" content=\"index, follow, max-snippet:-1, max-image-preview:large, max-video-preview:-1\" \/>\n<link rel=\"canonical\" href=\"https:\/\/interamerica.org\/fr\/2006\/07\/mexique-leglise-celebre-un-congres-de-predicateurs-laics\/\" \/>\n<meta property=\"og:locale\" content=\"fr_FR\" \/>\n<meta property=\"og:type\" content=\"article\" \/>\n<meta property=\"og:title\" content=\"Mexique : l&#039;\u00c9glise C\u00e9l\u00e8bre un Congr\u00e8s de Pr\u00e9dicateurs La\u00efcs - \u00c9glise Adventiste Du Septieme Jour - Inter Am\u00e9rique Division\" \/>\n<meta property=\"og:description\" content=\"L&#039;\u00c9glise Adventiste du Septi\u00e8me Jour dans le Sud du Mexique a r\u00e9uni des centaines de pr\u00e9dicateurs la\u00efcs et des pasteurs lors d&#039;un Congr\u00e8s au campus de l&#039;Universit\u00e9 Adventiste de Linda Vista &amp;agr\" \/>\n<meta property=\"og:url\" content=\"https:\/\/interamerica.org\/fr\/2006\/07\/mexique-leglise-celebre-un-congres-de-predicateurs-laics\/\" \/>\n<meta property=\"og:site_name\" content=\"\u00c9glise Adventiste Du Septieme Jour - Inter Am\u00e9rique Division\" \/>\n<meta property=\"article:published_time\" content=\"2006-07-09T04:00:00+00:00\" \/>\n<meta property=\"article:modified_time\" content=\"2017-06-02T17:17:15+00:00\" \/>\n<meta name=\"author\" content=\"Lorenzo Verduzco\" \/>\n<meta name=\"twitter:card\" content=\"summary_large_image\" \/>\n<meta name=\"twitter:label1\" content=\"\u00c9crit par\" \/>\n\t<meta name=\"twitter:data1\" content=\"Lorenzo Verduzco\" \/>\n\t<meta name=\"twitter:label2\" content=\"Dur\u00e9e de lecture estim\u00e9e\" \/>\n\t<meta name=\"twitter:data2\" content=\"2 minutes\" \/>\n<script type=\"application\/ld+json\" class=\"yoast-schema-graph\">{\"@context\":\"https:\\\/\\\/schema.org\",\"@graph\":[{\"@type\":\"Article\",\"@id\":\"https:\\\/\\\/interamerica.org\\\/fr\\\/2006\\\/07\\\/mexique-leglise-celebre-un-congres-de-predicateurs-laics\\\/#article\",\"isPartOf\":{\"@id\":\"https:\\\/\\\/interamerica.org\\\/fr\\\/2006\\\/07\\\/mexique-leglise-celebre-un-congres-de-predicateurs-laics\\\/\"},\"author\":{\"name\":\"Lorenzo Verduzco\",\"@id\":\"https:\\\/\\\/interamerica.org\\\/fr\\\/#\\\/schema\\\/person\\\/68ede8bdc292885bb76c1e3810e73c39\"},\"headline\":\"Mexique : l&#39;\u00c9glise C\u00e9l\u00e8bre un Congr\u00e8s de Pr\u00e9dicateurs La\u00efcs\",\"datePublished\":\"2006-07-09T04:00:00+00:00\",\"dateModified\":\"2017-06-02T17:17:15+00:00\",\"mainEntityOfPage\":{\"@id\":\"https:\\\/\\\/interamerica.org\\\/fr\\\/2006\\\/07\\\/mexique-leglise-celebre-un-congres-de-predicateurs-laics\\\/\"},\"wordCount\":397,\"articleSection\":[\"Archive\"],\"inLanguage\":\"fr-FR\"},{\"@type\":\"WebPage\",\"@id\":\"https:\\\/\\\/interamerica.org\\\/fr\\\/2006\\\/07\\\/mexique-leglise-celebre-un-congres-de-predicateurs-laics\\\/\",\"url\":\"https:\\\/\\\/interamerica.org\\\/fr\\\/2006\\\/07\\\/mexique-leglise-celebre-un-congres-de-predicateurs-laics\\\/\",\"name\":\"Mexique : l&#39;\u00c9glise C\u00e9l\u00e8bre un Congr\u00e8s de Pr\u00e9dicateurs La\u00efcs - \u00c9glise Adventiste Du Septieme Jour - Inter Am\u00e9rique Division\",\"isPartOf\":{\"@id\":\"https:\\\/\\\/interamerica.org\\\/fr\\\/#website\"},\"datePublished\":\"2006-07-09T04:00:00+00:00\",\"dateModified\":\"2017-06-02T17:17:15+00:00\",\"author\":{\"@id\":\"https:\\\/\\\/interamerica.org\\\/fr\\\/#\\\/schema\\\/person\\\/68ede8bdc292885bb76c1e3810e73c39\"},\"breadcrumb\":{\"@id\":\"https:\\\/\\\/interamerica.org\\\/fr\\\/2006\\\/07\\\/mexique-leglise-celebre-un-congres-de-predicateurs-laics\\\/#breadcrumb\"},\"inLanguage\":\"fr-FR\",\"potentialAction\":[{\"@type\":\"ReadAction\",\"target\":[\"https:\\\/\\\/interamerica.org\\\/fr\\\/2006\\\/07\\\/mexique-leglise-celebre-un-congres-de-predicateurs-laics\\\/\"]}]},{\"@type\":\"BreadcrumbList\",\"@id\":\"https:\\\/\\\/interamerica.org\\\/fr\\\/2006\\\/07\\\/mexique-leglise-celebre-un-congres-de-predicateurs-laics\\\/#breadcrumb\",\"itemListElement\":[{\"@type\":\"ListItem\",\"position\":1,\"name\":\"Home\",\"item\":\"https:\\\/\\\/interamerica.org\\\/fr\\\/\"},{\"@type\":\"ListItem\",\"position\":2,\"name\":\"Mexique : l&#39;\u00c9glise C\u00e9l\u00e8bre un Congr\u00e8s de Pr\u00e9dicateurs La\u00efcs\"}]},{\"@type\":\"WebSite\",\"@id\":\"https:\\\/\\\/interamerica.org\\\/fr\\\/#website\",\"url\":\"https:\\\/\\\/interamerica.org\\\/fr\\\/\",\"name\":\"\u00c9glise Adventiste Du Septieme Jour - Inter Am\u00e9rique Division\",\"description\":\"\",\"potentialAction\":[{\"@type\":\"SearchAction\",\"target\":{\"@type\":\"EntryPoint\",\"urlTemplate\":\"https:\\\/\\\/interamerica.org\\\/fr\\\/?s={search_term_string}\"},\"query-input\":{\"@type\":\"PropertyValueSpecification\",\"valueRequired\":true,\"valueName\":\"search_term_string\"}}],\"inLanguage\":\"fr-FR\"},{\"@type\":\"Person\",\"@id\":\"https:\\\/\\\/interamerica.org\\\/fr\\\/#\\\/schema\\\/person\\\/68ede8bdc292885bb76c1e3810e73c39\",\"name\":\"Lorenzo Verduzco\",\"image\":{\"@type\":\"ImageObject\",\"inLanguage\":\"fr-FR\",\"@id\":\"https:\\\/\\\/secure.gravatar.com\\\/avatar\\\/fb81a55b6218459490a9c1dc841a34909185b81904c5337b4b27f7a6fd60c49e?s=96&d=mm&r=g\",\"url\":\"https:\\\/\\\/secure.gravatar.com\\\/avatar\\\/fb81a55b6218459490a9c1dc841a34909185b81904c5337b4b27f7a6fd60c49e?s=96&d=mm&r=g\",\"contentUrl\":\"https:\\\/\\\/secure.gravatar.com\\\/avatar\\\/fb81a55b6218459490a9c1dc841a34909185b81904c5337b4b27f7a6fd60c49e?s=96&d=mm&r=g\",\"caption\":\"Lorenzo Verduzco\"}}]}<\/script>\n<!-- \/ Yoast SEO plugin. -->","yoast_head_json":{"title":"Mexique : l&#39;\u00c9glise C\u00e9l\u00e8bre un Congr\u00e8s de Pr\u00e9dicateurs La\u00efcs - \u00c9glise Adventiste Du Septieme Jour - Inter Am\u00e9rique Division","robots":{"index":"index","follow":"follow","max-snippet":"max-snippet:-1","max-image-preview":"max-image-preview:large","max-video-preview":"max-video-preview:-1"},"canonical":"https:\/\/interamerica.org\/fr\/2006\/07\/mexique-leglise-celebre-un-congres-de-predicateurs-laics\/","og_locale":"fr_FR","og_type":"article","og_title":"Mexique : l&#39;\u00c9glise C\u00e9l\u00e8bre un Congr\u00e8s de Pr\u00e9dicateurs La\u00efcs - \u00c9glise Adventiste Du Septieme Jour - Inter Am\u00e9rique Division","og_description":"L&#39;\u00c9glise Adventiste du Septi\u00e8me Jour dans le Sud du Mexique a r\u00e9uni des centaines de pr\u00e9dicateurs la\u00efcs et des pasteurs lors d&#39;un Congr\u00e8s au campus de l&#39;Universit\u00e9 Adventiste de Linda Vista &agr","og_url":"https:\/\/interamerica.org\/fr\/2006\/07\/mexique-leglise-celebre-un-congres-de-predicateurs-laics\/","og_site_name":"\u00c9glise Adventiste Du Septieme Jour - Inter Am\u00e9rique Division","article_published_time":"2006-07-09T04:00:00+00:00","article_modified_time":"2017-06-02T17:17:15+00:00","author":"Lorenzo Verduzco","twitter_card":"summary_large_image","twitter_misc":{"\u00c9crit par":"Lorenzo Verduzco","Dur\u00e9e de lecture estim\u00e9e":"2 minutes"},"schema":{"@context":"https:\/\/schema.org","@graph":[{"@type":"Article","@id":"https:\/\/interamerica.org\/fr\/2006\/07\/mexique-leglise-celebre-un-congres-de-predicateurs-laics\/#article","isPartOf":{"@id":"https:\/\/interamerica.org\/fr\/2006\/07\/mexique-leglise-celebre-un-congres-de-predicateurs-laics\/"},"author":{"name":"Lorenzo Verduzco","@id":"https:\/\/interamerica.org\/fr\/#\/schema\/person\/68ede8bdc292885bb76c1e3810e73c39"},"headline":"Mexique : l&#39;\u00c9glise C\u00e9l\u00e8bre un Congr\u00e8s de Pr\u00e9dicateurs La\u00efcs","datePublished":"2006-07-09T04:00:00+00:00","dateModified":"2017-06-02T17:17:15+00:00","mainEntityOfPage":{"@id":"https:\/\/interamerica.org\/fr\/2006\/07\/mexique-leglise-celebre-un-congres-de-predicateurs-laics\/"},"wordCount":397,"articleSection":["Archive"],"inLanguage":"fr-FR"},{"@type":"WebPage","@id":"https:\/\/interamerica.org\/fr\/2006\/07\/mexique-leglise-celebre-un-congres-de-predicateurs-laics\/","url":"https:\/\/interamerica.org\/fr\/2006\/07\/mexique-leglise-celebre-un-congres-de-predicateurs-laics\/","name":"Mexique : l&#39;\u00c9glise C\u00e9l\u00e8bre un Congr\u00e8s de Pr\u00e9dicateurs La\u00efcs - \u00c9glise Adventiste Du Septieme Jour - Inter Am\u00e9rique Division","isPartOf":{"@id":"https:\/\/interamerica.org\/fr\/#website"},"datePublished":"2006-07-09T04:00:00+00:00","dateModified":"2017-06-02T17:17:15+00:00","author":{"@id":"https:\/\/interamerica.org\/fr\/#\/schema\/person\/68ede8bdc292885bb76c1e3810e73c39"},"breadcrumb":{"@id":"https:\/\/interamerica.org\/fr\/2006\/07\/mexique-leglise-celebre-un-congres-de-predicateurs-laics\/#breadcrumb"},"inLanguage":"fr-FR","potentialAction":[{"@type":"ReadAction","target":["https:\/\/interamerica.org\/fr\/2006\/07\/mexique-leglise-celebre-un-congres-de-predicateurs-laics\/"]}]},{"@type":"BreadcrumbList","@id":"https:\/\/interamerica.org\/fr\/2006\/07\/mexique-leglise-celebre-un-congres-de-predicateurs-laics\/#breadcrumb","itemListElement":[{"@type":"ListItem","position":1,"name":"Home","item":"https:\/\/interamerica.org\/fr\/"},{"@type":"ListItem","position":2,"name":"Mexique : l&#39;\u00c9glise C\u00e9l\u00e8bre un Congr\u00e8s de Pr\u00e9dicateurs La\u00efcs"}]},{"@type":"WebSite","@id":"https:\/\/interamerica.org\/fr\/#website","url":"https:\/\/interamerica.org\/fr\/","name":"\u00c9glise Adventiste Du Septieme Jour - Inter Am\u00e9rique Division","description":"","potentialAction":[{"@type":"SearchAction","target":{"@type":"EntryPoint","urlTemplate":"https:\/\/interamerica.org\/fr\/?s={search_term_string}"},"query-input":{"@type":"PropertyValueSpecification","valueRequired":true,"valueName":"search_term_string"}}],"inLanguage":"fr-FR"},{"@type":"Person","@id":"https:\/\/interamerica.org\/fr\/#\/schema\/person\/68ede8bdc292885bb76c1e3810e73c39","name":"Lorenzo Verduzco","image":{"@type":"ImageObject","inLanguage":"fr-FR","@id":"https:\/\/secure.gravatar.com\/avatar\/fb81a55b6218459490a9c1dc841a34909185b81904c5337b4b27f7a6fd60c49e?s=96&d=mm&r=g","url":"https:\/\/secure.gravatar.com\/avatar\/fb81a55b6218459490a9c1dc841a34909185b81904c5337b4b27f7a6fd60c49e?s=96&d=mm&r=g","contentUrl":"https:\/\/secure.gravatar.com\/avatar\/fb81a55b6218459490a9c1dc841a34909185b81904c5337b4b27f7a6fd60c49e?s=96&d=mm&r=g","caption":"Lorenzo Verduzco"}}]}},"_links":{"self":[{"href":"https:\/\/interamerica.org\/fr\/wp-json\/wp\/v2\/posts\/12562","targetHints":{"allow":["GET"]}}],"collection":[{"href":"https:\/\/interamerica.org\/fr\/wp-json\/wp\/v2\/posts"}],"about":[{"href":"https:\/\/interamerica.org\/fr\/wp-json\/wp\/v2\/types\/post"}],"author":[{"embeddable":true,"href":"https:\/\/interamerica.org\/fr\/wp-json\/wp\/v2\/users\/1"}],"replies":[{"embeddable":true,"href":"https:\/\/interamerica.org\/fr\/wp-json\/wp\/v2\/comments?post=12562"}],"version-history":[{"count":0,"href":"https:\/\/interamerica.org\/fr\/wp-json\/wp\/v2\/posts\/12562\/revisions"}],"wp:attachment":[{"href":"https:\/\/interamerica.org\/fr\/wp-json\/wp\/v2\/media?parent=12562"}],"wp:term":[{"taxonomy":"category","embeddable":true,"href":"https:\/\/interamerica.org\/fr\/wp-json\/wp\/v2\/categories?post=12562"},{"taxonomy":"post_tag","embeddable":true,"href":"https:\/\/interamerica.org\/fr\/wp-json\/wp\/v2\/tags?post=12562"}],"curies":[{"name":"wp","href":"https:\/\/api.w.org\/{rel}","templated":true}]}}