{"id":125633,"date":"2025-02-24T14:34:31","date_gmt":"2025-02-24T19:34:31","guid":{"rendered":"https:\/\/interamerica.org\/?p=125633"},"modified":"2025-02-26T14:14:41","modified_gmt":"2025-02-26T19:14:41","slug":"les-adventistes-etendent-leur-presence-dans-le-metavers-avec-un-programme-de-priere-interactif","status":"publish","type":"post","link":"https:\/\/interamerica.org\/fr\/2025\/02\/les-adventistes-etendent-leur-presence-dans-le-metavers-avec-un-programme-de-priere-interactif\/","title":{"rendered":"Les adventistes \u00e9tendent leur pr\u00e9sence dans le m\u00e9tavers avec un programme de pri\u00e8re interactif"},"content":{"rendered":"<p class=\"c-post-header__subtitle\"><em>Les gens se sont r\u00e9unis sur la plateforme num\u00e9rique pour des moments de pri\u00e8re et de r\u00e9flexion. <\/em><\/p>\n<p>24 F\u00e9vrier 2025 | Br\u00e9sil | Cristina Levano, Division Sud-Am\u00e9ricaine et <em>Adventist Review<\/em><\/p>\n<p>L\u2019\u00c9glise adventiste du septi\u00e8me jour continue d\u2019\u00e9tendre sa pr\u00e9sence dans le monde num\u00e9rique en cherchant \u00e0 atteindre les gens sur diff\u00e9rentes plateformes. Au cours des 10 Jours de Pri\u00e8re, qui se sont tenus au Br\u00e9sil du 13 au 22 f\u00e9vrier, le m\u00e9tavers est devenu un outil important pour partager des sujets bibliques, avec des r\u00e9unions quotidiennes qui se tenaient \u00e0 20h00 (heure de Brasilia) dans le monde num\u00e9rique.<\/p>\n<p>Le programme s\u2019est d\u00e9roul\u00e9 sur la\u00a0<a href=\"https:\/\/www.spatial.io\/s\/Adventist-VR-IASD-656de35e612c26973033bbba?share=978572846301270740\" target=\"_blank\" rel=\"noopener\"> plateforme Spatial<\/a>, o\u00f9 l\u2019\u00c9glise adventiste dispose d\u00e9j\u00e0 d\u2019un espace bien \u00e9tabli. Cette plateforme a permis aux participants du monde entier de se connecter et de prendre part \u00e0 des r\u00e9unions en ligne, des expositions de contenu, des \u00e9changes et de la gamification, le tout dans une exp\u00e9rience immersive unique.<\/p>\n<p>Cette ann\u00e9e, le programme \u00e9tait plus interactif. Au lieu d\u2019avoir un seul pr\u00e9dicateur, les participants se sont relay\u00e9s pour diriger des moments de musique, de pri\u00e8re, de discussions et de r\u00e9flexions bibliques. Cela a g\u00e9n\u00e9r\u00e9 plus d\u2019interaction entre les participants sur la plateforme et a d\u00e9montr\u00e9 comment la nature communautaire de l\u2019\u00c9glise adventiste peut \u00e9galement se traduire dans le monde num\u00e9rique.<\/p>\n<div id=\"attachment_125613\" style=\"width: 903px\" class=\"wp-caption aligncenter\"><img fetchpriority=\"high\" decoding=\"async\" aria-describedby=\"caption-attachment-125613\" class=\" wp-image-125612\" src=\"https:\/\/interamerica.org\/wp-content\/uploads\/2025\/02\/captura-de-pantalla-2025-02-23-a-las-110144pm-1024x460.png\" alt=\"\" width=\"893\" height=\"401\" srcset=\"https:\/\/interamerica.org\/wp-content\/uploads\/2025\/02\/captura-de-pantalla-2025-02-23-a-las-110144pm-1024x460.png 1024w, https:\/\/interamerica.org\/wp-content\/uploads\/2025\/02\/captura-de-pantalla-2025-02-23-a-las-110144pm-300x135.png 300w, https:\/\/interamerica.org\/wp-content\/uploads\/2025\/02\/captura-de-pantalla-2025-02-23-a-las-110144pm-768x345.png 768w, https:\/\/interamerica.org\/wp-content\/uploads\/2025\/02\/captura-de-pantalla-2025-02-23-a-las-110144pm-1536x691.png 1536w, https:\/\/interamerica.org\/wp-content\/uploads\/2025\/02\/captura-de-pantalla-2025-02-23-a-las-110144pm-2048x921.png 2048w\" sizes=\"(max-width: 893px) 100vw, 893px\" \/><p id=\"caption-attachment-125613\" class=\"wp-caption-text\">L\u2019un des objectifs de l&rsquo;initiative est d\u2019impliquer les gens dans l\u2019\u00e9vang\u00e9lisation en ligne. [Photo : Actualit\u00e9s de la Division Sud-Am\u00e9ricaine]<\/p><\/div>\n<h3 class=\"wp-block-heading\"><strong>Une \u00e9glise connect\u00e9e<\/strong><\/h3>\n<p>La pr\u00e9sence de l\u2019\u00c9glise adventiste dans le monde en ligne n\u2019est pas r\u00e9cente et elle continue de s\u2019adapter aux nouvelles r\u00e9alit\u00e9s technologiques, ont d\u00e9clar\u00e9 les dirigeants. Le m\u00e9tavers a d\u00e9j\u00e0 \u00e9t\u00e9 utilis\u00e9 pour mettre en contact les membres et les invit\u00e9s dans diverses manifestations et divers programmes et interactifs.<\/p>\n<p>\u00ab L\u2019utilisation de la technologie est devenue essentielle pour atteindre les nouvelles g\u00e9n\u00e9rations, plus connect\u00e9es au monde num\u00e9rique, \u00bb ont-ils d\u00e9clar\u00e9. \u00ab Le m\u00e9tavers est devenu un moyen efficace d\u2019impliquer les jeunes et les personnes qui, autrement, ne participeraient pas aux services de culte traditionnels. \u00bb<\/p>\n<p>Carlos Magalh\u00e3es, directeur des strat\u00e9gies num\u00e9riques de la Division Sud-Am\u00e9ricaine, a expliqu\u00e9 que l\u2019objectif de l\u2019initiative en ligne est de cr\u00e9er un espace o\u00f9 les gens peuvent vivre la foi de mani\u00e8re interactive et immersive.<\/p>\n<p>\u00ab Dans le m\u00e9tavers, nous sommes en mesure de proposer des services de culte, des \u00e9tudes bibliques, des programmes interactifs et m\u00eame des initiatives missionnaires \u00e0 un public qui bien souvent n\u2019a pas acc\u00e8s \u00e0 une \u00e9glise physique, \u00bb a-t-il d\u00e9clar\u00e9. \u00ab De plus, de nombreux jeunes et professionnels sont d\u00e9j\u00e0 immerg\u00e9s dans cet environnement num\u00e9rique, et nous voulons \u00eatre l\u00e0 o\u00f9 ils sont et apporter un message d\u2019espoir et de transformation. \u00bb<\/p>\n<div id=\"attachment_125616\" style=\"width: 931px\" class=\"wp-caption aligncenter\"><img decoding=\"async\" aria-describedby=\"caption-attachment-125616\" class=\" wp-image-125615\" src=\"https:\/\/interamerica.org\/wp-content\/uploads\/2025\/02\/img-20250219-wa0235-1024x459.jpg\" alt=\"\" width=\"921\" height=\"413\" srcset=\"https:\/\/interamerica.org\/wp-content\/uploads\/2025\/02\/img-20250219-wa0235-1024x459.jpg 1024w, https:\/\/interamerica.org\/wp-content\/uploads\/2025\/02\/img-20250219-wa0235-300x134.jpg 300w, https:\/\/interamerica.org\/wp-content\/uploads\/2025\/02\/img-20250219-wa0235-768x344.jpg 768w, https:\/\/interamerica.org\/wp-content\/uploads\/2025\/02\/img-20250219-wa0235-1536x688.jpg 1536w, https:\/\/interamerica.org\/wp-content\/uploads\/2025\/02\/img-20250219-wa0235.jpg 1600w\" sizes=\"(max-width: 921px) 100vw, 921px\" \/><p id=\"caption-attachment-125616\" class=\"wp-caption-text\">L\u2019une des rencontres organis\u00e9es dans l\u2019environnement virtuel pendant les 10 Jours de Pri\u00e8re. [Photo : Actualit\u00e9s de la Division Sud-Am\u00e9ricaine]<\/p><\/div>\n<h3 class=\"wp-block-heading\"><strong>Les adventistes et le m\u00e9tavers <\/strong><\/h3>\n<p>L\u2019\u00c9glise adventiste reconna\u00eet que le m\u00e9tavers est un outil pertinent pour proclamer l\u2019\u00e9vangile, permettant aux membres d\u2019\u00e9glise d\u2019atteindre des personnes qui ne peuvent ou ne veulent pas participer \u00e0 des r\u00e9unions en pr\u00e9sentiel. La plateforme num\u00e9rique cherche \u00e0 consolider l\u2019\u00c9glise en tant que communaut\u00e9 mondiale, en unissant des personnes de cultures et de lieux de r\u00e9sidence diff\u00e9rents.<\/p>\n<p>En plus des 10 Jours de Pri\u00e8re, l\u2019\u00c9glise explore le m\u00e9tavers avec d\u2019autres projets innovants, comme le<a href=\"https:\/\/www.spatial.io\/s\/1844-A-Jornada-65cd94e4936303189f72af1d?share=1767889947270061047\" target=\"_blank\" rel=\"noreferrer noopener\"> Jeu 1844<\/a>, qui permet aux jeunes d\u2019apprendre l\u2019histoire adventiste de fa\u00e7on ludique et \u00e9ducative. Cette utilisation de la gamification offre une fa\u00e7on int\u00e9ressante d\u2019apprendre, ont expliqu\u00e9 les dirigeants.<\/p>\n<p>\u00ab Avec l\u2019avanc\u00e9e technologique, l\u2019\u00c9glise adventiste a utilis\u00e9 de nouvelles ressources pour d\u00e9velopper l\u2019\u00e9vang\u00e9lisation, rendant le message du Christ disponible sur diff\u00e9rentes plateformes et atteignant des publics qui ont un acc\u00e8s limit\u00e9 aux moyens traditionnels, \u00bb ont-ils d\u00e9clar\u00e9.<\/p>\n<p><em>La\u00a0<\/em><a href=\"https:\/\/noticias.adventistas.org\/pt\/adventistas-expandem-presenca-no-metaverso-com-evento-interativo-de-oracao\/\" target=\"_blank\" rel=\"noopener\"><em>version originale<\/em><\/a><em>\u00a0de cet article a \u00e9t\u00e9 publi\u00e9e sur le\u00a0<\/em><a href=\"https:\/\/noticias.adventistas.org\/pt\" target=\"_blank\" rel=\"noopener\"><em>site d\u2019information en langue portugaise<\/em><\/a>de la Division Sud-Am\u00e9ricaine.<\/p>\n<p>Traduction: Patrick Luciathe<\/p>\n","protected":false},"excerpt":{"rendered":"<p>Les gens se sont r\u00e9unis sur la plateforme num\u00e9rique pour des moments de pri\u00e8re et de r\u00e9flexion. 24 F\u00e9vrier 2025 | Br\u00e9sil | Cristina Levano, Division Sud-Am\u00e9ricaine et Adventist Review&#8230;<\/p>\n","protected":false},"author":3,"featured_media":125616,"comment_status":"closed","ping_status":"closed","sticky":false,"template":"","format":"standard","meta":{"_acf_changed":false,"footnotes":""},"categories":[18,19],"tags":[],"class_list":["post-125633","post","type-post","status-publish","format-standard","has-post-thumbnail","hentry","category-nouvelles-de-leglise-mondiale","category-rss-francais"],"acf":[],"yoast_head":"<!-- This site is optimized with the Yoast SEO plugin v27.3 - https:\/\/yoast.com\/product\/yoast-seo-wordpress\/ -->\n<title>Les adventistes \u00e9tendent leur pr\u00e9sence dans le m\u00e9tavers avec un programme de pri\u00e8re interactif - \u00c9glise Adventiste Du Septieme Jour - Inter Am\u00e9rique Division<\/title>\n<meta name=\"robots\" content=\"index, follow, max-snippet:-1, max-image-preview:large, max-video-preview:-1\" \/>\n<link rel=\"canonical\" href=\"https:\/\/interamerica.org\/fr\/2025\/02\/les-adventistes-etendent-leur-presence-dans-le-metavers-avec-un-programme-de-priere-interactif\/\" \/>\n<meta property=\"og:locale\" content=\"fr_FR\" \/>\n<meta property=\"og:type\" content=\"article\" \/>\n<meta property=\"og:title\" content=\"Les adventistes \u00e9tendent leur pr\u00e9sence dans le m\u00e9tavers avec un programme de pri\u00e8re interactif - \u00c9glise Adventiste Du Septieme Jour - Inter Am\u00e9rique Division\" \/>\n<meta property=\"og:description\" content=\"Les gens se sont r\u00e9unis sur la plateforme num\u00e9rique pour des moments de pri\u00e8re et de r\u00e9flexion. 24 F\u00e9vrier 2025 | Br\u00e9sil | Cristina Levano, Division Sud-Am\u00e9ricaine et Adventist Review...\" \/>\n<meta property=\"og:url\" content=\"https:\/\/interamerica.org\/fr\/2025\/02\/les-adventistes-etendent-leur-presence-dans-le-metavers-avec-un-programme-de-priere-interactif\/\" \/>\n<meta property=\"og:site_name\" content=\"\u00c9glise Adventiste Du Septieme Jour - Inter Am\u00e9rique Division\" \/>\n<meta property=\"article:published_time\" content=\"2025-02-24T19:34:31+00:00\" \/>\n<meta property=\"article:modified_time\" content=\"2025-02-26T19:14:41+00:00\" \/>\n<meta property=\"og:image\" content=\"https:\/\/interamerica.org\/wp-content\/uploads\/2025\/02\/img-20250219-wa0235.jpg\" \/>\n\t<meta property=\"og:image:width\" content=\"1600\" \/>\n\t<meta property=\"og:image:height\" content=\"717\" \/>\n\t<meta property=\"og:image:type\" content=\"image\/jpeg\" \/>\n<meta name=\"author\" content=\"libna\" \/>\n<meta name=\"twitter:card\" content=\"summary_large_image\" \/>\n<meta name=\"twitter:label1\" content=\"\u00c9crit par\" \/>\n\t<meta name=\"twitter:data1\" content=\"libna\" \/>\n\t<meta name=\"twitter:label2\" content=\"Dur\u00e9e de lecture estim\u00e9e\" \/>\n\t<meta name=\"twitter:data2\" content=\"4 minutes\" \/>\n<script type=\"application\/ld+json\" class=\"yoast-schema-graph\">{\"@context\":\"https:\\\/\\\/schema.org\",\"@graph\":[{\"@type\":\"Article\",\"@id\":\"https:\\\/\\\/interamerica.org\\\/fr\\\/2025\\\/02\\\/les-adventistes-etendent-leur-presence-dans-le-metavers-avec-un-programme-de-priere-interactif\\\/#article\",\"isPartOf\":{\"@id\":\"https:\\\/\\\/interamerica.org\\\/fr\\\/2025\\\/02\\\/les-adventistes-etendent-leur-presence-dans-le-metavers-avec-un-programme-de-priere-interactif\\\/\"},\"author\":{\"name\":\"libna\",\"@id\":\"https:\\\/\\\/interamerica.org\\\/fr\\\/#\\\/schema\\\/person\\\/29998f2bc2d8bd0d38662909289b54f1\"},\"headline\":\"Les adventistes \u00e9tendent leur pr\u00e9sence dans le m\u00e9tavers avec un programme de pri\u00e8re interactif\",\"datePublished\":\"2025-02-24T19:34:31+00:00\",\"dateModified\":\"2025-02-26T19:14:41+00:00\",\"mainEntityOfPage\":{\"@id\":\"https:\\\/\\\/interamerica.org\\\/fr\\\/2025\\\/02\\\/les-adventistes-etendent-leur-presence-dans-le-metavers-avec-un-programme-de-priere-interactif\\\/\"},\"wordCount\":753,\"image\":{\"@id\":\"https:\\\/\\\/interamerica.org\\\/fr\\\/2025\\\/02\\\/les-adventistes-etendent-leur-presence-dans-le-metavers-avec-un-programme-de-priere-interactif\\\/#primaryimage\"},\"thumbnailUrl\":\"https:\\\/\\\/interamerica.org\\\/wp-content\\\/uploads\\\/2025\\\/02\\\/img-20250219-wa0235.jpg\",\"articleSection\":[\"Nouvelles de l'\u00c9glise mondiale\",\"RSS Fran\u00e7ais\"],\"inLanguage\":\"fr-FR\"},{\"@type\":\"WebPage\",\"@id\":\"https:\\\/\\\/interamerica.org\\\/fr\\\/2025\\\/02\\\/les-adventistes-etendent-leur-presence-dans-le-metavers-avec-un-programme-de-priere-interactif\\\/\",\"url\":\"https:\\\/\\\/interamerica.org\\\/fr\\\/2025\\\/02\\\/les-adventistes-etendent-leur-presence-dans-le-metavers-avec-un-programme-de-priere-interactif\\\/\",\"name\":\"Les adventistes \u00e9tendent leur pr\u00e9sence dans le m\u00e9tavers avec un programme de pri\u00e8re interactif - \u00c9glise Adventiste Du Septieme Jour - Inter Am\u00e9rique Division\",\"isPartOf\":{\"@id\":\"https:\\\/\\\/interamerica.org\\\/fr\\\/#website\"},\"primaryImageOfPage\":{\"@id\":\"https:\\\/\\\/interamerica.org\\\/fr\\\/2025\\\/02\\\/les-adventistes-etendent-leur-presence-dans-le-metavers-avec-un-programme-de-priere-interactif\\\/#primaryimage\"},\"image\":{\"@id\":\"https:\\\/\\\/interamerica.org\\\/fr\\\/2025\\\/02\\\/les-adventistes-etendent-leur-presence-dans-le-metavers-avec-un-programme-de-priere-interactif\\\/#primaryimage\"},\"thumbnailUrl\":\"https:\\\/\\\/interamerica.org\\\/wp-content\\\/uploads\\\/2025\\\/02\\\/img-20250219-wa0235.jpg\",\"datePublished\":\"2025-02-24T19:34:31+00:00\",\"dateModified\":\"2025-02-26T19:14:41+00:00\",\"author\":{\"@id\":\"https:\\\/\\\/interamerica.org\\\/fr\\\/#\\\/schema\\\/person\\\/29998f2bc2d8bd0d38662909289b54f1\"},\"breadcrumb\":{\"@id\":\"https:\\\/\\\/interamerica.org\\\/fr\\\/2025\\\/02\\\/les-adventistes-etendent-leur-presence-dans-le-metavers-avec-un-programme-de-priere-interactif\\\/#breadcrumb\"},\"inLanguage\":\"fr-FR\",\"potentialAction\":[{\"@type\":\"ReadAction\",\"target\":[\"https:\\\/\\\/interamerica.org\\\/fr\\\/2025\\\/02\\\/les-adventistes-etendent-leur-presence-dans-le-metavers-avec-un-programme-de-priere-interactif\\\/\"]}]},{\"@type\":\"ImageObject\",\"inLanguage\":\"fr-FR\",\"@id\":\"https:\\\/\\\/interamerica.org\\\/fr\\\/2025\\\/02\\\/les-adventistes-etendent-leur-presence-dans-le-metavers-avec-un-programme-de-priere-interactif\\\/#primaryimage\",\"url\":\"https:\\\/\\\/interamerica.org\\\/wp-content\\\/uploads\\\/2025\\\/02\\\/img-20250219-wa0235.jpg\",\"contentUrl\":\"https:\\\/\\\/interamerica.org\\\/wp-content\\\/uploads\\\/2025\\\/02\\\/img-20250219-wa0235.jpg\",\"width\":1600,\"height\":717,\"caption\":\"One of the meetings held in the virtual environment during the 10 Days of Prayer. [Photo: South American Division News]\"},{\"@type\":\"BreadcrumbList\",\"@id\":\"https:\\\/\\\/interamerica.org\\\/fr\\\/2025\\\/02\\\/les-adventistes-etendent-leur-presence-dans-le-metavers-avec-un-programme-de-priere-interactif\\\/#breadcrumb\",\"itemListElement\":[{\"@type\":\"ListItem\",\"position\":1,\"name\":\"Home\",\"item\":\"https:\\\/\\\/interamerica.org\\\/fr\\\/\"},{\"@type\":\"ListItem\",\"position\":2,\"name\":\"Les adventistes \u00e9tendent leur pr\u00e9sence dans le m\u00e9tavers avec un programme de pri\u00e8re interactif\"}]},{\"@type\":\"WebSite\",\"@id\":\"https:\\\/\\\/interamerica.org\\\/fr\\\/#website\",\"url\":\"https:\\\/\\\/interamerica.org\\\/fr\\\/\",\"name\":\"\u00c9glise Adventiste Du Septieme Jour - Inter Am\u00e9rique Division\",\"description\":\"\",\"potentialAction\":[{\"@type\":\"SearchAction\",\"target\":{\"@type\":\"EntryPoint\",\"urlTemplate\":\"https:\\\/\\\/interamerica.org\\\/fr\\\/?s={search_term_string}\"},\"query-input\":{\"@type\":\"PropertyValueSpecification\",\"valueRequired\":true,\"valueName\":\"search_term_string\"}}],\"inLanguage\":\"fr-FR\"},{\"@type\":\"Person\",\"@id\":\"https:\\\/\\\/interamerica.org\\\/fr\\\/#\\\/schema\\\/person\\\/29998f2bc2d8bd0d38662909289b54f1\",\"name\":\"libna\",\"image\":{\"@type\":\"ImageObject\",\"inLanguage\":\"fr-FR\",\"@id\":\"https:\\\/\\\/secure.gravatar.com\\\/avatar\\\/7c5bd30ae4b47a9ba3c856590957fd1d96dc588bf3ac05719d247e126840331f?s=96&d=mm&r=g\",\"url\":\"https:\\\/\\\/secure.gravatar.com\\\/avatar\\\/7c5bd30ae4b47a9ba3c856590957fd1d96dc588bf3ac05719d247e126840331f?s=96&d=mm&r=g\",\"contentUrl\":\"https:\\\/\\\/secure.gravatar.com\\\/avatar\\\/7c5bd30ae4b47a9ba3c856590957fd1d96dc588bf3ac05719d247e126840331f?s=96&d=mm&r=g\",\"caption\":\"libna\"}}]}<\/script>\n<!-- \/ Yoast SEO plugin. -->","yoast_head_json":{"title":"Les adventistes \u00e9tendent leur pr\u00e9sence dans le m\u00e9tavers avec un programme de pri\u00e8re interactif - \u00c9glise Adventiste Du Septieme Jour - Inter Am\u00e9rique Division","robots":{"index":"index","follow":"follow","max-snippet":"max-snippet:-1","max-image-preview":"max-image-preview:large","max-video-preview":"max-video-preview:-1"},"canonical":"https:\/\/interamerica.org\/fr\/2025\/02\/les-adventistes-etendent-leur-presence-dans-le-metavers-avec-un-programme-de-priere-interactif\/","og_locale":"fr_FR","og_type":"article","og_title":"Les adventistes \u00e9tendent leur pr\u00e9sence dans le m\u00e9tavers avec un programme de pri\u00e8re interactif - \u00c9glise Adventiste Du Septieme Jour - Inter Am\u00e9rique Division","og_description":"Les gens se sont r\u00e9unis sur la plateforme num\u00e9rique pour des moments de pri\u00e8re et de r\u00e9flexion. 24 F\u00e9vrier 2025 | Br\u00e9sil | Cristina Levano, Division Sud-Am\u00e9ricaine et Adventist Review...","og_url":"https:\/\/interamerica.org\/fr\/2025\/02\/les-adventistes-etendent-leur-presence-dans-le-metavers-avec-un-programme-de-priere-interactif\/","og_site_name":"\u00c9glise Adventiste Du Septieme Jour - Inter Am\u00e9rique Division","article_published_time":"2025-02-24T19:34:31+00:00","article_modified_time":"2025-02-26T19:14:41+00:00","og_image":[{"width":1600,"height":717,"url":"https:\/\/interamerica.org\/wp-content\/uploads\/2025\/02\/img-20250219-wa0235.jpg","type":"image\/jpeg"}],"author":"libna","twitter_card":"summary_large_image","twitter_misc":{"\u00c9crit par":"libna","Dur\u00e9e de lecture estim\u00e9e":"4 minutes"},"schema":{"@context":"https:\/\/schema.org","@graph":[{"@type":"Article","@id":"https:\/\/interamerica.org\/fr\/2025\/02\/les-adventistes-etendent-leur-presence-dans-le-metavers-avec-un-programme-de-priere-interactif\/#article","isPartOf":{"@id":"https:\/\/interamerica.org\/fr\/2025\/02\/les-adventistes-etendent-leur-presence-dans-le-metavers-avec-un-programme-de-priere-interactif\/"},"author":{"name":"libna","@id":"https:\/\/interamerica.org\/fr\/#\/schema\/person\/29998f2bc2d8bd0d38662909289b54f1"},"headline":"Les adventistes \u00e9tendent leur pr\u00e9sence dans le m\u00e9tavers avec un programme de pri\u00e8re interactif","datePublished":"2025-02-24T19:34:31+00:00","dateModified":"2025-02-26T19:14:41+00:00","mainEntityOfPage":{"@id":"https:\/\/interamerica.org\/fr\/2025\/02\/les-adventistes-etendent-leur-presence-dans-le-metavers-avec-un-programme-de-priere-interactif\/"},"wordCount":753,"image":{"@id":"https:\/\/interamerica.org\/fr\/2025\/02\/les-adventistes-etendent-leur-presence-dans-le-metavers-avec-un-programme-de-priere-interactif\/#primaryimage"},"thumbnailUrl":"https:\/\/interamerica.org\/wp-content\/uploads\/2025\/02\/img-20250219-wa0235.jpg","articleSection":["Nouvelles de l'\u00c9glise mondiale","RSS Fran\u00e7ais"],"inLanguage":"fr-FR"},{"@type":"WebPage","@id":"https:\/\/interamerica.org\/fr\/2025\/02\/les-adventistes-etendent-leur-presence-dans-le-metavers-avec-un-programme-de-priere-interactif\/","url":"https:\/\/interamerica.org\/fr\/2025\/02\/les-adventistes-etendent-leur-presence-dans-le-metavers-avec-un-programme-de-priere-interactif\/","name":"Les adventistes \u00e9tendent leur pr\u00e9sence dans le m\u00e9tavers avec un programme de pri\u00e8re interactif - \u00c9glise Adventiste Du Septieme Jour - Inter Am\u00e9rique Division","isPartOf":{"@id":"https:\/\/interamerica.org\/fr\/#website"},"primaryImageOfPage":{"@id":"https:\/\/interamerica.org\/fr\/2025\/02\/les-adventistes-etendent-leur-presence-dans-le-metavers-avec-un-programme-de-priere-interactif\/#primaryimage"},"image":{"@id":"https:\/\/interamerica.org\/fr\/2025\/02\/les-adventistes-etendent-leur-presence-dans-le-metavers-avec-un-programme-de-priere-interactif\/#primaryimage"},"thumbnailUrl":"https:\/\/interamerica.org\/wp-content\/uploads\/2025\/02\/img-20250219-wa0235.jpg","datePublished":"2025-02-24T19:34:31+00:00","dateModified":"2025-02-26T19:14:41+00:00","author":{"@id":"https:\/\/interamerica.org\/fr\/#\/schema\/person\/29998f2bc2d8bd0d38662909289b54f1"},"breadcrumb":{"@id":"https:\/\/interamerica.org\/fr\/2025\/02\/les-adventistes-etendent-leur-presence-dans-le-metavers-avec-un-programme-de-priere-interactif\/#breadcrumb"},"inLanguage":"fr-FR","potentialAction":[{"@type":"ReadAction","target":["https:\/\/interamerica.org\/fr\/2025\/02\/les-adventistes-etendent-leur-presence-dans-le-metavers-avec-un-programme-de-priere-interactif\/"]}]},{"@type":"ImageObject","inLanguage":"fr-FR","@id":"https:\/\/interamerica.org\/fr\/2025\/02\/les-adventistes-etendent-leur-presence-dans-le-metavers-avec-un-programme-de-priere-interactif\/#primaryimage","url":"https:\/\/interamerica.org\/wp-content\/uploads\/2025\/02\/img-20250219-wa0235.jpg","contentUrl":"https:\/\/interamerica.org\/wp-content\/uploads\/2025\/02\/img-20250219-wa0235.jpg","width":1600,"height":717,"caption":"One of the meetings held in the virtual environment during the 10 Days of Prayer. [Photo: South American Division News]"},{"@type":"BreadcrumbList","@id":"https:\/\/interamerica.org\/fr\/2025\/02\/les-adventistes-etendent-leur-presence-dans-le-metavers-avec-un-programme-de-priere-interactif\/#breadcrumb","itemListElement":[{"@type":"ListItem","position":1,"name":"Home","item":"https:\/\/interamerica.org\/fr\/"},{"@type":"ListItem","position":2,"name":"Les adventistes \u00e9tendent leur pr\u00e9sence dans le m\u00e9tavers avec un programme de pri\u00e8re interactif"}]},{"@type":"WebSite","@id":"https:\/\/interamerica.org\/fr\/#website","url":"https:\/\/interamerica.org\/fr\/","name":"\u00c9glise Adventiste Du Septieme Jour - Inter Am\u00e9rique Division","description":"","potentialAction":[{"@type":"SearchAction","target":{"@type":"EntryPoint","urlTemplate":"https:\/\/interamerica.org\/fr\/?s={search_term_string}"},"query-input":{"@type":"PropertyValueSpecification","valueRequired":true,"valueName":"search_term_string"}}],"inLanguage":"fr-FR"},{"@type":"Person","@id":"https:\/\/interamerica.org\/fr\/#\/schema\/person\/29998f2bc2d8bd0d38662909289b54f1","name":"libna","image":{"@type":"ImageObject","inLanguage":"fr-FR","@id":"https:\/\/secure.gravatar.com\/avatar\/7c5bd30ae4b47a9ba3c856590957fd1d96dc588bf3ac05719d247e126840331f?s=96&d=mm&r=g","url":"https:\/\/secure.gravatar.com\/avatar\/7c5bd30ae4b47a9ba3c856590957fd1d96dc588bf3ac05719d247e126840331f?s=96&d=mm&r=g","contentUrl":"https:\/\/secure.gravatar.com\/avatar\/7c5bd30ae4b47a9ba3c856590957fd1d96dc588bf3ac05719d247e126840331f?s=96&d=mm&r=g","caption":"libna"}}]}},"_links":{"self":[{"href":"https:\/\/interamerica.org\/fr\/wp-json\/wp\/v2\/posts\/125633","targetHints":{"allow":["GET"]}}],"collection":[{"href":"https:\/\/interamerica.org\/fr\/wp-json\/wp\/v2\/posts"}],"about":[{"href":"https:\/\/interamerica.org\/fr\/wp-json\/wp\/v2\/types\/post"}],"author":[{"embeddable":true,"href":"https:\/\/interamerica.org\/fr\/wp-json\/wp\/v2\/users\/3"}],"replies":[{"embeddable":true,"href":"https:\/\/interamerica.org\/fr\/wp-json\/wp\/v2\/comments?post=125633"}],"version-history":[{"count":0,"href":"https:\/\/interamerica.org\/fr\/wp-json\/wp\/v2\/posts\/125633\/revisions"}],"wp:featuredmedia":[{"embeddable":true,"href":"https:\/\/interamerica.org\/fr\/wp-json\/wp\/v2\/media\/125616"}],"wp:attachment":[{"href":"https:\/\/interamerica.org\/fr\/wp-json\/wp\/v2\/media?parent=125633"}],"wp:term":[{"taxonomy":"category","embeddable":true,"href":"https:\/\/interamerica.org\/fr\/wp-json\/wp\/v2\/categories?post=125633"},{"taxonomy":"post_tag","embeddable":true,"href":"https:\/\/interamerica.org\/fr\/wp-json\/wp\/v2\/tags?post=125633"}],"curies":[{"name":"wp","href":"https:\/\/api.w.org\/{rel}","templated":true}]}}