{"id":12564,"date":"2006-07-11T00:00:00","date_gmt":"2006-07-11T04:00:00","guid":{"rendered":"http:\/\/192.81.217.108\/interamerica\/2006\/07\/eglise-mondiale-le-troisieme-forum-annuel-devangelisation-par-internet-debute-en-aout\/"},"modified":"2017-06-02T13:17:14","modified_gmt":"2017-06-02T17:17:14","slug":"eglise-mondiale-le-troisieme-forum-annuel-devangelisation-par-internet-debute-en-aout","status":"publish","type":"post","link":"https:\/\/interamerica.org\/fr\/2006\/07\/eglise-mondiale-le-troisieme-forum-annuel-devangelisation-par-internet-debute-en-aout\/","title":{"rendered":"Eglise Mondiale:  Le Troisi\u00e8me Forum Annuel d&#39;Evang\u00e9lisation par Internet d\u00e9bute en Ao\u00fbt."},"content":{"rendered":"<p>11 juillet 2006, Silver Spring, Maryland, Etats-Unis&#8230; (Elizabeth Lechleitner\/Staff d&#39;ANN) <\/p>\n<p>\u00ab\u00a0Sommes-nous productifs?\u00a0\u00bb  Cette question, adress\u00e9e \u00e0 l&#39;\u00e9glise Adventiste du Septi\u00e8me jour, est l&#39;une des questions qu&#39;un d\u00e9l\u00e9gu\u00e9 en communication esp\u00e8re r\u00e9pondre par l&#39;affirmative au troisi\u00e8me Forum annuel Mondial de l&#39;Evang\u00e9lisation par Internet. <\/p>\n<\/p>\n<p>L&#39;\u00e9v\u00e8nement programm\u00e9 pour la p\u00e9riode du 31 ao\u00fbt au 3 septembre \u00e0 San Diego, en Californie  vise \u00e0 fournir \u00ab\u00a0l&#39;information, l&#39;inspiration, et la motivation pour propulser l&#39;\u00e9vang\u00e9lisation,\u00a0\u00bb d\u00e9clare John T. Banks, directeur adjoint des communications de l&#39;\u00e9glise Adventiste et l&#39;un des dirigeants du Forum. <\/p>\n<p>Peu de gens nieraient l&#39;apport de l&#39;internet dans un monde tourn\u00e9 vers la technologie.  En fait, dans un r\u00e9cent article du magazine Fortune, un technocrate de haut niveau de Microsoft Gary Flake comparait l&#39;explosion de l&#39;Internet avec la Renaissance et la R\u00e9volution Industrielle en termes d&#39;impact social. <\/p>\n<p>De m\u00eame, l&#39;avenir de l&#39;Adventisme peut tout aussi en d\u00e9pendre dans la mesure o\u00f9 les dirigeants et les la\u00efques visent \u00e0 capitaliser sur ce dynamique r\u00e9seau mondial. <\/p>\n<p>De concert avec Banks, le directeur de TAGnet Dan Houghton salue l&#39;opportunit\u00e9 de permettre \u00e0 l&#39;\u00e9glise mondiale d&#39;atteindre pr\u00e8s de 1 milliard de gens par le biais de l&#39;internet \u00e0 travers le monde gr\u00e2ce \u00e0 un r\u00e9seau de technologues.  <\/p>\n<p>\u00ab\u00a0Alors que les gens vers\u00e9s dans la technologie ne peuvent \u00eatre au devant de la sc\u00e8ne au cours des programmes d&#39;\u00e9vang\u00e9lisation &#8211;peut-\u00eatre qu&#39;ils ne pouront jamais pr\u00eacher un sermon, enseigner une classe de l&#39;Ecole du Sabbat, ou ex\u00e9cuter un chant&#8211; ils jouent un r\u00f4le vital pour mettre en place une structure pour faire proclamer l&#39;\u00e9vangile,\u00a0\u00bb avance Houghton. <\/p>\n<p>Banks r\u00e9affirme l&#39;importance du r\u00e9seau pour atteindre des buts conjoints.  \u00ab\u00a0Et les officiels de l&#39;\u00e9glise et les la\u00efques ont un but commun en utilisant l&#39;Internet comme instrument utile pour d\u00e9livrer le message d&#39;espoir \u00e0 une audience s\u00e9culi\u00e8re. <\/p>\n<p>Nous voulons mettre sur pied un r\u00e9seau Internet mondial,\u00a0\u00bb ajoute Banks, \u00ab\u00a0qui transcendra les fronti\u00e8res traditionnelles de l&#39;\u00e9vang\u00e9lisation et donner \u00e0 l&#39;\u00e9glise la place qui lui convient sur l&#39;\u00e9chiquier mondial..\u00a0\u00bb <\/p>\n<p>Avec l&#39;espoir de suivre la trajectoire de la technologie, le Forum exploitera l&#39;apport collectif pour \u00e9laborer des strat\u00e9gies sp\u00e9cifiques, et ne pas seulement se contenter de r\u00eaver de leurs r\u00e9alisations,\u00a0\u00bb d\u00e9clare Houghton.  Apr\u00e8s tout, proclamer l&#39;\u00e9vangile \u00ab\u00a0jusqu&#39;au bout du monde\u00a0\u00bb ne sera pas une phrase creuse quand le champ de l&#39;\u00e9glise virtuelle s&#39;\u00e9tendra de Bangkok \u00e0 Berlin et un peu partout. <\/p>\n<p>A cet effet, les sujets abord\u00e9s au cours du Forum s&#39;\u00e9tendront de la technologie dans les pays en voie de d\u00e9veloppement pour les prot\u00e9ger contre les abus de l&#39;Internet, et du logiciel de blog, du podcasting, et d&#39;autres insturments pouvant satisfaire le public de l&#39;Internet. <\/p>\n<p>Michael Dabrowski, qui travaille dans le champ de la technologie, pr\u00e9sentera \u00ab\u00a0L&#39;Internet: Sommes Nous Productifs?\u00a0\u00bb  Il pr\u00e9voit que le Forum d\u00e9bouchera sur un dialogue ayant pour but de transformer la relation de (l&#39;\u00e9glise) avec l&#39;Internet comme moyen de communication pour interroger nos limites, nos croyances, et nos barri\u00e8res de production.\u00a0\u00bb  <\/p>\n<p>La fin de semaine s&#39;ach\u00e8vera avec des rapports sur la technologie \u00e0 travers le monde et une table ronde dirig\u00e9e par Mark Finley, l&#39;un des vice-pr\u00e9sidents de l&#39;\u00e9glise et responsable de l&#39;initiative de l&#39;\u00e9vang\u00e9lisation par Internet, au cours de laquelle les d\u00e9l\u00e9gu\u00e9s apprendront les meilleurs moyens pour transformer les abonn\u00e9s du web en amis spirituels. <\/p>\n<p>Pour plus d&#39;informations ou pour s&#39;enregister consultez:  <a  href=\"http:\/\/www.gien.adventist.org\/\">www.gien.adventist.org<\/a > ou <a  href=\"http:\/\/www.plusline.org\/\">www.plusline.org<\/a > pour les programmes et informations concernant l&#39;enregistrement.         <\/p><\/p>\n","protected":false},"excerpt":{"rendered":"<p>\u00ab\u00a0Sommes-nous productifs?\u00a0\u00bb  Cette question, adress\u00e9e \u00e0 l&#39;\u00e9glise Adventiste du Septi\u00e8me jour, est l&#39;une des questions qu&#39;un d\u00e9l\u00e9gu\u00e9 en communication esp\u00e8re r\u00e9pondre &#8230;<\/p>\n","protected":false},"author":1,"featured_media":0,"comment_status":"closed","ping_status":"closed","sticky":false,"template":"","format":"standard","meta":{"_acf_changed":false,"footnotes":""},"categories":[9],"tags":[],"class_list":["post-12564","post","type-post","status-publish","format-standard","hentry","category-archive-fr"],"acf":[],"yoast_head":"<!-- This site is optimized with the Yoast SEO plugin v27.3 - https:\/\/yoast.com\/product\/yoast-seo-wordpress\/ -->\n<title>Eglise Mondiale: Le Troisi\u00e8me Forum Annuel d&#039;Evang\u00e9lisation par Internet d\u00e9bute en Ao\u00fbt. - \u00c9glise Adventiste Du Septieme Jour - Inter Am\u00e9rique Division<\/title>\n<meta name=\"robots\" content=\"index, follow, max-snippet:-1, max-image-preview:large, max-video-preview:-1\" \/>\n<link rel=\"canonical\" href=\"https:\/\/interamerica.org\/fr\/2006\/07\/eglise-mondiale-le-troisieme-forum-annuel-devangelisation-par-internet-debute-en-aout\/\" \/>\n<meta property=\"og:locale\" content=\"fr_FR\" \/>\n<meta property=\"og:type\" content=\"article\" \/>\n<meta property=\"og:title\" content=\"Eglise Mondiale: Le Troisi\u00e8me Forum Annuel d&#039;Evang\u00e9lisation par Internet d\u00e9bute en Ao\u00fbt. - \u00c9glise Adventiste Du Septieme Jour - Inter Am\u00e9rique Division\" \/>\n<meta property=\"og:description\" content=\"&quot;Sommes-nous productifs?&quot; Cette question, adress\u00e9e \u00e0 l&#039;\u00e9glise Adventiste du Septi\u00e8me jour, est l&#039;une des questions qu&#039;un d\u00e9l\u00e9gu\u00e9 en communication esp\u00e8re r\u00e9pondre ...\" \/>\n<meta property=\"og:url\" content=\"https:\/\/interamerica.org\/fr\/2006\/07\/eglise-mondiale-le-troisieme-forum-annuel-devangelisation-par-internet-debute-en-aout\/\" \/>\n<meta property=\"og:site_name\" content=\"\u00c9glise Adventiste Du Septieme Jour - Inter Am\u00e9rique Division\" \/>\n<meta property=\"article:published_time\" content=\"2006-07-11T04:00:00+00:00\" \/>\n<meta property=\"article:modified_time\" content=\"2017-06-02T17:17:14+00:00\" \/>\n<meta name=\"author\" content=\"Lorenzo Verduzco\" \/>\n<meta name=\"twitter:card\" content=\"summary_large_image\" \/>\n<meta name=\"twitter:label1\" content=\"\u00c9crit par\" \/>\n\t<meta name=\"twitter:data1\" content=\"Lorenzo Verduzco\" \/>\n\t<meta name=\"twitter:label2\" content=\"Dur\u00e9e de lecture estim\u00e9e\" \/>\n\t<meta name=\"twitter:data2\" content=\"3 minutes\" \/>\n<script type=\"application\/ld+json\" class=\"yoast-schema-graph\">{\"@context\":\"https:\\\/\\\/schema.org\",\"@graph\":[{\"@type\":\"Article\",\"@id\":\"https:\\\/\\\/interamerica.org\\\/fr\\\/2006\\\/07\\\/eglise-mondiale-le-troisieme-forum-annuel-devangelisation-par-internet-debute-en-aout\\\/#article\",\"isPartOf\":{\"@id\":\"https:\\\/\\\/interamerica.org\\\/fr\\\/2006\\\/07\\\/eglise-mondiale-le-troisieme-forum-annuel-devangelisation-par-internet-debute-en-aout\\\/\"},\"author\":{\"name\":\"Lorenzo Verduzco\",\"@id\":\"https:\\\/\\\/interamerica.org\\\/fr\\\/#\\\/schema\\\/person\\\/68ede8bdc292885bb76c1e3810e73c39\"},\"headline\":\"Eglise Mondiale: Le Troisi\u00e8me Forum Annuel d&#39;Evang\u00e9lisation par Internet d\u00e9bute en Ao\u00fbt.\",\"datePublished\":\"2006-07-11T04:00:00+00:00\",\"dateModified\":\"2017-06-02T17:17:14+00:00\",\"mainEntityOfPage\":{\"@id\":\"https:\\\/\\\/interamerica.org\\\/fr\\\/2006\\\/07\\\/eglise-mondiale-le-troisieme-forum-annuel-devangelisation-par-internet-debute-en-aout\\\/\"},\"wordCount\":672,\"articleSection\":[\"Archive\"],\"inLanguage\":\"fr-FR\"},{\"@type\":\"WebPage\",\"@id\":\"https:\\\/\\\/interamerica.org\\\/fr\\\/2006\\\/07\\\/eglise-mondiale-le-troisieme-forum-annuel-devangelisation-par-internet-debute-en-aout\\\/\",\"url\":\"https:\\\/\\\/interamerica.org\\\/fr\\\/2006\\\/07\\\/eglise-mondiale-le-troisieme-forum-annuel-devangelisation-par-internet-debute-en-aout\\\/\",\"name\":\"Eglise Mondiale: Le Troisi\u00e8me Forum Annuel d&#39;Evang\u00e9lisation par Internet d\u00e9bute en Ao\u00fbt. - \u00c9glise Adventiste Du Septieme Jour - Inter Am\u00e9rique Division\",\"isPartOf\":{\"@id\":\"https:\\\/\\\/interamerica.org\\\/fr\\\/#website\"},\"datePublished\":\"2006-07-11T04:00:00+00:00\",\"dateModified\":\"2017-06-02T17:17:14+00:00\",\"author\":{\"@id\":\"https:\\\/\\\/interamerica.org\\\/fr\\\/#\\\/schema\\\/person\\\/68ede8bdc292885bb76c1e3810e73c39\"},\"breadcrumb\":{\"@id\":\"https:\\\/\\\/interamerica.org\\\/fr\\\/2006\\\/07\\\/eglise-mondiale-le-troisieme-forum-annuel-devangelisation-par-internet-debute-en-aout\\\/#breadcrumb\"},\"inLanguage\":\"fr-FR\",\"potentialAction\":[{\"@type\":\"ReadAction\",\"target\":[\"https:\\\/\\\/interamerica.org\\\/fr\\\/2006\\\/07\\\/eglise-mondiale-le-troisieme-forum-annuel-devangelisation-par-internet-debute-en-aout\\\/\"]}]},{\"@type\":\"BreadcrumbList\",\"@id\":\"https:\\\/\\\/interamerica.org\\\/fr\\\/2006\\\/07\\\/eglise-mondiale-le-troisieme-forum-annuel-devangelisation-par-internet-debute-en-aout\\\/#breadcrumb\",\"itemListElement\":[{\"@type\":\"ListItem\",\"position\":1,\"name\":\"Home\",\"item\":\"https:\\\/\\\/interamerica.org\\\/fr\\\/\"},{\"@type\":\"ListItem\",\"position\":2,\"name\":\"Eglise Mondiale: Le Troisi\u00e8me Forum Annuel d&#39;Evang\u00e9lisation par Internet d\u00e9bute en Ao\u00fbt.\"}]},{\"@type\":\"WebSite\",\"@id\":\"https:\\\/\\\/interamerica.org\\\/fr\\\/#website\",\"url\":\"https:\\\/\\\/interamerica.org\\\/fr\\\/\",\"name\":\"\u00c9glise Adventiste Du Septieme Jour - Inter Am\u00e9rique Division\",\"description\":\"\",\"potentialAction\":[{\"@type\":\"SearchAction\",\"target\":{\"@type\":\"EntryPoint\",\"urlTemplate\":\"https:\\\/\\\/interamerica.org\\\/fr\\\/?s={search_term_string}\"},\"query-input\":{\"@type\":\"PropertyValueSpecification\",\"valueRequired\":true,\"valueName\":\"search_term_string\"}}],\"inLanguage\":\"fr-FR\"},{\"@type\":\"Person\",\"@id\":\"https:\\\/\\\/interamerica.org\\\/fr\\\/#\\\/schema\\\/person\\\/68ede8bdc292885bb76c1e3810e73c39\",\"name\":\"Lorenzo Verduzco\",\"image\":{\"@type\":\"ImageObject\",\"inLanguage\":\"fr-FR\",\"@id\":\"https:\\\/\\\/secure.gravatar.com\\\/avatar\\\/fb81a55b6218459490a9c1dc841a34909185b81904c5337b4b27f7a6fd60c49e?s=96&d=mm&r=g\",\"url\":\"https:\\\/\\\/secure.gravatar.com\\\/avatar\\\/fb81a55b6218459490a9c1dc841a34909185b81904c5337b4b27f7a6fd60c49e?s=96&d=mm&r=g\",\"contentUrl\":\"https:\\\/\\\/secure.gravatar.com\\\/avatar\\\/fb81a55b6218459490a9c1dc841a34909185b81904c5337b4b27f7a6fd60c49e?s=96&d=mm&r=g\",\"caption\":\"Lorenzo Verduzco\"}}]}<\/script>\n<!-- \/ Yoast SEO plugin. -->","yoast_head_json":{"title":"Eglise Mondiale: Le Troisi\u00e8me Forum Annuel d&#39;Evang\u00e9lisation par Internet d\u00e9bute en Ao\u00fbt. - \u00c9glise Adventiste Du Septieme Jour - Inter Am\u00e9rique Division","robots":{"index":"index","follow":"follow","max-snippet":"max-snippet:-1","max-image-preview":"max-image-preview:large","max-video-preview":"max-video-preview:-1"},"canonical":"https:\/\/interamerica.org\/fr\/2006\/07\/eglise-mondiale-le-troisieme-forum-annuel-devangelisation-par-internet-debute-en-aout\/","og_locale":"fr_FR","og_type":"article","og_title":"Eglise Mondiale: Le Troisi\u00e8me Forum Annuel d&#39;Evang\u00e9lisation par Internet d\u00e9bute en Ao\u00fbt. - \u00c9glise Adventiste Du Septieme Jour - Inter Am\u00e9rique Division","og_description":"\"Sommes-nous productifs?\" Cette question, adress\u00e9e \u00e0 l&#39;\u00e9glise Adventiste du Septi\u00e8me jour, est l&#39;une des questions qu&#39;un d\u00e9l\u00e9gu\u00e9 en communication esp\u00e8re r\u00e9pondre ...","og_url":"https:\/\/interamerica.org\/fr\/2006\/07\/eglise-mondiale-le-troisieme-forum-annuel-devangelisation-par-internet-debute-en-aout\/","og_site_name":"\u00c9glise Adventiste Du Septieme Jour - Inter Am\u00e9rique Division","article_published_time":"2006-07-11T04:00:00+00:00","article_modified_time":"2017-06-02T17:17:14+00:00","author":"Lorenzo Verduzco","twitter_card":"summary_large_image","twitter_misc":{"\u00c9crit par":"Lorenzo Verduzco","Dur\u00e9e de lecture estim\u00e9e":"3 minutes"},"schema":{"@context":"https:\/\/schema.org","@graph":[{"@type":"Article","@id":"https:\/\/interamerica.org\/fr\/2006\/07\/eglise-mondiale-le-troisieme-forum-annuel-devangelisation-par-internet-debute-en-aout\/#article","isPartOf":{"@id":"https:\/\/interamerica.org\/fr\/2006\/07\/eglise-mondiale-le-troisieme-forum-annuel-devangelisation-par-internet-debute-en-aout\/"},"author":{"name":"Lorenzo Verduzco","@id":"https:\/\/interamerica.org\/fr\/#\/schema\/person\/68ede8bdc292885bb76c1e3810e73c39"},"headline":"Eglise Mondiale: Le Troisi\u00e8me Forum Annuel d&#39;Evang\u00e9lisation par Internet d\u00e9bute en Ao\u00fbt.","datePublished":"2006-07-11T04:00:00+00:00","dateModified":"2017-06-02T17:17:14+00:00","mainEntityOfPage":{"@id":"https:\/\/interamerica.org\/fr\/2006\/07\/eglise-mondiale-le-troisieme-forum-annuel-devangelisation-par-internet-debute-en-aout\/"},"wordCount":672,"articleSection":["Archive"],"inLanguage":"fr-FR"},{"@type":"WebPage","@id":"https:\/\/interamerica.org\/fr\/2006\/07\/eglise-mondiale-le-troisieme-forum-annuel-devangelisation-par-internet-debute-en-aout\/","url":"https:\/\/interamerica.org\/fr\/2006\/07\/eglise-mondiale-le-troisieme-forum-annuel-devangelisation-par-internet-debute-en-aout\/","name":"Eglise Mondiale: Le Troisi\u00e8me Forum Annuel d&#39;Evang\u00e9lisation par Internet d\u00e9bute en Ao\u00fbt. - \u00c9glise Adventiste Du Septieme Jour - Inter Am\u00e9rique Division","isPartOf":{"@id":"https:\/\/interamerica.org\/fr\/#website"},"datePublished":"2006-07-11T04:00:00+00:00","dateModified":"2017-06-02T17:17:14+00:00","author":{"@id":"https:\/\/interamerica.org\/fr\/#\/schema\/person\/68ede8bdc292885bb76c1e3810e73c39"},"breadcrumb":{"@id":"https:\/\/interamerica.org\/fr\/2006\/07\/eglise-mondiale-le-troisieme-forum-annuel-devangelisation-par-internet-debute-en-aout\/#breadcrumb"},"inLanguage":"fr-FR","potentialAction":[{"@type":"ReadAction","target":["https:\/\/interamerica.org\/fr\/2006\/07\/eglise-mondiale-le-troisieme-forum-annuel-devangelisation-par-internet-debute-en-aout\/"]}]},{"@type":"BreadcrumbList","@id":"https:\/\/interamerica.org\/fr\/2006\/07\/eglise-mondiale-le-troisieme-forum-annuel-devangelisation-par-internet-debute-en-aout\/#breadcrumb","itemListElement":[{"@type":"ListItem","position":1,"name":"Home","item":"https:\/\/interamerica.org\/fr\/"},{"@type":"ListItem","position":2,"name":"Eglise Mondiale: Le Troisi\u00e8me Forum Annuel d&#39;Evang\u00e9lisation par Internet d\u00e9bute en Ao\u00fbt."}]},{"@type":"WebSite","@id":"https:\/\/interamerica.org\/fr\/#website","url":"https:\/\/interamerica.org\/fr\/","name":"\u00c9glise Adventiste Du Septieme Jour - Inter Am\u00e9rique Division","description":"","potentialAction":[{"@type":"SearchAction","target":{"@type":"EntryPoint","urlTemplate":"https:\/\/interamerica.org\/fr\/?s={search_term_string}"},"query-input":{"@type":"PropertyValueSpecification","valueRequired":true,"valueName":"search_term_string"}}],"inLanguage":"fr-FR"},{"@type":"Person","@id":"https:\/\/interamerica.org\/fr\/#\/schema\/person\/68ede8bdc292885bb76c1e3810e73c39","name":"Lorenzo Verduzco","image":{"@type":"ImageObject","inLanguage":"fr-FR","@id":"https:\/\/secure.gravatar.com\/avatar\/fb81a55b6218459490a9c1dc841a34909185b81904c5337b4b27f7a6fd60c49e?s=96&d=mm&r=g","url":"https:\/\/secure.gravatar.com\/avatar\/fb81a55b6218459490a9c1dc841a34909185b81904c5337b4b27f7a6fd60c49e?s=96&d=mm&r=g","contentUrl":"https:\/\/secure.gravatar.com\/avatar\/fb81a55b6218459490a9c1dc841a34909185b81904c5337b4b27f7a6fd60c49e?s=96&d=mm&r=g","caption":"Lorenzo Verduzco"}}]}},"_links":{"self":[{"href":"https:\/\/interamerica.org\/fr\/wp-json\/wp\/v2\/posts\/12564","targetHints":{"allow":["GET"]}}],"collection":[{"href":"https:\/\/interamerica.org\/fr\/wp-json\/wp\/v2\/posts"}],"about":[{"href":"https:\/\/interamerica.org\/fr\/wp-json\/wp\/v2\/types\/post"}],"author":[{"embeddable":true,"href":"https:\/\/interamerica.org\/fr\/wp-json\/wp\/v2\/users\/1"}],"replies":[{"embeddable":true,"href":"https:\/\/interamerica.org\/fr\/wp-json\/wp\/v2\/comments?post=12564"}],"version-history":[{"count":0,"href":"https:\/\/interamerica.org\/fr\/wp-json\/wp\/v2\/posts\/12564\/revisions"}],"wp:attachment":[{"href":"https:\/\/interamerica.org\/fr\/wp-json\/wp\/v2\/media?parent=12564"}],"wp:term":[{"taxonomy":"category","embeddable":true,"href":"https:\/\/interamerica.org\/fr\/wp-json\/wp\/v2\/categories?post=12564"},{"taxonomy":"post_tag","embeddable":true,"href":"https:\/\/interamerica.org\/fr\/wp-json\/wp\/v2\/tags?post=12564"}],"curies":[{"name":"wp","href":"https:\/\/api.w.org\/{rel}","templated":true}]}}