{"id":125647,"date":"2025-02-23T11:34:42","date_gmt":"2025-02-23T16:34:42","guid":{"rendered":"https:\/\/interamerica.org\/?p=125647"},"modified":"2025-02-26T14:12:17","modified_gmt":"2025-02-26T19:12:17","slug":"leglise-et-ladventist-world-radio-collaborent-pour-donner-de-lespoir-dans-une-region-aride-du-kenya","status":"publish","type":"post","link":"https:\/\/interamerica.org\/fr\/2025\/02\/leglise-et-ladventist-world-radio-collaborent-pour-donner-de-lespoir-dans-une-region-aride-du-kenya\/","title":{"rendered":"L\u2019\u00c9glise et l\u2019Adventist World Radio collaborent pour donner de l\u2019espoir dans une r\u00e9gion aride du Kenya"},"content":{"rendered":"<p><div id=\"attachment_125552\" style=\"width: 947px\" class=\"wp-caption aligncenter\"><img fetchpriority=\"high\" decoding=\"async\" aria-describedby=\"caption-attachment-125552\" class=\" wp-image-125551\" src=\"https:\/\/interamerica.org\/wp-content\/uploads\/2025\/02\/kenya-1-2-1024x768.jpeg\" alt=\"\" width=\"937\" height=\"703\" srcset=\"https:\/\/interamerica.org\/wp-content\/uploads\/2025\/02\/kenya-1-2-1024x768.jpeg 1024w, https:\/\/interamerica.org\/wp-content\/uploads\/2025\/02\/kenya-1-2-300x225.jpeg 300w, https:\/\/interamerica.org\/wp-content\/uploads\/2025\/02\/kenya-1-2-768x576.jpeg 768w, https:\/\/interamerica.org\/wp-content\/uploads\/2025\/02\/kenya-1-2.jpeg 1280w\" sizes=\"(max-width: 937px) 100vw, 937px\" \/><p id=\"caption-attachment-125552\" class=\"wp-caption-text\"><span style=\"font-weight: 400;\">Une femme turkana se fait baptiser apr\u00e8s les pr\u00e9sentations \u00e9vang\u00e9liques dans sa r\u00e9gion du Kenya. [Une photo de Maureen Were]<\/span><\/p><\/div><i><span style=\"font-weight: 400;\">L\u2019initiative adventiste du septi\u00e8me jour est \u00ab\u00a0une oasis dans le d\u00e9sert\u00a0\u00bb, ont dit les dirigeants.<\/span><\/i><\/p>\n<p><span style=\"font-weight: 400;\">Le 23 f\u00e9vrier 2025 | Kenya | Maureen Were, Union des f\u00e9d\u00e9rations de l\u2019ouest du Kenya pour <\/span><i><span style=\"font-weight: 400;\">Adventist Review<\/span><\/i><\/p>\n<p><span style=\"font-weight: 400;\">L\u2019Union des f\u00e9d\u00e9rations de l\u2019ouest du Kenya (WKUC pour <\/span><i><span style=\"font-weight: 400;\">West Kenya Union Conference<\/span><\/i><span style=\"font-weight: 400;\">) a r\u00e9cemment conclu ses activit\u00e9s communautaires et \u00e9vang\u00e9liques intitul\u00e9es \u00ab\u00a0Lipo Tumaini\u00a0\u00bb dans la r\u00e9gion.<\/span><\/p>\n<p><span style=\"font-weight: 400;\">Il s\u2019agissait d\u2019une initiative transformatrice visant \u00e0 r\u00e9pondre tant aux besoins physiques que spirituels des gens de Turkana, ont dit les dirigeants r\u00e9gionaux de l\u2019\u00c9glise. \u00ab\u00a0Cette campagne a permis d\u2019importants progr\u00e8s gr\u00e2ce \u00e0 divers efforts, comme la distribution de nourriture, les bapt\u00eames et le forage d\u2019un puits \u00e0 Napeikar, ont-ils expliqu\u00e9. Ces initiatives ont eu un impact durable sur la r\u00e9gion, offrant un secours imm\u00e9diat ainsi qu\u2019une esp\u00e9rance \u00e0 long terme.\u00a0\u00bb<\/span><\/p>\n<p><span style=\"font-weight: 400;\">En effet, le 7 f\u00e9vrier dernier, l\u2019Agence de d\u00e9veloppement et de secours adventiste (ADRA) du Kenya, en collaboration avec la WKUC, a organis\u00e9 un \u00e9v\u00e9nement de distribution de nourriture pour les communaut\u00e9s de Nabuin et de Nawoitorong, \u00e0 Turkana. Cette initiative a permis d\u2019offrir un soutien essentiel aux familles vivant de l\u2019ins\u00e9curit\u00e9 alimentaire dans une r\u00e9gion o\u00f9 la survie est souvent un d\u00e9fi quotidien. Le terrain accident\u00e9 et la terre aride de Turkana, caract\u00e9ris\u00e9s par les s\u00e8ches savanes et les collines rocailleuses, compliquent depuis longtemps l\u2019acc\u00e8s aux ressources de base. La livraison de nourriture durant la campagne fut un grand soulagement pour plusieurs en all\u00e9geant certaines des difficult\u00e9s v\u00e9cues par les familles locales.<\/span><\/p>\n<h5 class=\"c-post-header__subtitle\"><img decoding=\"async\" class=\" wp-image-125557\" src=\"https:\/\/interamerica.org\/wp-content\/uploads\/2025\/02\/kenya-2-2-1024x768.jpeg\" alt=\"\" width=\"910\" height=\"683\" srcset=\"https:\/\/interamerica.org\/wp-content\/uploads\/2025\/02\/kenya-2-2-1024x768.jpeg 1024w, https:\/\/interamerica.org\/wp-content\/uploads\/2025\/02\/kenya-2-2-300x225.jpeg 300w, https:\/\/interamerica.org\/wp-content\/uploads\/2025\/02\/kenya-2-2-768x576.jpeg 768w, https:\/\/interamerica.org\/wp-content\/uploads\/2025\/02\/kenya-2-2-1536x1152.jpeg 1536w, https:\/\/interamerica.org\/wp-content\/uploads\/2025\/02\/kenya-2-2.jpeg 1600w\" sizes=\"(max-width: 910px) 100vw, 910px\" \/><span style=\"font-weight: 400;\">Les participants rassembl\u00e9s sur le site d\u2019\u00e9vang\u00e9lisation du soir. [Une photo de Maureen Were]<\/span><\/h5>\n<p><span style=\"font-weight: 400;\">Les efforts de secours ont \u00e9t\u00e9 men\u00e9s par Samuel Misiani, pr\u00e9sident de la WKUC. Les contributions des f\u00e9d\u00e9rations et des champs missionnaires de l\u2019Union des f\u00e9d\u00e9rations de l\u2019ouest du Kenya ont jou\u00e9 un r\u00f4le essentiel dans la collecte des fonds n\u00e9cessaires.<\/span><\/p>\n<p><span style=\"font-weight: 400;\">Bien que la r\u00e9ponse aux besoins physiques \u00e9tait une priorit\u00e9, l\u2019impact spirituel de la campagne Lipo Tumaini \u00e9tait tout aussi important. Ce puissant \u00e9v\u00e9nement d\u2019\u00e9vang\u00e9lisation s\u2019est conclu par le bapt\u00eame de 484 personnes, ont rapport\u00e9 les dirigeants de l\u2019\u00c9glise r\u00e9gionale.\u00a0<\/span><\/p>\n<p><span style=\"font-weight: 400;\">\u00ab\u00a0Ce bapt\u00eame de masse t\u00e9moigne de mani\u00e8re puissante de la grande faim spirituelle au sein de la communaut\u00e9 et de son engagement in\u00e9branlable envers une vie chr\u00e9tienne renouvel\u00e9e, a dit le pasteur Misiani. Sur l\u2019un des sites satellites o\u00f9 je pr\u00eachais, nos programmes commen\u00e7aient \u00e0 21 heures et s\u2019\u00e9tendaient souvent au-del\u00e0 de minuit. Malgr\u00e9 les longues distances qu\u2019ils devaient parcourir pour faire manger leurs ch\u00e8vres et trouver de la nourriture, les gens ont trouv\u00e9 le temps de se rassembler et de demeurer assis jusqu\u2019\u00e0 tard le soir pour \u00e9couter la Parole.\u00a0\u00bb<\/span><\/p>\n<div class=\"wp-block-jetpack-slideshow aligncenter\" data-effect=\"slide\" data-jetpack-block-initialized=\"true\">\n<div class=\"wp-block-jetpack-slideshow_container swiper-container swiper-container-initialized swiper-container-horizontal swiper-container-pointer-events wp-swiper-initialized\"><div id=\"attachment_125561\" style=\"width: 931px\" class=\"wp-caption aligncenter\"><img decoding=\"async\" aria-describedby=\"caption-attachment-125561\" class=\" wp-image-125560\" src=\"https:\/\/interamerica.org\/wp-content\/uploads\/2025\/02\/kenya-4-1-1024x768.jpeg\" alt=\"\" width=\"921\" height=\"691\" srcset=\"https:\/\/interamerica.org\/wp-content\/uploads\/2025\/02\/kenya-4-1-1024x768.jpeg 1024w, https:\/\/interamerica.org\/wp-content\/uploads\/2025\/02\/kenya-4-1-300x225.jpeg 300w, https:\/\/interamerica.org\/wp-content\/uploads\/2025\/02\/kenya-4-1-768x576.jpeg 768w, https:\/\/interamerica.org\/wp-content\/uploads\/2025\/02\/kenya-4-1.jpeg 1280w\" sizes=\"(max-width: 921px) 100vw, 921px\" \/><p id=\"caption-attachment-125561\" class=\"wp-caption-text\"><span style=\"font-weight: 400;\">Des gens de la r\u00e9gion rassembl\u00e9s sur le site d\u2019\u00e9vang\u00e9lisation. [Une photo de Maureen Were]<\/span><\/p><\/div><\/div>\n<div class=\"wp-block-jetpack-slideshow_container swiper-container swiper-container-initialized swiper-container-horizontal swiper-container-pointer-events wp-swiper-initialized\">\n<p><span style=\"font-weight: 400;\">Les dirigeants du champ missionnaire du nord de la Vall\u00e9e de rift (NRVF pour <\/span><i><span style=\"font-weight: 400;\">North Rift Valley Field<\/span><\/i><span style=\"font-weight: 400;\">) \u00e9taient pr\u00e9sents pour c\u00e9l\u00e9brer cette grande occasion, soulignant l\u2019importance d\u2019aborder tant le bien-\u00eatre physique que spirituel des gens. \u00ab\u00a0Nous sommes heureux de la d\u00e9cision de la WKUC d\u2019amener cette campagne ici. \u00c9tant donn\u00e9 le terrain accident\u00e9 et aride de Turkana, bien des gens craignent de venir ici, mais le pr\u00e9sident de la WKUC, les orateurs invit\u00e9s et l\u2019\u00e9quipe des multim\u00e9dias l\u2019ont brav\u00e9. Ce fut une grande moisson et nous avons encore l\u2019espoir que bien d\u2019autres personnes donneront leur vie \u00e0 Christ dans cette r\u00e9gion\u00a0\u00bb, a dit Jackson Soet, pr\u00e9sident du NRVF.<\/span><\/p>\n<p><span style=\"font-weight: 400;\">Autre accomplissement majeur de la campagne\u00a0: le forage d\u2019un puits \u00e0 Napeikar pour aborder le probl\u00e8me chronique de p\u00e9nurie d\u2019eau qui affecte le peuple turkana depuis si longtemps. Ce forage marque une \u00e9tape critique dans l\u2019acc\u00e8s durable \u00e0 de l\u2019eau potable, ont dit les dirigeants. \u00ab\u00a0Le puits ne fournira pas seulement une source fiable d\u2019eau, all\u00e9geant ainsi la t\u00e2che lourde et longue d\u2019aller chercher de l\u2019eau, mais il repr\u00e9sente \u00e9galement un symbole tangible de progr\u00e8s et d\u2019espoir. Cette initiative am\u00e9liorera grandement la vie quotidienne des r\u00e9sidents, offrant soulagement imm\u00e9diat et durabilit\u00e9\u00a0\u00bb, ont-ils dit. <\/span><\/p>\n<p><div id=\"attachment_125564\" style=\"width: 714px\" class=\"wp-caption aligncenter\"><img loading=\"lazy\" decoding=\"async\" aria-describedby=\"caption-attachment-125564\" class=\" wp-image-125563\" src=\"https:\/\/interamerica.org\/wp-content\/uploads\/2025\/02\/kenya-6-768x1024.jpeg\" alt=\"\" width=\"704\" height=\"939\" srcset=\"https:\/\/interamerica.org\/wp-content\/uploads\/2025\/02\/kenya-6-768x1024.jpeg 768w, https:\/\/interamerica.org\/wp-content\/uploads\/2025\/02\/kenya-6-225x300.jpeg 225w, https:\/\/interamerica.org\/wp-content\/uploads\/2025\/02\/kenya-6.jpeg 960w\" sizes=\"(max-width: 704px) 100vw, 704px\" \/><p id=\"caption-attachment-125564\" class=\"wp-caption-text\"><span style=\"font-weight: 400;\">Une jeune femme nouvellement convertie dans les eaux du bapt\u00eame. [Une photo de Maureen Were]<\/span><\/p><\/div><span style=\"font-weight: 400;\">En plus de ces activit\u00e9s, le pasteur Misiani a visit\u00e9 l\u2019\u00e9cole adventiste de Lokichogio, actuellement h\u00e9berg\u00e9e par l\u2019\u00e9glise adventiste du septi\u00e8me jour de Lokichogio. L\u2019\u00e9cole est en processus de d\u00e9m\u00e9nagement sur un nouveau site, avec la construction d\u2019un nouvel \u00e9tablissement pr\u00e8s d\u2019\u00eatre achev\u00e9e gr\u00e2ce \u00e0 l\u2019aide financi\u00e8re d\u2019un g\u00e9n\u00e9reux donateur. Le pasteur Misiani a profit\u00e9 de l\u2019occasion pour \u00e9valuer et discuter des meilleures approches strat\u00e9giques pour le d\u00e9veloppement d\u2019\u00e9glises, d\u2019\u00e9coles et d\u2019autres zones potentielles dans la r\u00e9gion.<\/span><span style=\"font-weight: 400;\">Le pasteur Misiani a \u00e9galement rencontr\u00e9 les dirigeants et les anciens des districts de Kakuma et de Lokichogio \u00e0 l\u2019\u00e9glise adventiste du septi\u00e8me jour de Kakuma. Durant cette visite, il a donn\u00e9 des encouragements et des directives, particuli\u00e8rement pour les nombreux r\u00e9fugi\u00e9s dans la r\u00e9gion.<\/span><\/p>\n<p><span style=\"font-weight: 400;\">\u00ab\u00a0Nous nous concentrons sur l\u2019assurance de la croissance durable, identifiant les occasions d\u2019engagement communautaire, et sur l\u2019\u00e9tablissement des fondements pour le progr\u00e8s continu dans ce domaine crucial du minist\u00e8re\u00a0\u00bb, a-t-il dit.<\/span><\/p>\n<p>Traduction : Marie-Mich\u00e8le Robitaille<\/p>\n<\/div>\n<\/div>\n","protected":false},"excerpt":{"rendered":"<p>L\u2019initiative adventiste du septi\u00e8me jour est \u00ab\u00a0une oasis dans le d\u00e9sert\u00a0\u00bb, ont dit les dirigeants. Le 23 f\u00e9vrier 2025 | Kenya | Maureen Were, Union des f\u00e9d\u00e9rations de l\u2019ouest du&#8230;<\/p>\n","protected":false},"author":3,"featured_media":125552,"comment_status":"closed","ping_status":"closed","sticky":false,"template":"","format":"standard","meta":{"_acf_changed":false,"footnotes":""},"categories":[18,19],"tags":[],"class_list":["post-125647","post","type-post","status-publish","format-standard","has-post-thumbnail","hentry","category-nouvelles-de-leglise-mondiale","category-rss-francais"],"acf":[],"yoast_head":"<!-- This site is optimized with the Yoast SEO plugin v27.3 - https:\/\/yoast.com\/product\/yoast-seo-wordpress\/ -->\n<title>L\u2019\u00c9glise et l\u2019Adventist World Radio collaborent pour donner de l\u2019espoir dans une r\u00e9gion aride du Kenya - \u00c9glise Adventiste Du Septieme Jour - Inter Am\u00e9rique Division<\/title>\n<meta name=\"robots\" content=\"index, follow, max-snippet:-1, max-image-preview:large, max-video-preview:-1\" \/>\n<link rel=\"canonical\" href=\"https:\/\/interamerica.org\/fr\/2025\/02\/leglise-et-ladventist-world-radio-collaborent-pour-donner-de-lespoir-dans-une-region-aride-du-kenya\/\" \/>\n<meta property=\"og:locale\" content=\"fr_FR\" \/>\n<meta property=\"og:type\" content=\"article\" \/>\n<meta property=\"og:title\" content=\"L\u2019\u00c9glise et l\u2019Adventist World Radio collaborent pour donner de l\u2019espoir dans une r\u00e9gion aride du Kenya - \u00c9glise Adventiste Du Septieme Jour - Inter Am\u00e9rique Division\" \/>\n<meta property=\"og:description\" content=\"L\u2019initiative adventiste du septi\u00e8me jour est \u00ab\u00a0une oasis dans le d\u00e9sert\u00a0\u00bb, ont dit les dirigeants. Le 23 f\u00e9vrier 2025 | Kenya | Maureen Were, Union des f\u00e9d\u00e9rations de l\u2019ouest du...\" \/>\n<meta property=\"og:url\" content=\"https:\/\/interamerica.org\/fr\/2025\/02\/leglise-et-ladventist-world-radio-collaborent-pour-donner-de-lespoir-dans-une-region-aride-du-kenya\/\" \/>\n<meta property=\"og:site_name\" content=\"\u00c9glise Adventiste Du Septieme Jour - Inter Am\u00e9rique Division\" \/>\n<meta property=\"article:published_time\" content=\"2025-02-23T16:34:42+00:00\" \/>\n<meta property=\"article:modified_time\" content=\"2025-02-26T19:12:17+00:00\" \/>\n<meta property=\"og:image\" content=\"https:\/\/interamerica.org\/wp-content\/uploads\/2025\/02\/kenya-1-2.jpeg\" \/>\n\t<meta property=\"og:image:width\" content=\"1280\" \/>\n\t<meta property=\"og:image:height\" content=\"960\" \/>\n\t<meta property=\"og:image:type\" content=\"image\/jpeg\" \/>\n<meta name=\"author\" content=\"libna\" \/>\n<meta name=\"twitter:card\" content=\"summary_large_image\" \/>\n<meta name=\"twitter:label1\" content=\"\u00c9crit par\" \/>\n\t<meta name=\"twitter:data1\" content=\"libna\" \/>\n\t<meta name=\"twitter:label2\" content=\"Dur\u00e9e de lecture estim\u00e9e\" \/>\n\t<meta name=\"twitter:data2\" content=\"5 minutes\" \/>\n<script type=\"application\/ld+json\" class=\"yoast-schema-graph\">{\"@context\":\"https:\\\/\\\/schema.org\",\"@graph\":[{\"@type\":\"Article\",\"@id\":\"https:\\\/\\\/interamerica.org\\\/fr\\\/2025\\\/02\\\/leglise-et-ladventist-world-radio-collaborent-pour-donner-de-lespoir-dans-une-region-aride-du-kenya\\\/#article\",\"isPartOf\":{\"@id\":\"https:\\\/\\\/interamerica.org\\\/fr\\\/2025\\\/02\\\/leglise-et-ladventist-world-radio-collaborent-pour-donner-de-lespoir-dans-une-region-aride-du-kenya\\\/\"},\"author\":{\"name\":\"libna\",\"@id\":\"https:\\\/\\\/interamerica.org\\\/fr\\\/#\\\/schema\\\/person\\\/29998f2bc2d8bd0d38662909289b54f1\"},\"headline\":\"L\u2019\u00c9glise et l\u2019Adventist World Radio collaborent pour donner de l\u2019espoir dans une r\u00e9gion aride du Kenya\",\"datePublished\":\"2025-02-23T16:34:42+00:00\",\"dateModified\":\"2025-02-26T19:12:17+00:00\",\"mainEntityOfPage\":{\"@id\":\"https:\\\/\\\/interamerica.org\\\/fr\\\/2025\\\/02\\\/leglise-et-ladventist-world-radio-collaborent-pour-donner-de-lespoir-dans-une-region-aride-du-kenya\\\/\"},\"wordCount\":1027,\"image\":{\"@id\":\"https:\\\/\\\/interamerica.org\\\/fr\\\/2025\\\/02\\\/leglise-et-ladventist-world-radio-collaborent-pour-donner-de-lespoir-dans-une-region-aride-du-kenya\\\/#primaryimage\"},\"thumbnailUrl\":\"https:\\\/\\\/interamerica.org\\\/wp-content\\\/uploads\\\/2025\\\/02\\\/kenya-1-2.jpeg\",\"articleSection\":[\"Nouvelles de l'\u00c9glise mondiale\",\"RSS Fran\u00e7ais\"],\"inLanguage\":\"fr-FR\"},{\"@type\":\"WebPage\",\"@id\":\"https:\\\/\\\/interamerica.org\\\/fr\\\/2025\\\/02\\\/leglise-et-ladventist-world-radio-collaborent-pour-donner-de-lespoir-dans-une-region-aride-du-kenya\\\/\",\"url\":\"https:\\\/\\\/interamerica.org\\\/fr\\\/2025\\\/02\\\/leglise-et-ladventist-world-radio-collaborent-pour-donner-de-lespoir-dans-une-region-aride-du-kenya\\\/\",\"name\":\"L\u2019\u00c9glise et l\u2019Adventist World Radio collaborent pour donner de l\u2019espoir dans une r\u00e9gion aride du Kenya - \u00c9glise Adventiste Du Septieme Jour - Inter Am\u00e9rique Division\",\"isPartOf\":{\"@id\":\"https:\\\/\\\/interamerica.org\\\/fr\\\/#website\"},\"primaryImageOfPage\":{\"@id\":\"https:\\\/\\\/interamerica.org\\\/fr\\\/2025\\\/02\\\/leglise-et-ladventist-world-radio-collaborent-pour-donner-de-lespoir-dans-une-region-aride-du-kenya\\\/#primaryimage\"},\"image\":{\"@id\":\"https:\\\/\\\/interamerica.org\\\/fr\\\/2025\\\/02\\\/leglise-et-ladventist-world-radio-collaborent-pour-donner-de-lespoir-dans-une-region-aride-du-kenya\\\/#primaryimage\"},\"thumbnailUrl\":\"https:\\\/\\\/interamerica.org\\\/wp-content\\\/uploads\\\/2025\\\/02\\\/kenya-1-2.jpeg\",\"datePublished\":\"2025-02-23T16:34:42+00:00\",\"dateModified\":\"2025-02-26T19:12:17+00:00\",\"author\":{\"@id\":\"https:\\\/\\\/interamerica.org\\\/fr\\\/#\\\/schema\\\/person\\\/29998f2bc2d8bd0d38662909289b54f1\"},\"breadcrumb\":{\"@id\":\"https:\\\/\\\/interamerica.org\\\/fr\\\/2025\\\/02\\\/leglise-et-ladventist-world-radio-collaborent-pour-donner-de-lespoir-dans-une-region-aride-du-kenya\\\/#breadcrumb\"},\"inLanguage\":\"fr-FR\",\"potentialAction\":[{\"@type\":\"ReadAction\",\"target\":[\"https:\\\/\\\/interamerica.org\\\/fr\\\/2025\\\/02\\\/leglise-et-ladventist-world-radio-collaborent-pour-donner-de-lespoir-dans-une-region-aride-du-kenya\\\/\"]}]},{\"@type\":\"ImageObject\",\"inLanguage\":\"fr-FR\",\"@id\":\"https:\\\/\\\/interamerica.org\\\/fr\\\/2025\\\/02\\\/leglise-et-ladventist-world-radio-collaborent-pour-donner-de-lespoir-dans-une-region-aride-du-kenya\\\/#primaryimage\",\"url\":\"https:\\\/\\\/interamerica.org\\\/wp-content\\\/uploads\\\/2025\\\/02\\\/kenya-1-2.jpeg\",\"contentUrl\":\"https:\\\/\\\/interamerica.org\\\/wp-content\\\/uploads\\\/2025\\\/02\\\/kenya-1-2.jpeg\",\"width\":1280,\"height\":960,\"caption\":\"A Turkana woman is baptized after evangelistic meetings in that area of Kenya. [Photo: Maureen Were]\"},{\"@type\":\"BreadcrumbList\",\"@id\":\"https:\\\/\\\/interamerica.org\\\/fr\\\/2025\\\/02\\\/leglise-et-ladventist-world-radio-collaborent-pour-donner-de-lespoir-dans-une-region-aride-du-kenya\\\/#breadcrumb\",\"itemListElement\":[{\"@type\":\"ListItem\",\"position\":1,\"name\":\"Home\",\"item\":\"https:\\\/\\\/interamerica.org\\\/fr\\\/\"},{\"@type\":\"ListItem\",\"position\":2,\"name\":\"L\u2019\u00c9glise et l\u2019Adventist World Radio collaborent pour donner de l\u2019espoir dans une r\u00e9gion aride du Kenya\"}]},{\"@type\":\"WebSite\",\"@id\":\"https:\\\/\\\/interamerica.org\\\/fr\\\/#website\",\"url\":\"https:\\\/\\\/interamerica.org\\\/fr\\\/\",\"name\":\"\u00c9glise Adventiste Du Septieme Jour - Inter Am\u00e9rique Division\",\"description\":\"\",\"potentialAction\":[{\"@type\":\"SearchAction\",\"target\":{\"@type\":\"EntryPoint\",\"urlTemplate\":\"https:\\\/\\\/interamerica.org\\\/fr\\\/?s={search_term_string}\"},\"query-input\":{\"@type\":\"PropertyValueSpecification\",\"valueRequired\":true,\"valueName\":\"search_term_string\"}}],\"inLanguage\":\"fr-FR\"},{\"@type\":\"Person\",\"@id\":\"https:\\\/\\\/interamerica.org\\\/fr\\\/#\\\/schema\\\/person\\\/29998f2bc2d8bd0d38662909289b54f1\",\"name\":\"libna\",\"image\":{\"@type\":\"ImageObject\",\"inLanguage\":\"fr-FR\",\"@id\":\"https:\\\/\\\/secure.gravatar.com\\\/avatar\\\/7c5bd30ae4b47a9ba3c856590957fd1d96dc588bf3ac05719d247e126840331f?s=96&d=mm&r=g\",\"url\":\"https:\\\/\\\/secure.gravatar.com\\\/avatar\\\/7c5bd30ae4b47a9ba3c856590957fd1d96dc588bf3ac05719d247e126840331f?s=96&d=mm&r=g\",\"contentUrl\":\"https:\\\/\\\/secure.gravatar.com\\\/avatar\\\/7c5bd30ae4b47a9ba3c856590957fd1d96dc588bf3ac05719d247e126840331f?s=96&d=mm&r=g\",\"caption\":\"libna\"}}]}<\/script>\n<!-- \/ Yoast SEO plugin. -->","yoast_head_json":{"title":"L\u2019\u00c9glise et l\u2019Adventist World Radio collaborent pour donner de l\u2019espoir dans une r\u00e9gion aride du Kenya - \u00c9glise Adventiste Du Septieme Jour - Inter Am\u00e9rique Division","robots":{"index":"index","follow":"follow","max-snippet":"max-snippet:-1","max-image-preview":"max-image-preview:large","max-video-preview":"max-video-preview:-1"},"canonical":"https:\/\/interamerica.org\/fr\/2025\/02\/leglise-et-ladventist-world-radio-collaborent-pour-donner-de-lespoir-dans-une-region-aride-du-kenya\/","og_locale":"fr_FR","og_type":"article","og_title":"L\u2019\u00c9glise et l\u2019Adventist World Radio collaborent pour donner de l\u2019espoir dans une r\u00e9gion aride du Kenya - \u00c9glise Adventiste Du Septieme Jour - Inter Am\u00e9rique Division","og_description":"L\u2019initiative adventiste du septi\u00e8me jour est \u00ab\u00a0une oasis dans le d\u00e9sert\u00a0\u00bb, ont dit les dirigeants. Le 23 f\u00e9vrier 2025 | Kenya | Maureen Were, Union des f\u00e9d\u00e9rations de l\u2019ouest du...","og_url":"https:\/\/interamerica.org\/fr\/2025\/02\/leglise-et-ladventist-world-radio-collaborent-pour-donner-de-lespoir-dans-une-region-aride-du-kenya\/","og_site_name":"\u00c9glise Adventiste Du Septieme Jour - Inter Am\u00e9rique Division","article_published_time":"2025-02-23T16:34:42+00:00","article_modified_time":"2025-02-26T19:12:17+00:00","og_image":[{"width":1280,"height":960,"url":"https:\/\/interamerica.org\/wp-content\/uploads\/2025\/02\/kenya-1-2.jpeg","type":"image\/jpeg"}],"author":"libna","twitter_card":"summary_large_image","twitter_misc":{"\u00c9crit par":"libna","Dur\u00e9e de lecture estim\u00e9e":"5 minutes"},"schema":{"@context":"https:\/\/schema.org","@graph":[{"@type":"Article","@id":"https:\/\/interamerica.org\/fr\/2025\/02\/leglise-et-ladventist-world-radio-collaborent-pour-donner-de-lespoir-dans-une-region-aride-du-kenya\/#article","isPartOf":{"@id":"https:\/\/interamerica.org\/fr\/2025\/02\/leglise-et-ladventist-world-radio-collaborent-pour-donner-de-lespoir-dans-une-region-aride-du-kenya\/"},"author":{"name":"libna","@id":"https:\/\/interamerica.org\/fr\/#\/schema\/person\/29998f2bc2d8bd0d38662909289b54f1"},"headline":"L\u2019\u00c9glise et l\u2019Adventist World Radio collaborent pour donner de l\u2019espoir dans une r\u00e9gion aride du Kenya","datePublished":"2025-02-23T16:34:42+00:00","dateModified":"2025-02-26T19:12:17+00:00","mainEntityOfPage":{"@id":"https:\/\/interamerica.org\/fr\/2025\/02\/leglise-et-ladventist-world-radio-collaborent-pour-donner-de-lespoir-dans-une-region-aride-du-kenya\/"},"wordCount":1027,"image":{"@id":"https:\/\/interamerica.org\/fr\/2025\/02\/leglise-et-ladventist-world-radio-collaborent-pour-donner-de-lespoir-dans-une-region-aride-du-kenya\/#primaryimage"},"thumbnailUrl":"https:\/\/interamerica.org\/wp-content\/uploads\/2025\/02\/kenya-1-2.jpeg","articleSection":["Nouvelles de l'\u00c9glise mondiale","RSS Fran\u00e7ais"],"inLanguage":"fr-FR"},{"@type":"WebPage","@id":"https:\/\/interamerica.org\/fr\/2025\/02\/leglise-et-ladventist-world-radio-collaborent-pour-donner-de-lespoir-dans-une-region-aride-du-kenya\/","url":"https:\/\/interamerica.org\/fr\/2025\/02\/leglise-et-ladventist-world-radio-collaborent-pour-donner-de-lespoir-dans-une-region-aride-du-kenya\/","name":"L\u2019\u00c9glise et l\u2019Adventist World Radio collaborent pour donner de l\u2019espoir dans une r\u00e9gion aride du Kenya - \u00c9glise Adventiste Du Septieme Jour - Inter Am\u00e9rique Division","isPartOf":{"@id":"https:\/\/interamerica.org\/fr\/#website"},"primaryImageOfPage":{"@id":"https:\/\/interamerica.org\/fr\/2025\/02\/leglise-et-ladventist-world-radio-collaborent-pour-donner-de-lespoir-dans-une-region-aride-du-kenya\/#primaryimage"},"image":{"@id":"https:\/\/interamerica.org\/fr\/2025\/02\/leglise-et-ladventist-world-radio-collaborent-pour-donner-de-lespoir-dans-une-region-aride-du-kenya\/#primaryimage"},"thumbnailUrl":"https:\/\/interamerica.org\/wp-content\/uploads\/2025\/02\/kenya-1-2.jpeg","datePublished":"2025-02-23T16:34:42+00:00","dateModified":"2025-02-26T19:12:17+00:00","author":{"@id":"https:\/\/interamerica.org\/fr\/#\/schema\/person\/29998f2bc2d8bd0d38662909289b54f1"},"breadcrumb":{"@id":"https:\/\/interamerica.org\/fr\/2025\/02\/leglise-et-ladventist-world-radio-collaborent-pour-donner-de-lespoir-dans-une-region-aride-du-kenya\/#breadcrumb"},"inLanguage":"fr-FR","potentialAction":[{"@type":"ReadAction","target":["https:\/\/interamerica.org\/fr\/2025\/02\/leglise-et-ladventist-world-radio-collaborent-pour-donner-de-lespoir-dans-une-region-aride-du-kenya\/"]}]},{"@type":"ImageObject","inLanguage":"fr-FR","@id":"https:\/\/interamerica.org\/fr\/2025\/02\/leglise-et-ladventist-world-radio-collaborent-pour-donner-de-lespoir-dans-une-region-aride-du-kenya\/#primaryimage","url":"https:\/\/interamerica.org\/wp-content\/uploads\/2025\/02\/kenya-1-2.jpeg","contentUrl":"https:\/\/interamerica.org\/wp-content\/uploads\/2025\/02\/kenya-1-2.jpeg","width":1280,"height":960,"caption":"A Turkana woman is baptized after evangelistic meetings in that area of Kenya. [Photo: Maureen Were]"},{"@type":"BreadcrumbList","@id":"https:\/\/interamerica.org\/fr\/2025\/02\/leglise-et-ladventist-world-radio-collaborent-pour-donner-de-lespoir-dans-une-region-aride-du-kenya\/#breadcrumb","itemListElement":[{"@type":"ListItem","position":1,"name":"Home","item":"https:\/\/interamerica.org\/fr\/"},{"@type":"ListItem","position":2,"name":"L\u2019\u00c9glise et l\u2019Adventist World Radio collaborent pour donner de l\u2019espoir dans une r\u00e9gion aride du Kenya"}]},{"@type":"WebSite","@id":"https:\/\/interamerica.org\/fr\/#website","url":"https:\/\/interamerica.org\/fr\/","name":"\u00c9glise Adventiste Du Septieme Jour - Inter Am\u00e9rique Division","description":"","potentialAction":[{"@type":"SearchAction","target":{"@type":"EntryPoint","urlTemplate":"https:\/\/interamerica.org\/fr\/?s={search_term_string}"},"query-input":{"@type":"PropertyValueSpecification","valueRequired":true,"valueName":"search_term_string"}}],"inLanguage":"fr-FR"},{"@type":"Person","@id":"https:\/\/interamerica.org\/fr\/#\/schema\/person\/29998f2bc2d8bd0d38662909289b54f1","name":"libna","image":{"@type":"ImageObject","inLanguage":"fr-FR","@id":"https:\/\/secure.gravatar.com\/avatar\/7c5bd30ae4b47a9ba3c856590957fd1d96dc588bf3ac05719d247e126840331f?s=96&d=mm&r=g","url":"https:\/\/secure.gravatar.com\/avatar\/7c5bd30ae4b47a9ba3c856590957fd1d96dc588bf3ac05719d247e126840331f?s=96&d=mm&r=g","contentUrl":"https:\/\/secure.gravatar.com\/avatar\/7c5bd30ae4b47a9ba3c856590957fd1d96dc588bf3ac05719d247e126840331f?s=96&d=mm&r=g","caption":"libna"}}]}},"_links":{"self":[{"href":"https:\/\/interamerica.org\/fr\/wp-json\/wp\/v2\/posts\/125647","targetHints":{"allow":["GET"]}}],"collection":[{"href":"https:\/\/interamerica.org\/fr\/wp-json\/wp\/v2\/posts"}],"about":[{"href":"https:\/\/interamerica.org\/fr\/wp-json\/wp\/v2\/types\/post"}],"author":[{"embeddable":true,"href":"https:\/\/interamerica.org\/fr\/wp-json\/wp\/v2\/users\/3"}],"replies":[{"embeddable":true,"href":"https:\/\/interamerica.org\/fr\/wp-json\/wp\/v2\/comments?post=125647"}],"version-history":[{"count":0,"href":"https:\/\/interamerica.org\/fr\/wp-json\/wp\/v2\/posts\/125647\/revisions"}],"wp:featuredmedia":[{"embeddable":true,"href":"https:\/\/interamerica.org\/fr\/wp-json\/wp\/v2\/media\/125552"}],"wp:attachment":[{"href":"https:\/\/interamerica.org\/fr\/wp-json\/wp\/v2\/media?parent=125647"}],"wp:term":[{"taxonomy":"category","embeddable":true,"href":"https:\/\/interamerica.org\/fr\/wp-json\/wp\/v2\/categories?post=125647"},{"taxonomy":"post_tag","embeddable":true,"href":"https:\/\/interamerica.org\/fr\/wp-json\/wp\/v2\/tags?post=125647"}],"curies":[{"name":"wp","href":"https:\/\/api.w.org\/{rel}","templated":true}]}}