{"id":12565,"date":"2006-07-24T00:00:00","date_gmt":"2006-07-24T04:00:00","guid":{"rendered":"http:\/\/192.81.217.108\/interamerica\/2006\/07\/etats-unis-damerique-un-grand-pere-age-de-100-ans-devient-adventiste-en-recevant-le-bapteme\/"},"modified":"2017-06-02T13:17:13","modified_gmt":"2017-06-02T17:17:13","slug":"etats-unis-damerique-un-grand-pere-age-de-100-ans-devient-adventiste-en-recevant-le-bapteme","status":"publish","type":"post","link":"https:\/\/interamerica.org\/fr\/2006\/07\/etats-unis-damerique-un-grand-pere-age-de-100-ans-devient-adventiste-en-recevant-le-bapteme\/","title":{"rendered":"Etats-Unis d&#39;Am\u00e9rique:  Un Grand-p\u00e8re \u00e2g\u00e9 de 100 ans Devient Adventiste en Recevant le Bapt\u00eame"},"content":{"rendered":"<p>24 juillet 2006, Wilson, Caroline du Nord, Etats-Unis&#8230; (Staff d&#39;Ann) <\/p>\n<p>Dans l&#39;Eglise Adventiste du Septi\u00e8me jour on ne baptise pas les nouveaux n\u00e9s &#8211; en g\u00e9n\u00e9ral l&#39;\u00e9glise administre le bapt\u00eame \u00e0 ceux qui ont atteint l&#39;\u00e2ge de raison,\u00a0\u00bb et qui comprennent pleinement l&#39;importante d\u00e9cision qu&#39;est l&#39;immersion. <\/p>\n<p>Bien que la plupart de ceux qui sont baptis\u00e9s dans l&#39;\u00e9glise soient de jeunes adultes, des adolescents ou ceux qui ont atteint l&#39;\u00e2ge moyen, il y a tr\u00e8s peu de cas de ceux qu&#39;on pourrait cataloguer comme \u00e9tant \u00ab\u00a0au bout\u00a0\u00bb de l&#39;\u00e9chelle de la vie.  Pablo Cruz pourtant pourrait faire partie de cette cat\u00e9gorie, en prenant naissance dans la ville de Veracruz, \u00e0 Mexico.  Pour essayer d&#39;illustrer son cas, il avait seulement 9 ans quand Ellen G. White, une fondatrice de l&#39;Eglise Adventiste du Septi\u00e8me jour, mourut \u00e0 l&#39;\u00e2ge de 88 ans. <\/p>\n<p>Bien qu&#39;il ait grandit dans une \u00e9glise tout \u00e0 fait diff\u00e9rente, Mr. Cruz devint depuis quelques ann\u00e9es un fervent lecteur et \u00e9tudiant de la Bible.  Divorc\u00e9 en deux fois, il a eu 14 enfants, dont cinq sont d\u00e9j\u00e0  morts, et de nombreux petits-enfants. <\/p>\n<p>Cependant, Mr. Cruz avait pris la d\u00e9cision de se joindre \u00e0 l&#39;Eglise Adventiste, d\u00e9cision d\u00e9j\u00e0 prise par ses fils et l&#39;une de ses petites filles.  Apr\u00e8s avoir consult\u00e9 ses coll\u00e8gues du minist\u00e8re autour de la question, Dr. Alberto R. Treiyer, un pasteur Adventiste qui travaille pr\u00e9sentement dans la r\u00e9gion de l&#39;\u00e9glise de la Caroline, d\u00e9cida qu&#39;\u00e9tant &#8211;\u00e2g\u00e9e de 100 ans&#8211; Cruz \u00e9tait pr\u00eat pour le bapt\u00eame. <\/p>\n<p>La c\u00e9r\u00e9monie impliquait quelques modifications:  un jour chaud fut choisi pour que  la temp\u00e9rature de l&#39;eau de la piscine soit ad\u00e9quate.  Trois membres d&#39;\u00e9glise firent descendre, et remonter, le candidat dans et hors de l&#39;eau.  Et Mr. Cruz fur rev\u00eatu d&#39;habits r\u00e9guliers, et non de robe baptismale comme c&#39;est souvent le cas. <\/p>\n<p>Les r\u00e9sultats, cependant, \u00e9taient les m\u00eames:  un nouveau \u00ab\u00a0b\u00e9b\u00e9\u00a0\u00bb en Christ avait pris naissance en ce jour, a expliqu\u00e9 Dr. Treiyer.  Dans une br\u00e8ve allocution, il d\u00e9clara, \u00ab\u00a0100 ans viennent d\u00eatre enterr\u00e9s, pour donner naissance \u00e0 une nouvelle vie qui a d\u00e9j\u00e0 l&#39;\u00e2rome de l&#39;\u00e9ternit\u00e9.  Quelle merveilleuse exp\u00e9rience de penser qu&#39;un si\u00e8cle appartienne d\u00e9j\u00e0 au pass\u00e9.\u00a0\u00bb <\/p>\n<p>Etant consid\u00e9r\u00e9e comme l&#39;une des d\u00e9nominations au monde avec un taux de croissance tr\u00e8s \u00e9lev\u00e9e, l&#39;Eglise Adventiste du Septi\u00e8me jour a baptis\u00e9 journellement une moyenne de 2,890 personnes au cours de l&#39;ann\u00e9e 2005, d&#39;apr\u00e8s le bureau des archives et des statistiques de l&#39;\u00e9glise.     <\/p>\n","protected":false},"excerpt":{"rendered":"<p>Dans l&#39;Eglise Adventiste du Septi\u00e8me jour on ne baptise pas les nouveaux n\u00e9s &#8211; en g\u00e9n\u00e9ral l&#39;\u00e9glise administre le bapt\u00eame \u00e0 ceux qui ont atteint l&#39;\u00e2ge de raison,\u00a0\u00bb<\/p>\n","protected":false},"author":1,"featured_media":0,"comment_status":"closed","ping_status":"closed","sticky":false,"template":"","format":"standard","meta":{"_acf_changed":false,"footnotes":""},"categories":[9],"tags":[],"class_list":["post-12565","post","type-post","status-publish","format-standard","hentry","category-archive-fr"],"acf":[],"yoast_head":"<!-- This site is optimized with the Yoast SEO plugin v27.3 - https:\/\/yoast.com\/product\/yoast-seo-wordpress\/ -->\n<title>Etats-Unis d&#039;Am\u00e9rique: Un Grand-p\u00e8re \u00e2g\u00e9 de 100 ans Devient Adventiste en Recevant le Bapt\u00eame - \u00c9glise Adventiste Du Septieme Jour - Inter Am\u00e9rique Division<\/title>\n<meta name=\"robots\" content=\"index, follow, max-snippet:-1, max-image-preview:large, max-video-preview:-1\" \/>\n<link rel=\"canonical\" href=\"https:\/\/interamerica.org\/fr\/2006\/07\/etats-unis-damerique-un-grand-pere-age-de-100-ans-devient-adventiste-en-recevant-le-bapteme\/\" \/>\n<meta property=\"og:locale\" content=\"fr_FR\" \/>\n<meta property=\"og:type\" content=\"article\" \/>\n<meta property=\"og:title\" content=\"Etats-Unis d&#039;Am\u00e9rique: Un Grand-p\u00e8re \u00e2g\u00e9 de 100 ans Devient Adventiste en Recevant le Bapt\u00eame - \u00c9glise Adventiste Du Septieme Jour - Inter Am\u00e9rique Division\" \/>\n<meta property=\"og:description\" content=\"Dans l&#039;Eglise Adventiste du Septi\u00e8me jour on ne baptise pas les nouveaux n\u00e9s - en g\u00e9n\u00e9ral l&#039;\u00e9glise administre le bapt\u00eame \u00e0 ceux qui ont atteint l&#039;\u00e2ge de raison,&quot;\" \/>\n<meta property=\"og:url\" content=\"https:\/\/interamerica.org\/fr\/2006\/07\/etats-unis-damerique-un-grand-pere-age-de-100-ans-devient-adventiste-en-recevant-le-bapteme\/\" \/>\n<meta property=\"og:site_name\" content=\"\u00c9glise Adventiste Du Septieme Jour - Inter Am\u00e9rique Division\" \/>\n<meta property=\"article:published_time\" content=\"2006-07-24T04:00:00+00:00\" \/>\n<meta property=\"article:modified_time\" content=\"2017-06-02T17:17:13+00:00\" \/>\n<meta name=\"author\" content=\"Lorenzo Verduzco\" \/>\n<meta name=\"twitter:card\" content=\"summary_large_image\" \/>\n<meta name=\"twitter:label1\" content=\"\u00c9crit par\" \/>\n\t<meta name=\"twitter:data1\" content=\"Lorenzo Verduzco\" \/>\n\t<meta name=\"twitter:label2\" content=\"Dur\u00e9e de lecture estim\u00e9e\" \/>\n\t<meta name=\"twitter:data2\" content=\"2 minutes\" \/>\n<script type=\"application\/ld+json\" class=\"yoast-schema-graph\">{\"@context\":\"https:\\\/\\\/schema.org\",\"@graph\":[{\"@type\":\"Article\",\"@id\":\"https:\\\/\\\/interamerica.org\\\/fr\\\/2006\\\/07\\\/etats-unis-damerique-un-grand-pere-age-de-100-ans-devient-adventiste-en-recevant-le-bapteme\\\/#article\",\"isPartOf\":{\"@id\":\"https:\\\/\\\/interamerica.org\\\/fr\\\/2006\\\/07\\\/etats-unis-damerique-un-grand-pere-age-de-100-ans-devient-adventiste-en-recevant-le-bapteme\\\/\"},\"author\":{\"name\":\"Lorenzo Verduzco\",\"@id\":\"https:\\\/\\\/interamerica.org\\\/fr\\\/#\\\/schema\\\/person\\\/68ede8bdc292885bb76c1e3810e73c39\"},\"headline\":\"Etats-Unis d&#39;Am\u00e9rique: Un Grand-p\u00e8re \u00e2g\u00e9 de 100 ans Devient Adventiste en Recevant le Bapt\u00eame\",\"datePublished\":\"2006-07-24T04:00:00+00:00\",\"dateModified\":\"2017-06-02T17:17:13+00:00\",\"mainEntityOfPage\":{\"@id\":\"https:\\\/\\\/interamerica.org\\\/fr\\\/2006\\\/07\\\/etats-unis-damerique-un-grand-pere-age-de-100-ans-devient-adventiste-en-recevant-le-bapteme\\\/\"},\"wordCount\":483,\"articleSection\":[\"Archive\"],\"inLanguage\":\"fr-FR\"},{\"@type\":\"WebPage\",\"@id\":\"https:\\\/\\\/interamerica.org\\\/fr\\\/2006\\\/07\\\/etats-unis-damerique-un-grand-pere-age-de-100-ans-devient-adventiste-en-recevant-le-bapteme\\\/\",\"url\":\"https:\\\/\\\/interamerica.org\\\/fr\\\/2006\\\/07\\\/etats-unis-damerique-un-grand-pere-age-de-100-ans-devient-adventiste-en-recevant-le-bapteme\\\/\",\"name\":\"Etats-Unis d&#39;Am\u00e9rique: Un Grand-p\u00e8re \u00e2g\u00e9 de 100 ans Devient Adventiste en Recevant le Bapt\u00eame - \u00c9glise Adventiste Du Septieme Jour - Inter Am\u00e9rique Division\",\"isPartOf\":{\"@id\":\"https:\\\/\\\/interamerica.org\\\/fr\\\/#website\"},\"datePublished\":\"2006-07-24T04:00:00+00:00\",\"dateModified\":\"2017-06-02T17:17:13+00:00\",\"author\":{\"@id\":\"https:\\\/\\\/interamerica.org\\\/fr\\\/#\\\/schema\\\/person\\\/68ede8bdc292885bb76c1e3810e73c39\"},\"breadcrumb\":{\"@id\":\"https:\\\/\\\/interamerica.org\\\/fr\\\/2006\\\/07\\\/etats-unis-damerique-un-grand-pere-age-de-100-ans-devient-adventiste-en-recevant-le-bapteme\\\/#breadcrumb\"},\"inLanguage\":\"fr-FR\",\"potentialAction\":[{\"@type\":\"ReadAction\",\"target\":[\"https:\\\/\\\/interamerica.org\\\/fr\\\/2006\\\/07\\\/etats-unis-damerique-un-grand-pere-age-de-100-ans-devient-adventiste-en-recevant-le-bapteme\\\/\"]}]},{\"@type\":\"BreadcrumbList\",\"@id\":\"https:\\\/\\\/interamerica.org\\\/fr\\\/2006\\\/07\\\/etats-unis-damerique-un-grand-pere-age-de-100-ans-devient-adventiste-en-recevant-le-bapteme\\\/#breadcrumb\",\"itemListElement\":[{\"@type\":\"ListItem\",\"position\":1,\"name\":\"Home\",\"item\":\"https:\\\/\\\/interamerica.org\\\/fr\\\/\"},{\"@type\":\"ListItem\",\"position\":2,\"name\":\"Etats-Unis d&#39;Am\u00e9rique: Un Grand-p\u00e8re \u00e2g\u00e9 de 100 ans Devient Adventiste en Recevant le Bapt\u00eame\"}]},{\"@type\":\"WebSite\",\"@id\":\"https:\\\/\\\/interamerica.org\\\/fr\\\/#website\",\"url\":\"https:\\\/\\\/interamerica.org\\\/fr\\\/\",\"name\":\"\u00c9glise Adventiste Du Septieme Jour - Inter Am\u00e9rique Division\",\"description\":\"\",\"potentialAction\":[{\"@type\":\"SearchAction\",\"target\":{\"@type\":\"EntryPoint\",\"urlTemplate\":\"https:\\\/\\\/interamerica.org\\\/fr\\\/?s={search_term_string}\"},\"query-input\":{\"@type\":\"PropertyValueSpecification\",\"valueRequired\":true,\"valueName\":\"search_term_string\"}}],\"inLanguage\":\"fr-FR\"},{\"@type\":\"Person\",\"@id\":\"https:\\\/\\\/interamerica.org\\\/fr\\\/#\\\/schema\\\/person\\\/68ede8bdc292885bb76c1e3810e73c39\",\"name\":\"Lorenzo Verduzco\",\"image\":{\"@type\":\"ImageObject\",\"inLanguage\":\"fr-FR\",\"@id\":\"https:\\\/\\\/secure.gravatar.com\\\/avatar\\\/fb81a55b6218459490a9c1dc841a34909185b81904c5337b4b27f7a6fd60c49e?s=96&d=mm&r=g\",\"url\":\"https:\\\/\\\/secure.gravatar.com\\\/avatar\\\/fb81a55b6218459490a9c1dc841a34909185b81904c5337b4b27f7a6fd60c49e?s=96&d=mm&r=g\",\"contentUrl\":\"https:\\\/\\\/secure.gravatar.com\\\/avatar\\\/fb81a55b6218459490a9c1dc841a34909185b81904c5337b4b27f7a6fd60c49e?s=96&d=mm&r=g\",\"caption\":\"Lorenzo Verduzco\"}}]}<\/script>\n<!-- \/ Yoast SEO plugin. -->","yoast_head_json":{"title":"Etats-Unis d&#39;Am\u00e9rique: Un Grand-p\u00e8re \u00e2g\u00e9 de 100 ans Devient Adventiste en Recevant le Bapt\u00eame - \u00c9glise Adventiste Du Septieme Jour - Inter Am\u00e9rique Division","robots":{"index":"index","follow":"follow","max-snippet":"max-snippet:-1","max-image-preview":"max-image-preview:large","max-video-preview":"max-video-preview:-1"},"canonical":"https:\/\/interamerica.org\/fr\/2006\/07\/etats-unis-damerique-un-grand-pere-age-de-100-ans-devient-adventiste-en-recevant-le-bapteme\/","og_locale":"fr_FR","og_type":"article","og_title":"Etats-Unis d&#39;Am\u00e9rique: Un Grand-p\u00e8re \u00e2g\u00e9 de 100 ans Devient Adventiste en Recevant le Bapt\u00eame - \u00c9glise Adventiste Du Septieme Jour - Inter Am\u00e9rique Division","og_description":"Dans l&#39;Eglise Adventiste du Septi\u00e8me jour on ne baptise pas les nouveaux n\u00e9s - en g\u00e9n\u00e9ral l&#39;\u00e9glise administre le bapt\u00eame \u00e0 ceux qui ont atteint l&#39;\u00e2ge de raison,\"","og_url":"https:\/\/interamerica.org\/fr\/2006\/07\/etats-unis-damerique-un-grand-pere-age-de-100-ans-devient-adventiste-en-recevant-le-bapteme\/","og_site_name":"\u00c9glise Adventiste Du Septieme Jour - Inter Am\u00e9rique Division","article_published_time":"2006-07-24T04:00:00+00:00","article_modified_time":"2017-06-02T17:17:13+00:00","author":"Lorenzo Verduzco","twitter_card":"summary_large_image","twitter_misc":{"\u00c9crit par":"Lorenzo Verduzco","Dur\u00e9e de lecture estim\u00e9e":"2 minutes"},"schema":{"@context":"https:\/\/schema.org","@graph":[{"@type":"Article","@id":"https:\/\/interamerica.org\/fr\/2006\/07\/etats-unis-damerique-un-grand-pere-age-de-100-ans-devient-adventiste-en-recevant-le-bapteme\/#article","isPartOf":{"@id":"https:\/\/interamerica.org\/fr\/2006\/07\/etats-unis-damerique-un-grand-pere-age-de-100-ans-devient-adventiste-en-recevant-le-bapteme\/"},"author":{"name":"Lorenzo Verduzco","@id":"https:\/\/interamerica.org\/fr\/#\/schema\/person\/68ede8bdc292885bb76c1e3810e73c39"},"headline":"Etats-Unis d&#39;Am\u00e9rique: Un Grand-p\u00e8re \u00e2g\u00e9 de 100 ans Devient Adventiste en Recevant le Bapt\u00eame","datePublished":"2006-07-24T04:00:00+00:00","dateModified":"2017-06-02T17:17:13+00:00","mainEntityOfPage":{"@id":"https:\/\/interamerica.org\/fr\/2006\/07\/etats-unis-damerique-un-grand-pere-age-de-100-ans-devient-adventiste-en-recevant-le-bapteme\/"},"wordCount":483,"articleSection":["Archive"],"inLanguage":"fr-FR"},{"@type":"WebPage","@id":"https:\/\/interamerica.org\/fr\/2006\/07\/etats-unis-damerique-un-grand-pere-age-de-100-ans-devient-adventiste-en-recevant-le-bapteme\/","url":"https:\/\/interamerica.org\/fr\/2006\/07\/etats-unis-damerique-un-grand-pere-age-de-100-ans-devient-adventiste-en-recevant-le-bapteme\/","name":"Etats-Unis d&#39;Am\u00e9rique: Un Grand-p\u00e8re \u00e2g\u00e9 de 100 ans Devient Adventiste en Recevant le Bapt\u00eame - \u00c9glise Adventiste Du Septieme Jour - Inter Am\u00e9rique Division","isPartOf":{"@id":"https:\/\/interamerica.org\/fr\/#website"},"datePublished":"2006-07-24T04:00:00+00:00","dateModified":"2017-06-02T17:17:13+00:00","author":{"@id":"https:\/\/interamerica.org\/fr\/#\/schema\/person\/68ede8bdc292885bb76c1e3810e73c39"},"breadcrumb":{"@id":"https:\/\/interamerica.org\/fr\/2006\/07\/etats-unis-damerique-un-grand-pere-age-de-100-ans-devient-adventiste-en-recevant-le-bapteme\/#breadcrumb"},"inLanguage":"fr-FR","potentialAction":[{"@type":"ReadAction","target":["https:\/\/interamerica.org\/fr\/2006\/07\/etats-unis-damerique-un-grand-pere-age-de-100-ans-devient-adventiste-en-recevant-le-bapteme\/"]}]},{"@type":"BreadcrumbList","@id":"https:\/\/interamerica.org\/fr\/2006\/07\/etats-unis-damerique-un-grand-pere-age-de-100-ans-devient-adventiste-en-recevant-le-bapteme\/#breadcrumb","itemListElement":[{"@type":"ListItem","position":1,"name":"Home","item":"https:\/\/interamerica.org\/fr\/"},{"@type":"ListItem","position":2,"name":"Etats-Unis d&#39;Am\u00e9rique: Un Grand-p\u00e8re \u00e2g\u00e9 de 100 ans Devient Adventiste en Recevant le Bapt\u00eame"}]},{"@type":"WebSite","@id":"https:\/\/interamerica.org\/fr\/#website","url":"https:\/\/interamerica.org\/fr\/","name":"\u00c9glise Adventiste Du Septieme Jour - Inter Am\u00e9rique Division","description":"","potentialAction":[{"@type":"SearchAction","target":{"@type":"EntryPoint","urlTemplate":"https:\/\/interamerica.org\/fr\/?s={search_term_string}"},"query-input":{"@type":"PropertyValueSpecification","valueRequired":true,"valueName":"search_term_string"}}],"inLanguage":"fr-FR"},{"@type":"Person","@id":"https:\/\/interamerica.org\/fr\/#\/schema\/person\/68ede8bdc292885bb76c1e3810e73c39","name":"Lorenzo Verduzco","image":{"@type":"ImageObject","inLanguage":"fr-FR","@id":"https:\/\/secure.gravatar.com\/avatar\/fb81a55b6218459490a9c1dc841a34909185b81904c5337b4b27f7a6fd60c49e?s=96&d=mm&r=g","url":"https:\/\/secure.gravatar.com\/avatar\/fb81a55b6218459490a9c1dc841a34909185b81904c5337b4b27f7a6fd60c49e?s=96&d=mm&r=g","contentUrl":"https:\/\/secure.gravatar.com\/avatar\/fb81a55b6218459490a9c1dc841a34909185b81904c5337b4b27f7a6fd60c49e?s=96&d=mm&r=g","caption":"Lorenzo Verduzco"}}]}},"_links":{"self":[{"href":"https:\/\/interamerica.org\/fr\/wp-json\/wp\/v2\/posts\/12565","targetHints":{"allow":["GET"]}}],"collection":[{"href":"https:\/\/interamerica.org\/fr\/wp-json\/wp\/v2\/posts"}],"about":[{"href":"https:\/\/interamerica.org\/fr\/wp-json\/wp\/v2\/types\/post"}],"author":[{"embeddable":true,"href":"https:\/\/interamerica.org\/fr\/wp-json\/wp\/v2\/users\/1"}],"replies":[{"embeddable":true,"href":"https:\/\/interamerica.org\/fr\/wp-json\/wp\/v2\/comments?post=12565"}],"version-history":[{"count":0,"href":"https:\/\/interamerica.org\/fr\/wp-json\/wp\/v2\/posts\/12565\/revisions"}],"wp:attachment":[{"href":"https:\/\/interamerica.org\/fr\/wp-json\/wp\/v2\/media?parent=12565"}],"wp:term":[{"taxonomy":"category","embeddable":true,"href":"https:\/\/interamerica.org\/fr\/wp-json\/wp\/v2\/categories?post=12565"},{"taxonomy":"post_tag","embeddable":true,"href":"https:\/\/interamerica.org\/fr\/wp-json\/wp\/v2\/tags?post=12565"}],"curies":[{"name":"wp","href":"https:\/\/api.w.org\/{rel}","templated":true}]}}