{"id":12566,"date":"2006-07-25T00:00:00","date_gmt":"2006-07-25T04:00:00","guid":{"rendered":"http:\/\/192.81.217.108\/interamerica\/2006\/07\/liban-au-milieu-de-la-crise-les-services-de-lecole-du-sabbat-continuent\/"},"modified":"2017-06-02T13:17:11","modified_gmt":"2017-06-02T17:17:11","slug":"liban-au-milieu-de-la-crise-les-services-de-lecole-du-sabbat-continuent","status":"publish","type":"post","link":"https:\/\/interamerica.org\/fr\/2006\/07\/liban-au-milieu-de-la-crise-les-services-de-lecole-du-sabbat-continuent\/","title":{"rendered":"Liban : Au milieu de la Crise, Les services de l&#39;\u00c9cole du Sabbat Continuent."},"content":{"rendered":"<\/p>\n<p>25 Juillet 2006, Beyrouth, Liban [Personnel Alex Elmadjian\/MEU\/ANN] <\/p>\n<p> Malgr\u00e9 la crise actuelle au Liban, les chr\u00e9tiens adventistes du septi\u00e8me jour continuent \u00e0 se rencontrer durant le Sabbat, pour adorer ensemble dans environ cinq lieux de culte diff\u00e9rents, chaque fin de semaine, informent les dirigeants de l&#39;\u00e9glise. Bien que les b\u00e2timents adventistes dans Beyrouth n&#39;aient souffert aucun dommage, autant que l&#39;on sache, et que les membres de l&#39;\u00e9glise n&#39;aient pas \u00e9t\u00e9 bless\u00e9s, il existe une certaine pr\u00e9occupation compr\u00e9hensible parmi les membres. Ainsi, au milieu du chaos, on peut trouver un soulagement \u00e0 pouvoir mener \u00e0 bien la routine habituelle, dont fait partie le service d&#39;adoration, chaque fin de semaine. \u00ab\u00a0Toutes nos \u00e9glises, au Liban, ont pu avoir leurs services d&#39;adoration, comme \u00e0 l&#39;ordinaire, Sabbat dernier\u00a0\u00bb, a inform\u00e9 Pasteur Levon Maksoudian, pr\u00e9sident de l&#39;\u00e9glise adventiste pour le Liban, la Syrie et la Jordanie. \u00ab\u00a0Nous nous fortifions en \u00e9tant ensemble\u00a0\u00bb. Nous ressentons la b\u00e9n\u00e9diction de rester, de cro\u00eetre ensemble dans le Seigneur, m\u00eame en des temps si p\u00e9rilleux\u00a0\u00bb, ajoute Pasteur Levon Maksoudian. L&#39;Administration de l&#39;\u00e9glise au Liban se maintient en communication constante avec le si\u00e8ge r\u00e9gional de l&#39;\u00e9glise adventiste du septi\u00e8me jour du Moyen Orient, situ\u00e9 \u00e0 Chypre et collabore dans le projet humanitaire pour les r\u00e9fugi\u00e9s, sous la direction d&#39;ADRA. \u00ab\u00a0Nous avons pris cette orientation pour avancer avec un vaste projet et avons d\u00e9j\u00e0 re\u00e7u une somme assez importante\u00a0\u00bb, dit Conrad Vine, secr\u00e9taire-tr\u00e9sorier de l&#39;\u00e9glise adventiste dans la R\u00e9gion du Moyen Orient. Alors que les adventistes sont \u00ab\u00a0pris\u00a0\u00bb dans cette guerre, ils re\u00e7oivent de nombreux messages d&#39;encouragement et d&#39;appui. \u00ab\u00a0Je veux vous remercier tous pour vos pri\u00e8res et vos efforts \u00e0 nous encourager, je ressens que nous sommes unis, de diff\u00e9rentes mani\u00e8res, m\u00eame si nous ne le sommes pas g\u00e9ographiquement\u00a0\u00bb, dit Pasteur Maksoudian. Le responsable de l&#39;\u00e9glise adventiste au Moyen Orient, et pr\u00e9sident du comit\u00e9 d&#39;ADRA\/Moyen Orient, Dr. Kjell Aune, d\u00e9clare que cela encourage beaucoup de ressentir l&#39;int\u00e9r\u00eat et l&#39;appui du champ mondial : \u00ab\u00a0Merci \u00e0 tous ceux qui ont donn\u00e9 de l&#39;aide mat\u00e9riel \u00e0 l&#39;\u00e9glise et aux citoyens libanais. En tant qu&#39;\u00e9glise, nous ferons notre part en fournissant de l&#39;aide aux d\u00e9plac\u00e9s\u00a0\u00bb. Aune ajoute, \u00ab\u00a0Continuons, surtout, \u00e0 prier, sans oublier nos fr\u00e8res en Irak et en d&#39;autres lieux, qui souffrent \u00e9norm\u00e9ment. Interc\u00e9dons pour que Dieu puisse utiliser cette crise pour unir encore plus l&#39;\u00e9glise mondiale en g\u00e9n\u00e9ral, et l&#39;\u00e9glise libanaise en particulier. Bien qu&#39;ils n&#39;aient souffert aucun dommage physique, dit docteur Aune, les membres d&#39;\u00e9glise sont remplis de crainte et d&#39;anxi\u00e9t\u00e9, en ressentant la r\u00e9alit\u00e9 de la disette, le peu de libert\u00e9 de se d\u00e9placer, et plus encore, en vivant le fait paralysant de ce que l&#39;esp\u00e9rance qu&#39;ils avaient construit pour leur futur, est maintenant en train de s&#39;amenuiser graduellement. Si vous vous pr\u00e9occupez de la survie  ou de la s\u00e9curit\u00e9 de vos bien-aim\u00e9s du Liban, un bureau est ouvert dans l&#39;Union du Moyen Orient dont le si\u00e8ge est \u00e0 Nicosie, Chypre. Les courriers \u00e9lectroniques  (Emails) seront dirig\u00e9s \u00e0 l&#39;adresse : <a  href=\"mailto:lebinfo@adventistmeu.org\">lebinfo@adventistmeu.org<\/a >, et les appels t\u00e9l\u00e9phoniques au num\u00e9ro +357 22871640 durant les heures de bureau, les messages pouvant \u00eatre laiss\u00e9s sur le r\u00e9pondeur. L&#39;\u00e9glise adventiste au Liban compte 300 membres, d&#39;apr\u00e8s les administrateurs. <strong >Droit d&#39;auteur (c) 2006 de Adventist News Network<\/strong >.<\/p>\n","protected":false},"excerpt":{"rendered":"<p>Malgr\u00e9 la crise actuelle au Liban, les chr\u00e9tiens adventistes du septi\u00e8me jour continuent \u00e0 se rencontrer durant  le Sabbat, pour adorer ensemble dans environ cinq lieux de culte diff\u00e9rents, chaque fin de semaine,<\/p>\n","protected":false},"author":1,"featured_media":0,"comment_status":"closed","ping_status":"closed","sticky":false,"template":"","format":"standard","meta":{"_acf_changed":false,"footnotes":""},"categories":[9],"tags":[],"class_list":["post-12566","post","type-post","status-publish","format-standard","hentry","category-archive-fr"],"acf":[],"yoast_head":"<!-- This site is optimized with the Yoast SEO plugin v27.3 - https:\/\/yoast.com\/product\/yoast-seo-wordpress\/ -->\n<title>Liban : Au milieu de la Crise, Les services de l&#039;\u00c9cole du Sabbat Continuent. - \u00c9glise Adventiste Du Septieme Jour - Inter Am\u00e9rique Division<\/title>\n<meta name=\"robots\" content=\"index, follow, max-snippet:-1, max-image-preview:large, max-video-preview:-1\" \/>\n<link rel=\"canonical\" href=\"https:\/\/interamerica.org\/fr\/2006\/07\/liban-au-milieu-de-la-crise-les-services-de-lecole-du-sabbat-continuent\/\" \/>\n<meta property=\"og:locale\" content=\"fr_FR\" \/>\n<meta property=\"og:type\" content=\"article\" \/>\n<meta property=\"og:title\" content=\"Liban : Au milieu de la Crise, Les services de l&#039;\u00c9cole du Sabbat Continuent. - \u00c9glise Adventiste Du Septieme Jour - Inter Am\u00e9rique Division\" \/>\n<meta property=\"og:description\" content=\"Malgr\u00e9 la crise actuelle au Liban, les chr\u00e9tiens adventistes du septi\u00e8me jour continuent \u00e0 se rencontrer durant le Sabbat, pour adorer ensemble dans environ cinq lieux de culte diff\u00e9rents, chaque fin de semaine,\" \/>\n<meta property=\"og:url\" content=\"https:\/\/interamerica.org\/fr\/2006\/07\/liban-au-milieu-de-la-crise-les-services-de-lecole-du-sabbat-continuent\/\" \/>\n<meta property=\"og:site_name\" content=\"\u00c9glise Adventiste Du Septieme Jour - Inter Am\u00e9rique Division\" \/>\n<meta property=\"article:published_time\" content=\"2006-07-25T04:00:00+00:00\" \/>\n<meta property=\"article:modified_time\" content=\"2017-06-02T17:17:11+00:00\" \/>\n<meta name=\"author\" content=\"Lorenzo Verduzco\" \/>\n<meta name=\"twitter:card\" content=\"summary_large_image\" \/>\n<meta name=\"twitter:label1\" content=\"\u00c9crit par\" \/>\n\t<meta name=\"twitter:data1\" content=\"Lorenzo Verduzco\" \/>\n\t<meta name=\"twitter:label2\" content=\"Dur\u00e9e de lecture estim\u00e9e\" \/>\n\t<meta name=\"twitter:data2\" content=\"3 minutes\" \/>\n<script type=\"application\/ld+json\" class=\"yoast-schema-graph\">{\"@context\":\"https:\\\/\\\/schema.org\",\"@graph\":[{\"@type\":\"Article\",\"@id\":\"https:\\\/\\\/interamerica.org\\\/fr\\\/2006\\\/07\\\/liban-au-milieu-de-la-crise-les-services-de-lecole-du-sabbat-continuent\\\/#article\",\"isPartOf\":{\"@id\":\"https:\\\/\\\/interamerica.org\\\/fr\\\/2006\\\/07\\\/liban-au-milieu-de-la-crise-les-services-de-lecole-du-sabbat-continuent\\\/\"},\"author\":{\"name\":\"Lorenzo Verduzco\",\"@id\":\"https:\\\/\\\/interamerica.org\\\/fr\\\/#\\\/schema\\\/person\\\/68ede8bdc292885bb76c1e3810e73c39\"},\"headline\":\"Liban : Au milieu de la Crise, Les services de l&#39;\u00c9cole du Sabbat Continuent.\",\"datePublished\":\"2006-07-25T04:00:00+00:00\",\"dateModified\":\"2017-06-02T17:17:11+00:00\",\"mainEntityOfPage\":{\"@id\":\"https:\\\/\\\/interamerica.org\\\/fr\\\/2006\\\/07\\\/liban-au-milieu-de-la-crise-les-services-de-lecole-du-sabbat-continuent\\\/\"},\"wordCount\":625,\"articleSection\":[\"Archive\"],\"inLanguage\":\"fr-FR\"},{\"@type\":\"WebPage\",\"@id\":\"https:\\\/\\\/interamerica.org\\\/fr\\\/2006\\\/07\\\/liban-au-milieu-de-la-crise-les-services-de-lecole-du-sabbat-continuent\\\/\",\"url\":\"https:\\\/\\\/interamerica.org\\\/fr\\\/2006\\\/07\\\/liban-au-milieu-de-la-crise-les-services-de-lecole-du-sabbat-continuent\\\/\",\"name\":\"Liban : Au milieu de la Crise, Les services de l&#39;\u00c9cole du Sabbat Continuent. - \u00c9glise Adventiste Du Septieme Jour - Inter Am\u00e9rique Division\",\"isPartOf\":{\"@id\":\"https:\\\/\\\/interamerica.org\\\/fr\\\/#website\"},\"datePublished\":\"2006-07-25T04:00:00+00:00\",\"dateModified\":\"2017-06-02T17:17:11+00:00\",\"author\":{\"@id\":\"https:\\\/\\\/interamerica.org\\\/fr\\\/#\\\/schema\\\/person\\\/68ede8bdc292885bb76c1e3810e73c39\"},\"breadcrumb\":{\"@id\":\"https:\\\/\\\/interamerica.org\\\/fr\\\/2006\\\/07\\\/liban-au-milieu-de-la-crise-les-services-de-lecole-du-sabbat-continuent\\\/#breadcrumb\"},\"inLanguage\":\"fr-FR\",\"potentialAction\":[{\"@type\":\"ReadAction\",\"target\":[\"https:\\\/\\\/interamerica.org\\\/fr\\\/2006\\\/07\\\/liban-au-milieu-de-la-crise-les-services-de-lecole-du-sabbat-continuent\\\/\"]}]},{\"@type\":\"BreadcrumbList\",\"@id\":\"https:\\\/\\\/interamerica.org\\\/fr\\\/2006\\\/07\\\/liban-au-milieu-de-la-crise-les-services-de-lecole-du-sabbat-continuent\\\/#breadcrumb\",\"itemListElement\":[{\"@type\":\"ListItem\",\"position\":1,\"name\":\"Home\",\"item\":\"https:\\\/\\\/interamerica.org\\\/fr\\\/\"},{\"@type\":\"ListItem\",\"position\":2,\"name\":\"Liban : Au milieu de la Crise, Les services de l&#39;\u00c9cole du Sabbat Continuent.\"}]},{\"@type\":\"WebSite\",\"@id\":\"https:\\\/\\\/interamerica.org\\\/fr\\\/#website\",\"url\":\"https:\\\/\\\/interamerica.org\\\/fr\\\/\",\"name\":\"\u00c9glise Adventiste Du Septieme Jour - Inter Am\u00e9rique Division\",\"description\":\"\",\"potentialAction\":[{\"@type\":\"SearchAction\",\"target\":{\"@type\":\"EntryPoint\",\"urlTemplate\":\"https:\\\/\\\/interamerica.org\\\/fr\\\/?s={search_term_string}\"},\"query-input\":{\"@type\":\"PropertyValueSpecification\",\"valueRequired\":true,\"valueName\":\"search_term_string\"}}],\"inLanguage\":\"fr-FR\"},{\"@type\":\"Person\",\"@id\":\"https:\\\/\\\/interamerica.org\\\/fr\\\/#\\\/schema\\\/person\\\/68ede8bdc292885bb76c1e3810e73c39\",\"name\":\"Lorenzo Verduzco\",\"image\":{\"@type\":\"ImageObject\",\"inLanguage\":\"fr-FR\",\"@id\":\"https:\\\/\\\/secure.gravatar.com\\\/avatar\\\/fb81a55b6218459490a9c1dc841a34909185b81904c5337b4b27f7a6fd60c49e?s=96&d=mm&r=g\",\"url\":\"https:\\\/\\\/secure.gravatar.com\\\/avatar\\\/fb81a55b6218459490a9c1dc841a34909185b81904c5337b4b27f7a6fd60c49e?s=96&d=mm&r=g\",\"contentUrl\":\"https:\\\/\\\/secure.gravatar.com\\\/avatar\\\/fb81a55b6218459490a9c1dc841a34909185b81904c5337b4b27f7a6fd60c49e?s=96&d=mm&r=g\",\"caption\":\"Lorenzo Verduzco\"}}]}<\/script>\n<!-- \/ Yoast SEO plugin. -->","yoast_head_json":{"title":"Liban : Au milieu de la Crise, Les services de l&#39;\u00c9cole du Sabbat Continuent. - \u00c9glise Adventiste Du Septieme Jour - Inter Am\u00e9rique Division","robots":{"index":"index","follow":"follow","max-snippet":"max-snippet:-1","max-image-preview":"max-image-preview:large","max-video-preview":"max-video-preview:-1"},"canonical":"https:\/\/interamerica.org\/fr\/2006\/07\/liban-au-milieu-de-la-crise-les-services-de-lecole-du-sabbat-continuent\/","og_locale":"fr_FR","og_type":"article","og_title":"Liban : Au milieu de la Crise, Les services de l&#39;\u00c9cole du Sabbat Continuent. - \u00c9glise Adventiste Du Septieme Jour - Inter Am\u00e9rique Division","og_description":"Malgr\u00e9 la crise actuelle au Liban, les chr\u00e9tiens adventistes du septi\u00e8me jour continuent \u00e0 se rencontrer durant le Sabbat, pour adorer ensemble dans environ cinq lieux de culte diff\u00e9rents, chaque fin de semaine,","og_url":"https:\/\/interamerica.org\/fr\/2006\/07\/liban-au-milieu-de-la-crise-les-services-de-lecole-du-sabbat-continuent\/","og_site_name":"\u00c9glise Adventiste Du Septieme Jour - Inter Am\u00e9rique Division","article_published_time":"2006-07-25T04:00:00+00:00","article_modified_time":"2017-06-02T17:17:11+00:00","author":"Lorenzo Verduzco","twitter_card":"summary_large_image","twitter_misc":{"\u00c9crit par":"Lorenzo Verduzco","Dur\u00e9e de lecture estim\u00e9e":"3 minutes"},"schema":{"@context":"https:\/\/schema.org","@graph":[{"@type":"Article","@id":"https:\/\/interamerica.org\/fr\/2006\/07\/liban-au-milieu-de-la-crise-les-services-de-lecole-du-sabbat-continuent\/#article","isPartOf":{"@id":"https:\/\/interamerica.org\/fr\/2006\/07\/liban-au-milieu-de-la-crise-les-services-de-lecole-du-sabbat-continuent\/"},"author":{"name":"Lorenzo Verduzco","@id":"https:\/\/interamerica.org\/fr\/#\/schema\/person\/68ede8bdc292885bb76c1e3810e73c39"},"headline":"Liban : Au milieu de la Crise, Les services de l&#39;\u00c9cole du Sabbat Continuent.","datePublished":"2006-07-25T04:00:00+00:00","dateModified":"2017-06-02T17:17:11+00:00","mainEntityOfPage":{"@id":"https:\/\/interamerica.org\/fr\/2006\/07\/liban-au-milieu-de-la-crise-les-services-de-lecole-du-sabbat-continuent\/"},"wordCount":625,"articleSection":["Archive"],"inLanguage":"fr-FR"},{"@type":"WebPage","@id":"https:\/\/interamerica.org\/fr\/2006\/07\/liban-au-milieu-de-la-crise-les-services-de-lecole-du-sabbat-continuent\/","url":"https:\/\/interamerica.org\/fr\/2006\/07\/liban-au-milieu-de-la-crise-les-services-de-lecole-du-sabbat-continuent\/","name":"Liban : Au milieu de la Crise, Les services de l&#39;\u00c9cole du Sabbat Continuent. - \u00c9glise Adventiste Du Septieme Jour - Inter Am\u00e9rique Division","isPartOf":{"@id":"https:\/\/interamerica.org\/fr\/#website"},"datePublished":"2006-07-25T04:00:00+00:00","dateModified":"2017-06-02T17:17:11+00:00","author":{"@id":"https:\/\/interamerica.org\/fr\/#\/schema\/person\/68ede8bdc292885bb76c1e3810e73c39"},"breadcrumb":{"@id":"https:\/\/interamerica.org\/fr\/2006\/07\/liban-au-milieu-de-la-crise-les-services-de-lecole-du-sabbat-continuent\/#breadcrumb"},"inLanguage":"fr-FR","potentialAction":[{"@type":"ReadAction","target":["https:\/\/interamerica.org\/fr\/2006\/07\/liban-au-milieu-de-la-crise-les-services-de-lecole-du-sabbat-continuent\/"]}]},{"@type":"BreadcrumbList","@id":"https:\/\/interamerica.org\/fr\/2006\/07\/liban-au-milieu-de-la-crise-les-services-de-lecole-du-sabbat-continuent\/#breadcrumb","itemListElement":[{"@type":"ListItem","position":1,"name":"Home","item":"https:\/\/interamerica.org\/fr\/"},{"@type":"ListItem","position":2,"name":"Liban : Au milieu de la Crise, Les services de l&#39;\u00c9cole du Sabbat Continuent."}]},{"@type":"WebSite","@id":"https:\/\/interamerica.org\/fr\/#website","url":"https:\/\/interamerica.org\/fr\/","name":"\u00c9glise Adventiste Du Septieme Jour - Inter Am\u00e9rique Division","description":"","potentialAction":[{"@type":"SearchAction","target":{"@type":"EntryPoint","urlTemplate":"https:\/\/interamerica.org\/fr\/?s={search_term_string}"},"query-input":{"@type":"PropertyValueSpecification","valueRequired":true,"valueName":"search_term_string"}}],"inLanguage":"fr-FR"},{"@type":"Person","@id":"https:\/\/interamerica.org\/fr\/#\/schema\/person\/68ede8bdc292885bb76c1e3810e73c39","name":"Lorenzo Verduzco","image":{"@type":"ImageObject","inLanguage":"fr-FR","@id":"https:\/\/secure.gravatar.com\/avatar\/fb81a55b6218459490a9c1dc841a34909185b81904c5337b4b27f7a6fd60c49e?s=96&d=mm&r=g","url":"https:\/\/secure.gravatar.com\/avatar\/fb81a55b6218459490a9c1dc841a34909185b81904c5337b4b27f7a6fd60c49e?s=96&d=mm&r=g","contentUrl":"https:\/\/secure.gravatar.com\/avatar\/fb81a55b6218459490a9c1dc841a34909185b81904c5337b4b27f7a6fd60c49e?s=96&d=mm&r=g","caption":"Lorenzo Verduzco"}}]}},"_links":{"self":[{"href":"https:\/\/interamerica.org\/fr\/wp-json\/wp\/v2\/posts\/12566","targetHints":{"allow":["GET"]}}],"collection":[{"href":"https:\/\/interamerica.org\/fr\/wp-json\/wp\/v2\/posts"}],"about":[{"href":"https:\/\/interamerica.org\/fr\/wp-json\/wp\/v2\/types\/post"}],"author":[{"embeddable":true,"href":"https:\/\/interamerica.org\/fr\/wp-json\/wp\/v2\/users\/1"}],"replies":[{"embeddable":true,"href":"https:\/\/interamerica.org\/fr\/wp-json\/wp\/v2\/comments?post=12566"}],"version-history":[{"count":0,"href":"https:\/\/interamerica.org\/fr\/wp-json\/wp\/v2\/posts\/12566\/revisions"}],"wp:attachment":[{"href":"https:\/\/interamerica.org\/fr\/wp-json\/wp\/v2\/media?parent=12566"}],"wp:term":[{"taxonomy":"category","embeddable":true,"href":"https:\/\/interamerica.org\/fr\/wp-json\/wp\/v2\/categories?post=12566"},{"taxonomy":"post_tag","embeddable":true,"href":"https:\/\/interamerica.org\/fr\/wp-json\/wp\/v2\/tags?post=12566"}],"curies":[{"name":"wp","href":"https:\/\/api.w.org\/{rel}","templated":true}]}}