{"id":12568,"date":"2006-07-25T00:00:00","date_gmt":"2006-07-25T04:00:00","guid":{"rendered":"http:\/\/192.81.217.108\/interamerica\/2006\/07\/ile-de-malte-apres-presque-50-annees-depuis-leur-premiere-arrivee-les-adventistes-ont-une-eglise-dans-cette-ile-historique\/"},"modified":"2017-06-02T13:17:12","modified_gmt":"2017-06-02T17:17:12","slug":"ile-de-malte-apres-presque-50-annees-depuis-leur-premiere-arrivee-les-adventistes-ont-une-eglise-dans-cette-ile-historique","status":"publish","type":"post","link":"https:\/\/interamerica.org\/fr\/2006\/07\/ile-de-malte-apres-presque-50-annees-depuis-leur-premiere-arrivee-les-adventistes-ont-une-eglise-dans-cette-ile-historique\/","title":{"rendered":"\u00cele de Malte : Apr\u00e8s presque 50 ann\u00e9es depuis leur premi\u00e8re arriv\u00e9e, les adventistes ont une \u00e9glise dans cette \u00cele Historique."},"content":{"rendered":"<p>25 Juillet 2006 Birkirkara, Malte \u2026 Vincenzo Annunziata\/Personnel de ANN Pr\u00e8s d&#39;un demi si\u00e8cle apr\u00e8s la visite du premier colporteur adventiste du septi\u00e8me jour dans cette \u00eele, o\u00f9 l&#39;ap\u00f4tre Paul avait fait naufrage en l&#39;an 60 de l&#39;\u00e8re chr\u00e9tienne, l&#39;\u00cele de Malte a une \u00e9glise adventiste avec son \u00e9difice propre et 17 membres. Le pasteur Ulrich Frikart, pr\u00e9sident de la R\u00e9gion EuroAfricaine, pr\u00e9senta le message de d\u00e9dicace et la pri\u00e8re de cons\u00e9cration dans une \u00e9glise remplie de visiteurs et d&#39;invit\u00e9s, tels que le pasteur Daniele Benini, pr\u00e9sident de l&#39;\u00e9glise adventiste en Italie et Gaetano Pisipisa, tr\u00e9sorier. \u00c9taient aussi pr\u00e9sents plusieurs autres pasteurs qui servirent l&#39;\u00e9glise dans le pass\u00e9. Les assistants ont d\u00e9clar\u00e9 que cet \u00e9v\u00e8nement a apport\u00e9 beaucoup de joie, les pasteurs et les dirigeants partageant des mots de gratitude et de louange. Ajoutant un peu plus \u00e0 la nature sp\u00e9ciale de ce programme, quatre nouveaux membres avaient \u00e9t\u00e9 baptis\u00e9s l&#39;apr\u00e8s midi de la veille. Ce fut en 1976, que Charlie Mallia et son \u00e9pouse, Jessie, s&#39;\u00e9tablirent \u00e0 Malte, leur terre d&#39;origine, en provenance de l&#39;Australie. Ils ont \u00e9t\u00e9 les premiers adventistes du 7<sup > <\/sup >\u00e8me jour, autant que l&#39;on sache, ayant v\u00e9cu d&#39;une mani\u00e8re permanente dans cette \u00eele qui, aujourd&#39;hui, est habit\u00e9e par un peu plus de 355,000 catholiques tr\u00e8s conservateurs. Depuis 1957, selon l&#39;Encyclop\u00e9die Adventiste du 7<sup > <\/sup >\u00e8me jour, Seconde \u00c9dition, des colporteurs ont syst\u00e9matiquement visit\u00e9 l&#39;\u00eele, chaque ann\u00e9e. Isol\u00e9s, les maltais ont gard\u00e9 la foi et ils ont, par ailleurs, sollicit\u00e9 l&#39;\u00e9glise en Italie pour les services d&#39;un pasteur qui viendrait exerc\u00e9 son minist\u00e8re dans leur \u00eele. En 1989, soit 13 ans plus tard, leur p\u00e9tition obtint finalement une r\u00e9ponse en la personne du pasteur Enrico Long, suivi \u00e0 travers les ann\u00e9es subs\u00e9quentes par les pasteurs Timoteo Marzocchini, Giovanni Leonardi, et, actuellement, David Ferraro. Durant le minist\u00e8re de pasteur Giovanni Leonardi, le Seigneur toucha le c\u0153ur d&#39;un membre, un am\u00e9ricain, r\u00e9sident \u00e0 Malte, qui donna un don financier important, utilis\u00e9 pour l&#39;achat d&#39;un \u00e9difice. Servant, aujourd&#39;hui de lieu de culte, l&#39;\u00e9difice est situ\u00e9 sur l&#39;avenue principale de Birkirkara, une ville tr\u00e8s peupl\u00e9e. Le remodelage et la restauration du local dur\u00e8rent deux ann\u00e9es. L&#39;\u00cele de Malte, qui avait \u00e9t\u00e9 gouvern\u00e9e par l&#39;Empire romain, par des conqu\u00e9rants arabes, siciliens, et durant plusieurs si\u00e8cles, par les cavaliers de Saint Jean, se soumit \u00e0 la France durant les guerres napol\u00e9oniennes ; au d\u00e9but du XIX \u00e8me, elle devint une colonie britannique, obtenant son ind\u00e9pendance en 1964. La religion pr\u00e9dominante est le catholicisme, avec 97 pour cent de la population totale comme adeptes, 2 pour cent sont musulmans et 1 pour cent, autres religions. Pour plus d&#39;informations, visiter le site : www.adventist.org.mt.   <strong >Droit d&#39;auteur (c) 2006 de Adventist News Network<\/strong >.<\/p>\n","protected":false},"excerpt":{"rendered":"<p>Pr\u00e8s d&#39;un demi si\u00e8cle apr\u00e8s la visite du premier colporteur adventiste du septi\u00e8me jour dans cette \u00eele, o\u00f9 l&#39;ap\u00f4tre Paul avait fait naufrage en l&#39;an 60 de l&#39;\u00e8re chr\u00e9tienne, &#038;he<\/p>\n","protected":false},"author":1,"featured_media":0,"comment_status":"closed","ping_status":"closed","sticky":false,"template":"","format":"standard","meta":{"_acf_changed":false,"footnotes":""},"categories":[9],"tags":[],"class_list":["post-12568","post","type-post","status-publish","format-standard","hentry","category-archive-fr"],"acf":[],"yoast_head":"<!-- This site is optimized with the Yoast SEO plugin v27.3 - https:\/\/yoast.com\/product\/yoast-seo-wordpress\/ -->\n<title>\u00cele de Malte : Apr\u00e8s presque 50 ann\u00e9es depuis leur premi\u00e8re arriv\u00e9e, les adventistes ont une \u00e9glise dans cette \u00cele Historique. - \u00c9glise Adventiste Du Septieme Jour - Inter Am\u00e9rique Division<\/title>\n<meta name=\"robots\" content=\"index, follow, max-snippet:-1, max-image-preview:large, max-video-preview:-1\" \/>\n<link rel=\"canonical\" href=\"https:\/\/interamerica.org\/fr\/2006\/07\/ile-de-malte-apres-presque-50-annees-depuis-leur-premiere-arrivee-les-adventistes-ont-une-eglise-dans-cette-ile-historique\/\" \/>\n<meta property=\"og:locale\" content=\"fr_FR\" \/>\n<meta property=\"og:type\" content=\"article\" \/>\n<meta property=\"og:title\" content=\"\u00cele de Malte : Apr\u00e8s presque 50 ann\u00e9es depuis leur premi\u00e8re arriv\u00e9e, les adventistes ont une \u00e9glise dans cette \u00cele Historique. - \u00c9glise Adventiste Du Septieme Jour - Inter Am\u00e9rique Division\" \/>\n<meta property=\"og:description\" content=\"Pr\u00e8s d&#039;un demi si\u00e8cle apr\u00e8s la visite du premier colporteur adventiste du septi\u00e8me jour dans cette \u00eele, o\u00f9 l&#039;ap\u00f4tre Paul avait fait naufrage en l&#039;an 60 de l&#039;\u00e8re chr\u00e9tienne, &amp;he\" \/>\n<meta property=\"og:url\" content=\"https:\/\/interamerica.org\/fr\/2006\/07\/ile-de-malte-apres-presque-50-annees-depuis-leur-premiere-arrivee-les-adventistes-ont-une-eglise-dans-cette-ile-historique\/\" \/>\n<meta property=\"og:site_name\" content=\"\u00c9glise Adventiste Du Septieme Jour - Inter Am\u00e9rique Division\" \/>\n<meta property=\"article:published_time\" content=\"2006-07-25T04:00:00+00:00\" \/>\n<meta property=\"article:modified_time\" content=\"2017-06-02T17:17:12+00:00\" \/>\n<meta name=\"author\" content=\"Lorenzo Verduzco\" \/>\n<meta name=\"twitter:card\" content=\"summary_large_image\" \/>\n<meta name=\"twitter:label1\" content=\"\u00c9crit par\" \/>\n\t<meta name=\"twitter:data1\" content=\"Lorenzo Verduzco\" \/>\n\t<meta name=\"twitter:label2\" content=\"Dur\u00e9e de lecture estim\u00e9e\" \/>\n\t<meta name=\"twitter:data2\" content=\"3 minutes\" \/>\n<script type=\"application\/ld+json\" class=\"yoast-schema-graph\">{\"@context\":\"https:\\\/\\\/schema.org\",\"@graph\":[{\"@type\":\"Article\",\"@id\":\"https:\\\/\\\/interamerica.org\\\/fr\\\/2006\\\/07\\\/ile-de-malte-apres-presque-50-annees-depuis-leur-premiere-arrivee-les-adventistes-ont-une-eglise-dans-cette-ile-historique\\\/#article\",\"isPartOf\":{\"@id\":\"https:\\\/\\\/interamerica.org\\\/fr\\\/2006\\\/07\\\/ile-de-malte-apres-presque-50-annees-depuis-leur-premiere-arrivee-les-adventistes-ont-une-eglise-dans-cette-ile-historique\\\/\"},\"author\":{\"name\":\"Lorenzo Verduzco\",\"@id\":\"https:\\\/\\\/interamerica.org\\\/fr\\\/#\\\/schema\\\/person\\\/68ede8bdc292885bb76c1e3810e73c39\"},\"headline\":\"\u00cele de Malte : Apr\u00e8s presque 50 ann\u00e9es depuis leur premi\u00e8re arriv\u00e9e, les adventistes ont une \u00e9glise dans cette \u00cele Historique.\",\"datePublished\":\"2006-07-25T04:00:00+00:00\",\"dateModified\":\"2017-06-02T17:17:12+00:00\",\"mainEntityOfPage\":{\"@id\":\"https:\\\/\\\/interamerica.org\\\/fr\\\/2006\\\/07\\\/ile-de-malte-apres-presque-50-annees-depuis-leur-premiere-arrivee-les-adventistes-ont-une-eglise-dans-cette-ile-historique\\\/\"},\"wordCount\":528,\"articleSection\":[\"Archive\"],\"inLanguage\":\"fr-FR\"},{\"@type\":\"WebPage\",\"@id\":\"https:\\\/\\\/interamerica.org\\\/fr\\\/2006\\\/07\\\/ile-de-malte-apres-presque-50-annees-depuis-leur-premiere-arrivee-les-adventistes-ont-une-eglise-dans-cette-ile-historique\\\/\",\"url\":\"https:\\\/\\\/interamerica.org\\\/fr\\\/2006\\\/07\\\/ile-de-malte-apres-presque-50-annees-depuis-leur-premiere-arrivee-les-adventistes-ont-une-eglise-dans-cette-ile-historique\\\/\",\"name\":\"\u00cele de Malte : Apr\u00e8s presque 50 ann\u00e9es depuis leur premi\u00e8re arriv\u00e9e, les adventistes ont une \u00e9glise dans cette \u00cele Historique. - \u00c9glise Adventiste Du Septieme Jour - Inter Am\u00e9rique Division\",\"isPartOf\":{\"@id\":\"https:\\\/\\\/interamerica.org\\\/fr\\\/#website\"},\"datePublished\":\"2006-07-25T04:00:00+00:00\",\"dateModified\":\"2017-06-02T17:17:12+00:00\",\"author\":{\"@id\":\"https:\\\/\\\/interamerica.org\\\/fr\\\/#\\\/schema\\\/person\\\/68ede8bdc292885bb76c1e3810e73c39\"},\"breadcrumb\":{\"@id\":\"https:\\\/\\\/interamerica.org\\\/fr\\\/2006\\\/07\\\/ile-de-malte-apres-presque-50-annees-depuis-leur-premiere-arrivee-les-adventistes-ont-une-eglise-dans-cette-ile-historique\\\/#breadcrumb\"},\"inLanguage\":\"fr-FR\",\"potentialAction\":[{\"@type\":\"ReadAction\",\"target\":[\"https:\\\/\\\/interamerica.org\\\/fr\\\/2006\\\/07\\\/ile-de-malte-apres-presque-50-annees-depuis-leur-premiere-arrivee-les-adventistes-ont-une-eglise-dans-cette-ile-historique\\\/\"]}]},{\"@type\":\"BreadcrumbList\",\"@id\":\"https:\\\/\\\/interamerica.org\\\/fr\\\/2006\\\/07\\\/ile-de-malte-apres-presque-50-annees-depuis-leur-premiere-arrivee-les-adventistes-ont-une-eglise-dans-cette-ile-historique\\\/#breadcrumb\",\"itemListElement\":[{\"@type\":\"ListItem\",\"position\":1,\"name\":\"Home\",\"item\":\"https:\\\/\\\/interamerica.org\\\/fr\\\/\"},{\"@type\":\"ListItem\",\"position\":2,\"name\":\"\u00cele de Malte : Apr\u00e8s presque 50 ann\u00e9es depuis leur premi\u00e8re arriv\u00e9e, les adventistes ont une \u00e9glise dans cette \u00cele Historique.\"}]},{\"@type\":\"WebSite\",\"@id\":\"https:\\\/\\\/interamerica.org\\\/fr\\\/#website\",\"url\":\"https:\\\/\\\/interamerica.org\\\/fr\\\/\",\"name\":\"\u00c9glise Adventiste Du Septieme Jour - Inter Am\u00e9rique Division\",\"description\":\"\",\"potentialAction\":[{\"@type\":\"SearchAction\",\"target\":{\"@type\":\"EntryPoint\",\"urlTemplate\":\"https:\\\/\\\/interamerica.org\\\/fr\\\/?s={search_term_string}\"},\"query-input\":{\"@type\":\"PropertyValueSpecification\",\"valueRequired\":true,\"valueName\":\"search_term_string\"}}],\"inLanguage\":\"fr-FR\"},{\"@type\":\"Person\",\"@id\":\"https:\\\/\\\/interamerica.org\\\/fr\\\/#\\\/schema\\\/person\\\/68ede8bdc292885bb76c1e3810e73c39\",\"name\":\"Lorenzo Verduzco\",\"image\":{\"@type\":\"ImageObject\",\"inLanguage\":\"fr-FR\",\"@id\":\"https:\\\/\\\/secure.gravatar.com\\\/avatar\\\/fb81a55b6218459490a9c1dc841a34909185b81904c5337b4b27f7a6fd60c49e?s=96&d=mm&r=g\",\"url\":\"https:\\\/\\\/secure.gravatar.com\\\/avatar\\\/fb81a55b6218459490a9c1dc841a34909185b81904c5337b4b27f7a6fd60c49e?s=96&d=mm&r=g\",\"contentUrl\":\"https:\\\/\\\/secure.gravatar.com\\\/avatar\\\/fb81a55b6218459490a9c1dc841a34909185b81904c5337b4b27f7a6fd60c49e?s=96&d=mm&r=g\",\"caption\":\"Lorenzo Verduzco\"}}]}<\/script>\n<!-- \/ Yoast SEO plugin. -->","yoast_head_json":{"title":"\u00cele de Malte : Apr\u00e8s presque 50 ann\u00e9es depuis leur premi\u00e8re arriv\u00e9e, les adventistes ont une \u00e9glise dans cette \u00cele Historique. - \u00c9glise Adventiste Du Septieme Jour - Inter Am\u00e9rique Division","robots":{"index":"index","follow":"follow","max-snippet":"max-snippet:-1","max-image-preview":"max-image-preview:large","max-video-preview":"max-video-preview:-1"},"canonical":"https:\/\/interamerica.org\/fr\/2006\/07\/ile-de-malte-apres-presque-50-annees-depuis-leur-premiere-arrivee-les-adventistes-ont-une-eglise-dans-cette-ile-historique\/","og_locale":"fr_FR","og_type":"article","og_title":"\u00cele de Malte : Apr\u00e8s presque 50 ann\u00e9es depuis leur premi\u00e8re arriv\u00e9e, les adventistes ont une \u00e9glise dans cette \u00cele Historique. - \u00c9glise Adventiste Du Septieme Jour - Inter Am\u00e9rique Division","og_description":"Pr\u00e8s d&#39;un demi si\u00e8cle apr\u00e8s la visite du premier colporteur adventiste du septi\u00e8me jour dans cette \u00eele, o\u00f9 l&#39;ap\u00f4tre Paul avait fait naufrage en l&#39;an 60 de l&#39;\u00e8re chr\u00e9tienne, &he","og_url":"https:\/\/interamerica.org\/fr\/2006\/07\/ile-de-malte-apres-presque-50-annees-depuis-leur-premiere-arrivee-les-adventistes-ont-une-eglise-dans-cette-ile-historique\/","og_site_name":"\u00c9glise Adventiste Du Septieme Jour - Inter Am\u00e9rique Division","article_published_time":"2006-07-25T04:00:00+00:00","article_modified_time":"2017-06-02T17:17:12+00:00","author":"Lorenzo Verduzco","twitter_card":"summary_large_image","twitter_misc":{"\u00c9crit par":"Lorenzo Verduzco","Dur\u00e9e de lecture estim\u00e9e":"3 minutes"},"schema":{"@context":"https:\/\/schema.org","@graph":[{"@type":"Article","@id":"https:\/\/interamerica.org\/fr\/2006\/07\/ile-de-malte-apres-presque-50-annees-depuis-leur-premiere-arrivee-les-adventistes-ont-une-eglise-dans-cette-ile-historique\/#article","isPartOf":{"@id":"https:\/\/interamerica.org\/fr\/2006\/07\/ile-de-malte-apres-presque-50-annees-depuis-leur-premiere-arrivee-les-adventistes-ont-une-eglise-dans-cette-ile-historique\/"},"author":{"name":"Lorenzo Verduzco","@id":"https:\/\/interamerica.org\/fr\/#\/schema\/person\/68ede8bdc292885bb76c1e3810e73c39"},"headline":"\u00cele de Malte : Apr\u00e8s presque 50 ann\u00e9es depuis leur premi\u00e8re arriv\u00e9e, les adventistes ont une \u00e9glise dans cette \u00cele Historique.","datePublished":"2006-07-25T04:00:00+00:00","dateModified":"2017-06-02T17:17:12+00:00","mainEntityOfPage":{"@id":"https:\/\/interamerica.org\/fr\/2006\/07\/ile-de-malte-apres-presque-50-annees-depuis-leur-premiere-arrivee-les-adventistes-ont-une-eglise-dans-cette-ile-historique\/"},"wordCount":528,"articleSection":["Archive"],"inLanguage":"fr-FR"},{"@type":"WebPage","@id":"https:\/\/interamerica.org\/fr\/2006\/07\/ile-de-malte-apres-presque-50-annees-depuis-leur-premiere-arrivee-les-adventistes-ont-une-eglise-dans-cette-ile-historique\/","url":"https:\/\/interamerica.org\/fr\/2006\/07\/ile-de-malte-apres-presque-50-annees-depuis-leur-premiere-arrivee-les-adventistes-ont-une-eglise-dans-cette-ile-historique\/","name":"\u00cele de Malte : Apr\u00e8s presque 50 ann\u00e9es depuis leur premi\u00e8re arriv\u00e9e, les adventistes ont une \u00e9glise dans cette \u00cele Historique. - \u00c9glise Adventiste Du Septieme Jour - Inter Am\u00e9rique Division","isPartOf":{"@id":"https:\/\/interamerica.org\/fr\/#website"},"datePublished":"2006-07-25T04:00:00+00:00","dateModified":"2017-06-02T17:17:12+00:00","author":{"@id":"https:\/\/interamerica.org\/fr\/#\/schema\/person\/68ede8bdc292885bb76c1e3810e73c39"},"breadcrumb":{"@id":"https:\/\/interamerica.org\/fr\/2006\/07\/ile-de-malte-apres-presque-50-annees-depuis-leur-premiere-arrivee-les-adventistes-ont-une-eglise-dans-cette-ile-historique\/#breadcrumb"},"inLanguage":"fr-FR","potentialAction":[{"@type":"ReadAction","target":["https:\/\/interamerica.org\/fr\/2006\/07\/ile-de-malte-apres-presque-50-annees-depuis-leur-premiere-arrivee-les-adventistes-ont-une-eglise-dans-cette-ile-historique\/"]}]},{"@type":"BreadcrumbList","@id":"https:\/\/interamerica.org\/fr\/2006\/07\/ile-de-malte-apres-presque-50-annees-depuis-leur-premiere-arrivee-les-adventistes-ont-une-eglise-dans-cette-ile-historique\/#breadcrumb","itemListElement":[{"@type":"ListItem","position":1,"name":"Home","item":"https:\/\/interamerica.org\/fr\/"},{"@type":"ListItem","position":2,"name":"\u00cele de Malte : Apr\u00e8s presque 50 ann\u00e9es depuis leur premi\u00e8re arriv\u00e9e, les adventistes ont une \u00e9glise dans cette \u00cele Historique."}]},{"@type":"WebSite","@id":"https:\/\/interamerica.org\/fr\/#website","url":"https:\/\/interamerica.org\/fr\/","name":"\u00c9glise Adventiste Du Septieme Jour - Inter Am\u00e9rique Division","description":"","potentialAction":[{"@type":"SearchAction","target":{"@type":"EntryPoint","urlTemplate":"https:\/\/interamerica.org\/fr\/?s={search_term_string}"},"query-input":{"@type":"PropertyValueSpecification","valueRequired":true,"valueName":"search_term_string"}}],"inLanguage":"fr-FR"},{"@type":"Person","@id":"https:\/\/interamerica.org\/fr\/#\/schema\/person\/68ede8bdc292885bb76c1e3810e73c39","name":"Lorenzo Verduzco","image":{"@type":"ImageObject","inLanguage":"fr-FR","@id":"https:\/\/secure.gravatar.com\/avatar\/fb81a55b6218459490a9c1dc841a34909185b81904c5337b4b27f7a6fd60c49e?s=96&d=mm&r=g","url":"https:\/\/secure.gravatar.com\/avatar\/fb81a55b6218459490a9c1dc841a34909185b81904c5337b4b27f7a6fd60c49e?s=96&d=mm&r=g","contentUrl":"https:\/\/secure.gravatar.com\/avatar\/fb81a55b6218459490a9c1dc841a34909185b81904c5337b4b27f7a6fd60c49e?s=96&d=mm&r=g","caption":"Lorenzo Verduzco"}}]}},"_links":{"self":[{"href":"https:\/\/interamerica.org\/fr\/wp-json\/wp\/v2\/posts\/12568","targetHints":{"allow":["GET"]}}],"collection":[{"href":"https:\/\/interamerica.org\/fr\/wp-json\/wp\/v2\/posts"}],"about":[{"href":"https:\/\/interamerica.org\/fr\/wp-json\/wp\/v2\/types\/post"}],"author":[{"embeddable":true,"href":"https:\/\/interamerica.org\/fr\/wp-json\/wp\/v2\/users\/1"}],"replies":[{"embeddable":true,"href":"https:\/\/interamerica.org\/fr\/wp-json\/wp\/v2\/comments?post=12568"}],"version-history":[{"count":0,"href":"https:\/\/interamerica.org\/fr\/wp-json\/wp\/v2\/posts\/12568\/revisions"}],"wp:attachment":[{"href":"https:\/\/interamerica.org\/fr\/wp-json\/wp\/v2\/media?parent=12568"}],"wp:term":[{"taxonomy":"category","embeddable":true,"href":"https:\/\/interamerica.org\/fr\/wp-json\/wp\/v2\/categories?post=12568"},{"taxonomy":"post_tag","embeddable":true,"href":"https:\/\/interamerica.org\/fr\/wp-json\/wp\/v2\/tags?post=12568"}],"curies":[{"name":"wp","href":"https:\/\/api.w.org\/{rel}","templated":true}]}}