{"id":12569,"date":"2006-07-31T00:00:00","date_gmt":"2006-07-31T04:00:00","guid":{"rendered":"http:\/\/192.81.217.108\/interamerica\/2006\/07\/porto-rico-leglise-pleure-la-perte-de-son-dirigeant\/"},"modified":"2017-06-02T13:17:10","modified_gmt":"2017-06-02T17:17:10","slug":"porto-rico-leglise-pleure-la-perte-de-son-dirigeant","status":"publish","type":"post","link":"https:\/\/interamerica.org\/fr\/2006\/07\/porto-rico-leglise-pleure-la-perte-de-son-dirigeant\/","title":{"rendered":"Porto-Rico:  L&#39;Eglise Pleure la Perte de Son Dirigeant"},"content":{"rendered":"<p>Mayaguez, Puerto Rico (Staff de la DIA) <\/p>\n<p>Les dirigeants et les membres de l&#39;Eglise Adventiste du Septi\u00e8me jour de Porto Rico pleurent la perte de son pr\u00e9sident, Pasteur Jose Miguel Ramos, qui est mort la semaine derni\u00e8re.  Il \u00e9tait \u00e2g\u00e9 de 65 ans. <\/p>\n<p> Pasteur Ramos, qui a servi en tant que pr\u00e9sident de l&#39;\u00e9glise de Porto Rico depuis 1999, est mort par suite d&#39;une tumeur au cerveau qui a \u00e9t\u00e9 diagnostiqu\u00e9e depuis neuf mois. <\/p>\n<p>L&#39;Eglise et les membres de la communaut\u00e9 de toute l&#39;\u00eele ont particip\u00e9 \u00e0 trois jours de services de souvenir \u00e0 Antillean Adventist University dans la ville de Mayaguez et \u00e0 Rio Piedras. <\/p>\n<p>\u00ab\u00a0On se souviendra du Pasteur Ramos pour plusieurs raisons, a d\u00e9clar\u00e9 Efren Pagan, secr\u00e9taire ex\u00e9cutif de l&#39;\u00e9glise de Porto-Rico, dans une d\u00e9claration.  \u00ab\u00a0Il \u00e9tait un promoteur enthousiaste, il encadrait les minist\u00e8res des enfants et des jeunes.  Il \u00e9tait un administrateur \u00e9quitable, un ouvrier d\u00e9di\u00e9.\u00a0\u00bb <\/p>\n<p>D&#39;apr\u00e8s Pagan, Pasteur Ramos a assum\u00e9 la fonction de pr\u00e9sident de l&#39;\u00e9glise  de Port-Rico au moment de la restructuration de ses quatre institututions sur le plan financier. <\/p>\n<p>\u00ab\u00a0Il a d\u00e9di\u00e9 une grande partie de son temps \u00e0 travailler de tr\u00e8s pr\u00e8s avec Antillan Adventist University, Bella Vista hospital, Bella Vista Policlinic et Bella Vista Health Services Plan, dont tous les quatres obtinrent la stabilit\u00e9 et le d\u00e9veloppement financiers,\u00a0\u00bb avan\u00e7a Pagan. <\/p>\n<p>Pasteur Ramos a commenc\u00e9 \u00e0 travailler pour l&#39;oeuvre en 1969.  Il a servi en tant que pasteur de district, directeur du minist\u00e8re des publications, directeur des Minist\u00e8res de l&#39;Ecole du Sabbat et des Activit\u00e9s La\u00efques et tr\u00e9sorier de la conf\u00e9rence avant de devenir pr\u00e9sident de l&#39;\u00e9glise. <\/p>\n<p>Les dirigeants de toute la Division Inter-Am\u00e9ricaine ont assist\u00e9 au dernier service, qui a eu lieu le 28 juillet. <\/p>\n<p>Pasteur Filiberto Verduzco, tr\u00e9sorier de l&#39;Eglise de l&#39;Inter-Am\u00e9rique, pr\u00e9senta un message d&#39;esp\u00e9rance \u00e0 ceux qui \u00e9taient pr\u00e9sents.  Parmii les autres dirigeants de l&#39;\u00e9glise pr\u00e9sents, il y avait Pasteur Parlo Perla, pr\u00e9sident de l&#39;Association des Publications de la DIA, Pasteur Cesario Acevedo, pr\u00e9sident de l&#39;\u00e9glise en R\u00e9publique Dominicaine, et Pasteur Th\u00e9art St.Pierre, pr\u00e9sident de l&#39;\u00e9glise en Haiti. <\/p>\n<p>Il laisse sa femme Awilda, quatre enfants et quatre petits-enfants.  <\/p><\/p>\n","protected":false},"excerpt":{"rendered":"<p>Les dirigeants et les membres de l&#39;Eglise Adventiste du Septi\u00e8me jour de Porto Rico pleurent la perte de son pr\u00e9sident, Pasteur Jose Miguel Ramos&#8230;<\/p>\n","protected":false},"author":1,"featured_media":0,"comment_status":"closed","ping_status":"closed","sticky":false,"template":"","format":"standard","meta":{"_acf_changed":false,"footnotes":""},"categories":[9],"tags":[],"class_list":["post-12569","post","type-post","status-publish","format-standard","hentry","category-archive-fr"],"acf":[],"yoast_head":"<!-- This site is optimized with the Yoast SEO plugin v27.3 - https:\/\/yoast.com\/product\/yoast-seo-wordpress\/ -->\n<title>Porto-Rico: L&#039;Eglise Pleure la Perte de Son Dirigeant - \u00c9glise Adventiste Du Septieme Jour - Inter Am\u00e9rique Division<\/title>\n<meta name=\"robots\" content=\"index, follow, max-snippet:-1, max-image-preview:large, max-video-preview:-1\" \/>\n<link rel=\"canonical\" href=\"https:\/\/interamerica.org\/fr\/2006\/07\/porto-rico-leglise-pleure-la-perte-de-son-dirigeant\/\" \/>\n<meta property=\"og:locale\" content=\"fr_FR\" \/>\n<meta property=\"og:type\" content=\"article\" \/>\n<meta property=\"og:title\" content=\"Porto-Rico: L&#039;Eglise Pleure la Perte de Son Dirigeant - \u00c9glise Adventiste Du Septieme Jour - Inter Am\u00e9rique Division\" \/>\n<meta property=\"og:description\" content=\"Les dirigeants et les membres de l&#039;Eglise Adventiste du Septi\u00e8me jour de Porto Rico pleurent la perte de son pr\u00e9sident, Pasteur Jose Miguel Ramos...\" \/>\n<meta property=\"og:url\" content=\"https:\/\/interamerica.org\/fr\/2006\/07\/porto-rico-leglise-pleure-la-perte-de-son-dirigeant\/\" \/>\n<meta property=\"og:site_name\" content=\"\u00c9glise Adventiste Du Septieme Jour - Inter Am\u00e9rique Division\" \/>\n<meta property=\"article:published_time\" content=\"2006-07-31T04:00:00+00:00\" \/>\n<meta property=\"article:modified_time\" content=\"2017-06-02T17:17:10+00:00\" \/>\n<meta name=\"author\" content=\"Lorenzo Verduzco\" \/>\n<meta name=\"twitter:card\" content=\"summary_large_image\" \/>\n<meta name=\"twitter:label1\" content=\"\u00c9crit par\" \/>\n\t<meta name=\"twitter:data1\" content=\"Lorenzo Verduzco\" \/>\n\t<meta name=\"twitter:label2\" content=\"Dur\u00e9e de lecture estim\u00e9e\" \/>\n\t<meta name=\"twitter:data2\" content=\"2 minutes\" \/>\n<script type=\"application\/ld+json\" class=\"yoast-schema-graph\">{\"@context\":\"https:\\\/\\\/schema.org\",\"@graph\":[{\"@type\":\"Article\",\"@id\":\"https:\\\/\\\/interamerica.org\\\/fr\\\/2006\\\/07\\\/porto-rico-leglise-pleure-la-perte-de-son-dirigeant\\\/#article\",\"isPartOf\":{\"@id\":\"https:\\\/\\\/interamerica.org\\\/fr\\\/2006\\\/07\\\/porto-rico-leglise-pleure-la-perte-de-son-dirigeant\\\/\"},\"author\":{\"name\":\"Lorenzo Verduzco\",\"@id\":\"https:\\\/\\\/interamerica.org\\\/fr\\\/#\\\/schema\\\/person\\\/68ede8bdc292885bb76c1e3810e73c39\"},\"headline\":\"Porto-Rico: L&#39;Eglise Pleure la Perte de Son Dirigeant\",\"datePublished\":\"2006-07-31T04:00:00+00:00\",\"dateModified\":\"2017-06-02T17:17:10+00:00\",\"mainEntityOfPage\":{\"@id\":\"https:\\\/\\\/interamerica.org\\\/fr\\\/2006\\\/07\\\/porto-rico-leglise-pleure-la-perte-de-son-dirigeant\\\/\"},\"wordCount\":406,\"articleSection\":[\"Archive\"],\"inLanguage\":\"fr-FR\"},{\"@type\":\"WebPage\",\"@id\":\"https:\\\/\\\/interamerica.org\\\/fr\\\/2006\\\/07\\\/porto-rico-leglise-pleure-la-perte-de-son-dirigeant\\\/\",\"url\":\"https:\\\/\\\/interamerica.org\\\/fr\\\/2006\\\/07\\\/porto-rico-leglise-pleure-la-perte-de-son-dirigeant\\\/\",\"name\":\"Porto-Rico: L&#39;Eglise Pleure la Perte de Son Dirigeant - \u00c9glise Adventiste Du Septieme Jour - Inter Am\u00e9rique Division\",\"isPartOf\":{\"@id\":\"https:\\\/\\\/interamerica.org\\\/fr\\\/#website\"},\"datePublished\":\"2006-07-31T04:00:00+00:00\",\"dateModified\":\"2017-06-02T17:17:10+00:00\",\"author\":{\"@id\":\"https:\\\/\\\/interamerica.org\\\/fr\\\/#\\\/schema\\\/person\\\/68ede8bdc292885bb76c1e3810e73c39\"},\"breadcrumb\":{\"@id\":\"https:\\\/\\\/interamerica.org\\\/fr\\\/2006\\\/07\\\/porto-rico-leglise-pleure-la-perte-de-son-dirigeant\\\/#breadcrumb\"},\"inLanguage\":\"fr-FR\",\"potentialAction\":[{\"@type\":\"ReadAction\",\"target\":[\"https:\\\/\\\/interamerica.org\\\/fr\\\/2006\\\/07\\\/porto-rico-leglise-pleure-la-perte-de-son-dirigeant\\\/\"]}]},{\"@type\":\"BreadcrumbList\",\"@id\":\"https:\\\/\\\/interamerica.org\\\/fr\\\/2006\\\/07\\\/porto-rico-leglise-pleure-la-perte-de-son-dirigeant\\\/#breadcrumb\",\"itemListElement\":[{\"@type\":\"ListItem\",\"position\":1,\"name\":\"Home\",\"item\":\"https:\\\/\\\/interamerica.org\\\/fr\\\/\"},{\"@type\":\"ListItem\",\"position\":2,\"name\":\"Porto-Rico: L&#39;Eglise Pleure la Perte de Son Dirigeant\"}]},{\"@type\":\"WebSite\",\"@id\":\"https:\\\/\\\/interamerica.org\\\/fr\\\/#website\",\"url\":\"https:\\\/\\\/interamerica.org\\\/fr\\\/\",\"name\":\"\u00c9glise Adventiste Du Septieme Jour - Inter Am\u00e9rique Division\",\"description\":\"\",\"potentialAction\":[{\"@type\":\"SearchAction\",\"target\":{\"@type\":\"EntryPoint\",\"urlTemplate\":\"https:\\\/\\\/interamerica.org\\\/fr\\\/?s={search_term_string}\"},\"query-input\":{\"@type\":\"PropertyValueSpecification\",\"valueRequired\":true,\"valueName\":\"search_term_string\"}}],\"inLanguage\":\"fr-FR\"},{\"@type\":\"Person\",\"@id\":\"https:\\\/\\\/interamerica.org\\\/fr\\\/#\\\/schema\\\/person\\\/68ede8bdc292885bb76c1e3810e73c39\",\"name\":\"Lorenzo Verduzco\",\"image\":{\"@type\":\"ImageObject\",\"inLanguage\":\"fr-FR\",\"@id\":\"https:\\\/\\\/secure.gravatar.com\\\/avatar\\\/fb81a55b6218459490a9c1dc841a34909185b81904c5337b4b27f7a6fd60c49e?s=96&d=mm&r=g\",\"url\":\"https:\\\/\\\/secure.gravatar.com\\\/avatar\\\/fb81a55b6218459490a9c1dc841a34909185b81904c5337b4b27f7a6fd60c49e?s=96&d=mm&r=g\",\"contentUrl\":\"https:\\\/\\\/secure.gravatar.com\\\/avatar\\\/fb81a55b6218459490a9c1dc841a34909185b81904c5337b4b27f7a6fd60c49e?s=96&d=mm&r=g\",\"caption\":\"Lorenzo Verduzco\"}}]}<\/script>\n<!-- \/ Yoast SEO plugin. -->","yoast_head_json":{"title":"Porto-Rico: L&#39;Eglise Pleure la Perte de Son Dirigeant - \u00c9glise Adventiste Du Septieme Jour - Inter Am\u00e9rique Division","robots":{"index":"index","follow":"follow","max-snippet":"max-snippet:-1","max-image-preview":"max-image-preview:large","max-video-preview":"max-video-preview:-1"},"canonical":"https:\/\/interamerica.org\/fr\/2006\/07\/porto-rico-leglise-pleure-la-perte-de-son-dirigeant\/","og_locale":"fr_FR","og_type":"article","og_title":"Porto-Rico: L&#39;Eglise Pleure la Perte de Son Dirigeant - \u00c9glise Adventiste Du Septieme Jour - Inter Am\u00e9rique Division","og_description":"Les dirigeants et les membres de l&#39;Eglise Adventiste du Septi\u00e8me jour de Porto Rico pleurent la perte de son pr\u00e9sident, Pasteur Jose Miguel Ramos...","og_url":"https:\/\/interamerica.org\/fr\/2006\/07\/porto-rico-leglise-pleure-la-perte-de-son-dirigeant\/","og_site_name":"\u00c9glise Adventiste Du Septieme Jour - Inter Am\u00e9rique Division","article_published_time":"2006-07-31T04:00:00+00:00","article_modified_time":"2017-06-02T17:17:10+00:00","author":"Lorenzo Verduzco","twitter_card":"summary_large_image","twitter_misc":{"\u00c9crit par":"Lorenzo Verduzco","Dur\u00e9e de lecture estim\u00e9e":"2 minutes"},"schema":{"@context":"https:\/\/schema.org","@graph":[{"@type":"Article","@id":"https:\/\/interamerica.org\/fr\/2006\/07\/porto-rico-leglise-pleure-la-perte-de-son-dirigeant\/#article","isPartOf":{"@id":"https:\/\/interamerica.org\/fr\/2006\/07\/porto-rico-leglise-pleure-la-perte-de-son-dirigeant\/"},"author":{"name":"Lorenzo Verduzco","@id":"https:\/\/interamerica.org\/fr\/#\/schema\/person\/68ede8bdc292885bb76c1e3810e73c39"},"headline":"Porto-Rico: L&#39;Eglise Pleure la Perte de Son Dirigeant","datePublished":"2006-07-31T04:00:00+00:00","dateModified":"2017-06-02T17:17:10+00:00","mainEntityOfPage":{"@id":"https:\/\/interamerica.org\/fr\/2006\/07\/porto-rico-leglise-pleure-la-perte-de-son-dirigeant\/"},"wordCount":406,"articleSection":["Archive"],"inLanguage":"fr-FR"},{"@type":"WebPage","@id":"https:\/\/interamerica.org\/fr\/2006\/07\/porto-rico-leglise-pleure-la-perte-de-son-dirigeant\/","url":"https:\/\/interamerica.org\/fr\/2006\/07\/porto-rico-leglise-pleure-la-perte-de-son-dirigeant\/","name":"Porto-Rico: L&#39;Eglise Pleure la Perte de Son Dirigeant - \u00c9glise Adventiste Du Septieme Jour - Inter Am\u00e9rique Division","isPartOf":{"@id":"https:\/\/interamerica.org\/fr\/#website"},"datePublished":"2006-07-31T04:00:00+00:00","dateModified":"2017-06-02T17:17:10+00:00","author":{"@id":"https:\/\/interamerica.org\/fr\/#\/schema\/person\/68ede8bdc292885bb76c1e3810e73c39"},"breadcrumb":{"@id":"https:\/\/interamerica.org\/fr\/2006\/07\/porto-rico-leglise-pleure-la-perte-de-son-dirigeant\/#breadcrumb"},"inLanguage":"fr-FR","potentialAction":[{"@type":"ReadAction","target":["https:\/\/interamerica.org\/fr\/2006\/07\/porto-rico-leglise-pleure-la-perte-de-son-dirigeant\/"]}]},{"@type":"BreadcrumbList","@id":"https:\/\/interamerica.org\/fr\/2006\/07\/porto-rico-leglise-pleure-la-perte-de-son-dirigeant\/#breadcrumb","itemListElement":[{"@type":"ListItem","position":1,"name":"Home","item":"https:\/\/interamerica.org\/fr\/"},{"@type":"ListItem","position":2,"name":"Porto-Rico: L&#39;Eglise Pleure la Perte de Son Dirigeant"}]},{"@type":"WebSite","@id":"https:\/\/interamerica.org\/fr\/#website","url":"https:\/\/interamerica.org\/fr\/","name":"\u00c9glise Adventiste Du Septieme Jour - Inter Am\u00e9rique Division","description":"","potentialAction":[{"@type":"SearchAction","target":{"@type":"EntryPoint","urlTemplate":"https:\/\/interamerica.org\/fr\/?s={search_term_string}"},"query-input":{"@type":"PropertyValueSpecification","valueRequired":true,"valueName":"search_term_string"}}],"inLanguage":"fr-FR"},{"@type":"Person","@id":"https:\/\/interamerica.org\/fr\/#\/schema\/person\/68ede8bdc292885bb76c1e3810e73c39","name":"Lorenzo Verduzco","image":{"@type":"ImageObject","inLanguage":"fr-FR","@id":"https:\/\/secure.gravatar.com\/avatar\/fb81a55b6218459490a9c1dc841a34909185b81904c5337b4b27f7a6fd60c49e?s=96&d=mm&r=g","url":"https:\/\/secure.gravatar.com\/avatar\/fb81a55b6218459490a9c1dc841a34909185b81904c5337b4b27f7a6fd60c49e?s=96&d=mm&r=g","contentUrl":"https:\/\/secure.gravatar.com\/avatar\/fb81a55b6218459490a9c1dc841a34909185b81904c5337b4b27f7a6fd60c49e?s=96&d=mm&r=g","caption":"Lorenzo Verduzco"}}]}},"_links":{"self":[{"href":"https:\/\/interamerica.org\/fr\/wp-json\/wp\/v2\/posts\/12569","targetHints":{"allow":["GET"]}}],"collection":[{"href":"https:\/\/interamerica.org\/fr\/wp-json\/wp\/v2\/posts"}],"about":[{"href":"https:\/\/interamerica.org\/fr\/wp-json\/wp\/v2\/types\/post"}],"author":[{"embeddable":true,"href":"https:\/\/interamerica.org\/fr\/wp-json\/wp\/v2\/users\/1"}],"replies":[{"embeddable":true,"href":"https:\/\/interamerica.org\/fr\/wp-json\/wp\/v2\/comments?post=12569"}],"version-history":[{"count":0,"href":"https:\/\/interamerica.org\/fr\/wp-json\/wp\/v2\/posts\/12569\/revisions"}],"wp:attachment":[{"href":"https:\/\/interamerica.org\/fr\/wp-json\/wp\/v2\/media?parent=12569"}],"wp:term":[{"taxonomy":"category","embeddable":true,"href":"https:\/\/interamerica.org\/fr\/wp-json\/wp\/v2\/categories?post=12569"},{"taxonomy":"post_tag","embeddable":true,"href":"https:\/\/interamerica.org\/fr\/wp-json\/wp\/v2\/tags?post=12569"}],"curies":[{"name":"wp","href":"https:\/\/api.w.org\/{rel}","templated":true}]}}