{"id":125711,"date":"2025-02-26T20:12:23","date_gmt":"2025-02-27T01:12:23","guid":{"rendered":"https:\/\/interamerica.org\/?p=125711"},"modified":"2025-02-27T14:57:25","modified_gmt":"2025-02-27T19:57:25","slug":"comment-ladventisme-est-il-le-plus-pertinent-de-nos-jours","status":"publish","type":"post","link":"https:\/\/interamerica.org\/fr\/2025\/02\/comment-ladventisme-est-il-le-plus-pertinent-de-nos-jours\/","title":{"rendered":"Comment l\u2019adventisme est-il le plus pertinent de nos jours?"},"content":{"rendered":"<p><span style=\"font-weight: 400;\">Croyez-le ou non, l\u2019adventisme a quelque chose de plus important que son histoire et ses croyances fondamentales.<\/span><\/p>\n<p><span style=\"font-weight: 400;\">Le 26 f\u00e9vrier 2025 | Greeneville, Tennessee, \u00c9tats-Unis | Dawson Stephens<\/span><\/p>\n<p><i><span style=\"font-weight: 400;\">Lors de la convention de GYC (Generation of Youth for Christ) de 2024, <\/span><\/i><span style=\"font-weight: 400;\">Adventist Review <\/span><i><span style=\"font-weight: 400;\">a organis\u00e9 un concours de r\u00e9daction. Les participants ont \u00e9t\u00e9 invit\u00e9s \u00e0 r\u00e9pondre \u00e0 cette question\u00a0: \u00ab\u00a0Comment l\u2019adventisme est-il le plus pertinent de nos jours?\u00a0\u00bb La limite de mots permise \u00e9tait de 500 et l\u2019utilisation de l\u2019intelligence artificielle (IA) n\u2019\u00e9tait pas permise. Les r\u00e9dacteurs du <\/span><\/i><span style=\"font-weight: 400;\">Review<\/span><i><span style=\"font-weight: 400;\"> ont \u00e9valu\u00e9 les textes soumis et choisi l\u2019article que voici comme gagnant. \u2014 Les \u00e9diteurs<\/span><\/i><\/p>\n<p><span style=\"font-weight: 400;\">Durant mon enfance et mon adolescence, c\u2019\u00e9tait les livres de croissance personnelle. Pour mes parents, c\u2019\u00e9tait la musique pop. Au fil du temps, les flux et reflux de la soci\u00e9t\u00e9 produisent des vagues de sujets consid\u00e9r\u00e9s comme pertinents auxquels on s\u2019int\u00e9resse et se d\u00e9sint\u00e9resse. Plusieurs disent que nous devons suivre notre \u00e9poque; mais comment toutes ces choses doivent-elles affecter notre foi? Pr\u00e8s de 200 ans apr\u00e8s la premi\u00e8re proclamation de notre message unique, l\u2019adventisme a-t-il toujours la pertinence qu\u2019il a d\u00e9j\u00e0 eue? Dans une soci\u00e9t\u00e9 o\u00f9 les gens perdent rapidement leur identit\u00e9, au sein de laquelle les \u00e9chappatoires se multiplient, o\u00f9 le taux de suicide est en hausse, o\u00f9 les plaisirs, le confort et le mat\u00e9rialisme sont ma\u00eetres, dans laquelle la v\u00e9rit\u00e9 est relative et les relations sont instables, o\u00f9 tout le monde est occup\u00e9, stress\u00e9 et distrait, qu\u2019est-ce que l\u2019adventisme pourrait bien avoir \u00e0 offrir d\u2019unique?<\/span><\/p>\n<p><span style=\"font-weight: 400;\">Eh bien, certains pourraient dire que nous avons le sabbat, le sanctuaire ou n\u2019importe quelle autre de nos doctrines distinctives \u00e0 offrir. D\u2019autres pourraient dire que nous avons le message de la sant\u00e9 et les \u00e9crits d\u2019Ellen G. White. Et d\u2019autres encore pourraient dire que nous avons la bonne interpr\u00e9tation de la proph\u00e9tie des 1\u00a0260 jours. En effet, tous ces \u00e9l\u00e9ments sont vrais et essentiels. Mais nous avons mieux \u00e0 offrir que de simples doctrines, r\u00e9formes et proph\u00e9ties. Nous avons plus \u00e0 offrir qu\u2019une compr\u00e9hension claire, qu\u2019un mode de vie sup\u00e9rieur aux autres ou qu\u2019un service d\u2019adoration agr\u00e9able le bon jour de la semaine.<\/span><\/p>\n<p><span style=\"font-weight: 400;\">L\u2019adventisme a de la substance \u00e0 offrir, la <\/span><i><span style=\"font-weight: 400;\">seule <\/span><\/i><span style=\"font-weight: 400;\">chose qui puisse \u00eatre consid\u00e9r\u00e9e comme r\u00e9elle substance. \u00c0 une soci\u00e9t\u00e9 remplie de personnes bless\u00e9es, de promesses vides et d\u2019id\u00e9aux non r\u00e9alis\u00e9s, l\u2019adventisme offre une vision du monde r\u00e9ellement biblique ainsi qu\u2019une image plus compl\u00e8te de Christ. \u00c0 l\u2019ath\u00e9e qui baigne dans l\u2019erreur, nous offrons Christ comme la v\u00e9rit\u00e9 manifest\u00e9e en chair et en os; \u00e0 l\u2019\u00e9tudiant universitaire qui lutte contre la d\u00e9pression et le manque de sens \u00e0 sa vie, nous offrons Christ comme sens de notre existence; \u00e0 la famille bris\u00e9e, nous offrons Christ, le tendre ami pour gu\u00e9rir les c\u0153urs meurtris de l\u2019humanit\u00e9; aux millions de personnes aux prises avec des d\u00e9pendances, nous offrons Christ, celui qui lib\u00e8re les captifs; \u00e0 ceux qui ont soif d\u2019un avenir sans crainte ni d\u00e9sespoir, nous offrons Christ, notre Rocher et notre refuge; \u00e0 ceux qui sont fatigu\u00e9s et charg\u00e9s, nous offrons Christ, le ma\u00eetre du sabbat; \u00e0 tous les p\u00e9cheurs tremblants, nous offrons Christ, leur sauveur personnel. Nous offrons de l\u2019aide aux impuissants, du repos aux agit\u00e9s, de l\u2019espoir aux d\u00e9sesp\u00e9r\u00e9s, de la force aux faibles. L\u2019adventisme est \u00e0 ce point pertinent, car nos doctrines distinctives, nos r\u00e9formes et nos proph\u00e9ties pointent toutes vers Christ en l\u2019\u00e9levant, non seulement comme celui qui est mort pour nous, mais aussi comme celui qui vit sans cesse dans l\u2019intercession en notre faveur; non seulement comme celui qui nous offre le pardon, lequel nous \u00e9vite la peine du p\u00e9ch\u00e9, mais comme celui qui nous lib\u00e8re d\u00e9finitivement de son emprise.<\/span><\/p>\n<p><span style=\"font-weight: 400;\">Consid\u00e9r\u00e9 ainsi, qu\u2019est-ce que l\u2019adventisme pourrait bien avoir de plus pertinent? Pourtant, nous sommes pertinents dans le monde que dans la mesure o\u00f9 nous lui offrons le message de Christ. Si nous semblons perdre de notre pertinence dans la soci\u00e9t\u00e9, ce n\u2019est pas parce que la soci\u00e9t\u00e9 se transforme, c\u2019est parce que nous nous transformons. Bien que tout ce que nous avons d\u2019autre soit important, nous ne pouvons nous permettre d\u2019isoler nos v\u00e9rit\u00e9s distinctives du Chemin, de la V\u00e9rit\u00e9 et de la Vie. Nous ne pouvons perdre de vue la somme et la substance de notre foi\u00a0: \u00ab\u00a0J\u00e9sus dans son renoncement, J\u00e9sus dans son humiliation. J\u00e9sus dans sa puret\u00e9 et sa saintet\u00e9, J\u00e9sus dans son amour incomparable\u00a0: tel est le th\u00e8me qui doit faire l\u2019objet de votre m\u00e9ditation*.\u00a0\u00bb<\/span><\/p>\n<p><span style=\"font-weight: 400;\">*<\/span><span style=\"font-weight: 400;\"> Ellen G. White, <\/span><i><span style=\"font-weight: 400;\">Vers J\u00e9sus<\/span><\/i><span style=\"font-weight: 400;\">, Maison d\u2019\u00e9dition interam\u00e9ricaine, 2007, p. 109.<\/span><\/p>\n<p><span style=\"font-weight: 400;\">Traduction\u00a0: Marie-Mich\u00e8le Robitaille<\/span><\/p>\n","protected":false},"excerpt":{"rendered":"<p>Croyez-le ou non, l\u2019adventisme a quelque chose de plus important que son histoire et ses croyances fondamentales. Le 26 f\u00e9vrier 2025 | Greeneville, Tennessee, \u00c9tats-Unis | Dawson Stephens Lors de&#8230;<\/p>\n","protected":false},"author":3,"featured_media":125701,"comment_status":"closed","ping_status":"closed","sticky":false,"template":"","format":"standard","meta":{"_acf_changed":false,"footnotes":""},"categories":[18,19],"tags":[],"class_list":["post-125711","post","type-post","status-publish","format-standard","has-post-thumbnail","hentry","category-nouvelles-de-leglise-mondiale","category-rss-francais"],"acf":[],"yoast_head":"<!-- This site is optimized with the Yoast SEO plugin v27.3 - https:\/\/yoast.com\/product\/yoast-seo-wordpress\/ -->\n<title>Comment l\u2019adventisme est-il le plus pertinent de nos jours? - \u00c9glise Adventiste Du Septieme Jour - Inter Am\u00e9rique Division<\/title>\n<meta name=\"robots\" content=\"index, follow, max-snippet:-1, max-image-preview:large, max-video-preview:-1\" \/>\n<link rel=\"canonical\" href=\"https:\/\/interamerica.org\/fr\/2025\/02\/comment-ladventisme-est-il-le-plus-pertinent-de-nos-jours\/\" \/>\n<meta property=\"og:locale\" content=\"fr_FR\" \/>\n<meta property=\"og:type\" content=\"article\" \/>\n<meta property=\"og:title\" content=\"Comment l\u2019adventisme est-il le plus pertinent de nos jours? - \u00c9glise Adventiste Du Septieme Jour - Inter Am\u00e9rique Division\" \/>\n<meta property=\"og:description\" content=\"Croyez-le ou non, l\u2019adventisme a quelque chose de plus important que son histoire et ses croyances fondamentales. Le 26 f\u00e9vrier 2025 | Greeneville, Tennessee, \u00c9tats-Unis | Dawson Stephens Lors de...\" \/>\n<meta property=\"og:url\" content=\"https:\/\/interamerica.org\/fr\/2025\/02\/comment-ladventisme-est-il-le-plus-pertinent-de-nos-jours\/\" \/>\n<meta property=\"og:site_name\" content=\"\u00c9glise Adventiste Du Septieme Jour - Inter Am\u00e9rique Division\" \/>\n<meta property=\"article:published_time\" content=\"2025-02-27T01:12:23+00:00\" \/>\n<meta property=\"article:modified_time\" content=\"2025-02-27T19:57:25+00:00\" \/>\n<meta property=\"og:image\" content=\"https:\/\/interamerica.org\/wp-content\/uploads\/2025\/02\/44-dewang-gupta-nii6eqjt1ps-unsplash.jpg\" \/>\n\t<meta property=\"og:image:width\" content=\"900\" \/>\n\t<meta property=\"og:image:height\" content=\"600\" \/>\n\t<meta property=\"og:image:type\" content=\"image\/jpeg\" \/>\n<meta name=\"author\" content=\"libna\" \/>\n<meta name=\"twitter:card\" content=\"summary_large_image\" \/>\n<meta name=\"twitter:label1\" content=\"\u00c9crit par\" \/>\n\t<meta name=\"twitter:data1\" content=\"libna\" \/>\n\t<meta name=\"twitter:label2\" content=\"Dur\u00e9e de lecture estim\u00e9e\" \/>\n\t<meta name=\"twitter:data2\" content=\"4 minutes\" \/>\n<script type=\"application\/ld+json\" class=\"yoast-schema-graph\">{\"@context\":\"https:\\\/\\\/schema.org\",\"@graph\":[{\"@type\":\"Article\",\"@id\":\"https:\\\/\\\/interamerica.org\\\/fr\\\/2025\\\/02\\\/comment-ladventisme-est-il-le-plus-pertinent-de-nos-jours\\\/#article\",\"isPartOf\":{\"@id\":\"https:\\\/\\\/interamerica.org\\\/fr\\\/2025\\\/02\\\/comment-ladventisme-est-il-le-plus-pertinent-de-nos-jours\\\/\"},\"author\":{\"name\":\"libna\",\"@id\":\"https:\\\/\\\/interamerica.org\\\/fr\\\/#\\\/schema\\\/person\\\/29998f2bc2d8bd0d38662909289b54f1\"},\"headline\":\"Comment l\u2019adventisme est-il le plus pertinent de nos jours?\",\"datePublished\":\"2025-02-27T01:12:23+00:00\",\"dateModified\":\"2025-02-27T19:57:25+00:00\",\"mainEntityOfPage\":{\"@id\":\"https:\\\/\\\/interamerica.org\\\/fr\\\/2025\\\/02\\\/comment-ladventisme-est-il-le-plus-pertinent-de-nos-jours\\\/\"},\"wordCount\":853,\"image\":{\"@id\":\"https:\\\/\\\/interamerica.org\\\/fr\\\/2025\\\/02\\\/comment-ladventisme-est-il-le-plus-pertinent-de-nos-jours\\\/#primaryimage\"},\"thumbnailUrl\":\"https:\\\/\\\/interamerica.org\\\/wp-content\\\/uploads\\\/2025\\\/02\\\/44-dewang-gupta-nii6eqjt1ps-unsplash.jpg\",\"articleSection\":[\"Nouvelles de l'\u00c9glise mondiale\",\"RSS Fran\u00e7ais\"],\"inLanguage\":\"fr-FR\"},{\"@type\":\"WebPage\",\"@id\":\"https:\\\/\\\/interamerica.org\\\/fr\\\/2025\\\/02\\\/comment-ladventisme-est-il-le-plus-pertinent-de-nos-jours\\\/\",\"url\":\"https:\\\/\\\/interamerica.org\\\/fr\\\/2025\\\/02\\\/comment-ladventisme-est-il-le-plus-pertinent-de-nos-jours\\\/\",\"name\":\"Comment l\u2019adventisme est-il le plus pertinent de nos jours? - \u00c9glise Adventiste Du Septieme Jour - Inter Am\u00e9rique Division\",\"isPartOf\":{\"@id\":\"https:\\\/\\\/interamerica.org\\\/fr\\\/#website\"},\"primaryImageOfPage\":{\"@id\":\"https:\\\/\\\/interamerica.org\\\/fr\\\/2025\\\/02\\\/comment-ladventisme-est-il-le-plus-pertinent-de-nos-jours\\\/#primaryimage\"},\"image\":{\"@id\":\"https:\\\/\\\/interamerica.org\\\/fr\\\/2025\\\/02\\\/comment-ladventisme-est-il-le-plus-pertinent-de-nos-jours\\\/#primaryimage\"},\"thumbnailUrl\":\"https:\\\/\\\/interamerica.org\\\/wp-content\\\/uploads\\\/2025\\\/02\\\/44-dewang-gupta-nii6eqjt1ps-unsplash.jpg\",\"datePublished\":\"2025-02-27T01:12:23+00:00\",\"dateModified\":\"2025-02-27T19:57:25+00:00\",\"author\":{\"@id\":\"https:\\\/\\\/interamerica.org\\\/fr\\\/#\\\/schema\\\/person\\\/29998f2bc2d8bd0d38662909289b54f1\"},\"breadcrumb\":{\"@id\":\"https:\\\/\\\/interamerica.org\\\/fr\\\/2025\\\/02\\\/comment-ladventisme-est-il-le-plus-pertinent-de-nos-jours\\\/#breadcrumb\"},\"inLanguage\":\"fr-FR\",\"potentialAction\":[{\"@type\":\"ReadAction\",\"target\":[\"https:\\\/\\\/interamerica.org\\\/fr\\\/2025\\\/02\\\/comment-ladventisme-est-il-le-plus-pertinent-de-nos-jours\\\/\"]}]},{\"@type\":\"ImageObject\",\"inLanguage\":\"fr-FR\",\"@id\":\"https:\\\/\\\/interamerica.org\\\/fr\\\/2025\\\/02\\\/comment-ladventisme-est-il-le-plus-pertinent-de-nos-jours\\\/#primaryimage\",\"url\":\"https:\\\/\\\/interamerica.org\\\/wp-content\\\/uploads\\\/2025\\\/02\\\/44-dewang-gupta-nii6eqjt1ps-unsplash.jpg\",\"contentUrl\":\"https:\\\/\\\/interamerica.org\\\/wp-content\\\/uploads\\\/2025\\\/02\\\/44-dewang-gupta-nii6eqjt1ps-unsplash.jpg\",\"width\":900,\"height\":600,\"caption\":\"[Photo: Dewang Gupta\\\/ Unsplash]\"},{\"@type\":\"BreadcrumbList\",\"@id\":\"https:\\\/\\\/interamerica.org\\\/fr\\\/2025\\\/02\\\/comment-ladventisme-est-il-le-plus-pertinent-de-nos-jours\\\/#breadcrumb\",\"itemListElement\":[{\"@type\":\"ListItem\",\"position\":1,\"name\":\"Home\",\"item\":\"https:\\\/\\\/interamerica.org\\\/fr\\\/\"},{\"@type\":\"ListItem\",\"position\":2,\"name\":\"Comment l\u2019adventisme est-il le plus pertinent de nos jours?\"}]},{\"@type\":\"WebSite\",\"@id\":\"https:\\\/\\\/interamerica.org\\\/fr\\\/#website\",\"url\":\"https:\\\/\\\/interamerica.org\\\/fr\\\/\",\"name\":\"\u00c9glise Adventiste Du Septieme Jour - Inter Am\u00e9rique Division\",\"description\":\"\",\"potentialAction\":[{\"@type\":\"SearchAction\",\"target\":{\"@type\":\"EntryPoint\",\"urlTemplate\":\"https:\\\/\\\/interamerica.org\\\/fr\\\/?s={search_term_string}\"},\"query-input\":{\"@type\":\"PropertyValueSpecification\",\"valueRequired\":true,\"valueName\":\"search_term_string\"}}],\"inLanguage\":\"fr-FR\"},{\"@type\":\"Person\",\"@id\":\"https:\\\/\\\/interamerica.org\\\/fr\\\/#\\\/schema\\\/person\\\/29998f2bc2d8bd0d38662909289b54f1\",\"name\":\"libna\",\"image\":{\"@type\":\"ImageObject\",\"inLanguage\":\"fr-FR\",\"@id\":\"https:\\\/\\\/secure.gravatar.com\\\/avatar\\\/7c5bd30ae4b47a9ba3c856590957fd1d96dc588bf3ac05719d247e126840331f?s=96&d=mm&r=g\",\"url\":\"https:\\\/\\\/secure.gravatar.com\\\/avatar\\\/7c5bd30ae4b47a9ba3c856590957fd1d96dc588bf3ac05719d247e126840331f?s=96&d=mm&r=g\",\"contentUrl\":\"https:\\\/\\\/secure.gravatar.com\\\/avatar\\\/7c5bd30ae4b47a9ba3c856590957fd1d96dc588bf3ac05719d247e126840331f?s=96&d=mm&r=g\",\"caption\":\"libna\"}}]}<\/script>\n<!-- \/ Yoast SEO plugin. -->","yoast_head_json":{"title":"Comment l\u2019adventisme est-il le plus pertinent de nos jours? - \u00c9glise Adventiste Du Septieme Jour - Inter Am\u00e9rique Division","robots":{"index":"index","follow":"follow","max-snippet":"max-snippet:-1","max-image-preview":"max-image-preview:large","max-video-preview":"max-video-preview:-1"},"canonical":"https:\/\/interamerica.org\/fr\/2025\/02\/comment-ladventisme-est-il-le-plus-pertinent-de-nos-jours\/","og_locale":"fr_FR","og_type":"article","og_title":"Comment l\u2019adventisme est-il le plus pertinent de nos jours? - \u00c9glise Adventiste Du Septieme Jour - Inter Am\u00e9rique Division","og_description":"Croyez-le ou non, l\u2019adventisme a quelque chose de plus important que son histoire et ses croyances fondamentales. Le 26 f\u00e9vrier 2025 | Greeneville, Tennessee, \u00c9tats-Unis | Dawson Stephens Lors de...","og_url":"https:\/\/interamerica.org\/fr\/2025\/02\/comment-ladventisme-est-il-le-plus-pertinent-de-nos-jours\/","og_site_name":"\u00c9glise Adventiste Du Septieme Jour - Inter Am\u00e9rique Division","article_published_time":"2025-02-27T01:12:23+00:00","article_modified_time":"2025-02-27T19:57:25+00:00","og_image":[{"width":900,"height":600,"url":"https:\/\/interamerica.org\/wp-content\/uploads\/2025\/02\/44-dewang-gupta-nii6eqjt1ps-unsplash.jpg","type":"image\/jpeg"}],"author":"libna","twitter_card":"summary_large_image","twitter_misc":{"\u00c9crit par":"libna","Dur\u00e9e de lecture estim\u00e9e":"4 minutes"},"schema":{"@context":"https:\/\/schema.org","@graph":[{"@type":"Article","@id":"https:\/\/interamerica.org\/fr\/2025\/02\/comment-ladventisme-est-il-le-plus-pertinent-de-nos-jours\/#article","isPartOf":{"@id":"https:\/\/interamerica.org\/fr\/2025\/02\/comment-ladventisme-est-il-le-plus-pertinent-de-nos-jours\/"},"author":{"name":"libna","@id":"https:\/\/interamerica.org\/fr\/#\/schema\/person\/29998f2bc2d8bd0d38662909289b54f1"},"headline":"Comment l\u2019adventisme est-il le plus pertinent de nos jours?","datePublished":"2025-02-27T01:12:23+00:00","dateModified":"2025-02-27T19:57:25+00:00","mainEntityOfPage":{"@id":"https:\/\/interamerica.org\/fr\/2025\/02\/comment-ladventisme-est-il-le-plus-pertinent-de-nos-jours\/"},"wordCount":853,"image":{"@id":"https:\/\/interamerica.org\/fr\/2025\/02\/comment-ladventisme-est-il-le-plus-pertinent-de-nos-jours\/#primaryimage"},"thumbnailUrl":"https:\/\/interamerica.org\/wp-content\/uploads\/2025\/02\/44-dewang-gupta-nii6eqjt1ps-unsplash.jpg","articleSection":["Nouvelles de l'\u00c9glise mondiale","RSS Fran\u00e7ais"],"inLanguage":"fr-FR"},{"@type":"WebPage","@id":"https:\/\/interamerica.org\/fr\/2025\/02\/comment-ladventisme-est-il-le-plus-pertinent-de-nos-jours\/","url":"https:\/\/interamerica.org\/fr\/2025\/02\/comment-ladventisme-est-il-le-plus-pertinent-de-nos-jours\/","name":"Comment l\u2019adventisme est-il le plus pertinent de nos jours? - \u00c9glise Adventiste Du Septieme Jour - Inter Am\u00e9rique Division","isPartOf":{"@id":"https:\/\/interamerica.org\/fr\/#website"},"primaryImageOfPage":{"@id":"https:\/\/interamerica.org\/fr\/2025\/02\/comment-ladventisme-est-il-le-plus-pertinent-de-nos-jours\/#primaryimage"},"image":{"@id":"https:\/\/interamerica.org\/fr\/2025\/02\/comment-ladventisme-est-il-le-plus-pertinent-de-nos-jours\/#primaryimage"},"thumbnailUrl":"https:\/\/interamerica.org\/wp-content\/uploads\/2025\/02\/44-dewang-gupta-nii6eqjt1ps-unsplash.jpg","datePublished":"2025-02-27T01:12:23+00:00","dateModified":"2025-02-27T19:57:25+00:00","author":{"@id":"https:\/\/interamerica.org\/fr\/#\/schema\/person\/29998f2bc2d8bd0d38662909289b54f1"},"breadcrumb":{"@id":"https:\/\/interamerica.org\/fr\/2025\/02\/comment-ladventisme-est-il-le-plus-pertinent-de-nos-jours\/#breadcrumb"},"inLanguage":"fr-FR","potentialAction":[{"@type":"ReadAction","target":["https:\/\/interamerica.org\/fr\/2025\/02\/comment-ladventisme-est-il-le-plus-pertinent-de-nos-jours\/"]}]},{"@type":"ImageObject","inLanguage":"fr-FR","@id":"https:\/\/interamerica.org\/fr\/2025\/02\/comment-ladventisme-est-il-le-plus-pertinent-de-nos-jours\/#primaryimage","url":"https:\/\/interamerica.org\/wp-content\/uploads\/2025\/02\/44-dewang-gupta-nii6eqjt1ps-unsplash.jpg","contentUrl":"https:\/\/interamerica.org\/wp-content\/uploads\/2025\/02\/44-dewang-gupta-nii6eqjt1ps-unsplash.jpg","width":900,"height":600,"caption":"[Photo: Dewang Gupta\/ Unsplash]"},{"@type":"BreadcrumbList","@id":"https:\/\/interamerica.org\/fr\/2025\/02\/comment-ladventisme-est-il-le-plus-pertinent-de-nos-jours\/#breadcrumb","itemListElement":[{"@type":"ListItem","position":1,"name":"Home","item":"https:\/\/interamerica.org\/fr\/"},{"@type":"ListItem","position":2,"name":"Comment l\u2019adventisme est-il le plus pertinent de nos jours?"}]},{"@type":"WebSite","@id":"https:\/\/interamerica.org\/fr\/#website","url":"https:\/\/interamerica.org\/fr\/","name":"\u00c9glise Adventiste Du Septieme Jour - Inter Am\u00e9rique Division","description":"","potentialAction":[{"@type":"SearchAction","target":{"@type":"EntryPoint","urlTemplate":"https:\/\/interamerica.org\/fr\/?s={search_term_string}"},"query-input":{"@type":"PropertyValueSpecification","valueRequired":true,"valueName":"search_term_string"}}],"inLanguage":"fr-FR"},{"@type":"Person","@id":"https:\/\/interamerica.org\/fr\/#\/schema\/person\/29998f2bc2d8bd0d38662909289b54f1","name":"libna","image":{"@type":"ImageObject","inLanguage":"fr-FR","@id":"https:\/\/secure.gravatar.com\/avatar\/7c5bd30ae4b47a9ba3c856590957fd1d96dc588bf3ac05719d247e126840331f?s=96&d=mm&r=g","url":"https:\/\/secure.gravatar.com\/avatar\/7c5bd30ae4b47a9ba3c856590957fd1d96dc588bf3ac05719d247e126840331f?s=96&d=mm&r=g","contentUrl":"https:\/\/secure.gravatar.com\/avatar\/7c5bd30ae4b47a9ba3c856590957fd1d96dc588bf3ac05719d247e126840331f?s=96&d=mm&r=g","caption":"libna"}}]}},"_links":{"self":[{"href":"https:\/\/interamerica.org\/fr\/wp-json\/wp\/v2\/posts\/125711","targetHints":{"allow":["GET"]}}],"collection":[{"href":"https:\/\/interamerica.org\/fr\/wp-json\/wp\/v2\/posts"}],"about":[{"href":"https:\/\/interamerica.org\/fr\/wp-json\/wp\/v2\/types\/post"}],"author":[{"embeddable":true,"href":"https:\/\/interamerica.org\/fr\/wp-json\/wp\/v2\/users\/3"}],"replies":[{"embeddable":true,"href":"https:\/\/interamerica.org\/fr\/wp-json\/wp\/v2\/comments?post=125711"}],"version-history":[{"count":0,"href":"https:\/\/interamerica.org\/fr\/wp-json\/wp\/v2\/posts\/125711\/revisions"}],"wp:featuredmedia":[{"embeddable":true,"href":"https:\/\/interamerica.org\/fr\/wp-json\/wp\/v2\/media\/125701"}],"wp:attachment":[{"href":"https:\/\/interamerica.org\/fr\/wp-json\/wp\/v2\/media?parent=125711"}],"wp:term":[{"taxonomy":"category","embeddable":true,"href":"https:\/\/interamerica.org\/fr\/wp-json\/wp\/v2\/categories?post=125711"},{"taxonomy":"post_tag","embeddable":true,"href":"https:\/\/interamerica.org\/fr\/wp-json\/wp\/v2\/tags?post=125711"}],"curies":[{"name":"wp","href":"https:\/\/api.w.org\/{rel}","templated":true}]}}