{"id":12572,"date":"2006-07-31T00:00:00","date_gmt":"2006-07-31T04:00:00","guid":{"rendered":"http:\/\/192.81.217.108\/interamerica\/2006\/07\/discutons-ensemble-va-sur-le-continent-africain\/"},"modified":"2017-06-02T13:17:11","modified_gmt":"2017-06-02T17:17:11","slug":"discutons-ensemble-va-sur-le-continent-africain","status":"publish","type":"post","link":"https:\/\/interamerica.org\/fr\/2006\/07\/discutons-ensemble-va-sur-le-continent-africain\/","title":{"rendered":"Discutons Ensemble Va Sur Le Continent Africain"},"content":{"rendered":"<p>31 juillet, 2006 Silver Spring, Maryland, USA  <\/p>\n<p>Quand Pasteur Jan Paulsen, pr\u00e9sident de l&#39;\u00c9glise Adventiste mondiale dit \u00ab\u00a0Discutons Ensemble\u00a0\u00bb, c&#39;est plus qu&#39;un slogan. Avec une \u00e9glise mondiale compos\u00e9e approximativement de 75 pour cent de jeunes, les dirigeants  reconnaissent qu&#39;un dialogue sinc\u00e8re et continu avec ce groupe est d&#39;importance vitale pour le futur de l&#39;\u00e9glise. <\/p>\n<p>Pour confirmer son objectif d&#39;\u00e9couter les jeunes et de tenir compte de leurs pr\u00e9occupations, Pasteur Paulsen se pr\u00e9pare pour sa septi\u00e8me rencontre \u00ab\u00a0Discutons Ensemble\u00a0\u00bb qui sera pr\u00e9sent\u00e9e au Cameroun le 17 Ao\u00fbt prochain et en Ouganda, le 22 du m\u00eame mois. <\/p>\n<p>Pour les jeunes, qui se sentent perplexes apr\u00e8s un th\u00e8me pr\u00e9sent\u00e9 depuis la chaire ou analys\u00e9 lors d&#39;un d\u00e9jeuner fraternel, \u00ab\u00a0Discutons Ensemble\u00a0\u00bb repr\u00e9sente une bonne opportunit\u00e9 pour poser des questions \u00e0 br\u00fble-pourpoint et non planifi\u00e9es d&#39;avance. Sous la m\u00eame forme des rencontres men\u00e9es \u00e0 bien en Allemagne, aux \u00c9tats-unis, en Australie et au Br\u00e9sil, le Pasteur Paulsen dialoguera avec un groupe de jeunes professionnelles adventistes.<\/p>\n<p>Malgr\u00e9 la pr\u00e9sentation famili\u00e8re de \u00ab\u00a0Discutons Ensemble\u00a0\u00bb, \u00ab\u00a0chaque culture ou Pays g\u00e9n\u00e8re  son propre format de pr\u00e9sentation de th\u00e8mes\u00a0\u00bb, souligne John Banks, producteur et directeur adjoint des Communications de l&#39;\u00c9glise mondiale, ce qui donne une dimension sp\u00e9cifique \u00e0 chaque rencontre et qui, en cons\u00e9quence, a un grand impact sur les jeunes. Mary Ngu Ekukole, charg\u00e9e de \u00ab\u00a0Discutons Ensemble au Cameroun\u00a0\u00bb dit : pour que les jeunes aient un sentiment d&#39;appartenance, il n&#39;y a rien de mieux que le contact face \u00e0 face avec un dirigeant de l&#39;\u00e9glise \u00e0 l&#39;\u00e9chelon mondial. Ngu Ekukole, en tant que journaliste et correspondante locale, ajoute : \u00ab\u00a0J&#39;attends cette entrevue avec anxi\u00e9t\u00e9, et je consid\u00e8re comme un privil\u00e8ge divin d&#39;en faire partie\u00a0\u00bb. <\/p>\n<p>Les retransmissions de \u00ab\u00a0Discutons Ensemble Afrique\u00a0\u00bb seront diffus\u00e9es par \u00ab\u00a0Hope Channel\u00a0\u00bb en diff\u00e9r\u00e9. Voulez-vous conna\u00eetre les horaires de diffusion ou avoir des informations additionnelles, visiter le site www.hopetv.org or <a  href=\"http:\/\/letstalk.adventist.org\/\">http:\/\/letstalk.adventist.org<\/a >. <\/p>\n<p><strong >Droit d&#39;Auteur (c) 2006 de Adventist News Network<\/strong >. <\/p>\n","protected":false},"excerpt":{"rendered":"<p>Quand Pasteur Jan Paulsen, pr\u00e9sident de l&#39;\u00c9glise Adventiste mondiale dit \u00ab\u00a0Discutons Ensemble\u00a0\u00bb, c&#39;est plus qu&#39;un slogan.<\/p>\n","protected":false},"author":1,"featured_media":0,"comment_status":"closed","ping_status":"closed","sticky":false,"template":"","format":"standard","meta":{"_acf_changed":false,"footnotes":""},"categories":[9],"tags":[],"class_list":["post-12572","post","type-post","status-publish","format-standard","hentry","category-archive-fr"],"acf":[],"yoast_head":"<!-- This site is optimized with the Yoast SEO plugin v27.3 - https:\/\/yoast.com\/product\/yoast-seo-wordpress\/ -->\n<title>Discutons Ensemble Va Sur Le Continent Africain - \u00c9glise Adventiste Du Septieme Jour - Inter Am\u00e9rique Division<\/title>\n<meta name=\"robots\" content=\"index, follow, max-snippet:-1, max-image-preview:large, max-video-preview:-1\" \/>\n<link rel=\"canonical\" href=\"https:\/\/interamerica.org\/fr\/2006\/07\/discutons-ensemble-va-sur-le-continent-africain\/\" \/>\n<meta property=\"og:locale\" content=\"fr_FR\" \/>\n<meta property=\"og:type\" content=\"article\" \/>\n<meta property=\"og:title\" content=\"Discutons Ensemble Va Sur Le Continent Africain - \u00c9glise Adventiste Du Septieme Jour - Inter Am\u00e9rique Division\" \/>\n<meta property=\"og:description\" content=\"Quand Pasteur Jan Paulsen, pr\u00e9sident de l&#039;\u00c9glise Adventiste mondiale dit &quot;Discutons Ensemble&quot;, c&#039;est plus qu&#039;un slogan.\" \/>\n<meta property=\"og:url\" content=\"https:\/\/interamerica.org\/fr\/2006\/07\/discutons-ensemble-va-sur-le-continent-africain\/\" \/>\n<meta property=\"og:site_name\" content=\"\u00c9glise Adventiste Du Septieme Jour - Inter Am\u00e9rique Division\" \/>\n<meta property=\"article:published_time\" content=\"2006-07-31T04:00:00+00:00\" \/>\n<meta property=\"article:modified_time\" content=\"2017-06-02T17:17:11+00:00\" \/>\n<meta name=\"author\" content=\"Lorenzo Verduzco\" \/>\n<meta name=\"twitter:card\" content=\"summary_large_image\" \/>\n<meta name=\"twitter:label1\" content=\"\u00c9crit par\" \/>\n\t<meta name=\"twitter:data1\" content=\"Lorenzo Verduzco\" \/>\n\t<meta name=\"twitter:label2\" content=\"Dur\u00e9e de lecture estim\u00e9e\" \/>\n\t<meta name=\"twitter:data2\" content=\"2 minutes\" \/>\n<script type=\"application\/ld+json\" class=\"yoast-schema-graph\">{\"@context\":\"https:\\\/\\\/schema.org\",\"@graph\":[{\"@type\":\"Article\",\"@id\":\"https:\\\/\\\/interamerica.org\\\/fr\\\/2006\\\/07\\\/discutons-ensemble-va-sur-le-continent-africain\\\/#article\",\"isPartOf\":{\"@id\":\"https:\\\/\\\/interamerica.org\\\/fr\\\/2006\\\/07\\\/discutons-ensemble-va-sur-le-continent-africain\\\/\"},\"author\":{\"name\":\"Lorenzo Verduzco\",\"@id\":\"https:\\\/\\\/interamerica.org\\\/fr\\\/#\\\/schema\\\/person\\\/68ede8bdc292885bb76c1e3810e73c39\"},\"headline\":\"Discutons Ensemble Va Sur Le Continent Africain\",\"datePublished\":\"2006-07-31T04:00:00+00:00\",\"dateModified\":\"2017-06-02T17:17:11+00:00\",\"mainEntityOfPage\":{\"@id\":\"https:\\\/\\\/interamerica.org\\\/fr\\\/2006\\\/07\\\/discutons-ensemble-va-sur-le-continent-africain\\\/\"},\"wordCount\":365,\"articleSection\":[\"Archive\"],\"inLanguage\":\"fr-FR\"},{\"@type\":\"WebPage\",\"@id\":\"https:\\\/\\\/interamerica.org\\\/fr\\\/2006\\\/07\\\/discutons-ensemble-va-sur-le-continent-africain\\\/\",\"url\":\"https:\\\/\\\/interamerica.org\\\/fr\\\/2006\\\/07\\\/discutons-ensemble-va-sur-le-continent-africain\\\/\",\"name\":\"Discutons Ensemble Va Sur Le Continent Africain - \u00c9glise Adventiste Du Septieme Jour - Inter Am\u00e9rique Division\",\"isPartOf\":{\"@id\":\"https:\\\/\\\/interamerica.org\\\/fr\\\/#website\"},\"datePublished\":\"2006-07-31T04:00:00+00:00\",\"dateModified\":\"2017-06-02T17:17:11+00:00\",\"author\":{\"@id\":\"https:\\\/\\\/interamerica.org\\\/fr\\\/#\\\/schema\\\/person\\\/68ede8bdc292885bb76c1e3810e73c39\"},\"breadcrumb\":{\"@id\":\"https:\\\/\\\/interamerica.org\\\/fr\\\/2006\\\/07\\\/discutons-ensemble-va-sur-le-continent-africain\\\/#breadcrumb\"},\"inLanguage\":\"fr-FR\",\"potentialAction\":[{\"@type\":\"ReadAction\",\"target\":[\"https:\\\/\\\/interamerica.org\\\/fr\\\/2006\\\/07\\\/discutons-ensemble-va-sur-le-continent-africain\\\/\"]}]},{\"@type\":\"BreadcrumbList\",\"@id\":\"https:\\\/\\\/interamerica.org\\\/fr\\\/2006\\\/07\\\/discutons-ensemble-va-sur-le-continent-africain\\\/#breadcrumb\",\"itemListElement\":[{\"@type\":\"ListItem\",\"position\":1,\"name\":\"Home\",\"item\":\"https:\\\/\\\/interamerica.org\\\/fr\\\/\"},{\"@type\":\"ListItem\",\"position\":2,\"name\":\"Discutons Ensemble Va Sur Le Continent Africain\"}]},{\"@type\":\"WebSite\",\"@id\":\"https:\\\/\\\/interamerica.org\\\/fr\\\/#website\",\"url\":\"https:\\\/\\\/interamerica.org\\\/fr\\\/\",\"name\":\"\u00c9glise Adventiste Du Septieme Jour - Inter Am\u00e9rique Division\",\"description\":\"\",\"potentialAction\":[{\"@type\":\"SearchAction\",\"target\":{\"@type\":\"EntryPoint\",\"urlTemplate\":\"https:\\\/\\\/interamerica.org\\\/fr\\\/?s={search_term_string}\"},\"query-input\":{\"@type\":\"PropertyValueSpecification\",\"valueRequired\":true,\"valueName\":\"search_term_string\"}}],\"inLanguage\":\"fr-FR\"},{\"@type\":\"Person\",\"@id\":\"https:\\\/\\\/interamerica.org\\\/fr\\\/#\\\/schema\\\/person\\\/68ede8bdc292885bb76c1e3810e73c39\",\"name\":\"Lorenzo Verduzco\",\"image\":{\"@type\":\"ImageObject\",\"inLanguage\":\"fr-FR\",\"@id\":\"https:\\\/\\\/secure.gravatar.com\\\/avatar\\\/fb81a55b6218459490a9c1dc841a34909185b81904c5337b4b27f7a6fd60c49e?s=96&d=mm&r=g\",\"url\":\"https:\\\/\\\/secure.gravatar.com\\\/avatar\\\/fb81a55b6218459490a9c1dc841a34909185b81904c5337b4b27f7a6fd60c49e?s=96&d=mm&r=g\",\"contentUrl\":\"https:\\\/\\\/secure.gravatar.com\\\/avatar\\\/fb81a55b6218459490a9c1dc841a34909185b81904c5337b4b27f7a6fd60c49e?s=96&d=mm&r=g\",\"caption\":\"Lorenzo Verduzco\"}}]}<\/script>\n<!-- \/ Yoast SEO plugin. -->","yoast_head_json":{"title":"Discutons Ensemble Va Sur Le Continent Africain - \u00c9glise Adventiste Du Septieme Jour - Inter Am\u00e9rique Division","robots":{"index":"index","follow":"follow","max-snippet":"max-snippet:-1","max-image-preview":"max-image-preview:large","max-video-preview":"max-video-preview:-1"},"canonical":"https:\/\/interamerica.org\/fr\/2006\/07\/discutons-ensemble-va-sur-le-continent-africain\/","og_locale":"fr_FR","og_type":"article","og_title":"Discutons Ensemble Va Sur Le Continent Africain - \u00c9glise Adventiste Du Septieme Jour - Inter Am\u00e9rique Division","og_description":"Quand Pasteur Jan Paulsen, pr\u00e9sident de l&#39;\u00c9glise Adventiste mondiale dit \"Discutons Ensemble\", c&#39;est plus qu&#39;un slogan.","og_url":"https:\/\/interamerica.org\/fr\/2006\/07\/discutons-ensemble-va-sur-le-continent-africain\/","og_site_name":"\u00c9glise Adventiste Du Septieme Jour - Inter Am\u00e9rique Division","article_published_time":"2006-07-31T04:00:00+00:00","article_modified_time":"2017-06-02T17:17:11+00:00","author":"Lorenzo Verduzco","twitter_card":"summary_large_image","twitter_misc":{"\u00c9crit par":"Lorenzo Verduzco","Dur\u00e9e de lecture estim\u00e9e":"2 minutes"},"schema":{"@context":"https:\/\/schema.org","@graph":[{"@type":"Article","@id":"https:\/\/interamerica.org\/fr\/2006\/07\/discutons-ensemble-va-sur-le-continent-africain\/#article","isPartOf":{"@id":"https:\/\/interamerica.org\/fr\/2006\/07\/discutons-ensemble-va-sur-le-continent-africain\/"},"author":{"name":"Lorenzo Verduzco","@id":"https:\/\/interamerica.org\/fr\/#\/schema\/person\/68ede8bdc292885bb76c1e3810e73c39"},"headline":"Discutons Ensemble Va Sur Le Continent Africain","datePublished":"2006-07-31T04:00:00+00:00","dateModified":"2017-06-02T17:17:11+00:00","mainEntityOfPage":{"@id":"https:\/\/interamerica.org\/fr\/2006\/07\/discutons-ensemble-va-sur-le-continent-africain\/"},"wordCount":365,"articleSection":["Archive"],"inLanguage":"fr-FR"},{"@type":"WebPage","@id":"https:\/\/interamerica.org\/fr\/2006\/07\/discutons-ensemble-va-sur-le-continent-africain\/","url":"https:\/\/interamerica.org\/fr\/2006\/07\/discutons-ensemble-va-sur-le-continent-africain\/","name":"Discutons Ensemble Va Sur Le Continent Africain - \u00c9glise Adventiste Du Septieme Jour - Inter Am\u00e9rique Division","isPartOf":{"@id":"https:\/\/interamerica.org\/fr\/#website"},"datePublished":"2006-07-31T04:00:00+00:00","dateModified":"2017-06-02T17:17:11+00:00","author":{"@id":"https:\/\/interamerica.org\/fr\/#\/schema\/person\/68ede8bdc292885bb76c1e3810e73c39"},"breadcrumb":{"@id":"https:\/\/interamerica.org\/fr\/2006\/07\/discutons-ensemble-va-sur-le-continent-africain\/#breadcrumb"},"inLanguage":"fr-FR","potentialAction":[{"@type":"ReadAction","target":["https:\/\/interamerica.org\/fr\/2006\/07\/discutons-ensemble-va-sur-le-continent-africain\/"]}]},{"@type":"BreadcrumbList","@id":"https:\/\/interamerica.org\/fr\/2006\/07\/discutons-ensemble-va-sur-le-continent-africain\/#breadcrumb","itemListElement":[{"@type":"ListItem","position":1,"name":"Home","item":"https:\/\/interamerica.org\/fr\/"},{"@type":"ListItem","position":2,"name":"Discutons Ensemble Va Sur Le Continent Africain"}]},{"@type":"WebSite","@id":"https:\/\/interamerica.org\/fr\/#website","url":"https:\/\/interamerica.org\/fr\/","name":"\u00c9glise Adventiste Du Septieme Jour - Inter Am\u00e9rique Division","description":"","potentialAction":[{"@type":"SearchAction","target":{"@type":"EntryPoint","urlTemplate":"https:\/\/interamerica.org\/fr\/?s={search_term_string}"},"query-input":{"@type":"PropertyValueSpecification","valueRequired":true,"valueName":"search_term_string"}}],"inLanguage":"fr-FR"},{"@type":"Person","@id":"https:\/\/interamerica.org\/fr\/#\/schema\/person\/68ede8bdc292885bb76c1e3810e73c39","name":"Lorenzo Verduzco","image":{"@type":"ImageObject","inLanguage":"fr-FR","@id":"https:\/\/secure.gravatar.com\/avatar\/fb81a55b6218459490a9c1dc841a34909185b81904c5337b4b27f7a6fd60c49e?s=96&d=mm&r=g","url":"https:\/\/secure.gravatar.com\/avatar\/fb81a55b6218459490a9c1dc841a34909185b81904c5337b4b27f7a6fd60c49e?s=96&d=mm&r=g","contentUrl":"https:\/\/secure.gravatar.com\/avatar\/fb81a55b6218459490a9c1dc841a34909185b81904c5337b4b27f7a6fd60c49e?s=96&d=mm&r=g","caption":"Lorenzo Verduzco"}}]}},"_links":{"self":[{"href":"https:\/\/interamerica.org\/fr\/wp-json\/wp\/v2\/posts\/12572","targetHints":{"allow":["GET"]}}],"collection":[{"href":"https:\/\/interamerica.org\/fr\/wp-json\/wp\/v2\/posts"}],"about":[{"href":"https:\/\/interamerica.org\/fr\/wp-json\/wp\/v2\/types\/post"}],"author":[{"embeddable":true,"href":"https:\/\/interamerica.org\/fr\/wp-json\/wp\/v2\/users\/1"}],"replies":[{"embeddable":true,"href":"https:\/\/interamerica.org\/fr\/wp-json\/wp\/v2\/comments?post=12572"}],"version-history":[{"count":0,"href":"https:\/\/interamerica.org\/fr\/wp-json\/wp\/v2\/posts\/12572\/revisions"}],"wp:attachment":[{"href":"https:\/\/interamerica.org\/fr\/wp-json\/wp\/v2\/media?parent=12572"}],"wp:term":[{"taxonomy":"category","embeddable":true,"href":"https:\/\/interamerica.org\/fr\/wp-json\/wp\/v2\/categories?post=12572"},{"taxonomy":"post_tag","embeddable":true,"href":"https:\/\/interamerica.org\/fr\/wp-json\/wp\/v2\/tags?post=12572"}],"curies":[{"name":"wp","href":"https:\/\/api.w.org\/{rel}","templated":true}]}}