{"id":125804,"date":"2025-03-02T20:47:02","date_gmt":"2025-03-03T01:47:02","guid":{"rendered":"https:\/\/interamerica.org\/?p=125804"},"modified":"2025-03-04T12:22:24","modified_gmt":"2025-03-04T17:22:24","slug":"leglise-adventiste-en-inter-amerique-lance-vividfaith-pour-renforcer-le-service-missionnaire","status":"publish","type":"post","link":"https:\/\/interamerica.org\/fr\/2025\/03\/leglise-adventiste-en-inter-amerique-lance-vividfaith-pour-renforcer-le-service-missionnaire\/","title":{"rendered":"L\u2019\u00c9glise adventiste en Inter-Am\u00e9rique lance \u00ab VividFaith \u00bb pour renforcer le service missionnaire"},"content":{"rendered":"<p><div id=\"attachment_125742\" style=\"width: 1010px\" class=\"wp-caption aligncenter\"><img fetchpriority=\"high\" decoding=\"async\" aria-describedby=\"caption-attachment-125742\" class=\"size-full wp-image-125741\" src=\"https:\/\/interamerica.org\/wp-content\/uploads\/2025\/03\/samueltelemaque-vividfaith-2-2025.jpg\" alt=\"\" width=\"1000\" height=\"664\" srcset=\"https:\/\/interamerica.org\/wp-content\/uploads\/2025\/03\/samueltelemaque-vividfaith-2-2025.jpg 1000w, https:\/\/interamerica.org\/wp-content\/uploads\/2025\/03\/samueltelemaque-vividfaith-2-2025-300x199.jpg 300w, https:\/\/interamerica.org\/wp-content\/uploads\/2025\/03\/samueltelemaque-vividfaith-2-2025-768x510.jpg 768w\" sizes=\"(max-width: 1000px) 100vw, 1000px\" \/><p id=\"caption-attachment-125742\" class=\"wp-caption-text\">Pasteur Samuel Telemaque (\u00e0 droite), directeur de l\u2019\u00c9cole du Sabbat et de Mission Adventiste pour la Division Inter Am\u00e9ricaine, s\u2019adresse \u00e0 des dizaines de dirigeants et de membres du personnel des unions lors de la formation avanc\u00e9e de Recrutement pour la Mission avec VividFaith, organis\u00e9e par l\u2019\u00c9glise, les 5 et 6 f\u00e9vrier 2025, \u00e0 Miami, en Floride, aux \u00c9tats-Unis. Le pasteur Luis Trundle (\u00e0 gauche), secr\u00e9taire ex\u00e9cutif de l\u2019Union du Honduras, traduit pendant le message du pasteur Telemaque. [Photo : Keila Trejo\/DIA]<\/p><\/div><em>Les dirigeants d\u00e9couvrent une nouvelle plateforme pour revitaliser les opportunit\u00e9s de mission dans les 25 unions de la DIA.<\/em><\/p>\n<p data-start=\"316\" data-end=\"415\">Miami, Floride, \u00c9tats-Unis | 28 f\u00e9vrier 2025 | Libna Stevens, Actualit\u00e9s de la Division Inter-Am\u00e9ricaine<\/p>\n<p>L\u2019\u00c9glise adventiste du septi\u00e8me jour dans la Division Inter Am\u00e9ricaine (DIA) a pris des mesures claires pour revitaliser ses opportunit\u00e9s de mission dans les 25 principales r\u00e9gions de son territoire lors d\u2019une session de formation avanc\u00e9e qui s\u2019est tenue r\u00e9cemment \u00e0 Miami, en Floride, aux \u00c9tats-Unis. Les sessions de formation qui se sont d\u00e9roul\u00e9es sur deux jours ont r\u00e9uni les dirigeants ex\u00e9cutifs et le personnel des unions pour qu\u2019ils mettent l\u2019emphase sur l\u2019am\u00e9lioration des opportunit\u00e9s de mission en utilisant la plateforme de recrutement en place par l\u2019\u00e9glise appel\u00e9e VividFaith.<\/p>\n<p>VividFaith est un outil en ligne con\u00e7u pour \u00e9tablir le lien entre les missionnaires potentiels et les opportunit\u00e9s de mission dans le monde entier. VividFaith est un \u00e9l\u00e9ment cl\u00e9 de la strat\u00e9gie de Recentrage sur la Mission mise en place par la Conf\u00e9rence G\u00e9n\u00e9rale, qui vise \u00e0 r\u00e9aligner les priorit\u00e9s et la mission de l\u2019\u00e9glise pour mieux servir ses membres et ses communaut\u00e9s en constante \u00e9volution.<\/p>\n<div id=\"attachment_125745\" style=\"width: 1010px\" class=\"wp-caption aligncenter\"><img decoding=\"async\" aria-describedby=\"caption-attachment-125745\" class=\"size-full wp-image-125744\" src=\"https:\/\/interamerica.org\/wp-content\/uploads\/2025\/03\/vividfaith-training2-2025.jpg\" alt=\"\" width=\"1000\" height=\"667\" srcset=\"https:\/\/interamerica.org\/wp-content\/uploads\/2025\/03\/vividfaith-training2-2025.jpg 1000w, https:\/\/interamerica.org\/wp-content\/uploads\/2025\/03\/vividfaith-training2-2025-300x200.jpg 300w, https:\/\/interamerica.org\/wp-content\/uploads\/2025\/03\/vividfaith-training2-2025-768x512.jpg 768w\" sizes=\"(max-width: 1000px) 100vw, 1000px\" \/><p id=\"caption-attachment-125745\" class=\"wp-caption-text\">Les dirigeants de la DIA participent \u00e0 une formation pratique, apprenant \u00e0 utiliser la plateforme VividFaith pour \u00e9largir les opportunit\u00e9s de mission. [Photo : Keila Trejo\/DIA]<\/p><\/div>\n<p data-start=\"1256\" data-end=\"1647\">C\u2019est la premi\u00e8re fois que la DIA s\u2019associe \u00e0 VividFaith \u00e0 une si grande \u00e9chelle lors d\u2019un programme appel\u00e9 \u00ab Recrutement pour la Mission, \u00bb a dit pasteur Samuel Telemaque, directeur de l\u2019\u00c9cole du Sabbat et de Mission Adventiste pour la DIA. En cons\u00e9quence directe de la formation, 158 propositions de mission ont \u00e9t\u00e9 publi\u00e9es sur la plateforme VividFaith, et de nombreuses r\u00e9ponses ont imm\u00e9diatement afflu\u00e9.<\/p>\n<p data-start=\"1649\" data-end=\"1926\">\u00ab La formation s\u2019accompagne d\u2019une mise en responsabilit\u00e9, \u00bb a d\u00e9clar\u00e9 pasteur Telemaque, principal organisateur du programme. \u00ab Notre \u00e9quipe de nouveaux coordinateurs VividFaith aidera \u00e0 d\u00e9velopper des opportunit\u00e9s de mission dans la DIA, et nous sommes impatients d\u2019accueillir et d\u2019\u00e9quiper les missionnaires pour les nombreux champs de mission au sein de notre division. \u00bb<\/p>\n<h3 data-start=\"1928\" data-end=\"1974\"><strong data-start=\"1932\" data-end=\"1974\">Une approche sur mesure des missions mondiales <\/strong><\/h3>\n<p data-start=\"1976\" data-end=\"2559\">La pr\u00e9paration du programme de formation a commenc\u00e9 fin 2024 et a n\u00e9cessit\u00e9 une importante coordination. Selon Fylvia Fowler Kline, manager de VividFaith, le succ\u00e8s du programme reposait sur une planification minutieuse. Les dirigeants ont identifi\u00e9 les opportunit\u00e9s de mission n\u00e9cessitant une expertise sp\u00e9cialis\u00e9e, cr\u00e9\u00e9 des descriptions de poste d\u00e9taill\u00e9es et obtenu le soutien financier n\u00e9cessaire pour chaque poste en amont du programme. Fylvia Kline a expliqu\u00e9 : \u00ab Ce qui est unique avec VividFaith, c\u2019est sa capacit\u00e9 \u00e0 s\u2019adapter aux besoins et aux r\u00e8glements d\u2019une organisation, \u00e0 recruter des volontaires, des employ\u00e9s, des travailleurs \u00e0 distance, des travailleurs ind\u00e9pendants, et bien plus. \u00bb<\/p>\n<div id=\"attachment_125760\" style=\"width: 1010px\" class=\"wp-caption aligncenter\"><img decoding=\"async\" aria-describedby=\"caption-attachment-125760\" class=\"size-full wp-image-125759\" src=\"https:\/\/interamerica.org\/wp-content\/uploads\/2025\/03\/fylvia-kline-vividfaith-2025.jpg\" alt=\"\" width=\"1000\" height=\"667\" srcset=\"https:\/\/interamerica.org\/wp-content\/uploads\/2025\/03\/fylvia-kline-vividfaith-2025.jpg 1000w, https:\/\/interamerica.org\/wp-content\/uploads\/2025\/03\/fylvia-kline-vividfaith-2025-300x200.jpg 300w, https:\/\/interamerica.org\/wp-content\/uploads\/2025\/03\/fylvia-kline-vividfaith-2025-768x512.jpg 768w\" sizes=\"(max-width: 1000px) 100vw, 1000px\" \/><p id=\"caption-attachment-125760\" class=\"wp-caption-text\">Fylvia Fowler Kline, responsable de VividFaith, discute du potentiel qu\u2019a la plateforme de faire le lien entre les b\u00e9n\u00e9voles et les opportunit\u00e9s de mission lors de la session de formation organis\u00e9e par la DIA \u00e0 Miami. [Photo : Keila Trejo\/DIA]<\/p><\/div>\n<p data-start=\"2561\" data-end=\"2820\">Fylvia Kline a \u00e9galement soulign\u00e9 l\u2019ouverture de la plateforme aux personnes de toutes confessions, ce qui permet aux adventistes de collaborer avec des individus de diverses autres religions. Cela, a-t-elle d\u00e9clar\u00e9, favorise un environnement o\u00f9 les gens peuvent \u00e9tablir des relations et planter des semences de foi.<\/p>\n<h3 data-start=\"2822\" data-end=\"2871\"><strong data-start=\"2826\" data-end=\"2871\">R\u00e9pondre \u00e0 la demande croissante de volontaires <\/strong><\/h3>\n<p data-start=\"2873\" data-end=\"3387\">Le programme de formation innovant a soulign\u00e9 l\u2019engagement de la DIA \u00e0 \u00e9tendre la mission \u00e9vang\u00e9lique au-del\u00e0 de ses fronti\u00e8res, a d\u00e9clar\u00e9 Fylvia Kline. Elle a fait remarquer que de nombreuses personnes sont d\u00e9sireuses de servir, mais que la demande d\u2019opportunit\u00e9s de service ax\u00e9es sur la mission d\u00e9passe souvent les postes disponibles. \u00ab L\u2019ajout r\u00e9cent d\u2019opportunit\u00e9s de mission par la DIA augmentera les propositions de mission actuelles sur VividFaith de 15 pour cent, \u00bb a expliqu\u00e9 Fylvia Kline. Avec pr\u00e8s de 20000 utilisateurs enregistr\u00e9s, la plateforme met en relation des personnes qualifi\u00e9es avec des organisations dans le besoin.<\/p>\n<p data-start=\"3389\" data-end=\"3715\">Pendant des ann\u00e9es, la DIA avait un nombre limit\u00e9 d\u2019offres pour les volontaires sur VividFaith, principalement parce que les unions ne jouaient pas un r\u00f4le central dans le recrutement pour la mission ou n\u2019avaient pas acc\u00e8s \u00e0 la plateforme, a d\u00e9clar\u00e9 Fylvia Kline. La session de formation avait pour objectif de changer cela en dotant les dirigeants d\u2019union des outils n\u00e9cessaires pour promouvoir VividFaith dans les f\u00e9d\u00e9rations et les missions.<\/p>\n<div id=\"attachment_125769\" style=\"width: 1010px\" class=\"wp-caption aligncenter\"><img loading=\"lazy\" decoding=\"async\" aria-describedby=\"caption-attachment-125769\" class=\"size-full wp-image-125768\" src=\"https:\/\/interamerica.org\/wp-content\/uploads\/2025\/03\/vividfaith-training3.jpg\" alt=\"\" width=\"1000\" height=\"667\" srcset=\"https:\/\/interamerica.org\/wp-content\/uploads\/2025\/03\/vividfaith-training3.jpg 1000w, https:\/\/interamerica.org\/wp-content\/uploads\/2025\/03\/vividfaith-training3-300x200.jpg 300w, https:\/\/interamerica.org\/wp-content\/uploads\/2025\/03\/vividfaith-training3-768x512.jpg 768w\" sizes=\"(max-width: 1000px) 100vw, 1000px\" \/><p id=\"caption-attachment-125769\" class=\"wp-caption-text\">Un participant utilise activement la plateforme VividFaith pendant la session de formation \u00e0 Miami. [Photo : Keila Trejo\/DIA]<\/p><\/div>\n<h3 data-start=\"3717\" data-end=\"3765\"><strong data-start=\"3721\" data-end=\"3765\">D\u00e9velopper les opportunit\u00e9s pour les jeunes <\/strong><\/h3>\n<p data-start=\"3767\" data-end=\"4199\">Pasteur Telemaque a indiqu\u00e9 que la formation avanc\u00e9e aura un impact consid\u00e9rable, notamment en promouvant les opportunit\u00e9s de volontariat parmi les \u00e9tudiants d\u2019universit\u00e9, dans les programmes organis\u00e9s par les \u00e9coles et dans les \u00e9glises. \u00ab Nos jeunes inscrits dans les \u00e9coles peuvent prendre une ann\u00e9e sabbatique pour servir dans des endroits comme le Costa Rica, le Panama ou m\u00eame Ha\u00efti, \u00bb a-t-il d\u00e9clar\u00e9. Les opportunit\u00e9s de mission actuelles juste pour Ha\u00efti comprennent des postes d\u2019enseignant, tels que professeurs de math\u00e9matiques et d\u2019anglais, \u00e0 la fois au niveau local et au niveau r\u00e9gional avec une opportunit\u00e9 de service en ligne.<\/p>\n<p data-start=\"4201\" data-end=\"4409\">L\u2019objectif de la DIA est de recruter 2000 volontaires d\u2019ici 2030<strong>, <\/strong>soit au moins 400 volontaires par an<strong>.<\/strong> Cet objectif ambitieux met en lumi\u00e8re la volont\u00e9 de la division d\u2019impliquer davantage de personnes dans l\u2019\u0153uvre missionnaire.<\/p>\n<h3 data-start=\"4411\" data-end=\"4478\"><strong data-start=\"4415\" data-end=\"4478\">\u00c9largir la port\u00e9e du travail missionnaire<\/strong><\/h3>\n<p data-start=\"4480\" data-end=\"4975\">Le programme de formation \u00e9tait \u00e9galement important pour les dirigeants des diverses r\u00e9gions. Gail Smith-Anthony, de l\u2019Union de la Cara\u00efbe, a exprim\u00e9 son optimisme quant au fait que le programme cr\u00e9erait davantage d\u2019opportunit\u00e9s de mission dans la Cara\u00efbe. \u00ab Il y a pl\u00e9thore de jeunes dans la Cara\u00efbe pr\u00eats \u00e0 s\u2019impliquer dans des activit\u00e9s missionnaires \u00e0 l\u2019\u00e9tranger, \u00bb a-t-elle d\u00e9clar\u00e9. Elle a soulign\u00e9 que m\u00eame les dipl\u00f4m\u00e9s de l\u2019Universit\u00e9 du Sud de la Cara\u00efbe \u00e0 Trinidad ont l\u2019occasion de participer aux opportunit\u00e9s de mission de VividFaith.<\/p>\n<div id=\"attachment_125766\" style=\"width: 1010px\" class=\"wp-caption aligncenter\"><img loading=\"lazy\" decoding=\"async\" aria-describedby=\"caption-attachment-125766\" class=\"size-full wp-image-125765\" src=\"https:\/\/interamerica.org\/wp-content\/uploads\/2025\/03\/gail-smith-anthony-usc-vividfaith.png\" alt=\"\" width=\"1000\" height=\"679\" srcset=\"https:\/\/interamerica.org\/wp-content\/uploads\/2025\/03\/gail-smith-anthony-usc-vividfaith.png 1000w, https:\/\/interamerica.org\/wp-content\/uploads\/2025\/03\/gail-smith-anthony-usc-vividfaith-300x204.png 300w, https:\/\/interamerica.org\/wp-content\/uploads\/2025\/03\/gail-smith-anthony-usc-vividfaith-768x521.png 768w\" sizes=\"(max-width: 1000px) 100vw, 1000px\" \/><p id=\"caption-attachment-125766\" class=\"wp-caption-text\">Gail Smith-Anthony, de l\u2019Union de la Cara\u00efbe, a particip\u00e9 \u00e0 la formation VividFaith et a d\u00e9clar\u00e9 qu\u2019elle avait acquis des connaissances lui permettant de promouvoir les opportunit\u00e9s de mission dans la Cara\u00efbe. [Photo : Libna Stevens\/DIA]<\/p><\/div>\n<p data-start=\"4977\" data-end=\"5416\">Pour Jacques Bibrac, secr\u00e9taire ex\u00e9cutif de l\u2019Union des Antilles et de la Guyane Fran\u00e7aises, et son assistante Florine Melchior, la formation a permis d\u2019ouvrir les yeux. Il pense que cela les aidera \u00e0 engager plus de volontaires, en particulier des jeunes professionnels, pour des opportunit\u00e9s de mission en Martinique, en Guadeloupe et en Guyane fran\u00e7aise. \u00ab Nous devons encore \u00e9tudier en profondeur les besoins sur notre territoire, \u00bb a dit Jacques Bibrac, \u00ab mais nous avons des ouvertures pour des enseignants \u00e9trangers, pour ceux qui implantent des \u00e9glises et pour d\u2019autres personnes qui sont d\u00e9sireuses de servir. \u00bb<\/p>\n<p>Misael Gonz\u00e1lez, directeur des minist\u00e8res de la jeunesse pour l\u2019Union du Panama et d\u00e9l\u00e9gu\u00e9 \u00e0 la session de formation, a \u00e9t\u00e9 impressionn\u00e9 par la nature conviviale de la plateforme. Il a indiqu\u00e9 que sur les cinq propositions de mission qu\u2019il a publi\u00e9es, deux personnes ont imm\u00e9diatement postul\u00e9 pour servir au Panama. \u00ab Cet outil est crucial pour nous parce que nous avons des domaines dans lesquels les missionnaires pourraient \u00eatre une grande b\u00e9n\u00e9diction. Cela ouvre une porte qui nous relie ici au Panama \u00e0 ceux d\u2019ailleurs qui sont pr\u00eats \u00e0 servir, \u00bb a expliqu\u00e9 Misael Gonz\u00e1lez. Il a \u00e9galement mentionn\u00e9 qu\u2019il pr\u00e9voit de promouvoir les opportunit\u00e9s de service de VividFaith lors d\u2019un prochain congr\u00e8s de leadership de la jeunesse, o\u00f9 plus de 1800 jeunes se r\u00e9uniront \u00e0 la fin du mois de mai.<\/p>\n<p><div id=\"attachment_125751\" style=\"width: 1010px\" class=\"wp-caption aligncenter\"><img loading=\"lazy\" decoding=\"async\" aria-describedby=\"caption-attachment-125751\" class=\"size-full wp-image-125750\" src=\"https:\/\/interamerica.org\/wp-content\/uploads\/2025\/03\/misaelgonzalez-panu-vividfaith2025.jpg\" alt=\"\" width=\"1000\" height=\"667\" srcset=\"https:\/\/interamerica.org\/wp-content\/uploads\/2025\/03\/misaelgonzalez-panu-vividfaith2025.jpg 1000w, https:\/\/interamerica.org\/wp-content\/uploads\/2025\/03\/misaelgonzalez-panu-vividfaith2025-300x200.jpg 300w, https:\/\/interamerica.org\/wp-content\/uploads\/2025\/03\/misaelgonzalez-panu-vividfaith2025-768x512.jpg 768w\" sizes=\"(max-width: 1000px) 100vw, 1000px\" \/><p id=\"caption-attachment-125751\" class=\"wp-caption-text\">Misael Gonz\u00e1lez, directeur des minist\u00e8res de la jeunesse pour l\u2019Union du Panama, sourit alors qu\u2019il participe \u00e0 la session de formation de VividFaith pour explorer les moyens d\u2019\u00e9largir les opportunit\u00e9s de mission au Panama. [Photo : Keila Trejo\/DIA]<\/p><\/div>Pasteur Leonard Johnson, secr\u00e9taire ex\u00e9cutif de la DIA, a mis l\u2019accent sur l\u2019importance d\u2019identifier les besoins missionnaires pour accomplir la mission de l\u2019\u00e9vangile dans toute la division. \u00ab Nous ne pouvons pas garder J\u00e9sus pour nous-m\u00eames, \u00bb a d\u00e9clar\u00e9 pasteur Johnson. \u00ab Notre foi ne laisse aucune place \u00e0 l\u2019exclusivit\u00e9 ; nous sommes appel\u00e9s \u00e0 le proclamer dans le monde entier. \u00bb<\/p>\n<h3 data-start=\"5762\" data-end=\"5801\"><strong data-start=\"5766\" data-end=\"5801\">A Unified Church in the Mission<\/strong><\/h3>\n<p data-start=\"5803\" data-end=\"6210\">Le partenariat entre la DIA et VividFaith refl\u00e8te l\u2019approche int\u00e9gr\u00e9e de l\u2019\u00c9glise en mati\u00e8re de travail missionnaire. Pasteur Erton Kohler, secr\u00e9taire ex\u00e9cutif de la Conf\u00e9rence G\u00e9n\u00e9rale, a d\u00e9clar\u00e9 que malgr\u00e9 les divisions administratives et g\u00e9ographiques, l\u2019\u00c9glise reste unifi\u00e9e dans sa mission. \u00ab Nous sommes peut-\u00eatre s\u00e9par\u00e9s en divisions et en champs rattach\u00e9s, mais nous sommes une seule \u00e9glise, partageant la m\u00eame vision et les m\u00eames objectifs, \u00bb a d\u00e9clar\u00e9 Erton Kohler.<\/p>\n<div id=\"attachment_125763\" style=\"width: 1010px\" class=\"wp-caption aligncenter\"><img loading=\"lazy\" decoding=\"async\" aria-describedby=\"caption-attachment-125763\" class=\"size-full wp-image-125762\" src=\"https:\/\/interamerica.org\/wp-content\/uploads\/2025\/03\/elie-henry-vivid-faith-2025.jpg\" alt=\"\" width=\"1000\" height=\"667\" srcset=\"https:\/\/interamerica.org\/wp-content\/uploads\/2025\/03\/elie-henry-vivid-faith-2025.jpg 1000w, https:\/\/interamerica.org\/wp-content\/uploads\/2025\/03\/elie-henry-vivid-faith-2025-300x200.jpg 300w, https:\/\/interamerica.org\/wp-content\/uploads\/2025\/03\/elie-henry-vivid-faith-2025-768x512.jpg 768w\" sizes=\"(max-width: 1000px) 100vw, 1000px\" \/><p id=\"caption-attachment-125763\" class=\"wp-caption-text\">Pasteur Elie Henry, pr\u00e9sident de la DIA, souligne l\u2019importance de la collaboration missionnaire mondiale aupr\u00e8s des dirigeants lors de la session de formation de VividFaith du 5 au 6 f\u00e9vrier. [Photo : Keila Trejo\/DIA]<\/p><\/div>\n<p data-start=\"6212\" data-end=\"6486\">Reproduire de tels programmes de formation dans d\u2019autres divisions am\u00e8nera probablement une augmentation significative des opportunit\u00e9s de mission, selon Fylvia Kline. Elle a salu\u00e9 l\u2019excellente organisation et le soutien financier de la DIA, les qualifiant de \u00ab mod\u00e8les pour les autres divisions du monde. \u00bb<\/p>\n<p>\u00c0 la fin de la formation, chaque participant a \u00e9t\u00e9 certifi\u00e9 coordinateur VividFaith, \u00e9quip\u00e9 pour former d\u2019autres personnes dans le territoire de leurs unions et promouvoir les opportunit\u00e9s de mission dans les \u00e9coles, les \u00e9glises, les activit\u00e9s, les programmes et plus encore.<\/p>\n<p data-start=\"6759\" data-end=\"7156\">Pasteur Elie Henry<strong>, <\/strong>pr\u00e9sident de la DIA, a rappel\u00e9 aux participants l\u2019importance de regarder au-del\u00e0 de leurs propres ressources et de leurs besoins. \u00ab En tant que membre de l\u2019\u00c9glise mondiale, nous devons \u00eatre conscients de la mission mondiale, \u00bb a-t-il d\u00e9clar\u00e9. \u00ab L\u2019Inter Am\u00e9rique doit \u00eatre vue et ressentie au-del\u00e0 de nos pays. Le monde doit savoir que notre diversit\u00e9 linguistique et culturelle a beaucoup \u00e0 offrir pour h\u00e2ter la venue de notre Seigneur. \u00bb<\/p>\n<p><div id=\"attachment_125739\" style=\"width: 1010px\" class=\"wp-caption aligncenter\"><img loading=\"lazy\" decoding=\"async\" aria-describedby=\"caption-attachment-125739\" class=\"size-full wp-image-125738\" src=\"https:\/\/interamerica.org\/wp-content\/uploads\/2025\/03\/vividfaith-group-2025.jpg\" alt=\"\" width=\"1000\" height=\"667\" srcset=\"https:\/\/interamerica.org\/wp-content\/uploads\/2025\/03\/vividfaith-group-2025.jpg 1000w, https:\/\/interamerica.org\/wp-content\/uploads\/2025\/03\/vividfaith-group-2025-300x200.jpg 300w, https:\/\/interamerica.org\/wp-content\/uploads\/2025\/03\/vividfaith-group-2025-768x512.jpg 768w\" sizes=\"(max-width: 1000px) 100vw, 1000px\" \/><p id=\"caption-attachment-125739\" class=\"wp-caption-text\">Photo de groupe lors de la session de formation VividFaith \u00e0 Miami, en Floride, aux \u00c9tats-Unis, du 5 au 6 f\u00e9vrier 2025. [Photo : Wilmer Barboza\/DIA]<\/p><\/div>Pour en savoir plus sur les opportunit\u00e9s de mission via VividFaith, visitez le site <a href=\"https:\/\/vividfaith.com\/\">vividfaith.com<\/a><\/p>\n<p><em>Fylvia Fowler Kline a contribu\u00e9 aux informations contenues dans cet article.<\/em><\/p>\n<p>Traduction: Patrick Luciathe<\/p>\n","protected":false},"excerpt":{"rendered":"<p>Les dirigeants d\u00e9couvrent une nouvelle plateforme pour revitaliser les opportunit\u00e9s de mission dans les 25 unions de la DIA. Miami, Floride, \u00c9tats-Unis | 28 f\u00e9vrier 2025 | Libna Stevens, Actualit\u00e9s&#8230;<\/p>\n","protected":false},"author":3,"featured_media":125742,"comment_status":"closed","ping_status":"closed","sticky":false,"template":"","format":"standard","meta":{"_acf_changed":false,"footnotes":""},"categories":[20,19],"tags":[],"class_list":["post-125804","post","type-post","status-publish","format-standard","has-post-thumbnail","hentry","category-nouvelles-du-siege-de-la-division","category-rss-francais"],"acf":[],"yoast_head":"<!-- This site is optimized with the Yoast SEO plugin v27.3 - https:\/\/yoast.com\/product\/yoast-seo-wordpress\/ -->\n<title>L\u2019\u00c9glise adventiste en Inter-Am\u00e9rique lance \u00ab VividFaith \u00bb pour renforcer le service missionnaire - \u00c9glise Adventiste Du Septieme Jour - Inter Am\u00e9rique Division<\/title>\n<meta name=\"robots\" content=\"index, follow, max-snippet:-1, max-image-preview:large, max-video-preview:-1\" \/>\n<link rel=\"canonical\" href=\"https:\/\/interamerica.org\/fr\/2025\/03\/leglise-adventiste-en-inter-amerique-lance-vividfaith-pour-renforcer-le-service-missionnaire\/\" \/>\n<meta property=\"og:locale\" content=\"fr_FR\" \/>\n<meta property=\"og:type\" content=\"article\" \/>\n<meta property=\"og:title\" content=\"L\u2019\u00c9glise adventiste en Inter-Am\u00e9rique lance \u00ab VividFaith \u00bb pour renforcer le service missionnaire - \u00c9glise Adventiste Du Septieme Jour - Inter Am\u00e9rique Division\" \/>\n<meta property=\"og:description\" content=\"Les dirigeants d\u00e9couvrent une nouvelle plateforme pour revitaliser les opportunit\u00e9s de mission dans les 25 unions de la DIA. Miami, Floride, \u00c9tats-Unis | 28 f\u00e9vrier 2025 | Libna Stevens, Actualit\u00e9s...\" \/>\n<meta property=\"og:url\" content=\"https:\/\/interamerica.org\/fr\/2025\/03\/leglise-adventiste-en-inter-amerique-lance-vividfaith-pour-renforcer-le-service-missionnaire\/\" \/>\n<meta property=\"og:site_name\" content=\"\u00c9glise Adventiste Du Septieme Jour - Inter Am\u00e9rique Division\" \/>\n<meta property=\"article:published_time\" content=\"2025-03-03T01:47:02+00:00\" \/>\n<meta property=\"article:modified_time\" content=\"2025-03-04T17:22:24+00:00\" \/>\n<meta property=\"og:image\" content=\"https:\/\/interamerica.org\/wp-content\/uploads\/2025\/03\/samueltelemaque-vividfaith-2-2025.jpg\" \/>\n\t<meta property=\"og:image:width\" content=\"1000\" \/>\n\t<meta property=\"og:image:height\" content=\"664\" \/>\n\t<meta property=\"og:image:type\" content=\"image\/jpeg\" \/>\n<meta name=\"author\" content=\"libna\" \/>\n<meta name=\"twitter:card\" content=\"summary_large_image\" \/>\n<meta name=\"twitter:label1\" content=\"\u00c9crit par\" \/>\n\t<meta name=\"twitter:data1\" content=\"libna\" \/>\n\t<meta name=\"twitter:label2\" content=\"Dur\u00e9e de lecture estim\u00e9e\" \/>\n\t<meta name=\"twitter:data2\" content=\"10 minutes\" \/>\n<script type=\"application\/ld+json\" class=\"yoast-schema-graph\">{\"@context\":\"https:\\\/\\\/schema.org\",\"@graph\":[{\"@type\":\"Article\",\"@id\":\"https:\\\/\\\/interamerica.org\\\/fr\\\/2025\\\/03\\\/leglise-adventiste-en-inter-amerique-lance-vividfaith-pour-renforcer-le-service-missionnaire\\\/#article\",\"isPartOf\":{\"@id\":\"https:\\\/\\\/interamerica.org\\\/fr\\\/2025\\\/03\\\/leglise-adventiste-en-inter-amerique-lance-vividfaith-pour-renforcer-le-service-missionnaire\\\/\"},\"author\":{\"name\":\"libna\",\"@id\":\"https:\\\/\\\/interamerica.org\\\/fr\\\/#\\\/schema\\\/person\\\/29998f2bc2d8bd0d38662909289b54f1\"},\"headline\":\"L\u2019\u00c9glise adventiste en Inter-Am\u00e9rique lance \u00ab VividFaith \u00bb pour renforcer le service missionnaire\",\"datePublished\":\"2025-03-03T01:47:02+00:00\",\"dateModified\":\"2025-03-04T17:22:24+00:00\",\"mainEntityOfPage\":{\"@id\":\"https:\\\/\\\/interamerica.org\\\/fr\\\/2025\\\/03\\\/leglise-adventiste-en-inter-amerique-lance-vividfaith-pour-renforcer-le-service-missionnaire\\\/\"},\"wordCount\":1968,\"image\":{\"@id\":\"https:\\\/\\\/interamerica.org\\\/fr\\\/2025\\\/03\\\/leglise-adventiste-en-inter-amerique-lance-vividfaith-pour-renforcer-le-service-missionnaire\\\/#primaryimage\"},\"thumbnailUrl\":\"https:\\\/\\\/interamerica.org\\\/wp-content\\\/uploads\\\/2025\\\/03\\\/samueltelemaque-vividfaith-2-2025.jpg\",\"articleSection\":[\"Nouvelles du si\u00e8ge de la division\",\"RSS Fran\u00e7ais\"],\"inLanguage\":\"fr-FR\"},{\"@type\":\"WebPage\",\"@id\":\"https:\\\/\\\/interamerica.org\\\/fr\\\/2025\\\/03\\\/leglise-adventiste-en-inter-amerique-lance-vividfaith-pour-renforcer-le-service-missionnaire\\\/\",\"url\":\"https:\\\/\\\/interamerica.org\\\/fr\\\/2025\\\/03\\\/leglise-adventiste-en-inter-amerique-lance-vividfaith-pour-renforcer-le-service-missionnaire\\\/\",\"name\":\"L\u2019\u00c9glise adventiste en Inter-Am\u00e9rique lance \u00ab VividFaith \u00bb pour renforcer le service missionnaire - \u00c9glise Adventiste Du Septieme Jour - Inter Am\u00e9rique Division\",\"isPartOf\":{\"@id\":\"https:\\\/\\\/interamerica.org\\\/fr\\\/#website\"},\"primaryImageOfPage\":{\"@id\":\"https:\\\/\\\/interamerica.org\\\/fr\\\/2025\\\/03\\\/leglise-adventiste-en-inter-amerique-lance-vividfaith-pour-renforcer-le-service-missionnaire\\\/#primaryimage\"},\"image\":{\"@id\":\"https:\\\/\\\/interamerica.org\\\/fr\\\/2025\\\/03\\\/leglise-adventiste-en-inter-amerique-lance-vividfaith-pour-renforcer-le-service-missionnaire\\\/#primaryimage\"},\"thumbnailUrl\":\"https:\\\/\\\/interamerica.org\\\/wp-content\\\/uploads\\\/2025\\\/03\\\/samueltelemaque-vividfaith-2-2025.jpg\",\"datePublished\":\"2025-03-03T01:47:02+00:00\",\"dateModified\":\"2025-03-04T17:22:24+00:00\",\"author\":{\"@id\":\"https:\\\/\\\/interamerica.org\\\/fr\\\/#\\\/schema\\\/person\\\/29998f2bc2d8bd0d38662909289b54f1\"},\"breadcrumb\":{\"@id\":\"https:\\\/\\\/interamerica.org\\\/fr\\\/2025\\\/03\\\/leglise-adventiste-en-inter-amerique-lance-vividfaith-pour-renforcer-le-service-missionnaire\\\/#breadcrumb\"},\"inLanguage\":\"fr-FR\",\"potentialAction\":[{\"@type\":\"ReadAction\",\"target\":[\"https:\\\/\\\/interamerica.org\\\/fr\\\/2025\\\/03\\\/leglise-adventiste-en-inter-amerique-lance-vividfaith-pour-renforcer-le-service-missionnaire\\\/\"]}]},{\"@type\":\"ImageObject\",\"inLanguage\":\"fr-FR\",\"@id\":\"https:\\\/\\\/interamerica.org\\\/fr\\\/2025\\\/03\\\/leglise-adventiste-en-inter-amerique-lance-vividfaith-pour-renforcer-le-service-missionnaire\\\/#primaryimage\",\"url\":\"https:\\\/\\\/interamerica.org\\\/wp-content\\\/uploads\\\/2025\\\/03\\\/samueltelemaque-vividfaith-2-2025.jpg\",\"contentUrl\":\"https:\\\/\\\/interamerica.org\\\/wp-content\\\/uploads\\\/2025\\\/03\\\/samueltelemaque-vividfaith-2-2025.jpg\",\"width\":1000,\"height\":664,\"caption\":\"[Photo: Keila Trejo\\\/IAD]\"},{\"@type\":\"BreadcrumbList\",\"@id\":\"https:\\\/\\\/interamerica.org\\\/fr\\\/2025\\\/03\\\/leglise-adventiste-en-inter-amerique-lance-vividfaith-pour-renforcer-le-service-missionnaire\\\/#breadcrumb\",\"itemListElement\":[{\"@type\":\"ListItem\",\"position\":1,\"name\":\"Home\",\"item\":\"https:\\\/\\\/interamerica.org\\\/fr\\\/\"},{\"@type\":\"ListItem\",\"position\":2,\"name\":\"L\u2019\u00c9glise adventiste en Inter-Am\u00e9rique lance \u00ab VividFaith \u00bb pour renforcer le service missionnaire\"}]},{\"@type\":\"WebSite\",\"@id\":\"https:\\\/\\\/interamerica.org\\\/fr\\\/#website\",\"url\":\"https:\\\/\\\/interamerica.org\\\/fr\\\/\",\"name\":\"\u00c9glise Adventiste Du Septieme Jour - Inter Am\u00e9rique Division\",\"description\":\"\",\"potentialAction\":[{\"@type\":\"SearchAction\",\"target\":{\"@type\":\"EntryPoint\",\"urlTemplate\":\"https:\\\/\\\/interamerica.org\\\/fr\\\/?s={search_term_string}\"},\"query-input\":{\"@type\":\"PropertyValueSpecification\",\"valueRequired\":true,\"valueName\":\"search_term_string\"}}],\"inLanguage\":\"fr-FR\"},{\"@type\":\"Person\",\"@id\":\"https:\\\/\\\/interamerica.org\\\/fr\\\/#\\\/schema\\\/person\\\/29998f2bc2d8bd0d38662909289b54f1\",\"name\":\"libna\",\"image\":{\"@type\":\"ImageObject\",\"inLanguage\":\"fr-FR\",\"@id\":\"https:\\\/\\\/secure.gravatar.com\\\/avatar\\\/7c5bd30ae4b47a9ba3c856590957fd1d96dc588bf3ac05719d247e126840331f?s=96&d=mm&r=g\",\"url\":\"https:\\\/\\\/secure.gravatar.com\\\/avatar\\\/7c5bd30ae4b47a9ba3c856590957fd1d96dc588bf3ac05719d247e126840331f?s=96&d=mm&r=g\",\"contentUrl\":\"https:\\\/\\\/secure.gravatar.com\\\/avatar\\\/7c5bd30ae4b47a9ba3c856590957fd1d96dc588bf3ac05719d247e126840331f?s=96&d=mm&r=g\",\"caption\":\"libna\"}}]}<\/script>\n<!-- \/ Yoast SEO plugin. -->","yoast_head_json":{"title":"L\u2019\u00c9glise adventiste en Inter-Am\u00e9rique lance \u00ab VividFaith \u00bb pour renforcer le service missionnaire - \u00c9glise Adventiste Du Septieme Jour - Inter Am\u00e9rique Division","robots":{"index":"index","follow":"follow","max-snippet":"max-snippet:-1","max-image-preview":"max-image-preview:large","max-video-preview":"max-video-preview:-1"},"canonical":"https:\/\/interamerica.org\/fr\/2025\/03\/leglise-adventiste-en-inter-amerique-lance-vividfaith-pour-renforcer-le-service-missionnaire\/","og_locale":"fr_FR","og_type":"article","og_title":"L\u2019\u00c9glise adventiste en Inter-Am\u00e9rique lance \u00ab VividFaith \u00bb pour renforcer le service missionnaire - \u00c9glise Adventiste Du Septieme Jour - Inter Am\u00e9rique Division","og_description":"Les dirigeants d\u00e9couvrent une nouvelle plateforme pour revitaliser les opportunit\u00e9s de mission dans les 25 unions de la DIA. Miami, Floride, \u00c9tats-Unis | 28 f\u00e9vrier 2025 | Libna Stevens, Actualit\u00e9s...","og_url":"https:\/\/interamerica.org\/fr\/2025\/03\/leglise-adventiste-en-inter-amerique-lance-vividfaith-pour-renforcer-le-service-missionnaire\/","og_site_name":"\u00c9glise Adventiste Du Septieme Jour - Inter Am\u00e9rique Division","article_published_time":"2025-03-03T01:47:02+00:00","article_modified_time":"2025-03-04T17:22:24+00:00","og_image":[{"width":1000,"height":664,"url":"https:\/\/interamerica.org\/wp-content\/uploads\/2025\/03\/samueltelemaque-vividfaith-2-2025.jpg","type":"image\/jpeg"}],"author":"libna","twitter_card":"summary_large_image","twitter_misc":{"\u00c9crit par":"libna","Dur\u00e9e de lecture estim\u00e9e":"10 minutes"},"schema":{"@context":"https:\/\/schema.org","@graph":[{"@type":"Article","@id":"https:\/\/interamerica.org\/fr\/2025\/03\/leglise-adventiste-en-inter-amerique-lance-vividfaith-pour-renforcer-le-service-missionnaire\/#article","isPartOf":{"@id":"https:\/\/interamerica.org\/fr\/2025\/03\/leglise-adventiste-en-inter-amerique-lance-vividfaith-pour-renforcer-le-service-missionnaire\/"},"author":{"name":"libna","@id":"https:\/\/interamerica.org\/fr\/#\/schema\/person\/29998f2bc2d8bd0d38662909289b54f1"},"headline":"L\u2019\u00c9glise adventiste en Inter-Am\u00e9rique lance \u00ab VividFaith \u00bb pour renforcer le service missionnaire","datePublished":"2025-03-03T01:47:02+00:00","dateModified":"2025-03-04T17:22:24+00:00","mainEntityOfPage":{"@id":"https:\/\/interamerica.org\/fr\/2025\/03\/leglise-adventiste-en-inter-amerique-lance-vividfaith-pour-renforcer-le-service-missionnaire\/"},"wordCount":1968,"image":{"@id":"https:\/\/interamerica.org\/fr\/2025\/03\/leglise-adventiste-en-inter-amerique-lance-vividfaith-pour-renforcer-le-service-missionnaire\/#primaryimage"},"thumbnailUrl":"https:\/\/interamerica.org\/wp-content\/uploads\/2025\/03\/samueltelemaque-vividfaith-2-2025.jpg","articleSection":["Nouvelles du si\u00e8ge de la division","RSS Fran\u00e7ais"],"inLanguage":"fr-FR"},{"@type":"WebPage","@id":"https:\/\/interamerica.org\/fr\/2025\/03\/leglise-adventiste-en-inter-amerique-lance-vividfaith-pour-renforcer-le-service-missionnaire\/","url":"https:\/\/interamerica.org\/fr\/2025\/03\/leglise-adventiste-en-inter-amerique-lance-vividfaith-pour-renforcer-le-service-missionnaire\/","name":"L\u2019\u00c9glise adventiste en Inter-Am\u00e9rique lance \u00ab VividFaith \u00bb pour renforcer le service missionnaire - \u00c9glise Adventiste Du Septieme Jour - Inter Am\u00e9rique Division","isPartOf":{"@id":"https:\/\/interamerica.org\/fr\/#website"},"primaryImageOfPage":{"@id":"https:\/\/interamerica.org\/fr\/2025\/03\/leglise-adventiste-en-inter-amerique-lance-vividfaith-pour-renforcer-le-service-missionnaire\/#primaryimage"},"image":{"@id":"https:\/\/interamerica.org\/fr\/2025\/03\/leglise-adventiste-en-inter-amerique-lance-vividfaith-pour-renforcer-le-service-missionnaire\/#primaryimage"},"thumbnailUrl":"https:\/\/interamerica.org\/wp-content\/uploads\/2025\/03\/samueltelemaque-vividfaith-2-2025.jpg","datePublished":"2025-03-03T01:47:02+00:00","dateModified":"2025-03-04T17:22:24+00:00","author":{"@id":"https:\/\/interamerica.org\/fr\/#\/schema\/person\/29998f2bc2d8bd0d38662909289b54f1"},"breadcrumb":{"@id":"https:\/\/interamerica.org\/fr\/2025\/03\/leglise-adventiste-en-inter-amerique-lance-vividfaith-pour-renforcer-le-service-missionnaire\/#breadcrumb"},"inLanguage":"fr-FR","potentialAction":[{"@type":"ReadAction","target":["https:\/\/interamerica.org\/fr\/2025\/03\/leglise-adventiste-en-inter-amerique-lance-vividfaith-pour-renforcer-le-service-missionnaire\/"]}]},{"@type":"ImageObject","inLanguage":"fr-FR","@id":"https:\/\/interamerica.org\/fr\/2025\/03\/leglise-adventiste-en-inter-amerique-lance-vividfaith-pour-renforcer-le-service-missionnaire\/#primaryimage","url":"https:\/\/interamerica.org\/wp-content\/uploads\/2025\/03\/samueltelemaque-vividfaith-2-2025.jpg","contentUrl":"https:\/\/interamerica.org\/wp-content\/uploads\/2025\/03\/samueltelemaque-vividfaith-2-2025.jpg","width":1000,"height":664,"caption":"[Photo: Keila Trejo\/IAD]"},{"@type":"BreadcrumbList","@id":"https:\/\/interamerica.org\/fr\/2025\/03\/leglise-adventiste-en-inter-amerique-lance-vividfaith-pour-renforcer-le-service-missionnaire\/#breadcrumb","itemListElement":[{"@type":"ListItem","position":1,"name":"Home","item":"https:\/\/interamerica.org\/fr\/"},{"@type":"ListItem","position":2,"name":"L\u2019\u00c9glise adventiste en Inter-Am\u00e9rique lance \u00ab VividFaith \u00bb pour renforcer le service missionnaire"}]},{"@type":"WebSite","@id":"https:\/\/interamerica.org\/fr\/#website","url":"https:\/\/interamerica.org\/fr\/","name":"\u00c9glise Adventiste Du Septieme Jour - Inter Am\u00e9rique Division","description":"","potentialAction":[{"@type":"SearchAction","target":{"@type":"EntryPoint","urlTemplate":"https:\/\/interamerica.org\/fr\/?s={search_term_string}"},"query-input":{"@type":"PropertyValueSpecification","valueRequired":true,"valueName":"search_term_string"}}],"inLanguage":"fr-FR"},{"@type":"Person","@id":"https:\/\/interamerica.org\/fr\/#\/schema\/person\/29998f2bc2d8bd0d38662909289b54f1","name":"libna","image":{"@type":"ImageObject","inLanguage":"fr-FR","@id":"https:\/\/secure.gravatar.com\/avatar\/7c5bd30ae4b47a9ba3c856590957fd1d96dc588bf3ac05719d247e126840331f?s=96&d=mm&r=g","url":"https:\/\/secure.gravatar.com\/avatar\/7c5bd30ae4b47a9ba3c856590957fd1d96dc588bf3ac05719d247e126840331f?s=96&d=mm&r=g","contentUrl":"https:\/\/secure.gravatar.com\/avatar\/7c5bd30ae4b47a9ba3c856590957fd1d96dc588bf3ac05719d247e126840331f?s=96&d=mm&r=g","caption":"libna"}}]}},"_links":{"self":[{"href":"https:\/\/interamerica.org\/fr\/wp-json\/wp\/v2\/posts\/125804","targetHints":{"allow":["GET"]}}],"collection":[{"href":"https:\/\/interamerica.org\/fr\/wp-json\/wp\/v2\/posts"}],"about":[{"href":"https:\/\/interamerica.org\/fr\/wp-json\/wp\/v2\/types\/post"}],"author":[{"embeddable":true,"href":"https:\/\/interamerica.org\/fr\/wp-json\/wp\/v2\/users\/3"}],"replies":[{"embeddable":true,"href":"https:\/\/interamerica.org\/fr\/wp-json\/wp\/v2\/comments?post=125804"}],"version-history":[{"count":0,"href":"https:\/\/interamerica.org\/fr\/wp-json\/wp\/v2\/posts\/125804\/revisions"}],"wp:featuredmedia":[{"embeddable":true,"href":"https:\/\/interamerica.org\/fr\/wp-json\/wp\/v2\/media\/125742"}],"wp:attachment":[{"href":"https:\/\/interamerica.org\/fr\/wp-json\/wp\/v2\/media?parent=125804"}],"wp:term":[{"taxonomy":"category","embeddable":true,"href":"https:\/\/interamerica.org\/fr\/wp-json\/wp\/v2\/categories?post=125804"},{"taxonomy":"post_tag","embeddable":true,"href":"https:\/\/interamerica.org\/fr\/wp-json\/wp\/v2\/tags?post=125804"}],"curies":[{"name":"wp","href":"https:\/\/api.w.org\/{rel}","templated":true}]}}