{"id":12581,"date":"2006-08-15T00:00:00","date_gmt":"2006-08-15T04:00:00","guid":{"rendered":"http:\/\/192.81.217.108\/interamerica\/2006\/08\/inter-amerique-un-diplome-honorifique-de-doctorat-a-ete-decerne-au-president-de-leglise\/"},"modified":"2017-06-02T13:17:02","modified_gmt":"2017-06-02T17:17:02","slug":"inter-amerique-un-diplome-honorifique-de-doctorat-a-ete-decerne-au-president-de-leglise","status":"publish","type":"post","link":"https:\/\/interamerica.org\/fr\/2006\/08\/inter-amerique-un-diplome-honorifique-de-doctorat-a-ete-decerne-au-president-de-leglise\/","title":{"rendered":"Inter-Am\u00e9rique:  Un Dipl\u00f4me Honorifique de Doctorat a \u00e9t\u00e9 d\u00e9cern\u00e9 au Pr\u00e9sident de l&#39;Eglise"},"content":{"rendered":"<p>Mandeville, Jamaique&#8230; (Niguel Coke\/Saff de la DIA) <\/p>\n<p>Pasteur Israel Leito, pr\u00e9sident de l&#39;\u00e9glise Adventiste du Septi\u00e8me jour de l&#39;Inter-Am\u00e9rique, a re\u00e7u le dipl\u00f4me de doctorat en divinit\u00e9 (honoris causa) de la Northern Caribbean University (NCU) au cours de sa C\u00e9r\u00e9monie de Graduation le 13 ao\u00fbt 2006. <\/p>\n<p>Pasteur Leito, qui \u00e9tait aussi l&#39;invit\u00e9 sp\u00e9cial pour prendre la parole au cours du service de remise de dipl\u00f4me universitaire du samedi 12 ao\u00fbt, a re\u00e7u le dipl\u00f4me pour son leadership sprituel et pour sa contribution \u00e0 la croissance et au d\u00e9veloppement de l&#39;\u00e9glise et de ses institutions dans la r\u00e9gion. <\/p>\n<p>C&#39;est le deuxi\u00e8me dipl\u00f4me honorifique qu&#39;a re\u00e7u Pasteur Leito.  En 2005, il a re\u00e7u un dipl\u00f4me de Doctorat en Droit (honoris causa) d\u00e9cern\u00e9 par la \u00ab\u00a0Antillian Adventist University\u00a0\u00bb de Porto-Rico. <\/p>\n<p>Pasteur Leito, qui a d\u00e9but\u00e9 dans l&#39;oeuvre en 1967. a milit\u00e9 \u00e0 la Division Inter-Am\u00e9ricaine (DIA) et \u00e0 la Conf\u00e9rence G\u00e9n\u00e9rale dans plusieurs services avant d&#39;accepter la position de pr\u00e9sident de la DIA en 1994. <\/p>\n<p>La  DIA a b\u00e9n\u00e9fici\u00e9 des croyances bien fond\u00e9es du Pasteur Leito pour faire avancer et d\u00e9velopper l&#39;oeuvre.  Avant d&#39;accepter le poste de pr\u00e9sident, il y avait 12 unions dans le territoire.  Aujourd&#39;hui il y en a 15.  En 1994, il y avait 1.5 million de membres adorant dans 5.094 \u00e9glises.  Aujourd&#39;hui ce nombre atteint plus de 2.7 millions d&#39;adorateurs dans 8.883 \u00e9glises.  Sous son administration, un nouveau quartier g\u00e9n\u00e9ral de la DIA a \u00e9t\u00e9 inaugur\u00e9. <\/p>\n<p>Pasteur Leito et sa femme, Ludmilla, ont trois grands enfants. <\/p>\n<p>La NCU, qui a diplom\u00e9 un record de 1.028 \u00e9tudiants l&#39;ann\u00e9 derni\u00e8re, faisant d&#39;elle la plus grande universit\u00e9 de l&#39;Union des Indes Occidentales, participe pr\u00e9sentement \u00e0 la comm\u00e9moration des 100 ans de d\u00e9veloppement.  <\/p>\n","protected":false},"excerpt":{"rendered":"<p>Pasteur Israel Leito, pr\u00e9sident de l&#39;\u00e9glise Adventiste du Septi\u00e8me jour de l&#39;Inter-Am\u00e9rique, a re\u00e7u le dipl\u00f4me de doctorat en divinit\u00e9 (honoris causa) de la Northern Caribbean University (NCU) au cou<\/p>\n","protected":false},"author":1,"featured_media":0,"comment_status":"closed","ping_status":"closed","sticky":false,"template":"","format":"standard","meta":{"_acf_changed":false,"footnotes":""},"categories":[9],"tags":[],"class_list":["post-12581","post","type-post","status-publish","format-standard","hentry","category-archive-fr"],"acf":[],"yoast_head":"<!-- This site is optimized with the Yoast SEO plugin v27.3 - https:\/\/yoast.com\/product\/yoast-seo-wordpress\/ -->\n<title>Inter-Am\u00e9rique: Un Dipl\u00f4me Honorifique de Doctorat a \u00e9t\u00e9 d\u00e9cern\u00e9 au Pr\u00e9sident de l&#039;Eglise - \u00c9glise Adventiste Du Septieme Jour - Inter Am\u00e9rique Division<\/title>\n<meta name=\"robots\" content=\"index, follow, max-snippet:-1, max-image-preview:large, max-video-preview:-1\" \/>\n<link rel=\"canonical\" href=\"https:\/\/interamerica.org\/fr\/2006\/08\/inter-amerique-un-diplome-honorifique-de-doctorat-a-ete-decerne-au-president-de-leglise\/\" \/>\n<meta property=\"og:locale\" content=\"fr_FR\" \/>\n<meta property=\"og:type\" content=\"article\" \/>\n<meta property=\"og:title\" content=\"Inter-Am\u00e9rique: Un Dipl\u00f4me Honorifique de Doctorat a \u00e9t\u00e9 d\u00e9cern\u00e9 au Pr\u00e9sident de l&#039;Eglise - \u00c9glise Adventiste Du Septieme Jour - Inter Am\u00e9rique Division\" \/>\n<meta property=\"og:description\" content=\"Pasteur Israel Leito, pr\u00e9sident de l&#039;\u00e9glise Adventiste du Septi\u00e8me jour de l&#039;Inter-Am\u00e9rique, a re\u00e7u le dipl\u00f4me de doctorat en divinit\u00e9 (honoris causa) de la Northern Caribbean University (NCU) au cou\" \/>\n<meta property=\"og:url\" content=\"https:\/\/interamerica.org\/fr\/2006\/08\/inter-amerique-un-diplome-honorifique-de-doctorat-a-ete-decerne-au-president-de-leglise\/\" \/>\n<meta property=\"og:site_name\" content=\"\u00c9glise Adventiste Du Septieme Jour - Inter Am\u00e9rique Division\" \/>\n<meta property=\"article:published_time\" content=\"2006-08-15T04:00:00+00:00\" \/>\n<meta property=\"article:modified_time\" content=\"2017-06-02T17:17:02+00:00\" \/>\n<meta name=\"author\" content=\"Lorenzo Verduzco\" \/>\n<meta name=\"twitter:card\" content=\"summary_large_image\" \/>\n<meta name=\"twitter:label1\" content=\"\u00c9crit par\" \/>\n\t<meta name=\"twitter:data1\" content=\"Lorenzo Verduzco\" \/>\n\t<meta name=\"twitter:label2\" content=\"Dur\u00e9e de lecture estim\u00e9e\" \/>\n\t<meta name=\"twitter:data2\" content=\"2 minutes\" \/>\n<script type=\"application\/ld+json\" class=\"yoast-schema-graph\">{\"@context\":\"https:\\\/\\\/schema.org\",\"@graph\":[{\"@type\":\"Article\",\"@id\":\"https:\\\/\\\/interamerica.org\\\/fr\\\/2006\\\/08\\\/inter-amerique-un-diplome-honorifique-de-doctorat-a-ete-decerne-au-president-de-leglise\\\/#article\",\"isPartOf\":{\"@id\":\"https:\\\/\\\/interamerica.org\\\/fr\\\/2006\\\/08\\\/inter-amerique-un-diplome-honorifique-de-doctorat-a-ete-decerne-au-president-de-leglise\\\/\"},\"author\":{\"name\":\"Lorenzo Verduzco\",\"@id\":\"https:\\\/\\\/interamerica.org\\\/fr\\\/#\\\/schema\\\/person\\\/68ede8bdc292885bb76c1e3810e73c39\"},\"headline\":\"Inter-Am\u00e9rique: Un Dipl\u00f4me Honorifique de Doctorat a \u00e9t\u00e9 d\u00e9cern\u00e9 au Pr\u00e9sident de l&#39;Eglise\",\"datePublished\":\"2006-08-15T04:00:00+00:00\",\"dateModified\":\"2017-06-02T17:17:02+00:00\",\"mainEntityOfPage\":{\"@id\":\"https:\\\/\\\/interamerica.org\\\/fr\\\/2006\\\/08\\\/inter-amerique-un-diplome-honorifique-de-doctorat-a-ete-decerne-au-president-de-leglise\\\/\"},\"wordCount\":334,\"articleSection\":[\"Archive\"],\"inLanguage\":\"fr-FR\"},{\"@type\":\"WebPage\",\"@id\":\"https:\\\/\\\/interamerica.org\\\/fr\\\/2006\\\/08\\\/inter-amerique-un-diplome-honorifique-de-doctorat-a-ete-decerne-au-president-de-leglise\\\/\",\"url\":\"https:\\\/\\\/interamerica.org\\\/fr\\\/2006\\\/08\\\/inter-amerique-un-diplome-honorifique-de-doctorat-a-ete-decerne-au-president-de-leglise\\\/\",\"name\":\"Inter-Am\u00e9rique: Un Dipl\u00f4me Honorifique de Doctorat a \u00e9t\u00e9 d\u00e9cern\u00e9 au Pr\u00e9sident de l&#39;Eglise - \u00c9glise Adventiste Du Septieme Jour - Inter Am\u00e9rique Division\",\"isPartOf\":{\"@id\":\"https:\\\/\\\/interamerica.org\\\/fr\\\/#website\"},\"datePublished\":\"2006-08-15T04:00:00+00:00\",\"dateModified\":\"2017-06-02T17:17:02+00:00\",\"author\":{\"@id\":\"https:\\\/\\\/interamerica.org\\\/fr\\\/#\\\/schema\\\/person\\\/68ede8bdc292885bb76c1e3810e73c39\"},\"breadcrumb\":{\"@id\":\"https:\\\/\\\/interamerica.org\\\/fr\\\/2006\\\/08\\\/inter-amerique-un-diplome-honorifique-de-doctorat-a-ete-decerne-au-president-de-leglise\\\/#breadcrumb\"},\"inLanguage\":\"fr-FR\",\"potentialAction\":[{\"@type\":\"ReadAction\",\"target\":[\"https:\\\/\\\/interamerica.org\\\/fr\\\/2006\\\/08\\\/inter-amerique-un-diplome-honorifique-de-doctorat-a-ete-decerne-au-president-de-leglise\\\/\"]}]},{\"@type\":\"BreadcrumbList\",\"@id\":\"https:\\\/\\\/interamerica.org\\\/fr\\\/2006\\\/08\\\/inter-amerique-un-diplome-honorifique-de-doctorat-a-ete-decerne-au-president-de-leglise\\\/#breadcrumb\",\"itemListElement\":[{\"@type\":\"ListItem\",\"position\":1,\"name\":\"Home\",\"item\":\"https:\\\/\\\/interamerica.org\\\/fr\\\/\"},{\"@type\":\"ListItem\",\"position\":2,\"name\":\"Inter-Am\u00e9rique: Un Dipl\u00f4me Honorifique de Doctorat a \u00e9t\u00e9 d\u00e9cern\u00e9 au Pr\u00e9sident de l&#39;Eglise\"}]},{\"@type\":\"WebSite\",\"@id\":\"https:\\\/\\\/interamerica.org\\\/fr\\\/#website\",\"url\":\"https:\\\/\\\/interamerica.org\\\/fr\\\/\",\"name\":\"\u00c9glise Adventiste Du Septieme Jour - Inter Am\u00e9rique Division\",\"description\":\"\",\"potentialAction\":[{\"@type\":\"SearchAction\",\"target\":{\"@type\":\"EntryPoint\",\"urlTemplate\":\"https:\\\/\\\/interamerica.org\\\/fr\\\/?s={search_term_string}\"},\"query-input\":{\"@type\":\"PropertyValueSpecification\",\"valueRequired\":true,\"valueName\":\"search_term_string\"}}],\"inLanguage\":\"fr-FR\"},{\"@type\":\"Person\",\"@id\":\"https:\\\/\\\/interamerica.org\\\/fr\\\/#\\\/schema\\\/person\\\/68ede8bdc292885bb76c1e3810e73c39\",\"name\":\"Lorenzo Verduzco\",\"image\":{\"@type\":\"ImageObject\",\"inLanguage\":\"fr-FR\",\"@id\":\"https:\\\/\\\/secure.gravatar.com\\\/avatar\\\/fb81a55b6218459490a9c1dc841a34909185b81904c5337b4b27f7a6fd60c49e?s=96&d=mm&r=g\",\"url\":\"https:\\\/\\\/secure.gravatar.com\\\/avatar\\\/fb81a55b6218459490a9c1dc841a34909185b81904c5337b4b27f7a6fd60c49e?s=96&d=mm&r=g\",\"contentUrl\":\"https:\\\/\\\/secure.gravatar.com\\\/avatar\\\/fb81a55b6218459490a9c1dc841a34909185b81904c5337b4b27f7a6fd60c49e?s=96&d=mm&r=g\",\"caption\":\"Lorenzo Verduzco\"}}]}<\/script>\n<!-- \/ Yoast SEO plugin. -->","yoast_head_json":{"title":"Inter-Am\u00e9rique: Un Dipl\u00f4me Honorifique de Doctorat a \u00e9t\u00e9 d\u00e9cern\u00e9 au Pr\u00e9sident de l&#39;Eglise - \u00c9glise Adventiste Du Septieme Jour - Inter Am\u00e9rique Division","robots":{"index":"index","follow":"follow","max-snippet":"max-snippet:-1","max-image-preview":"max-image-preview:large","max-video-preview":"max-video-preview:-1"},"canonical":"https:\/\/interamerica.org\/fr\/2006\/08\/inter-amerique-un-diplome-honorifique-de-doctorat-a-ete-decerne-au-president-de-leglise\/","og_locale":"fr_FR","og_type":"article","og_title":"Inter-Am\u00e9rique: Un Dipl\u00f4me Honorifique de Doctorat a \u00e9t\u00e9 d\u00e9cern\u00e9 au Pr\u00e9sident de l&#39;Eglise - \u00c9glise Adventiste Du Septieme Jour - Inter Am\u00e9rique Division","og_description":"Pasteur Israel Leito, pr\u00e9sident de l&#39;\u00e9glise Adventiste du Septi\u00e8me jour de l&#39;Inter-Am\u00e9rique, a re\u00e7u le dipl\u00f4me de doctorat en divinit\u00e9 (honoris causa) de la Northern Caribbean University (NCU) au cou","og_url":"https:\/\/interamerica.org\/fr\/2006\/08\/inter-amerique-un-diplome-honorifique-de-doctorat-a-ete-decerne-au-president-de-leglise\/","og_site_name":"\u00c9glise Adventiste Du Septieme Jour - Inter Am\u00e9rique Division","article_published_time":"2006-08-15T04:00:00+00:00","article_modified_time":"2017-06-02T17:17:02+00:00","author":"Lorenzo Verduzco","twitter_card":"summary_large_image","twitter_misc":{"\u00c9crit par":"Lorenzo Verduzco","Dur\u00e9e de lecture estim\u00e9e":"2 minutes"},"schema":{"@context":"https:\/\/schema.org","@graph":[{"@type":"Article","@id":"https:\/\/interamerica.org\/fr\/2006\/08\/inter-amerique-un-diplome-honorifique-de-doctorat-a-ete-decerne-au-president-de-leglise\/#article","isPartOf":{"@id":"https:\/\/interamerica.org\/fr\/2006\/08\/inter-amerique-un-diplome-honorifique-de-doctorat-a-ete-decerne-au-president-de-leglise\/"},"author":{"name":"Lorenzo Verduzco","@id":"https:\/\/interamerica.org\/fr\/#\/schema\/person\/68ede8bdc292885bb76c1e3810e73c39"},"headline":"Inter-Am\u00e9rique: Un Dipl\u00f4me Honorifique de Doctorat a \u00e9t\u00e9 d\u00e9cern\u00e9 au Pr\u00e9sident de l&#39;Eglise","datePublished":"2006-08-15T04:00:00+00:00","dateModified":"2017-06-02T17:17:02+00:00","mainEntityOfPage":{"@id":"https:\/\/interamerica.org\/fr\/2006\/08\/inter-amerique-un-diplome-honorifique-de-doctorat-a-ete-decerne-au-president-de-leglise\/"},"wordCount":334,"articleSection":["Archive"],"inLanguage":"fr-FR"},{"@type":"WebPage","@id":"https:\/\/interamerica.org\/fr\/2006\/08\/inter-amerique-un-diplome-honorifique-de-doctorat-a-ete-decerne-au-president-de-leglise\/","url":"https:\/\/interamerica.org\/fr\/2006\/08\/inter-amerique-un-diplome-honorifique-de-doctorat-a-ete-decerne-au-president-de-leglise\/","name":"Inter-Am\u00e9rique: Un Dipl\u00f4me Honorifique de Doctorat a \u00e9t\u00e9 d\u00e9cern\u00e9 au Pr\u00e9sident de l&#39;Eglise - \u00c9glise Adventiste Du Septieme Jour - Inter Am\u00e9rique Division","isPartOf":{"@id":"https:\/\/interamerica.org\/fr\/#website"},"datePublished":"2006-08-15T04:00:00+00:00","dateModified":"2017-06-02T17:17:02+00:00","author":{"@id":"https:\/\/interamerica.org\/fr\/#\/schema\/person\/68ede8bdc292885bb76c1e3810e73c39"},"breadcrumb":{"@id":"https:\/\/interamerica.org\/fr\/2006\/08\/inter-amerique-un-diplome-honorifique-de-doctorat-a-ete-decerne-au-president-de-leglise\/#breadcrumb"},"inLanguage":"fr-FR","potentialAction":[{"@type":"ReadAction","target":["https:\/\/interamerica.org\/fr\/2006\/08\/inter-amerique-un-diplome-honorifique-de-doctorat-a-ete-decerne-au-president-de-leglise\/"]}]},{"@type":"BreadcrumbList","@id":"https:\/\/interamerica.org\/fr\/2006\/08\/inter-amerique-un-diplome-honorifique-de-doctorat-a-ete-decerne-au-president-de-leglise\/#breadcrumb","itemListElement":[{"@type":"ListItem","position":1,"name":"Home","item":"https:\/\/interamerica.org\/fr\/"},{"@type":"ListItem","position":2,"name":"Inter-Am\u00e9rique: Un Dipl\u00f4me Honorifique de Doctorat a \u00e9t\u00e9 d\u00e9cern\u00e9 au Pr\u00e9sident de l&#39;Eglise"}]},{"@type":"WebSite","@id":"https:\/\/interamerica.org\/fr\/#website","url":"https:\/\/interamerica.org\/fr\/","name":"\u00c9glise Adventiste Du Septieme Jour - Inter Am\u00e9rique Division","description":"","potentialAction":[{"@type":"SearchAction","target":{"@type":"EntryPoint","urlTemplate":"https:\/\/interamerica.org\/fr\/?s={search_term_string}"},"query-input":{"@type":"PropertyValueSpecification","valueRequired":true,"valueName":"search_term_string"}}],"inLanguage":"fr-FR"},{"@type":"Person","@id":"https:\/\/interamerica.org\/fr\/#\/schema\/person\/68ede8bdc292885bb76c1e3810e73c39","name":"Lorenzo Verduzco","image":{"@type":"ImageObject","inLanguage":"fr-FR","@id":"https:\/\/secure.gravatar.com\/avatar\/fb81a55b6218459490a9c1dc841a34909185b81904c5337b4b27f7a6fd60c49e?s=96&d=mm&r=g","url":"https:\/\/secure.gravatar.com\/avatar\/fb81a55b6218459490a9c1dc841a34909185b81904c5337b4b27f7a6fd60c49e?s=96&d=mm&r=g","contentUrl":"https:\/\/secure.gravatar.com\/avatar\/fb81a55b6218459490a9c1dc841a34909185b81904c5337b4b27f7a6fd60c49e?s=96&d=mm&r=g","caption":"Lorenzo Verduzco"}}]}},"_links":{"self":[{"href":"https:\/\/interamerica.org\/fr\/wp-json\/wp\/v2\/posts\/12581","targetHints":{"allow":["GET"]}}],"collection":[{"href":"https:\/\/interamerica.org\/fr\/wp-json\/wp\/v2\/posts"}],"about":[{"href":"https:\/\/interamerica.org\/fr\/wp-json\/wp\/v2\/types\/post"}],"author":[{"embeddable":true,"href":"https:\/\/interamerica.org\/fr\/wp-json\/wp\/v2\/users\/1"}],"replies":[{"embeddable":true,"href":"https:\/\/interamerica.org\/fr\/wp-json\/wp\/v2\/comments?post=12581"}],"version-history":[{"count":0,"href":"https:\/\/interamerica.org\/fr\/wp-json\/wp\/v2\/posts\/12581\/revisions"}],"wp:attachment":[{"href":"https:\/\/interamerica.org\/fr\/wp-json\/wp\/v2\/media?parent=12581"}],"wp:term":[{"taxonomy":"category","embeddable":true,"href":"https:\/\/interamerica.org\/fr\/wp-json\/wp\/v2\/categories?post=12581"},{"taxonomy":"post_tag","embeddable":true,"href":"https:\/\/interamerica.org\/fr\/wp-json\/wp\/v2\/tags?post=12581"}],"curies":[{"name":"wp","href":"https:\/\/api.w.org\/{rel}","templated":true}]}}