{"id":12582,"date":"2006-08-15T00:00:00","date_gmt":"2006-08-15T04:00:00","guid":{"rendered":"http:\/\/192.81.217.108\/interamerica\/2006\/08\/un-ancien-president-de-la-division-inter-americaine-meurt\/"},"modified":"2017-06-02T13:17:03","modified_gmt":"2017-06-02T17:17:03","slug":"un-ancien-president-de-la-division-inter-americaine-meurt","status":"publish","type":"post","link":"https:\/\/interamerica.org\/fr\/2006\/08\/un-ancien-president-de-la-division-inter-americaine-meurt\/","title":{"rendered":"Un Ancien Pr\u00e9sident de la Division Inter-Am\u00e9ricaine Meurt"},"content":{"rendered":"<p>Miami, Floride&#8230; (Libna Stevens\/DIA <\/p>\n<p>Pasteur Bender L. Archbold, ancien pr\u00e9sident de la Division Inter-Am\u00e9ricaine de 1970-1980 est mort t\u00f4t samedi matin, 6 ao\u00fbt.  Il avait 98 ans. <\/p>\n<p>Sa disparition n&#39;est pas seulement la perte d&#39;un autre grand et vaillant ouvrier, mais elle laisse un vide qui est profond\u00e9ment ressenti,\u00a0\u00bb a dit Pasteur Israel Leito, pr\u00e9sident de l&#39;oeuvre en Inter-Am\u00e9rique. <\/p>\n<p>\u00ab\u00a0Pasteur Archbold est consid\u00e9r\u00e9 comme le p\u00e8re de la nouvelle Division Inter-Am\u00e9ricaine,\u00a0\u00bb a ajout\u00e9 Pasteur Leito.  Il a planifi\u00e9 la vision et la direction que nous suivons.  Son leadership fait de compr\u00e9hension, d&#39;attention, et de gestion de l&#39;oeuvre a \u00e9t\u00e9 pour nous un grand apport. <\/p>\n<p>Un service de comm\u00e9moration sera tenu au Forest Lake Seventh-day Adventist Church d&#39;Apopka, en Floride, le Sabbat 19 ao\u00fbt \u00e0 3:00 p.m. <\/p>\n<p>Un service sp\u00e9cial de comm\u00e9moration aura lieu au Bureau de la Division Inter-Am\u00e9ricaine le 9 septembre \u00e0 l&#39;Auditorium Bender L. Archbold. <\/p>\n<p>Pour plus de d\u00e9tails concernant le service du 9 septembre, visitez nous au <a  href=\"https:\/\/recursing-golick.147-182-135-0.plesk.page\/\">www.interamerica.org<\/a > <\/p><\/p>\n","protected":false},"excerpt":{"rendered":"<p>Pasteur Bender L. Archbold, ancien pr\u00e9sident de la Division Inter-Am\u00e9ricaine de 1970-1980 est mort t\u00f4t samedi matin, 6 ao\u00fbt.  Il avait 98 ans.<\/p>\n","protected":false},"author":1,"featured_media":0,"comment_status":"closed","ping_status":"closed","sticky":false,"template":"","format":"standard","meta":{"_acf_changed":false,"footnotes":""},"categories":[9],"tags":[],"class_list":["post-12582","post","type-post","status-publish","format-standard","hentry","category-archive-fr"],"acf":[],"yoast_head":"<!-- This site is optimized with the Yoast SEO plugin v27.3 - https:\/\/yoast.com\/product\/yoast-seo-wordpress\/ -->\n<title>Un Ancien Pr\u00e9sident de la Division Inter-Am\u00e9ricaine Meurt - \u00c9glise Adventiste Du Septieme Jour - Inter Am\u00e9rique Division<\/title>\n<meta name=\"robots\" content=\"index, follow, max-snippet:-1, max-image-preview:large, max-video-preview:-1\" \/>\n<link rel=\"canonical\" href=\"https:\/\/interamerica.org\/fr\/2006\/08\/un-ancien-president-de-la-division-inter-americaine-meurt\/\" \/>\n<meta property=\"og:locale\" content=\"fr_FR\" \/>\n<meta property=\"og:type\" content=\"article\" \/>\n<meta property=\"og:title\" content=\"Un Ancien Pr\u00e9sident de la Division Inter-Am\u00e9ricaine Meurt - \u00c9glise Adventiste Du Septieme Jour - Inter Am\u00e9rique Division\" \/>\n<meta property=\"og:description\" content=\"Pasteur Bender L. Archbold, ancien pr\u00e9sident de la Division Inter-Am\u00e9ricaine de 1970-1980 est mort t\u00f4t samedi matin, 6 ao\u00fbt. Il avait 98 ans.\" \/>\n<meta property=\"og:url\" content=\"https:\/\/interamerica.org\/fr\/2006\/08\/un-ancien-president-de-la-division-inter-americaine-meurt\/\" \/>\n<meta property=\"og:site_name\" content=\"\u00c9glise Adventiste Du Septieme Jour - Inter Am\u00e9rique Division\" \/>\n<meta property=\"article:published_time\" content=\"2006-08-15T04:00:00+00:00\" \/>\n<meta property=\"article:modified_time\" content=\"2017-06-02T17:17:03+00:00\" \/>\n<meta name=\"author\" content=\"Lorenzo Verduzco\" \/>\n<meta name=\"twitter:card\" content=\"summary_large_image\" \/>\n<meta name=\"twitter:label1\" content=\"\u00c9crit par\" \/>\n\t<meta name=\"twitter:data1\" content=\"Lorenzo Verduzco\" \/>\n\t<meta name=\"twitter:label2\" content=\"Dur\u00e9e de lecture estim\u00e9e\" \/>\n\t<meta name=\"twitter:data2\" content=\"1 minute\" \/>\n<script type=\"application\/ld+json\" class=\"yoast-schema-graph\">{\"@context\":\"https:\\\/\\\/schema.org\",\"@graph\":[{\"@type\":\"Article\",\"@id\":\"https:\\\/\\\/interamerica.org\\\/fr\\\/2006\\\/08\\\/un-ancien-president-de-la-division-inter-americaine-meurt\\\/#article\",\"isPartOf\":{\"@id\":\"https:\\\/\\\/interamerica.org\\\/fr\\\/2006\\\/08\\\/un-ancien-president-de-la-division-inter-americaine-meurt\\\/\"},\"author\":{\"name\":\"Lorenzo Verduzco\",\"@id\":\"https:\\\/\\\/interamerica.org\\\/fr\\\/#\\\/schema\\\/person\\\/68ede8bdc292885bb76c1e3810e73c39\"},\"headline\":\"Un Ancien Pr\u00e9sident de la Division Inter-Am\u00e9ricaine Meurt\",\"datePublished\":\"2006-08-15T04:00:00+00:00\",\"dateModified\":\"2017-06-02T17:17:03+00:00\",\"mainEntityOfPage\":{\"@id\":\"https:\\\/\\\/interamerica.org\\\/fr\\\/2006\\\/08\\\/un-ancien-president-de-la-division-inter-americaine-meurt\\\/\"},\"wordCount\":191,\"articleSection\":[\"Archive\"],\"inLanguage\":\"fr-FR\"},{\"@type\":\"WebPage\",\"@id\":\"https:\\\/\\\/interamerica.org\\\/fr\\\/2006\\\/08\\\/un-ancien-president-de-la-division-inter-americaine-meurt\\\/\",\"url\":\"https:\\\/\\\/interamerica.org\\\/fr\\\/2006\\\/08\\\/un-ancien-president-de-la-division-inter-americaine-meurt\\\/\",\"name\":\"Un Ancien Pr\u00e9sident de la Division Inter-Am\u00e9ricaine Meurt - \u00c9glise Adventiste Du Septieme Jour - Inter Am\u00e9rique Division\",\"isPartOf\":{\"@id\":\"https:\\\/\\\/interamerica.org\\\/fr\\\/#website\"},\"datePublished\":\"2006-08-15T04:00:00+00:00\",\"dateModified\":\"2017-06-02T17:17:03+00:00\",\"author\":{\"@id\":\"https:\\\/\\\/interamerica.org\\\/fr\\\/#\\\/schema\\\/person\\\/68ede8bdc292885bb76c1e3810e73c39\"},\"breadcrumb\":{\"@id\":\"https:\\\/\\\/interamerica.org\\\/fr\\\/2006\\\/08\\\/un-ancien-president-de-la-division-inter-americaine-meurt\\\/#breadcrumb\"},\"inLanguage\":\"fr-FR\",\"potentialAction\":[{\"@type\":\"ReadAction\",\"target\":[\"https:\\\/\\\/interamerica.org\\\/fr\\\/2006\\\/08\\\/un-ancien-president-de-la-division-inter-americaine-meurt\\\/\"]}]},{\"@type\":\"BreadcrumbList\",\"@id\":\"https:\\\/\\\/interamerica.org\\\/fr\\\/2006\\\/08\\\/un-ancien-president-de-la-division-inter-americaine-meurt\\\/#breadcrumb\",\"itemListElement\":[{\"@type\":\"ListItem\",\"position\":1,\"name\":\"Home\",\"item\":\"https:\\\/\\\/interamerica.org\\\/fr\\\/\"},{\"@type\":\"ListItem\",\"position\":2,\"name\":\"Un Ancien Pr\u00e9sident de la Division Inter-Am\u00e9ricaine Meurt\"}]},{\"@type\":\"WebSite\",\"@id\":\"https:\\\/\\\/interamerica.org\\\/fr\\\/#website\",\"url\":\"https:\\\/\\\/interamerica.org\\\/fr\\\/\",\"name\":\"\u00c9glise Adventiste Du Septieme Jour - Inter Am\u00e9rique Division\",\"description\":\"\",\"potentialAction\":[{\"@type\":\"SearchAction\",\"target\":{\"@type\":\"EntryPoint\",\"urlTemplate\":\"https:\\\/\\\/interamerica.org\\\/fr\\\/?s={search_term_string}\"},\"query-input\":{\"@type\":\"PropertyValueSpecification\",\"valueRequired\":true,\"valueName\":\"search_term_string\"}}],\"inLanguage\":\"fr-FR\"},{\"@type\":\"Person\",\"@id\":\"https:\\\/\\\/interamerica.org\\\/fr\\\/#\\\/schema\\\/person\\\/68ede8bdc292885bb76c1e3810e73c39\",\"name\":\"Lorenzo Verduzco\",\"image\":{\"@type\":\"ImageObject\",\"inLanguage\":\"fr-FR\",\"@id\":\"https:\\\/\\\/secure.gravatar.com\\\/avatar\\\/fb81a55b6218459490a9c1dc841a34909185b81904c5337b4b27f7a6fd60c49e?s=96&d=mm&r=g\",\"url\":\"https:\\\/\\\/secure.gravatar.com\\\/avatar\\\/fb81a55b6218459490a9c1dc841a34909185b81904c5337b4b27f7a6fd60c49e?s=96&d=mm&r=g\",\"contentUrl\":\"https:\\\/\\\/secure.gravatar.com\\\/avatar\\\/fb81a55b6218459490a9c1dc841a34909185b81904c5337b4b27f7a6fd60c49e?s=96&d=mm&r=g\",\"caption\":\"Lorenzo Verduzco\"}}]}<\/script>\n<!-- \/ Yoast SEO plugin. -->","yoast_head_json":{"title":"Un Ancien Pr\u00e9sident de la Division Inter-Am\u00e9ricaine Meurt - \u00c9glise Adventiste Du Septieme Jour - Inter Am\u00e9rique Division","robots":{"index":"index","follow":"follow","max-snippet":"max-snippet:-1","max-image-preview":"max-image-preview:large","max-video-preview":"max-video-preview:-1"},"canonical":"https:\/\/interamerica.org\/fr\/2006\/08\/un-ancien-president-de-la-division-inter-americaine-meurt\/","og_locale":"fr_FR","og_type":"article","og_title":"Un Ancien Pr\u00e9sident de la Division Inter-Am\u00e9ricaine Meurt - \u00c9glise Adventiste Du Septieme Jour - Inter Am\u00e9rique Division","og_description":"Pasteur Bender L. Archbold, ancien pr\u00e9sident de la Division Inter-Am\u00e9ricaine de 1970-1980 est mort t\u00f4t samedi matin, 6 ao\u00fbt. Il avait 98 ans.","og_url":"https:\/\/interamerica.org\/fr\/2006\/08\/un-ancien-president-de-la-division-inter-americaine-meurt\/","og_site_name":"\u00c9glise Adventiste Du Septieme Jour - Inter Am\u00e9rique Division","article_published_time":"2006-08-15T04:00:00+00:00","article_modified_time":"2017-06-02T17:17:03+00:00","author":"Lorenzo Verduzco","twitter_card":"summary_large_image","twitter_misc":{"\u00c9crit par":"Lorenzo Verduzco","Dur\u00e9e de lecture estim\u00e9e":"1 minute"},"schema":{"@context":"https:\/\/schema.org","@graph":[{"@type":"Article","@id":"https:\/\/interamerica.org\/fr\/2006\/08\/un-ancien-president-de-la-division-inter-americaine-meurt\/#article","isPartOf":{"@id":"https:\/\/interamerica.org\/fr\/2006\/08\/un-ancien-president-de-la-division-inter-americaine-meurt\/"},"author":{"name":"Lorenzo Verduzco","@id":"https:\/\/interamerica.org\/fr\/#\/schema\/person\/68ede8bdc292885bb76c1e3810e73c39"},"headline":"Un Ancien Pr\u00e9sident de la Division Inter-Am\u00e9ricaine Meurt","datePublished":"2006-08-15T04:00:00+00:00","dateModified":"2017-06-02T17:17:03+00:00","mainEntityOfPage":{"@id":"https:\/\/interamerica.org\/fr\/2006\/08\/un-ancien-president-de-la-division-inter-americaine-meurt\/"},"wordCount":191,"articleSection":["Archive"],"inLanguage":"fr-FR"},{"@type":"WebPage","@id":"https:\/\/interamerica.org\/fr\/2006\/08\/un-ancien-president-de-la-division-inter-americaine-meurt\/","url":"https:\/\/interamerica.org\/fr\/2006\/08\/un-ancien-president-de-la-division-inter-americaine-meurt\/","name":"Un Ancien Pr\u00e9sident de la Division Inter-Am\u00e9ricaine Meurt - \u00c9glise Adventiste Du Septieme Jour - Inter Am\u00e9rique Division","isPartOf":{"@id":"https:\/\/interamerica.org\/fr\/#website"},"datePublished":"2006-08-15T04:00:00+00:00","dateModified":"2017-06-02T17:17:03+00:00","author":{"@id":"https:\/\/interamerica.org\/fr\/#\/schema\/person\/68ede8bdc292885bb76c1e3810e73c39"},"breadcrumb":{"@id":"https:\/\/interamerica.org\/fr\/2006\/08\/un-ancien-president-de-la-division-inter-americaine-meurt\/#breadcrumb"},"inLanguage":"fr-FR","potentialAction":[{"@type":"ReadAction","target":["https:\/\/interamerica.org\/fr\/2006\/08\/un-ancien-president-de-la-division-inter-americaine-meurt\/"]}]},{"@type":"BreadcrumbList","@id":"https:\/\/interamerica.org\/fr\/2006\/08\/un-ancien-president-de-la-division-inter-americaine-meurt\/#breadcrumb","itemListElement":[{"@type":"ListItem","position":1,"name":"Home","item":"https:\/\/interamerica.org\/fr\/"},{"@type":"ListItem","position":2,"name":"Un Ancien Pr\u00e9sident de la Division Inter-Am\u00e9ricaine Meurt"}]},{"@type":"WebSite","@id":"https:\/\/interamerica.org\/fr\/#website","url":"https:\/\/interamerica.org\/fr\/","name":"\u00c9glise Adventiste Du Septieme Jour - Inter Am\u00e9rique Division","description":"","potentialAction":[{"@type":"SearchAction","target":{"@type":"EntryPoint","urlTemplate":"https:\/\/interamerica.org\/fr\/?s={search_term_string}"},"query-input":{"@type":"PropertyValueSpecification","valueRequired":true,"valueName":"search_term_string"}}],"inLanguage":"fr-FR"},{"@type":"Person","@id":"https:\/\/interamerica.org\/fr\/#\/schema\/person\/68ede8bdc292885bb76c1e3810e73c39","name":"Lorenzo Verduzco","image":{"@type":"ImageObject","inLanguage":"fr-FR","@id":"https:\/\/secure.gravatar.com\/avatar\/fb81a55b6218459490a9c1dc841a34909185b81904c5337b4b27f7a6fd60c49e?s=96&d=mm&r=g","url":"https:\/\/secure.gravatar.com\/avatar\/fb81a55b6218459490a9c1dc841a34909185b81904c5337b4b27f7a6fd60c49e?s=96&d=mm&r=g","contentUrl":"https:\/\/secure.gravatar.com\/avatar\/fb81a55b6218459490a9c1dc841a34909185b81904c5337b4b27f7a6fd60c49e?s=96&d=mm&r=g","caption":"Lorenzo Verduzco"}}]}},"_links":{"self":[{"href":"https:\/\/interamerica.org\/fr\/wp-json\/wp\/v2\/posts\/12582","targetHints":{"allow":["GET"]}}],"collection":[{"href":"https:\/\/interamerica.org\/fr\/wp-json\/wp\/v2\/posts"}],"about":[{"href":"https:\/\/interamerica.org\/fr\/wp-json\/wp\/v2\/types\/post"}],"author":[{"embeddable":true,"href":"https:\/\/interamerica.org\/fr\/wp-json\/wp\/v2\/users\/1"}],"replies":[{"embeddable":true,"href":"https:\/\/interamerica.org\/fr\/wp-json\/wp\/v2\/comments?post=12582"}],"version-history":[{"count":0,"href":"https:\/\/interamerica.org\/fr\/wp-json\/wp\/v2\/posts\/12582\/revisions"}],"wp:attachment":[{"href":"https:\/\/interamerica.org\/fr\/wp-json\/wp\/v2\/media?parent=12582"}],"wp:term":[{"taxonomy":"category","embeddable":true,"href":"https:\/\/interamerica.org\/fr\/wp-json\/wp\/v2\/categories?post=12582"},{"taxonomy":"post_tag","embeddable":true,"href":"https:\/\/interamerica.org\/fr\/wp-json\/wp\/v2\/tags?post=12582"}],"curies":[{"name":"wp","href":"https:\/\/api.w.org\/{rel}","templated":true}]}}