{"id":12585,"date":"2006-08-18T00:00:00","date_gmt":"2006-08-18T04:00:00","guid":{"rendered":"http:\/\/192.81.217.108\/interamerica\/2006\/08\/panama-asi-debute-sa-convention\/"},"modified":"2017-06-02T13:17:01","modified_gmt":"2017-06-02T17:17:01","slug":"panama-asi-debute-sa-convention","status":"publish","type":"post","link":"https:\/\/interamerica.org\/fr\/2006\/08\/panama-asi-debute-sa-convention\/","title":{"rendered":"Panama:  ASI D\u00e9bute Sa Convention"},"content":{"rendered":"<p>Panama City, Panama&#8230; (Libna Stevens\/DIA) <\/p>\n<p>L&#39;Inter-Am\u00e9rique a d\u00e9but\u00e9 sa 7\u00e8me convention annuelle des Laiques et des Services des Industries (ASI) le 16 ao\u00fbt dans la ville de Panama City, \u00e0 Panama. <\/p>\n<p>Plus de 250 d\u00e9l\u00e9gu\u00e9s et des centaines d&#39;Adventistes du Septi\u00e8me jour ont rempli le \u00ab\u00a0Riande Continental Hotel\u00a0\u00bb au bas de la ville de Panama City, o\u00f9 se trouvaient, parmi les orateurs sp\u00e9ciaux, le Maire Juan Carlos Navarro et sa femme Cuqui Navarro et l&#39;assistant du maire, Mr. Bedoya. Tous ensemble, ils souhait\u00e8rent la bienvenue \u00e0 la d\u00e9l\u00e9gatin de la ASI et d\u00e9clar\u00e8rent la session ouverte. <\/p>\n<p>Les points forts de l&#39;ouverture comprenaient la parade traditionnelle des drapeaux et des costumes de chaque pays repr\u00e9sent\u00e9 \u00e0 la convention.  Il y a eu la performance de la troupe de dance de folklore de Panaama, un rapport du Pr\u00e9sident Robert Maycock de l&#39;ASI de la Division Inter-Am\u00e9ricaine (DIA) , un festival de musique et un message sp\u00e9cial du Pasteur Israel Leito, pr\u00e9sident de l&#39;\u00e9glise de l&#39;Inter-Am\u00e9rique. <\/p>\n<p>Au cours de son message aux professionnels Adventistes, Pasteur Leito exhorta les d\u00e9l\u00e9gu\u00e9s \u00e0 tenir leur promesse d&#39;inclure leur religion \u00e0 leurs affaires. <\/p>\n<p>\u00ab\u00a0Notre religion, notre moralit\u00e9, notre salut doivent faire partie de nos affaires,\u00a0\u00bb a avanc\u00e9 Pasteur Leito.  \u00ab\u00a0Nous devons inclure notre Seigneur J\u00e9sus Christ \u00e0 nos affaires.  Nous devons nous assurer que les autres connaissent le vrai Dieu. <\/p>\n<p>Etre en b\u00e9n\u00e9diction aux autres est la raison de l&#39;existence de ASI, a soulign\u00e9 Pasteur Leito dans son message aux d\u00e9l\u00e9gu\u00e9s de l&#39;ann\u00e9e. <\/p>\n<p>Partager Christ dans les milieux d&#39;affaire, dans les associations, et devenir de meilleurs hommes d&#39;affaires et de meilleurs professionnels est l&#39;une des principales raisons de la convention, avancent les organisateurs.  Les principaux s\u00e9minaires ont couvert une vari\u00e9t\u00e9 de sujets, tels que la moralit\u00e9, la gestion du stress, le travail des media, l&#39;approche cr\u00e9atrice dans les affaires, la r\u00e9solution des probl\u00e8mes et l&#39;utilisation de la technologie pour pr\u00e9senter l&#39;\u00e9vangile.  Les s\u00e9minaires ont commenc\u00e9 apr\u00e8s le jour de l&#39;ouverture les 17 et 18 ao\u00fbt. <\/p>\n<p>Les dirigeants du chapitre de ASI\/DIA ont eu l&#39;opportunit\u00e9 de partager les rapports des diff\u00e9rents projets organis\u00e9s par les membres de leur chapitre. <\/p>\n<p>Un sp\u00e9cial service religieux, un festival de musique, et des c\u00e9r\u00e9monies de cl\u00f4ture eurent lieu le Sabbat 20 ao\u00fbt.  Aussi, il a \u00e9t\u00e9 programm\u00e9 l&#39;\u00e9lection du nouveau pr\u00e9sident et des officiers de l&#39;ASI de la DIA. <\/p>\n<p>Pour voir les photos de la c\u00e9r\u00e9monie d&#39;ouverture de la convention , consultez le site ci-dessous.   <\/p>\n","protected":false},"excerpt":{"rendered":"<p>L&#39;Inter-Am\u00e9rique a d\u00e9but\u00e9 sa 7\u00e8me convention annuelle des Laiques et des Services des Industries (ASI) le 16 ao\u00fbt dans la ville de Panama City, \u00e0 Panama.<\/p>\n","protected":false},"author":1,"featured_media":0,"comment_status":"closed","ping_status":"closed","sticky":false,"template":"","format":"standard","meta":{"_acf_changed":false,"footnotes":""},"categories":[9],"tags":[],"class_list":["post-12585","post","type-post","status-publish","format-standard","hentry","category-archive-fr"],"acf":[],"yoast_head":"<!-- This site is optimized with the Yoast SEO plugin v27.3 - https:\/\/yoast.com\/product\/yoast-seo-wordpress\/ -->\n<title>Panama: ASI D\u00e9bute Sa Convention - \u00c9glise Adventiste Du Septieme Jour - Inter Am\u00e9rique Division<\/title>\n<meta name=\"robots\" content=\"index, follow, max-snippet:-1, max-image-preview:large, max-video-preview:-1\" \/>\n<link rel=\"canonical\" href=\"https:\/\/interamerica.org\/fr\/2006\/08\/panama-asi-debute-sa-convention\/\" \/>\n<meta property=\"og:locale\" content=\"fr_FR\" \/>\n<meta property=\"og:type\" content=\"article\" \/>\n<meta property=\"og:title\" content=\"Panama: ASI D\u00e9bute Sa Convention - \u00c9glise Adventiste Du Septieme Jour - Inter Am\u00e9rique Division\" \/>\n<meta property=\"og:description\" content=\"L&#039;Inter-Am\u00e9rique a d\u00e9but\u00e9 sa 7\u00e8me convention annuelle des Laiques et des Services des Industries (ASI) le 16 ao\u00fbt dans la ville de Panama City, \u00e0 Panama.\" \/>\n<meta property=\"og:url\" content=\"https:\/\/interamerica.org\/fr\/2006\/08\/panama-asi-debute-sa-convention\/\" \/>\n<meta property=\"og:site_name\" content=\"\u00c9glise Adventiste Du Septieme Jour - Inter Am\u00e9rique Division\" \/>\n<meta property=\"article:published_time\" content=\"2006-08-18T04:00:00+00:00\" \/>\n<meta property=\"article:modified_time\" content=\"2017-06-02T17:17:01+00:00\" \/>\n<meta name=\"author\" content=\"Lorenzo Verduzco\" \/>\n<meta name=\"twitter:card\" content=\"summary_large_image\" \/>\n<meta name=\"twitter:label1\" content=\"\u00c9crit par\" \/>\n\t<meta name=\"twitter:data1\" content=\"Lorenzo Verduzco\" \/>\n\t<meta name=\"twitter:label2\" content=\"Dur\u00e9e de lecture estim\u00e9e\" \/>\n\t<meta name=\"twitter:data2\" content=\"2 minutes\" \/>\n<script type=\"application\/ld+json\" class=\"yoast-schema-graph\">{\"@context\":\"https:\\\/\\\/schema.org\",\"@graph\":[{\"@type\":\"Article\",\"@id\":\"https:\\\/\\\/interamerica.org\\\/fr\\\/2006\\\/08\\\/panama-asi-debute-sa-convention\\\/#article\",\"isPartOf\":{\"@id\":\"https:\\\/\\\/interamerica.org\\\/fr\\\/2006\\\/08\\\/panama-asi-debute-sa-convention\\\/\"},\"author\":{\"name\":\"Lorenzo Verduzco\",\"@id\":\"https:\\\/\\\/interamerica.org\\\/fr\\\/#\\\/schema\\\/person\\\/68ede8bdc292885bb76c1e3810e73c39\"},\"headline\":\"Panama: ASI D\u00e9bute Sa Convention\",\"datePublished\":\"2006-08-18T04:00:00+00:00\",\"dateModified\":\"2017-06-02T17:17:01+00:00\",\"mainEntityOfPage\":{\"@id\":\"https:\\\/\\\/interamerica.org\\\/fr\\\/2006\\\/08\\\/panama-asi-debute-sa-convention\\\/\"},\"wordCount\":467,\"articleSection\":[\"Archive\"],\"inLanguage\":\"fr-FR\"},{\"@type\":\"WebPage\",\"@id\":\"https:\\\/\\\/interamerica.org\\\/fr\\\/2006\\\/08\\\/panama-asi-debute-sa-convention\\\/\",\"url\":\"https:\\\/\\\/interamerica.org\\\/fr\\\/2006\\\/08\\\/panama-asi-debute-sa-convention\\\/\",\"name\":\"Panama: ASI D\u00e9bute Sa Convention - \u00c9glise Adventiste Du Septieme Jour - Inter Am\u00e9rique Division\",\"isPartOf\":{\"@id\":\"https:\\\/\\\/interamerica.org\\\/fr\\\/#website\"},\"datePublished\":\"2006-08-18T04:00:00+00:00\",\"dateModified\":\"2017-06-02T17:17:01+00:00\",\"author\":{\"@id\":\"https:\\\/\\\/interamerica.org\\\/fr\\\/#\\\/schema\\\/person\\\/68ede8bdc292885bb76c1e3810e73c39\"},\"breadcrumb\":{\"@id\":\"https:\\\/\\\/interamerica.org\\\/fr\\\/2006\\\/08\\\/panama-asi-debute-sa-convention\\\/#breadcrumb\"},\"inLanguage\":\"fr-FR\",\"potentialAction\":[{\"@type\":\"ReadAction\",\"target\":[\"https:\\\/\\\/interamerica.org\\\/fr\\\/2006\\\/08\\\/panama-asi-debute-sa-convention\\\/\"]}]},{\"@type\":\"BreadcrumbList\",\"@id\":\"https:\\\/\\\/interamerica.org\\\/fr\\\/2006\\\/08\\\/panama-asi-debute-sa-convention\\\/#breadcrumb\",\"itemListElement\":[{\"@type\":\"ListItem\",\"position\":1,\"name\":\"Home\",\"item\":\"https:\\\/\\\/interamerica.org\\\/fr\\\/\"},{\"@type\":\"ListItem\",\"position\":2,\"name\":\"Panama: ASI D\u00e9bute Sa Convention\"}]},{\"@type\":\"WebSite\",\"@id\":\"https:\\\/\\\/interamerica.org\\\/fr\\\/#website\",\"url\":\"https:\\\/\\\/interamerica.org\\\/fr\\\/\",\"name\":\"\u00c9glise Adventiste Du Septieme Jour - Inter Am\u00e9rique Division\",\"description\":\"\",\"potentialAction\":[{\"@type\":\"SearchAction\",\"target\":{\"@type\":\"EntryPoint\",\"urlTemplate\":\"https:\\\/\\\/interamerica.org\\\/fr\\\/?s={search_term_string}\"},\"query-input\":{\"@type\":\"PropertyValueSpecification\",\"valueRequired\":true,\"valueName\":\"search_term_string\"}}],\"inLanguage\":\"fr-FR\"},{\"@type\":\"Person\",\"@id\":\"https:\\\/\\\/interamerica.org\\\/fr\\\/#\\\/schema\\\/person\\\/68ede8bdc292885bb76c1e3810e73c39\",\"name\":\"Lorenzo Verduzco\",\"image\":{\"@type\":\"ImageObject\",\"inLanguage\":\"fr-FR\",\"@id\":\"https:\\\/\\\/secure.gravatar.com\\\/avatar\\\/fb81a55b6218459490a9c1dc841a34909185b81904c5337b4b27f7a6fd60c49e?s=96&d=mm&r=g\",\"url\":\"https:\\\/\\\/secure.gravatar.com\\\/avatar\\\/fb81a55b6218459490a9c1dc841a34909185b81904c5337b4b27f7a6fd60c49e?s=96&d=mm&r=g\",\"contentUrl\":\"https:\\\/\\\/secure.gravatar.com\\\/avatar\\\/fb81a55b6218459490a9c1dc841a34909185b81904c5337b4b27f7a6fd60c49e?s=96&d=mm&r=g\",\"caption\":\"Lorenzo Verduzco\"}}]}<\/script>\n<!-- \/ Yoast SEO plugin. -->","yoast_head_json":{"title":"Panama: ASI D\u00e9bute Sa Convention - \u00c9glise Adventiste Du Septieme Jour - Inter Am\u00e9rique Division","robots":{"index":"index","follow":"follow","max-snippet":"max-snippet:-1","max-image-preview":"max-image-preview:large","max-video-preview":"max-video-preview:-1"},"canonical":"https:\/\/interamerica.org\/fr\/2006\/08\/panama-asi-debute-sa-convention\/","og_locale":"fr_FR","og_type":"article","og_title":"Panama: ASI D\u00e9bute Sa Convention - \u00c9glise Adventiste Du Septieme Jour - Inter Am\u00e9rique Division","og_description":"L&#39;Inter-Am\u00e9rique a d\u00e9but\u00e9 sa 7\u00e8me convention annuelle des Laiques et des Services des Industries (ASI) le 16 ao\u00fbt dans la ville de Panama City, \u00e0 Panama.","og_url":"https:\/\/interamerica.org\/fr\/2006\/08\/panama-asi-debute-sa-convention\/","og_site_name":"\u00c9glise Adventiste Du Septieme Jour - Inter Am\u00e9rique Division","article_published_time":"2006-08-18T04:00:00+00:00","article_modified_time":"2017-06-02T17:17:01+00:00","author":"Lorenzo Verduzco","twitter_card":"summary_large_image","twitter_misc":{"\u00c9crit par":"Lorenzo Verduzco","Dur\u00e9e de lecture estim\u00e9e":"2 minutes"},"schema":{"@context":"https:\/\/schema.org","@graph":[{"@type":"Article","@id":"https:\/\/interamerica.org\/fr\/2006\/08\/panama-asi-debute-sa-convention\/#article","isPartOf":{"@id":"https:\/\/interamerica.org\/fr\/2006\/08\/panama-asi-debute-sa-convention\/"},"author":{"name":"Lorenzo Verduzco","@id":"https:\/\/interamerica.org\/fr\/#\/schema\/person\/68ede8bdc292885bb76c1e3810e73c39"},"headline":"Panama: ASI D\u00e9bute Sa Convention","datePublished":"2006-08-18T04:00:00+00:00","dateModified":"2017-06-02T17:17:01+00:00","mainEntityOfPage":{"@id":"https:\/\/interamerica.org\/fr\/2006\/08\/panama-asi-debute-sa-convention\/"},"wordCount":467,"articleSection":["Archive"],"inLanguage":"fr-FR"},{"@type":"WebPage","@id":"https:\/\/interamerica.org\/fr\/2006\/08\/panama-asi-debute-sa-convention\/","url":"https:\/\/interamerica.org\/fr\/2006\/08\/panama-asi-debute-sa-convention\/","name":"Panama: ASI D\u00e9bute Sa Convention - \u00c9glise Adventiste Du Septieme Jour - Inter Am\u00e9rique Division","isPartOf":{"@id":"https:\/\/interamerica.org\/fr\/#website"},"datePublished":"2006-08-18T04:00:00+00:00","dateModified":"2017-06-02T17:17:01+00:00","author":{"@id":"https:\/\/interamerica.org\/fr\/#\/schema\/person\/68ede8bdc292885bb76c1e3810e73c39"},"breadcrumb":{"@id":"https:\/\/interamerica.org\/fr\/2006\/08\/panama-asi-debute-sa-convention\/#breadcrumb"},"inLanguage":"fr-FR","potentialAction":[{"@type":"ReadAction","target":["https:\/\/interamerica.org\/fr\/2006\/08\/panama-asi-debute-sa-convention\/"]}]},{"@type":"BreadcrumbList","@id":"https:\/\/interamerica.org\/fr\/2006\/08\/panama-asi-debute-sa-convention\/#breadcrumb","itemListElement":[{"@type":"ListItem","position":1,"name":"Home","item":"https:\/\/interamerica.org\/fr\/"},{"@type":"ListItem","position":2,"name":"Panama: ASI D\u00e9bute Sa Convention"}]},{"@type":"WebSite","@id":"https:\/\/interamerica.org\/fr\/#website","url":"https:\/\/interamerica.org\/fr\/","name":"\u00c9glise Adventiste Du Septieme Jour - Inter Am\u00e9rique Division","description":"","potentialAction":[{"@type":"SearchAction","target":{"@type":"EntryPoint","urlTemplate":"https:\/\/interamerica.org\/fr\/?s={search_term_string}"},"query-input":{"@type":"PropertyValueSpecification","valueRequired":true,"valueName":"search_term_string"}}],"inLanguage":"fr-FR"},{"@type":"Person","@id":"https:\/\/interamerica.org\/fr\/#\/schema\/person\/68ede8bdc292885bb76c1e3810e73c39","name":"Lorenzo Verduzco","image":{"@type":"ImageObject","inLanguage":"fr-FR","@id":"https:\/\/secure.gravatar.com\/avatar\/fb81a55b6218459490a9c1dc841a34909185b81904c5337b4b27f7a6fd60c49e?s=96&d=mm&r=g","url":"https:\/\/secure.gravatar.com\/avatar\/fb81a55b6218459490a9c1dc841a34909185b81904c5337b4b27f7a6fd60c49e?s=96&d=mm&r=g","contentUrl":"https:\/\/secure.gravatar.com\/avatar\/fb81a55b6218459490a9c1dc841a34909185b81904c5337b4b27f7a6fd60c49e?s=96&d=mm&r=g","caption":"Lorenzo Verduzco"}}]}},"_links":{"self":[{"href":"https:\/\/interamerica.org\/fr\/wp-json\/wp\/v2\/posts\/12585","targetHints":{"allow":["GET"]}}],"collection":[{"href":"https:\/\/interamerica.org\/fr\/wp-json\/wp\/v2\/posts"}],"about":[{"href":"https:\/\/interamerica.org\/fr\/wp-json\/wp\/v2\/types\/post"}],"author":[{"embeddable":true,"href":"https:\/\/interamerica.org\/fr\/wp-json\/wp\/v2\/users\/1"}],"replies":[{"embeddable":true,"href":"https:\/\/interamerica.org\/fr\/wp-json\/wp\/v2\/comments?post=12585"}],"version-history":[{"count":0,"href":"https:\/\/interamerica.org\/fr\/wp-json\/wp\/v2\/posts\/12585\/revisions"}],"wp:attachment":[{"href":"https:\/\/interamerica.org\/fr\/wp-json\/wp\/v2\/media?parent=12585"}],"wp:term":[{"taxonomy":"category","embeddable":true,"href":"https:\/\/interamerica.org\/fr\/wp-json\/wp\/v2\/categories?post=12585"},{"taxonomy":"post_tag","embeddable":true,"href":"https:\/\/interamerica.org\/fr\/wp-json\/wp\/v2\/tags?post=12585"}],"curies":[{"name":"wp","href":"https:\/\/api.w.org\/{rel}","templated":true}]}}