{"id":12586,"date":"2006-08-21T00:00:00","date_gmt":"2006-08-21T04:00:00","guid":{"rendered":"http:\/\/192.81.217.108\/interamerica\/2006\/08\/panama-fin-de-la-convention-de-lasi\/"},"modified":"2017-06-02T13:17:00","modified_gmt":"2017-06-02T17:17:00","slug":"panama-fin-de-la-convention-de-lasi","status":"publish","type":"post","link":"https:\/\/interamerica.org\/fr\/2006\/08\/panama-fin-de-la-convention-de-lasi\/","title":{"rendered":"Panama: Fin de la Convention de l&#39;ASI"},"content":{"rendered":"<p>Panama City, Panama&#8230; (Libna Stevens\/DIA) <\/p>\n<p>Les Services Adventistes des La\u00efques et des Industries (ASI) de la Division Inter-Am\u00e9ricaine tient sa 7\u00e8me convention annuelle dans la ville de Panama city, \u00e0 Panama, du 16 au 19 ao\u00fbt. Des centaines de professionnels Adventistes du Septi\u00e8me jour se sont rencontr\u00e9s \u00e0 la covention pour paticiper \u00e0 plusieurs s\u00e9minaires, des performances musicales, des expositions et des pr\u00e9sentations religieuses. C&#39;\u00e9tait le moment de se regrouper ensemble, se reconsacrer au service des moins fortun\u00e9s et reprendre l&#39;engagement d&#39;\u00e9vang\u00e9liser leurs communaut\u00e9s. <\/p>\n<p>\u00ab\u00a0Avec Christ au volant, nous triompherons\u00a0\u00bb a \u00e9t\u00e9 le th\u00e8me officiel de l&#39;ann\u00e9e, bien que le message percutant qui a impr\u00e9gn\u00e9 l&#39;\u00e9v\u00e8nement de ces quatre jours \u00e9tait celui d&#39;avoir une grande vision et d&#39;investir les talents re\u00e7us de Dieu pour le royaume de Dieu. <\/p>\n<p>\u00ab\u00a0Ayez une grande vision car nous avons un grand Dieu,\u00a0\u00bb a d\u00e9clar\u00e9 Fitz Henry, \u00e9vang\u00e9liste de renom de la Jamaique, qui, de concert avec pasteur David Gates, pilote missionnaire de \u00ab\u00a0Gospel Ministries International, ont pr\u00e9sent\u00e9 un appel passionnant pour convier la grande assembl\u00e9e \u00e0 donner en faveur des moins fortun\u00e9s. Comme r\u00e9sultat, il y a eu une grande collecte jamais \u00e9gal\u00e9e au cours des pr\u00e9c\u00e9dentes rencontres de l&#39;ASI-DIA, collecte qui contribuera \u00e0 \u00e9laborer des projets pour les enfants du Panama, de la Colombie et de la Jamaique. <\/p>\n<p>Parmi les plus jeunes participants de la convention de cette ann\u00e0e, on pouvait compter Miguel Hernandez venu de Chiapas, au Mexique. Hernandez, un entrepreneur, \u00e2g\u00e9 de 26 ans, poss\u00e8de et dirige une station, un magasin et avec l&#39;aide de ses parents et de ses quatre fr\u00e8res il s&#39;occupe des affaires d&#39;un hotel. <\/p>\n<p>Je suis heureux d&#39;\u00eatre ici \u00e0 la convention,\u00a0\u00bb a avanc\u00e9 Hernandez. C&#39;est une bonne opportunit\u00e9 de mieux conna\u00eetre l&#39;ASI et sa vision ainsi que ses autres branches. Au cours des deux prochaines ann\u00e9es j&#39;esp\u00e8re pouvoir apprendre, acqu\u00e9rir de la maturit\u00e9 et excercer une meilleure influence sur les membres de ma branche locale et de la communaut\u00e9.\u00a0\u00bb <\/p>\n<p>En ce qui concerne Tania Fran\u00e7ois-Haugrin, une jeune femme d&#39;affaires de la Martinique, la participation aux derni\u00e8res conventions de l&#39;ASI-DIA s&#39;est r\u00e9v\u00e9l\u00e9e int\u00e9ressante. Pr\u00e9sentement, elle remplit le r\u00f4le de pr\u00e9sidente de l&#39;ASI de la branche de la Martinique et vient d&#39;\u00eatre \u00e9lue vice-pr\u00e9sidente de ASI-DIA pour les deux prochains termes. Fran\u00e7ois-Haugrin a son propre service de presse b\u00e9n\u00e9vole et travaille comme assistante d&#39;un s\u00e9nateur. Elle a d\u00e9clar\u00e9 que la convention lui a inspir\u00e9 l&#39;id\u00e9e d&#39;ouvrir la premi\u00e8re station Adventiste \u00e0 l&#39;aide de l&#39;Internet en Fran\u00e7ais. Elle anticipe de commencer \u00e0 \u00e9mettre d&#39;icii la fin de l&#39;ann\u00e9e. <\/p>\n<p>Plus de 400 Adventistes se sont joints \u00e0 plus de 250 d\u00e9l\u00e9gu\u00e9s de l&#39;ASI \u00e0 l&#39;Hotel Riande Continental au bas de la Ville de Panama City pour la clot\u00fbre de la convention le sabbat 19 ao\u00fbt. Au cours de la journ\u00e9e, il y a eu beaucoup de pr\u00e9sentations de messages spirituels, des performances musicales par des chanteurs et des groupes locaux, ainsi que l&#39;\u00e9lection des officiers de l&#39;ASI-DIA pour les deux prochaines ann\u00e9es. <\/p>\n<p>Au cours du service tant attendu du Sabbat, Pasteur Frank Gonzalez, orateur et directeur de la radio internationale, \u00ab\u00a0La Voz de la Esperanza, retint l&#39;audience en haleine en le conviant \u00e0 amasser des fonds pour les investir dans le royaume de Dieu et gagner des r\u00e9compenes \u00e9ternelles. Il alla jusqu&#39;\u00e0 dire que l&#39;argent \u00e9tait une bonne chose. <\/p>\n<p>\u00ab\u00a0L&#39;argent n&#39;est pas le probl\u00e8me, le probl\u00e8me est notre foi,\u00a0\u00bb d\u00e9clara Pasteur Gonzalez. \u00ab\u00a0Croyez que Dieu vous donnera ce dont vous avez besoin&#8230; croyez et investissez avec tout votre coeur, votre \u00e2me, et votre esprit pour Dieu.\u00a0\u00bb <\/p>\n<p>Robert Maycock, un ing\u00e9nieur civil, originaire de Barbados, a \u00e9t\u00e9 honor\u00e9 pour sa solide prestation en tant que pr\u00e9sident au cours des derni\u00e8res quatre ann\u00e9es. Dans son message en tant que pr\u00e9sident sortant, il encouragea les membres de l&#39;association \u00e0 travailler avec ardeur pour \u00e9vang\u00e9liser par le biais de leurs affaires. <\/p>\n<p>\u00ab\u00a0Ne vous d\u00e9couragez pas,\u00a0\u00bb dit-il \u00e0 ceux qui \u00e9taient entass\u00e9s dans la salle de r\u00e9union. \u00ab\u00a0Je crois que Dieu nous r\u00e9serve de grandes choses alors que nous travaillons ensemble.\u00a0\u00bb Il cro\u00eet que ASI sera d&#39;une grande contribution pour l&#39;avancement de la technologie dans la proclamation de l&#39;\u00e9vangile au monde. <\/p>\n<p>Le fait de faire partie de l&#39;organisation a procur\u00e9 un plaisir \u00e0 Maycock alors qu&#39;il dirigeait l&#39;ASI. <\/p>\n<p>\u00ab\u00a0Cela a \u00e9t\u00e9 une merveilleuse b\u00e9n\u00e9diction et une exp\u00e9rience enrichissante.\u00a0\u00bb <\/p>\n<p>Il a admis qu&#39;il y a de grands d\u00e9fis pour l&#39;avenir, car l&#39;organisation ne fonctionne que depuis six ans, mais il sent qu&#39;il va de l&#39;avant. <\/p>\n<p>L&#39;un des probl\u00e8mes que confronte ASI\/DIA est que les branches sont \u00e9parpill\u00e9es \u00e0 travers le territoire et il faut aussi consid\u00e9rer qu&#39;elles parlent des langues diff\u00e9rentes. <\/p>\n<p>Mais en ce qui concerne l&#39;amalgame de cultures de l&#39;Inter-Am\u00e9rique, il y a toujours un lien commun, d\u00e9clara Pasteur Israel Leito, pr\u00e9sident de l&#39;\u00e9glise de l&#39;Inter-Am\u00e9rique. <\/p>\n<p>\u00ab\u00a0Nous sommes une division multiculturelle parlant plusieurs langues, et ceci nous donne de grands d\u00e9fis mais c&#39;est une joie de constater comment l&#39;Eternel nous a toujours dirig\u00e9 dans son travail en Inter-Am\u00e9rique,\u00a0\u00bb a avanc\u00e9 Pasteur Leito. <\/p>\n<p>Au cours de la convention les membres du chapitre de l&#39;ASI-DIA ont \u00e9lu les dirigeants suivants: <\/p>\n<p>Pr\u00e9sident: Juan Rosa, pr\u00e9sident <\/p>\n<p>Vice-pr\u00e9sidents: Tania Fran\u00e7ois-Haugrin, Jorge Irias, Marston Thomas, et Mayer Cadenas <\/p>\n<p>Secr\u00e9taire: Leon B. Wellington <\/p>\n<p>Tr\u00e9sorier: Sonja Carnegie <\/p>\n<p>Officier des Relations Publiques: Victor Johnson <\/p>\n<p>Officier des Projets: Robert Maylcock <\/p>\n<p>Minist\u00e8res Personnels: Carlyle Bayne <\/p>\n<p>\u00ab\u00a0Dieu d\u00e9sire que ses enfants prosp\u00e8rent\u00a0\u00bb avan\u00e7a-t-il. \u00ab\u00a0La prosp\u00e9rit\u00e9 est destin\u00e9e \u00e0 nous tous, la prosp\u00e9rit\u00e9 physique est destin\u00e9e \u00e0 nous tous. La prosp\u00e9rit\u00e9 mat\u00e9rielle est destin\u00e9e \u00e0 nous tous. Confiez vos affaires \u00e0 Dieu et Il vous b\u00e9nira.\u00a0\u00bb <\/p>\n<p>Sur cette note, la convention prit fin \u00e0 l&#39;annonce de la tenue de la convention de l&#39;ann\u00e9e prochaine. Il est pr\u00e9vu que la prochaine convention de l&#39;ASI\/DIA se tiendra \u00e0 Cancun, au Mexique, du 15 au 18 ao\u00fbt 2007. <\/p>\n<p>Les Services Adventistes des La\u00efques et des Industries (ASI) sont une organisation form\u00e9e de membres de l&#39;\u00e9glise Adventiste du Septi\u00e8me jour qui travaillent dans le secteur des affaires priv\u00e9es et dans les milieux professionnels. Les membres de l&#39;ASI reconnaissent que le temps, les talents, les tr\u00e9sors, le temple du corps appartiennent \u00e0 Dieu. Et pour cela, ils croient que les professions peuvent et devraient servir \u00e0 l&#39;avancement de la Proclamation de l&#39;\u00e9vangile (Luc 19:13; <\/p>\n<p>T\u00e9moignages vol 4, p.469). L&#39;ASI s&#39;engage \u00e0 soutenir l&#39;Eglise Adventiste du Septi\u00e8me jour et ses diff\u00e9rents programmes communautaires, tels ceux qui se rapportent \u00e0 la sant\u00e9, l&#39;\u00e9ducation, l&#39;\u00e9vang\u00e9lisation, les services communautaires, les probl\u00e8mes familliaux et les projets sp\u00e9ciaux. <\/p>\n","protected":false},"excerpt":{"rendered":"<p>Les Services Adventistes des La\u00efques et des Industries (ASI) de la Division Inter-Am\u00e9ricaine tient sa 7\u00e8me convention annuelle dans la ville de Panama city, \u00e0 Panama, du 16 au 19 ao\u00fbt.<\/p>\n","protected":false},"author":1,"featured_media":0,"comment_status":"closed","ping_status":"closed","sticky":false,"template":"","format":"standard","meta":{"_acf_changed":false,"footnotes":""},"categories":[9],"tags":[],"class_list":["post-12586","post","type-post","status-publish","format-standard","hentry","category-archive-fr"],"acf":[],"yoast_head":"<!-- This site is optimized with the Yoast SEO plugin v27.3 - https:\/\/yoast.com\/product\/yoast-seo-wordpress\/ -->\n<title>Panama: Fin de la Convention de l&#039;ASI - \u00c9glise Adventiste Du Septieme Jour - Inter Am\u00e9rique Division<\/title>\n<meta name=\"robots\" content=\"index, follow, max-snippet:-1, max-image-preview:large, max-video-preview:-1\" \/>\n<link rel=\"canonical\" href=\"https:\/\/interamerica.org\/fr\/2006\/08\/panama-fin-de-la-convention-de-lasi\/\" \/>\n<meta property=\"og:locale\" content=\"fr_FR\" \/>\n<meta property=\"og:type\" content=\"article\" \/>\n<meta property=\"og:title\" content=\"Panama: Fin de la Convention de l&#039;ASI - \u00c9glise Adventiste Du Septieme Jour - Inter Am\u00e9rique Division\" \/>\n<meta property=\"og:description\" content=\"Les Services Adventistes des La\u00efques et des Industries (ASI) de la Division Inter-Am\u00e9ricaine tient sa 7\u00e8me convention annuelle dans la ville de Panama city, \u00e0 Panama, du 16 au 19 ao\u00fbt.\" \/>\n<meta property=\"og:url\" content=\"https:\/\/interamerica.org\/fr\/2006\/08\/panama-fin-de-la-convention-de-lasi\/\" \/>\n<meta property=\"og:site_name\" content=\"\u00c9glise Adventiste Du Septieme Jour - Inter Am\u00e9rique Division\" \/>\n<meta property=\"article:published_time\" content=\"2006-08-21T04:00:00+00:00\" \/>\n<meta property=\"article:modified_time\" content=\"2017-06-02T17:17:00+00:00\" \/>\n<meta name=\"author\" content=\"Lorenzo Verduzco\" \/>\n<meta name=\"twitter:card\" content=\"summary_large_image\" \/>\n<meta name=\"twitter:label1\" content=\"\u00c9crit par\" \/>\n\t<meta name=\"twitter:data1\" content=\"Lorenzo Verduzco\" \/>\n\t<meta name=\"twitter:label2\" content=\"Dur\u00e9e de lecture estim\u00e9e\" \/>\n\t<meta name=\"twitter:data2\" content=\"6 minutes\" \/>\n<script type=\"application\/ld+json\" class=\"yoast-schema-graph\">{\"@context\":\"https:\\\/\\\/schema.org\",\"@graph\":[{\"@type\":\"Article\",\"@id\":\"https:\\\/\\\/interamerica.org\\\/fr\\\/2006\\\/08\\\/panama-fin-de-la-convention-de-lasi\\\/#article\",\"isPartOf\":{\"@id\":\"https:\\\/\\\/interamerica.org\\\/fr\\\/2006\\\/08\\\/panama-fin-de-la-convention-de-lasi\\\/\"},\"author\":{\"name\":\"Lorenzo Verduzco\",\"@id\":\"https:\\\/\\\/interamerica.org\\\/fr\\\/#\\\/schema\\\/person\\\/68ede8bdc292885bb76c1e3810e73c39\"},\"headline\":\"Panama: Fin de la Convention de l&#39;ASI\",\"datePublished\":\"2006-08-21T04:00:00+00:00\",\"dateModified\":\"2017-06-02T17:17:00+00:00\",\"mainEntityOfPage\":{\"@id\":\"https:\\\/\\\/interamerica.org\\\/fr\\\/2006\\\/08\\\/panama-fin-de-la-convention-de-lasi\\\/\"},\"wordCount\":1231,\"articleSection\":[\"Archive\"],\"inLanguage\":\"fr-FR\"},{\"@type\":\"WebPage\",\"@id\":\"https:\\\/\\\/interamerica.org\\\/fr\\\/2006\\\/08\\\/panama-fin-de-la-convention-de-lasi\\\/\",\"url\":\"https:\\\/\\\/interamerica.org\\\/fr\\\/2006\\\/08\\\/panama-fin-de-la-convention-de-lasi\\\/\",\"name\":\"Panama: Fin de la Convention de l&#39;ASI - \u00c9glise Adventiste Du Septieme Jour - Inter Am\u00e9rique Division\",\"isPartOf\":{\"@id\":\"https:\\\/\\\/interamerica.org\\\/fr\\\/#website\"},\"datePublished\":\"2006-08-21T04:00:00+00:00\",\"dateModified\":\"2017-06-02T17:17:00+00:00\",\"author\":{\"@id\":\"https:\\\/\\\/interamerica.org\\\/fr\\\/#\\\/schema\\\/person\\\/68ede8bdc292885bb76c1e3810e73c39\"},\"breadcrumb\":{\"@id\":\"https:\\\/\\\/interamerica.org\\\/fr\\\/2006\\\/08\\\/panama-fin-de-la-convention-de-lasi\\\/#breadcrumb\"},\"inLanguage\":\"fr-FR\",\"potentialAction\":[{\"@type\":\"ReadAction\",\"target\":[\"https:\\\/\\\/interamerica.org\\\/fr\\\/2006\\\/08\\\/panama-fin-de-la-convention-de-lasi\\\/\"]}]},{\"@type\":\"BreadcrumbList\",\"@id\":\"https:\\\/\\\/interamerica.org\\\/fr\\\/2006\\\/08\\\/panama-fin-de-la-convention-de-lasi\\\/#breadcrumb\",\"itemListElement\":[{\"@type\":\"ListItem\",\"position\":1,\"name\":\"Home\",\"item\":\"https:\\\/\\\/interamerica.org\\\/fr\\\/\"},{\"@type\":\"ListItem\",\"position\":2,\"name\":\"Panama: Fin de la Convention de l&#39;ASI\"}]},{\"@type\":\"WebSite\",\"@id\":\"https:\\\/\\\/interamerica.org\\\/fr\\\/#website\",\"url\":\"https:\\\/\\\/interamerica.org\\\/fr\\\/\",\"name\":\"\u00c9glise Adventiste Du Septieme Jour - Inter Am\u00e9rique Division\",\"description\":\"\",\"potentialAction\":[{\"@type\":\"SearchAction\",\"target\":{\"@type\":\"EntryPoint\",\"urlTemplate\":\"https:\\\/\\\/interamerica.org\\\/fr\\\/?s={search_term_string}\"},\"query-input\":{\"@type\":\"PropertyValueSpecification\",\"valueRequired\":true,\"valueName\":\"search_term_string\"}}],\"inLanguage\":\"fr-FR\"},{\"@type\":\"Person\",\"@id\":\"https:\\\/\\\/interamerica.org\\\/fr\\\/#\\\/schema\\\/person\\\/68ede8bdc292885bb76c1e3810e73c39\",\"name\":\"Lorenzo Verduzco\",\"image\":{\"@type\":\"ImageObject\",\"inLanguage\":\"fr-FR\",\"@id\":\"https:\\\/\\\/secure.gravatar.com\\\/avatar\\\/fb81a55b6218459490a9c1dc841a34909185b81904c5337b4b27f7a6fd60c49e?s=96&d=mm&r=g\",\"url\":\"https:\\\/\\\/secure.gravatar.com\\\/avatar\\\/fb81a55b6218459490a9c1dc841a34909185b81904c5337b4b27f7a6fd60c49e?s=96&d=mm&r=g\",\"contentUrl\":\"https:\\\/\\\/secure.gravatar.com\\\/avatar\\\/fb81a55b6218459490a9c1dc841a34909185b81904c5337b4b27f7a6fd60c49e?s=96&d=mm&r=g\",\"caption\":\"Lorenzo Verduzco\"}}]}<\/script>\n<!-- \/ Yoast SEO plugin. -->","yoast_head_json":{"title":"Panama: Fin de la Convention de l&#39;ASI - \u00c9glise Adventiste Du Septieme Jour - Inter Am\u00e9rique Division","robots":{"index":"index","follow":"follow","max-snippet":"max-snippet:-1","max-image-preview":"max-image-preview:large","max-video-preview":"max-video-preview:-1"},"canonical":"https:\/\/interamerica.org\/fr\/2006\/08\/panama-fin-de-la-convention-de-lasi\/","og_locale":"fr_FR","og_type":"article","og_title":"Panama: Fin de la Convention de l&#39;ASI - \u00c9glise Adventiste Du Septieme Jour - Inter Am\u00e9rique Division","og_description":"Les Services Adventistes des La\u00efques et des Industries (ASI) de la Division Inter-Am\u00e9ricaine tient sa 7\u00e8me convention annuelle dans la ville de Panama city, \u00e0 Panama, du 16 au 19 ao\u00fbt.","og_url":"https:\/\/interamerica.org\/fr\/2006\/08\/panama-fin-de-la-convention-de-lasi\/","og_site_name":"\u00c9glise Adventiste Du Septieme Jour - Inter Am\u00e9rique Division","article_published_time":"2006-08-21T04:00:00+00:00","article_modified_time":"2017-06-02T17:17:00+00:00","author":"Lorenzo Verduzco","twitter_card":"summary_large_image","twitter_misc":{"\u00c9crit par":"Lorenzo Verduzco","Dur\u00e9e de lecture estim\u00e9e":"6 minutes"},"schema":{"@context":"https:\/\/schema.org","@graph":[{"@type":"Article","@id":"https:\/\/interamerica.org\/fr\/2006\/08\/panama-fin-de-la-convention-de-lasi\/#article","isPartOf":{"@id":"https:\/\/interamerica.org\/fr\/2006\/08\/panama-fin-de-la-convention-de-lasi\/"},"author":{"name":"Lorenzo Verduzco","@id":"https:\/\/interamerica.org\/fr\/#\/schema\/person\/68ede8bdc292885bb76c1e3810e73c39"},"headline":"Panama: Fin de la Convention de l&#39;ASI","datePublished":"2006-08-21T04:00:00+00:00","dateModified":"2017-06-02T17:17:00+00:00","mainEntityOfPage":{"@id":"https:\/\/interamerica.org\/fr\/2006\/08\/panama-fin-de-la-convention-de-lasi\/"},"wordCount":1231,"articleSection":["Archive"],"inLanguage":"fr-FR"},{"@type":"WebPage","@id":"https:\/\/interamerica.org\/fr\/2006\/08\/panama-fin-de-la-convention-de-lasi\/","url":"https:\/\/interamerica.org\/fr\/2006\/08\/panama-fin-de-la-convention-de-lasi\/","name":"Panama: Fin de la Convention de l&#39;ASI - \u00c9glise Adventiste Du Septieme Jour - Inter Am\u00e9rique Division","isPartOf":{"@id":"https:\/\/interamerica.org\/fr\/#website"},"datePublished":"2006-08-21T04:00:00+00:00","dateModified":"2017-06-02T17:17:00+00:00","author":{"@id":"https:\/\/interamerica.org\/fr\/#\/schema\/person\/68ede8bdc292885bb76c1e3810e73c39"},"breadcrumb":{"@id":"https:\/\/interamerica.org\/fr\/2006\/08\/panama-fin-de-la-convention-de-lasi\/#breadcrumb"},"inLanguage":"fr-FR","potentialAction":[{"@type":"ReadAction","target":["https:\/\/interamerica.org\/fr\/2006\/08\/panama-fin-de-la-convention-de-lasi\/"]}]},{"@type":"BreadcrumbList","@id":"https:\/\/interamerica.org\/fr\/2006\/08\/panama-fin-de-la-convention-de-lasi\/#breadcrumb","itemListElement":[{"@type":"ListItem","position":1,"name":"Home","item":"https:\/\/interamerica.org\/fr\/"},{"@type":"ListItem","position":2,"name":"Panama: Fin de la Convention de l&#39;ASI"}]},{"@type":"WebSite","@id":"https:\/\/interamerica.org\/fr\/#website","url":"https:\/\/interamerica.org\/fr\/","name":"\u00c9glise Adventiste Du Septieme Jour - Inter Am\u00e9rique Division","description":"","potentialAction":[{"@type":"SearchAction","target":{"@type":"EntryPoint","urlTemplate":"https:\/\/interamerica.org\/fr\/?s={search_term_string}"},"query-input":{"@type":"PropertyValueSpecification","valueRequired":true,"valueName":"search_term_string"}}],"inLanguage":"fr-FR"},{"@type":"Person","@id":"https:\/\/interamerica.org\/fr\/#\/schema\/person\/68ede8bdc292885bb76c1e3810e73c39","name":"Lorenzo Verduzco","image":{"@type":"ImageObject","inLanguage":"fr-FR","@id":"https:\/\/secure.gravatar.com\/avatar\/fb81a55b6218459490a9c1dc841a34909185b81904c5337b4b27f7a6fd60c49e?s=96&d=mm&r=g","url":"https:\/\/secure.gravatar.com\/avatar\/fb81a55b6218459490a9c1dc841a34909185b81904c5337b4b27f7a6fd60c49e?s=96&d=mm&r=g","contentUrl":"https:\/\/secure.gravatar.com\/avatar\/fb81a55b6218459490a9c1dc841a34909185b81904c5337b4b27f7a6fd60c49e?s=96&d=mm&r=g","caption":"Lorenzo Verduzco"}}]}},"_links":{"self":[{"href":"https:\/\/interamerica.org\/fr\/wp-json\/wp\/v2\/posts\/12586","targetHints":{"allow":["GET"]}}],"collection":[{"href":"https:\/\/interamerica.org\/fr\/wp-json\/wp\/v2\/posts"}],"about":[{"href":"https:\/\/interamerica.org\/fr\/wp-json\/wp\/v2\/types\/post"}],"author":[{"embeddable":true,"href":"https:\/\/interamerica.org\/fr\/wp-json\/wp\/v2\/users\/1"}],"replies":[{"embeddable":true,"href":"https:\/\/interamerica.org\/fr\/wp-json\/wp\/v2\/comments?post=12586"}],"version-history":[{"count":0,"href":"https:\/\/interamerica.org\/fr\/wp-json\/wp\/v2\/posts\/12586\/revisions"}],"wp:attachment":[{"href":"https:\/\/interamerica.org\/fr\/wp-json\/wp\/v2\/media?parent=12586"}],"wp:term":[{"taxonomy":"category","embeddable":true,"href":"https:\/\/interamerica.org\/fr\/wp-json\/wp\/v2\/categories?post=12586"},{"taxonomy":"post_tag","embeddable":true,"href":"https:\/\/interamerica.org\/fr\/wp-json\/wp\/v2\/tags?post=12586"}],"curies":[{"name":"wp","href":"https:\/\/api.w.org\/{rel}","templated":true}]}}