{"id":125873,"date":"2025-03-07T08:34:25","date_gmt":"2025-03-07T13:34:25","guid":{"rendered":"https:\/\/interamerica.org\/?p=125873"},"modified":"2025-03-07T13:36:17","modified_gmt":"2025-03-07T18:36:17","slug":"qui-pourra-subsister","status":"publish","type":"post","link":"https:\/\/interamerica.org\/fr\/2025\/03\/qui-pourra-subsister\/","title":{"rendered":"Qui pourra subsister?"},"content":{"rendered":"<p>7 mars 2025 | Silver Spring, Maryland, \u00c9tats-Unis | Ted N.C. Wilson, pr\u00e9sident de la Conf\u00e9rence g\u00e9n\u00e9rale des adventistes du septi\u00e8me jour<\/p>\n<p>Bonjour, chers amis ! Dans notre pr\u00e9c\u00e9dente vid\u00e9o, nous avons \u00e9voqu\u00e9 ce qui ce produira lorsque J\u00e9sus reviendra. Nous nous sommes arr\u00eat\u00e9s sur la joie des justes lorsqu&rsquo;ils verront leur R\u00e9dempteur descendre sur les nu\u00e9es avec des myriades d&rsquo;anges, comme Il l&rsquo;a promis.<\/p>\n<p>Mais qu&rsquo;en est-il de ceux qui ne sont pas sauv\u00e9s ? Que leur arrivera-t-il ? La r\u00e9ponse se trouve en Apocalypse 6:15-17.<\/p>\n<p>\u00ab Les rois de la terre, les grands, les chefs militaires, les riches, les puissants, tous les esclaves et les hommes libres, se cach\u00e8rent dans les cavernes et dans les rochers des montagnes. Et ils disaient aux montagnes et aux rochers: Tombez sur nous, et cachez-nous devant la face de celui qui est assis sur le tr\u00f4ne, et devant la col\u00e8re de l\u2019agneau; car le grand jour de sa col\u00e8re est venu, et qui peut subsister? \u00bb<\/p>\n<p>Le jour qui apporte une joie inimaginable aux c\u0153urs de ceux qui ont choisi de suivre J\u00e9sus sera un jour de terreur extr\u00eame pour ceux qui ont refus\u00e9 d&rsquo;\u00e9couter Sa voix. Dans La Trag\u00e9die des si\u00e8cles, Ellen White d\u00e9crit l&rsquo;effroyable sc\u00e8ne o\u00f9 les m\u00e9chants reconnaissent la voix de Dieu appelant de leurs tombes ses saints endormis. Elle \u00e9crit :<\/p>\n<p>\u00ab Les railleries ont pris fin. Les l\u00e8vres mensong\u00e8res sont r\u00e9duites au silence. &#8230;\u00a0 Cette voix, qui parvient aux oreilles des morts, ils la connaissent. Que de fois ses accents doux et tendres ne les ont-ils pas convi\u00e9s \u00e0 la conversion? Que de fois ne s\u2019est-elle pas fait entendre dans les exhortations affectueuses d\u2019un ami, d\u2019un fr\u00e8re, d\u2019un R\u00e9dempteur! \u00bb<\/p>\n<p>Ils ont entendu la voix du Sauveur suppliant : \u00ab Revenez, revenez de votre mauvaise voie; et pourquoi mourriez-vous&#8230;? \u00bb<\/p>\n<p>\u00ab Cette voix, \u00e9crit Ellen White, rappelle des souvenirs que l\u2019on voudrait pouvoir effacer, des avertissements m\u00e9connus, des invitations refus\u00e9es, des occasions n\u00e9glig\u00e9es. \u00bb<\/p>\n<p>Non seulement les impies encore en vie entendront cette voix, mais cette r\u00e9surrection particuli\u00e8re inclura \u00e9galement ceux qui se sont moqu\u00e9s du Christ lors de son proc\u00e8s et alors qu&rsquo;il \u00e9tait suspendu \u00e0 la croix. Nous lisons :<\/p>\n<p>\u00ab Ceux qui ont ridiculis\u00e9 l\u2019affirmation qu\u2019il \u00e9tait le Fils de Dieu sont maintenant bouche close. L\u00e0 se trouve le hautain H\u00e9rode qui se moquait de sa royaut\u00e9 et qui ordonnait \u00e0 ses soldats ricaneurs de le couronner. &#8230; Les hommes qui ont frapp\u00e9 au visage le Prince de la vie et l\u2019ont couvert de leurs crachats se d\u00e9tournent maintenant de son regard per\u00e7ant, &#8230; Ceux qui enfonc\u00e8rent des clous \u00e0 travers ses mains et ses pieds, le soldat qui per\u00e7a son c\u00f4t\u00e9 de sa lance, contemplent ces cicatrices avec terreur et remords. \u00bb<\/p>\n<p>\u00ab Les \u00e9v\u00e9nements du Calvaire reviennent avec une douloureuse clart\u00e9 \u00e0 la m\u00e9moire des sacrificateurs et des principaux du peuple. Fr\u00e9missants d\u2019horreur, ils se rappellent comment, sous l\u2019inspiration de Satan, ils disaient en branlant la t\u00eate: \u201cIl a sauv\u00e9 les autres, et il ne peut se sauver lui-m\u00eame! &#8230; Aussi, entend-on s\u2019\u00e9lever, &#8230; cette clameur d\u2019agonie: \u201cC\u2019est le Fils de Dieu! C\u2019est le vrai Messie!\u201d \u00bb<\/p>\n<p>Comparez ces g\u00e9missements au cri jubilatoire de ceux qui sont sauv\u00e9s : \u00ab Voici, c\u2019est notre Dieu, en qui nous avons confiance, et c\u2019est lui qui nous sauve&#8230; \u00bb<\/p>\n<p>Mes chers amis, ce jour-l\u00e0, il n&rsquo;y aura que deux groupes : les sauv\u00e9s et les perdus. Ceux qui sont sauv\u00e9s ont revendiqu\u00e9 le sang de l&rsquo;Agneau et ont d\u00e9cid\u00e9, par Sa puissance, de le suivre o\u00f9 qu&rsquo;Il les m\u00e8ne.<\/p>\n<p>Malheureusement, les perdus se sont \u00e0 plusieurs reprises d\u00e9tourn\u00e9s de cette voix implorante, d\u00e9termin\u00e9s \u00e0 suivre leur propre voie et \u00e0 rejeter le seul qui peut les sauver.<\/p>\n<p>Mes amis, le salut se pr\u00e9sente \u00e0 vous aujourd&rsquo;hui. Si vous entendez Sa voix, ne vous d\u00e9tournez pas. Dites : \u00ab Oui, Seigneur. Je suis \u00e0 Toi. \u00bb \u00ab Seigneur, prends mon c\u0153ur, car je ne puis te le donner. Il t&rsquo;appartient. Garde-le pur, car j&rsquo;en suis incapable. Sauve-moi en d\u00e9pit de moi-m\u00eame, de ce moi faible et si peu conforme \u00e0 ton image. Mod\u00e8le-moi, fa\u00e7onne-moi, \u00e9l\u00e8ve-moi dans une atmosph\u00e8re pure et sainte o\u00f9 les puissants courants de ton amour pourront atteindre mon \u00e2me. \u00bb<\/p>\n<p>Prions ensemble.<\/p>\n<p>P\u00e8re c\u00e9leste, merci pour ta voix agr\u00e9able qui ne cesse de nous attirer vers le salut et de nous amener au pied de la croix, \u00e0 Christ en qui nous trouvons gr\u00e2ce et salut. Merci pour le travail du Saint-Esprit dans nos c\u0153urs qui nous rapproche du Seigneur et de la v\u00e9rit\u00e9. Aide-nous \u00e0 ne jamais nous en d\u00e9tourner. Car un jour, Seigneur, nous voulons \u00eatre avec toi. Nous voulons \u00eatre avec toi dans la cit\u00e9 sainte. Nous voulons \u00eatre avec toi au ciel et non \u00e0 l&rsquo;ext\u00e9rieur. Seigneur, sauve-nous, au nom de J\u00e9sus, Amen.<\/p>\n<p><iframe title=\"La Trag\u00e9die des si\u00e8cles, ch. 40 : Que se passera-t-il pour les perdus lorsque J\u00e9sus reviendra ?\" width=\"500\" height=\"281\" src=\"https:\/\/www.youtube.com\/embed\/XSc0_ojBpJw?feature=oembed\" frameborder=\"0\" allow=\"accelerometer; autoplay; clipboard-write; encrypted-media; gyroscope; picture-in-picture; web-share\" referrerpolicy=\"strict-origin-when-cross-origin\" allowfullscreen><\/iframe><\/p>\n","protected":false},"excerpt":{"rendered":"<p>7 mars 2025 | Silver Spring, Maryland, \u00c9tats-Unis | Ted N.C. Wilson, pr\u00e9sident de la Conf\u00e9rence g\u00e9n\u00e9rale des adventistes du septi\u00e8me jour Bonjour, chers amis ! Dans notre pr\u00e9c\u00e9dente vid\u00e9o,&#8230;<\/p>\n","protected":false},"author":3,"featured_media":125861,"comment_status":"closed","ping_status":"closed","sticky":false,"template":"","format":"standard","meta":{"_acf_changed":false,"footnotes":""},"categories":[18,19],"tags":[],"class_list":["post-125873","post","type-post","status-publish","format-standard","has-post-thumbnail","hentry","category-nouvelles-de-leglise-mondiale","category-rss-francais"],"acf":[],"yoast_head":"<!-- This site is optimized with the Yoast SEO plugin v27.3 - https:\/\/yoast.com\/product\/yoast-seo-wordpress\/ -->\n<title>Qui pourra subsister? - \u00c9glise Adventiste Du Septieme Jour - Inter Am\u00e9rique Division<\/title>\n<meta name=\"robots\" content=\"index, follow, max-snippet:-1, max-image-preview:large, max-video-preview:-1\" \/>\n<link rel=\"canonical\" href=\"https:\/\/interamerica.org\/fr\/2025\/03\/qui-pourra-subsister\/\" \/>\n<meta property=\"og:locale\" content=\"fr_FR\" \/>\n<meta property=\"og:type\" content=\"article\" \/>\n<meta property=\"og:title\" content=\"Qui pourra subsister? - \u00c9glise Adventiste Du Septieme Jour - Inter Am\u00e9rique Division\" \/>\n<meta property=\"og:description\" content=\"7 mars 2025 | Silver Spring, Maryland, \u00c9tats-Unis | Ted N.C. Wilson, pr\u00e9sident de la Conf\u00e9rence g\u00e9n\u00e9rale des adventistes du septi\u00e8me jour Bonjour, chers amis ! Dans notre pr\u00e9c\u00e9dente vid\u00e9o,...\" \/>\n<meta property=\"og:url\" content=\"https:\/\/interamerica.org\/fr\/2025\/03\/qui-pourra-subsister\/\" \/>\n<meta property=\"og:site_name\" content=\"\u00c9glise Adventiste Du Septieme Jour - Inter Am\u00e9rique Division\" \/>\n<meta property=\"article:published_time\" content=\"2025-03-07T13:34:25+00:00\" \/>\n<meta property=\"article:modified_time\" content=\"2025-03-07T18:36:17+00:00\" \/>\n<meta property=\"og:image\" content=\"https:\/\/interamerica.org\/wp-content\/uploads\/2025\/03\/who-will-be-able-to-stand-fr.jpg\" \/>\n\t<meta property=\"og:image:width\" content=\"1441\" \/>\n\t<meta property=\"og:image:height\" content=\"810\" \/>\n\t<meta property=\"og:image:type\" content=\"image\/jpeg\" \/>\n<meta name=\"author\" content=\"libna\" \/>\n<meta name=\"twitter:card\" content=\"summary_large_image\" \/>\n<meta name=\"twitter:label1\" content=\"\u00c9crit par\" \/>\n\t<meta name=\"twitter:data1\" content=\"libna\" \/>\n\t<meta name=\"twitter:label2\" content=\"Dur\u00e9e de lecture estim\u00e9e\" \/>\n\t<meta name=\"twitter:data2\" content=\"4 minutes\" \/>\n<script type=\"application\/ld+json\" class=\"yoast-schema-graph\">{\"@context\":\"https:\\\/\\\/schema.org\",\"@graph\":[{\"@type\":\"Article\",\"@id\":\"https:\\\/\\\/interamerica.org\\\/fr\\\/2025\\\/03\\\/qui-pourra-subsister\\\/#article\",\"isPartOf\":{\"@id\":\"https:\\\/\\\/interamerica.org\\\/fr\\\/2025\\\/03\\\/qui-pourra-subsister\\\/\"},\"author\":{\"name\":\"libna\",\"@id\":\"https:\\\/\\\/interamerica.org\\\/fr\\\/#\\\/schema\\\/person\\\/29998f2bc2d8bd0d38662909289b54f1\"},\"headline\":\"Qui pourra subsister?\",\"datePublished\":\"2025-03-07T13:34:25+00:00\",\"dateModified\":\"2025-03-07T18:36:17+00:00\",\"mainEntityOfPage\":{\"@id\":\"https:\\\/\\\/interamerica.org\\\/fr\\\/2025\\\/03\\\/qui-pourra-subsister\\\/\"},\"wordCount\":877,\"image\":{\"@id\":\"https:\\\/\\\/interamerica.org\\\/fr\\\/2025\\\/03\\\/qui-pourra-subsister\\\/#primaryimage\"},\"thumbnailUrl\":\"https:\\\/\\\/interamerica.org\\\/wp-content\\\/uploads\\\/2025\\\/03\\\/who-will-be-able-to-stand-fr.jpg\",\"articleSection\":[\"Nouvelles de l'\u00c9glise mondiale\",\"RSS Fran\u00e7ais\"],\"inLanguage\":\"fr-FR\"},{\"@type\":\"WebPage\",\"@id\":\"https:\\\/\\\/interamerica.org\\\/fr\\\/2025\\\/03\\\/qui-pourra-subsister\\\/\",\"url\":\"https:\\\/\\\/interamerica.org\\\/fr\\\/2025\\\/03\\\/qui-pourra-subsister\\\/\",\"name\":\"Qui pourra subsister? - \u00c9glise Adventiste Du Septieme Jour - Inter Am\u00e9rique Division\",\"isPartOf\":{\"@id\":\"https:\\\/\\\/interamerica.org\\\/fr\\\/#website\"},\"primaryImageOfPage\":{\"@id\":\"https:\\\/\\\/interamerica.org\\\/fr\\\/2025\\\/03\\\/qui-pourra-subsister\\\/#primaryimage\"},\"image\":{\"@id\":\"https:\\\/\\\/interamerica.org\\\/fr\\\/2025\\\/03\\\/qui-pourra-subsister\\\/#primaryimage\"},\"thumbnailUrl\":\"https:\\\/\\\/interamerica.org\\\/wp-content\\\/uploads\\\/2025\\\/03\\\/who-will-be-able-to-stand-fr.jpg\",\"datePublished\":\"2025-03-07T13:34:25+00:00\",\"dateModified\":\"2025-03-07T18:36:17+00:00\",\"author\":{\"@id\":\"https:\\\/\\\/interamerica.org\\\/fr\\\/#\\\/schema\\\/person\\\/29998f2bc2d8bd0d38662909289b54f1\"},\"breadcrumb\":{\"@id\":\"https:\\\/\\\/interamerica.org\\\/fr\\\/2025\\\/03\\\/qui-pourra-subsister\\\/#breadcrumb\"},\"inLanguage\":\"fr-FR\",\"potentialAction\":[{\"@type\":\"ReadAction\",\"target\":[\"https:\\\/\\\/interamerica.org\\\/fr\\\/2025\\\/03\\\/qui-pourra-subsister\\\/\"]}]},{\"@type\":\"ImageObject\",\"inLanguage\":\"fr-FR\",\"@id\":\"https:\\\/\\\/interamerica.org\\\/fr\\\/2025\\\/03\\\/qui-pourra-subsister\\\/#primaryimage\",\"url\":\"https:\\\/\\\/interamerica.org\\\/wp-content\\\/uploads\\\/2025\\\/03\\\/who-will-be-able-to-stand-fr.jpg\",\"contentUrl\":\"https:\\\/\\\/interamerica.org\\\/wp-content\\\/uploads\\\/2025\\\/03\\\/who-will-be-able-to-stand-fr.jpg\",\"width\":1441,\"height\":810},{\"@type\":\"BreadcrumbList\",\"@id\":\"https:\\\/\\\/interamerica.org\\\/fr\\\/2025\\\/03\\\/qui-pourra-subsister\\\/#breadcrumb\",\"itemListElement\":[{\"@type\":\"ListItem\",\"position\":1,\"name\":\"Home\",\"item\":\"https:\\\/\\\/interamerica.org\\\/fr\\\/\"},{\"@type\":\"ListItem\",\"position\":2,\"name\":\"Qui pourra subsister?\"}]},{\"@type\":\"WebSite\",\"@id\":\"https:\\\/\\\/interamerica.org\\\/fr\\\/#website\",\"url\":\"https:\\\/\\\/interamerica.org\\\/fr\\\/\",\"name\":\"\u00c9glise Adventiste Du Septieme Jour - Inter Am\u00e9rique Division\",\"description\":\"\",\"potentialAction\":[{\"@type\":\"SearchAction\",\"target\":{\"@type\":\"EntryPoint\",\"urlTemplate\":\"https:\\\/\\\/interamerica.org\\\/fr\\\/?s={search_term_string}\"},\"query-input\":{\"@type\":\"PropertyValueSpecification\",\"valueRequired\":true,\"valueName\":\"search_term_string\"}}],\"inLanguage\":\"fr-FR\"},{\"@type\":\"Person\",\"@id\":\"https:\\\/\\\/interamerica.org\\\/fr\\\/#\\\/schema\\\/person\\\/29998f2bc2d8bd0d38662909289b54f1\",\"name\":\"libna\",\"image\":{\"@type\":\"ImageObject\",\"inLanguage\":\"fr-FR\",\"@id\":\"https:\\\/\\\/secure.gravatar.com\\\/avatar\\\/7c5bd30ae4b47a9ba3c856590957fd1d96dc588bf3ac05719d247e126840331f?s=96&d=mm&r=g\",\"url\":\"https:\\\/\\\/secure.gravatar.com\\\/avatar\\\/7c5bd30ae4b47a9ba3c856590957fd1d96dc588bf3ac05719d247e126840331f?s=96&d=mm&r=g\",\"contentUrl\":\"https:\\\/\\\/secure.gravatar.com\\\/avatar\\\/7c5bd30ae4b47a9ba3c856590957fd1d96dc588bf3ac05719d247e126840331f?s=96&d=mm&r=g\",\"caption\":\"libna\"}}]}<\/script>\n<!-- \/ Yoast SEO plugin. -->","yoast_head_json":{"title":"Qui pourra subsister? - \u00c9glise Adventiste Du Septieme Jour - Inter Am\u00e9rique Division","robots":{"index":"index","follow":"follow","max-snippet":"max-snippet:-1","max-image-preview":"max-image-preview:large","max-video-preview":"max-video-preview:-1"},"canonical":"https:\/\/interamerica.org\/fr\/2025\/03\/qui-pourra-subsister\/","og_locale":"fr_FR","og_type":"article","og_title":"Qui pourra subsister? - \u00c9glise Adventiste Du Septieme Jour - Inter Am\u00e9rique Division","og_description":"7 mars 2025 | Silver Spring, Maryland, \u00c9tats-Unis | Ted N.C. Wilson, pr\u00e9sident de la Conf\u00e9rence g\u00e9n\u00e9rale des adventistes du septi\u00e8me jour Bonjour, chers amis ! Dans notre pr\u00e9c\u00e9dente vid\u00e9o,...","og_url":"https:\/\/interamerica.org\/fr\/2025\/03\/qui-pourra-subsister\/","og_site_name":"\u00c9glise Adventiste Du Septieme Jour - Inter Am\u00e9rique Division","article_published_time":"2025-03-07T13:34:25+00:00","article_modified_time":"2025-03-07T18:36:17+00:00","og_image":[{"width":1441,"height":810,"url":"https:\/\/interamerica.org\/wp-content\/uploads\/2025\/03\/who-will-be-able-to-stand-fr.jpg","type":"image\/jpeg"}],"author":"libna","twitter_card":"summary_large_image","twitter_misc":{"\u00c9crit par":"libna","Dur\u00e9e de lecture estim\u00e9e":"4 minutes"},"schema":{"@context":"https:\/\/schema.org","@graph":[{"@type":"Article","@id":"https:\/\/interamerica.org\/fr\/2025\/03\/qui-pourra-subsister\/#article","isPartOf":{"@id":"https:\/\/interamerica.org\/fr\/2025\/03\/qui-pourra-subsister\/"},"author":{"name":"libna","@id":"https:\/\/interamerica.org\/fr\/#\/schema\/person\/29998f2bc2d8bd0d38662909289b54f1"},"headline":"Qui pourra subsister?","datePublished":"2025-03-07T13:34:25+00:00","dateModified":"2025-03-07T18:36:17+00:00","mainEntityOfPage":{"@id":"https:\/\/interamerica.org\/fr\/2025\/03\/qui-pourra-subsister\/"},"wordCount":877,"image":{"@id":"https:\/\/interamerica.org\/fr\/2025\/03\/qui-pourra-subsister\/#primaryimage"},"thumbnailUrl":"https:\/\/interamerica.org\/wp-content\/uploads\/2025\/03\/who-will-be-able-to-stand-fr.jpg","articleSection":["Nouvelles de l'\u00c9glise mondiale","RSS Fran\u00e7ais"],"inLanguage":"fr-FR"},{"@type":"WebPage","@id":"https:\/\/interamerica.org\/fr\/2025\/03\/qui-pourra-subsister\/","url":"https:\/\/interamerica.org\/fr\/2025\/03\/qui-pourra-subsister\/","name":"Qui pourra subsister? - \u00c9glise Adventiste Du Septieme Jour - Inter Am\u00e9rique Division","isPartOf":{"@id":"https:\/\/interamerica.org\/fr\/#website"},"primaryImageOfPage":{"@id":"https:\/\/interamerica.org\/fr\/2025\/03\/qui-pourra-subsister\/#primaryimage"},"image":{"@id":"https:\/\/interamerica.org\/fr\/2025\/03\/qui-pourra-subsister\/#primaryimage"},"thumbnailUrl":"https:\/\/interamerica.org\/wp-content\/uploads\/2025\/03\/who-will-be-able-to-stand-fr.jpg","datePublished":"2025-03-07T13:34:25+00:00","dateModified":"2025-03-07T18:36:17+00:00","author":{"@id":"https:\/\/interamerica.org\/fr\/#\/schema\/person\/29998f2bc2d8bd0d38662909289b54f1"},"breadcrumb":{"@id":"https:\/\/interamerica.org\/fr\/2025\/03\/qui-pourra-subsister\/#breadcrumb"},"inLanguage":"fr-FR","potentialAction":[{"@type":"ReadAction","target":["https:\/\/interamerica.org\/fr\/2025\/03\/qui-pourra-subsister\/"]}]},{"@type":"ImageObject","inLanguage":"fr-FR","@id":"https:\/\/interamerica.org\/fr\/2025\/03\/qui-pourra-subsister\/#primaryimage","url":"https:\/\/interamerica.org\/wp-content\/uploads\/2025\/03\/who-will-be-able-to-stand-fr.jpg","contentUrl":"https:\/\/interamerica.org\/wp-content\/uploads\/2025\/03\/who-will-be-able-to-stand-fr.jpg","width":1441,"height":810},{"@type":"BreadcrumbList","@id":"https:\/\/interamerica.org\/fr\/2025\/03\/qui-pourra-subsister\/#breadcrumb","itemListElement":[{"@type":"ListItem","position":1,"name":"Home","item":"https:\/\/interamerica.org\/fr\/"},{"@type":"ListItem","position":2,"name":"Qui pourra subsister?"}]},{"@type":"WebSite","@id":"https:\/\/interamerica.org\/fr\/#website","url":"https:\/\/interamerica.org\/fr\/","name":"\u00c9glise Adventiste Du Septieme Jour - Inter Am\u00e9rique Division","description":"","potentialAction":[{"@type":"SearchAction","target":{"@type":"EntryPoint","urlTemplate":"https:\/\/interamerica.org\/fr\/?s={search_term_string}"},"query-input":{"@type":"PropertyValueSpecification","valueRequired":true,"valueName":"search_term_string"}}],"inLanguage":"fr-FR"},{"@type":"Person","@id":"https:\/\/interamerica.org\/fr\/#\/schema\/person\/29998f2bc2d8bd0d38662909289b54f1","name":"libna","image":{"@type":"ImageObject","inLanguage":"fr-FR","@id":"https:\/\/secure.gravatar.com\/avatar\/7c5bd30ae4b47a9ba3c856590957fd1d96dc588bf3ac05719d247e126840331f?s=96&d=mm&r=g","url":"https:\/\/secure.gravatar.com\/avatar\/7c5bd30ae4b47a9ba3c856590957fd1d96dc588bf3ac05719d247e126840331f?s=96&d=mm&r=g","contentUrl":"https:\/\/secure.gravatar.com\/avatar\/7c5bd30ae4b47a9ba3c856590957fd1d96dc588bf3ac05719d247e126840331f?s=96&d=mm&r=g","caption":"libna"}}]}},"_links":{"self":[{"href":"https:\/\/interamerica.org\/fr\/wp-json\/wp\/v2\/posts\/125873","targetHints":{"allow":["GET"]}}],"collection":[{"href":"https:\/\/interamerica.org\/fr\/wp-json\/wp\/v2\/posts"}],"about":[{"href":"https:\/\/interamerica.org\/fr\/wp-json\/wp\/v2\/types\/post"}],"author":[{"embeddable":true,"href":"https:\/\/interamerica.org\/fr\/wp-json\/wp\/v2\/users\/3"}],"replies":[{"embeddable":true,"href":"https:\/\/interamerica.org\/fr\/wp-json\/wp\/v2\/comments?post=125873"}],"version-history":[{"count":0,"href":"https:\/\/interamerica.org\/fr\/wp-json\/wp\/v2\/posts\/125873\/revisions"}],"wp:featuredmedia":[{"embeddable":true,"href":"https:\/\/interamerica.org\/fr\/wp-json\/wp\/v2\/media\/125861"}],"wp:attachment":[{"href":"https:\/\/interamerica.org\/fr\/wp-json\/wp\/v2\/media?parent=125873"}],"wp:term":[{"taxonomy":"category","embeddable":true,"href":"https:\/\/interamerica.org\/fr\/wp-json\/wp\/v2\/categories?post=125873"},{"taxonomy":"post_tag","embeddable":true,"href":"https:\/\/interamerica.org\/fr\/wp-json\/wp\/v2\/tags?post=125873"}],"curies":[{"name":"wp","href":"https:\/\/api.w.org\/{rel}","templated":true}]}}