{"id":12588,"date":"2006-08-21T00:00:00","date_gmt":"2006-08-21T04:00:00","guid":{"rendered":"http:\/\/192.81.217.108\/interamerica\/2006\/08\/eglise-mondiale-des-centaines-de-projets-de-mission-globale-ont-recu-le-feu-vert\/"},"modified":"2017-06-02T13:17:00","modified_gmt":"2017-06-02T17:17:00","slug":"eglise-mondiale-des-centaines-de-projets-de-mission-globale-ont-recu-le-feu-vert","status":"publish","type":"post","link":"https:\/\/interamerica.org\/fr\/2006\/08\/eglise-mondiale-des-centaines-de-projets-de-mission-globale-ont-recu-le-feu-vert\/","title":{"rendered":"Eglise mondiale : des centaines de projets de Mission Globale ont re\u00e7u le feu vert"},"content":{"rendered":"<p>August 21, 2006 Silver Spring, Maryland, Etats-Unis &#8230;. [Steve Hamstra\/Adventist Mission\/ANN]Plus de deux cent projets de Mission Globale ont re\u00e7u le feu vert le jeudi 17 ao\u00fbt, juste \u00e0 temps pour que l&rsquo;ann\u00e9e 2006 devienne une des ann\u00e9es les plus marquantes en ce qui concerne les projets et leur financement. Lors de sa rencontre dans les locaux de la Conf\u00e9rence G\u00e9n\u00e9rale, \u00e0 Silver Spring dans le Maryland, le comit\u00e9 de la mission adventiste a approuv\u00e9 les 266 projets propos\u00e9s, dont la majorit\u00e9 sont destin\u00e9s \u00e0 l&rsquo;Afrique de l&rsquo;Est et l&rsquo;Afrique Centrale et aux r\u00e9gions du Nord de l&rsquo;Asie et du Pacifique. Les fonds pour ces projets atteignent plus d&rsquo;1,7 millions de dollars am\u00e9ricains, amenant le co\u00fbt total des projets de 2006 \u00e0 plus de 9,7 millions de dollars. La plupart des projets qui ont \u00e9t\u00e9 approuv\u00e9s lors de la r\u00e9union du 17 ao\u00fbt, visent les zones o\u00f9 la pr\u00e9sence adventiste est minime voire inexistante. Par exemple, dans une r\u00e9gion o\u00f9 vivent 2,7 millions de personnes, les seuls adventistes sont les deux pionniers de Mission Globale qui ont commenc\u00e9 un travail d&rsquo;\u00e9vang\u00e9lisation l\u00e0-bas. Les projets sont vari\u00e9s et vont de l&rsquo;\u00e9vang\u00e9lisation par la sant\u00e9 dans les zones rurales, \u00e0 des efforts d&rsquo;implantation d&rsquo;\u00e9glises dans les grandes villes. Un des projets propos\u00e9s pr\u00e9voit un bateau pour les pionniers de Mission Globale en R\u00e9publique D\u00e9mocratique du Congo, dans le but de rejoindre les villages de p\u00e9cheurs pour y tenir des s\u00e9minaires sur la sant\u00e9 et la vie de famille. Un autre projet fournira les fonds n\u00e9cessaires \u00e0 l&rsquo;ouverture du cabinet d&rsquo;un masseur adventiste, dans une r\u00e9gion qui reste un des plus gros challenges pour la mission de l&rsquo;Eglise. Homer Trecartin, directeur responsable de la plannification pour le bureau de la mission adventiste d\u00e9clare : \u00ab\u00a0Les temps sont durs, les zones qui restent \u00e0 atteindre sont souvent dangereuses et co\u00fbtent cher. Mais les pionniers consacr\u00e9s sont d\u00e9sireux de prendre le risque, dans le but de partager l&rsquo;\u00e9vangile avec chaque homme, femme et enfant de cette terre. &#8230; Nous devons tous chercher \u00e0 entrer en contact avec les gens qui vivent pr\u00e8s de chez nous\u00a0\u00bb. Les projets en cours cette ann\u00e9e sont au nombre de 1069 et il y en a encore beaucoup qui doivent \u00eatre propos\u00e9s et approuv\u00e9s. Durant les neuf derni\u00e8res ann\u00e9es, 1200 projets de Mission Globale, en moyenne, ont \u00e9t\u00e9 r\u00e9alis\u00e9s chaque ann\u00e9e. Depuis 1990, Mission Globale, initiative de l&rsquo;\u00e9glise adventiste du septi\u00e8me jour, a lanc\u00e9 plus de 11000 projets d&rsquo;\u00e9vang\u00e9lisation, dans des r\u00e9gions du globe non-atteintes encore par l&rsquo;\u00e9vangile. Les pionniers de Mission Globale passent habituellement au moins une ann\u00e9e sur ces projets, \u00e9tablissant une congr\u00e9gation dans chaque culture. Des milliers de pionniers sont actuellement actifs \u00e0 travers le monde. Pour plus d&rsquo;informations sur le travail r\u00e9alis\u00e9 par Mission Globale, aller sur le site : http:\/\/www.global-mission.orgCopyright \u00a9 2006 Adventist News Network.<\/p>\n","protected":false},"excerpt":{"rendered":"<p>Plus de deux cent projets de Mission Globale ont re\u00e7u le feu vert le jeudi 17 ao\u00fbt, juste \u00e0 temps pour que l&rsquo;ann\u00e9e 2006 devienne une des ann\u00e9es les plus marquantes en ce qui concerne les projets et leur financement.<\/p>\n","protected":false},"author":1,"featured_media":0,"comment_status":"closed","ping_status":"closed","sticky":false,"template":"","format":"standard","meta":{"_acf_changed":false,"footnotes":""},"categories":[9],"tags":[],"class_list":["post-12588","post","type-post","status-publish","format-standard","hentry","category-archive-fr"],"acf":[],"yoast_head":"<!-- This site is optimized with the Yoast SEO plugin v27.3 - https:\/\/yoast.com\/product\/yoast-seo-wordpress\/ -->\n<title>Eglise mondiale : des centaines de projets de Mission Globale ont re\u00e7u le feu vert - \u00c9glise Adventiste Du Septieme Jour - Inter Am\u00e9rique Division<\/title>\n<meta name=\"robots\" content=\"index, follow, max-snippet:-1, max-image-preview:large, max-video-preview:-1\" \/>\n<link rel=\"canonical\" href=\"https:\/\/interamerica.org\/fr\/2006\/08\/eglise-mondiale-des-centaines-de-projets-de-mission-globale-ont-recu-le-feu-vert\/\" \/>\n<meta property=\"og:locale\" content=\"fr_FR\" \/>\n<meta property=\"og:type\" content=\"article\" \/>\n<meta property=\"og:title\" content=\"Eglise mondiale : des centaines de projets de Mission Globale ont re\u00e7u le feu vert - \u00c9glise Adventiste Du Septieme Jour - Inter Am\u00e9rique Division\" \/>\n<meta property=\"og:description\" content=\"Plus de deux cent projets de Mission Globale ont re\u00e7u le feu vert le jeudi 17 ao\u00fbt, juste \u00e0 temps pour que l&#039;ann\u00e9e 2006 devienne une des ann\u00e9es les plus marquantes en ce qui concerne les projets et leur financement.\" \/>\n<meta property=\"og:url\" content=\"https:\/\/interamerica.org\/fr\/2006\/08\/eglise-mondiale-des-centaines-de-projets-de-mission-globale-ont-recu-le-feu-vert\/\" \/>\n<meta property=\"og:site_name\" content=\"\u00c9glise Adventiste Du Septieme Jour - Inter Am\u00e9rique Division\" \/>\n<meta property=\"article:published_time\" content=\"2006-08-21T04:00:00+00:00\" \/>\n<meta property=\"article:modified_time\" content=\"2017-06-02T17:17:00+00:00\" \/>\n<meta name=\"author\" content=\"Lorenzo Verduzco\" \/>\n<meta name=\"twitter:card\" content=\"summary_large_image\" \/>\n<meta name=\"twitter:label1\" content=\"\u00c9crit par\" \/>\n\t<meta name=\"twitter:data1\" content=\"Lorenzo Verduzco\" \/>\n\t<meta name=\"twitter:label2\" content=\"Dur\u00e9e de lecture estim\u00e9e\" \/>\n\t<meta name=\"twitter:data2\" content=\"3 minutes\" \/>\n<script type=\"application\/ld+json\" class=\"yoast-schema-graph\">{\"@context\":\"https:\\\/\\\/schema.org\",\"@graph\":[{\"@type\":\"Article\",\"@id\":\"https:\\\/\\\/interamerica.org\\\/fr\\\/2006\\\/08\\\/eglise-mondiale-des-centaines-de-projets-de-mission-globale-ont-recu-le-feu-vert\\\/#article\",\"isPartOf\":{\"@id\":\"https:\\\/\\\/interamerica.org\\\/fr\\\/2006\\\/08\\\/eglise-mondiale-des-centaines-de-projets-de-mission-globale-ont-recu-le-feu-vert\\\/\"},\"author\":{\"name\":\"Lorenzo Verduzco\",\"@id\":\"https:\\\/\\\/interamerica.org\\\/fr\\\/#\\\/schema\\\/person\\\/68ede8bdc292885bb76c1e3810e73c39\"},\"headline\":\"Eglise mondiale : des centaines de projets de Mission Globale ont re\u00e7u le feu vert\",\"datePublished\":\"2006-08-21T04:00:00+00:00\",\"dateModified\":\"2017-06-02T17:17:00+00:00\",\"mainEntityOfPage\":{\"@id\":\"https:\\\/\\\/interamerica.org\\\/fr\\\/2006\\\/08\\\/eglise-mondiale-des-centaines-de-projets-de-mission-globale-ont-recu-le-feu-vert\\\/\"},\"wordCount\":528,\"articleSection\":[\"Archive\"],\"inLanguage\":\"fr-FR\"},{\"@type\":\"WebPage\",\"@id\":\"https:\\\/\\\/interamerica.org\\\/fr\\\/2006\\\/08\\\/eglise-mondiale-des-centaines-de-projets-de-mission-globale-ont-recu-le-feu-vert\\\/\",\"url\":\"https:\\\/\\\/interamerica.org\\\/fr\\\/2006\\\/08\\\/eglise-mondiale-des-centaines-de-projets-de-mission-globale-ont-recu-le-feu-vert\\\/\",\"name\":\"Eglise mondiale : des centaines de projets de Mission Globale ont re\u00e7u le feu vert - \u00c9glise Adventiste Du Septieme Jour - Inter Am\u00e9rique Division\",\"isPartOf\":{\"@id\":\"https:\\\/\\\/interamerica.org\\\/fr\\\/#website\"},\"datePublished\":\"2006-08-21T04:00:00+00:00\",\"dateModified\":\"2017-06-02T17:17:00+00:00\",\"author\":{\"@id\":\"https:\\\/\\\/interamerica.org\\\/fr\\\/#\\\/schema\\\/person\\\/68ede8bdc292885bb76c1e3810e73c39\"},\"breadcrumb\":{\"@id\":\"https:\\\/\\\/interamerica.org\\\/fr\\\/2006\\\/08\\\/eglise-mondiale-des-centaines-de-projets-de-mission-globale-ont-recu-le-feu-vert\\\/#breadcrumb\"},\"inLanguage\":\"fr-FR\",\"potentialAction\":[{\"@type\":\"ReadAction\",\"target\":[\"https:\\\/\\\/interamerica.org\\\/fr\\\/2006\\\/08\\\/eglise-mondiale-des-centaines-de-projets-de-mission-globale-ont-recu-le-feu-vert\\\/\"]}]},{\"@type\":\"BreadcrumbList\",\"@id\":\"https:\\\/\\\/interamerica.org\\\/fr\\\/2006\\\/08\\\/eglise-mondiale-des-centaines-de-projets-de-mission-globale-ont-recu-le-feu-vert\\\/#breadcrumb\",\"itemListElement\":[{\"@type\":\"ListItem\",\"position\":1,\"name\":\"Home\",\"item\":\"https:\\\/\\\/interamerica.org\\\/fr\\\/\"},{\"@type\":\"ListItem\",\"position\":2,\"name\":\"Eglise mondiale : des centaines de projets de Mission Globale ont re\u00e7u le feu vert\"}]},{\"@type\":\"WebSite\",\"@id\":\"https:\\\/\\\/interamerica.org\\\/fr\\\/#website\",\"url\":\"https:\\\/\\\/interamerica.org\\\/fr\\\/\",\"name\":\"\u00c9glise Adventiste Du Septieme Jour - Inter Am\u00e9rique Division\",\"description\":\"\",\"potentialAction\":[{\"@type\":\"SearchAction\",\"target\":{\"@type\":\"EntryPoint\",\"urlTemplate\":\"https:\\\/\\\/interamerica.org\\\/fr\\\/?s={search_term_string}\"},\"query-input\":{\"@type\":\"PropertyValueSpecification\",\"valueRequired\":true,\"valueName\":\"search_term_string\"}}],\"inLanguage\":\"fr-FR\"},{\"@type\":\"Person\",\"@id\":\"https:\\\/\\\/interamerica.org\\\/fr\\\/#\\\/schema\\\/person\\\/68ede8bdc292885bb76c1e3810e73c39\",\"name\":\"Lorenzo Verduzco\",\"image\":{\"@type\":\"ImageObject\",\"inLanguage\":\"fr-FR\",\"@id\":\"https:\\\/\\\/secure.gravatar.com\\\/avatar\\\/fb81a55b6218459490a9c1dc841a34909185b81904c5337b4b27f7a6fd60c49e?s=96&d=mm&r=g\",\"url\":\"https:\\\/\\\/secure.gravatar.com\\\/avatar\\\/fb81a55b6218459490a9c1dc841a34909185b81904c5337b4b27f7a6fd60c49e?s=96&d=mm&r=g\",\"contentUrl\":\"https:\\\/\\\/secure.gravatar.com\\\/avatar\\\/fb81a55b6218459490a9c1dc841a34909185b81904c5337b4b27f7a6fd60c49e?s=96&d=mm&r=g\",\"caption\":\"Lorenzo Verduzco\"}}]}<\/script>\n<!-- \/ Yoast SEO plugin. -->","yoast_head_json":{"title":"Eglise mondiale : des centaines de projets de Mission Globale ont re\u00e7u le feu vert - \u00c9glise Adventiste Du Septieme Jour - Inter Am\u00e9rique Division","robots":{"index":"index","follow":"follow","max-snippet":"max-snippet:-1","max-image-preview":"max-image-preview:large","max-video-preview":"max-video-preview:-1"},"canonical":"https:\/\/interamerica.org\/fr\/2006\/08\/eglise-mondiale-des-centaines-de-projets-de-mission-globale-ont-recu-le-feu-vert\/","og_locale":"fr_FR","og_type":"article","og_title":"Eglise mondiale : des centaines de projets de Mission Globale ont re\u00e7u le feu vert - \u00c9glise Adventiste Du Septieme Jour - Inter Am\u00e9rique Division","og_description":"Plus de deux cent projets de Mission Globale ont re\u00e7u le feu vert le jeudi 17 ao\u00fbt, juste \u00e0 temps pour que l'ann\u00e9e 2006 devienne une des ann\u00e9es les plus marquantes en ce qui concerne les projets et leur financement.","og_url":"https:\/\/interamerica.org\/fr\/2006\/08\/eglise-mondiale-des-centaines-de-projets-de-mission-globale-ont-recu-le-feu-vert\/","og_site_name":"\u00c9glise Adventiste Du Septieme Jour - Inter Am\u00e9rique Division","article_published_time":"2006-08-21T04:00:00+00:00","article_modified_time":"2017-06-02T17:17:00+00:00","author":"Lorenzo Verduzco","twitter_card":"summary_large_image","twitter_misc":{"\u00c9crit par":"Lorenzo Verduzco","Dur\u00e9e de lecture estim\u00e9e":"3 minutes"},"schema":{"@context":"https:\/\/schema.org","@graph":[{"@type":"Article","@id":"https:\/\/interamerica.org\/fr\/2006\/08\/eglise-mondiale-des-centaines-de-projets-de-mission-globale-ont-recu-le-feu-vert\/#article","isPartOf":{"@id":"https:\/\/interamerica.org\/fr\/2006\/08\/eglise-mondiale-des-centaines-de-projets-de-mission-globale-ont-recu-le-feu-vert\/"},"author":{"name":"Lorenzo Verduzco","@id":"https:\/\/interamerica.org\/fr\/#\/schema\/person\/68ede8bdc292885bb76c1e3810e73c39"},"headline":"Eglise mondiale : des centaines de projets de Mission Globale ont re\u00e7u le feu vert","datePublished":"2006-08-21T04:00:00+00:00","dateModified":"2017-06-02T17:17:00+00:00","mainEntityOfPage":{"@id":"https:\/\/interamerica.org\/fr\/2006\/08\/eglise-mondiale-des-centaines-de-projets-de-mission-globale-ont-recu-le-feu-vert\/"},"wordCount":528,"articleSection":["Archive"],"inLanguage":"fr-FR"},{"@type":"WebPage","@id":"https:\/\/interamerica.org\/fr\/2006\/08\/eglise-mondiale-des-centaines-de-projets-de-mission-globale-ont-recu-le-feu-vert\/","url":"https:\/\/interamerica.org\/fr\/2006\/08\/eglise-mondiale-des-centaines-de-projets-de-mission-globale-ont-recu-le-feu-vert\/","name":"Eglise mondiale : des centaines de projets de Mission Globale ont re\u00e7u le feu vert - \u00c9glise Adventiste Du Septieme Jour - Inter Am\u00e9rique Division","isPartOf":{"@id":"https:\/\/interamerica.org\/fr\/#website"},"datePublished":"2006-08-21T04:00:00+00:00","dateModified":"2017-06-02T17:17:00+00:00","author":{"@id":"https:\/\/interamerica.org\/fr\/#\/schema\/person\/68ede8bdc292885bb76c1e3810e73c39"},"breadcrumb":{"@id":"https:\/\/interamerica.org\/fr\/2006\/08\/eglise-mondiale-des-centaines-de-projets-de-mission-globale-ont-recu-le-feu-vert\/#breadcrumb"},"inLanguage":"fr-FR","potentialAction":[{"@type":"ReadAction","target":["https:\/\/interamerica.org\/fr\/2006\/08\/eglise-mondiale-des-centaines-de-projets-de-mission-globale-ont-recu-le-feu-vert\/"]}]},{"@type":"BreadcrumbList","@id":"https:\/\/interamerica.org\/fr\/2006\/08\/eglise-mondiale-des-centaines-de-projets-de-mission-globale-ont-recu-le-feu-vert\/#breadcrumb","itemListElement":[{"@type":"ListItem","position":1,"name":"Home","item":"https:\/\/interamerica.org\/fr\/"},{"@type":"ListItem","position":2,"name":"Eglise mondiale : des centaines de projets de Mission Globale ont re\u00e7u le feu vert"}]},{"@type":"WebSite","@id":"https:\/\/interamerica.org\/fr\/#website","url":"https:\/\/interamerica.org\/fr\/","name":"\u00c9glise Adventiste Du Septieme Jour - Inter Am\u00e9rique Division","description":"","potentialAction":[{"@type":"SearchAction","target":{"@type":"EntryPoint","urlTemplate":"https:\/\/interamerica.org\/fr\/?s={search_term_string}"},"query-input":{"@type":"PropertyValueSpecification","valueRequired":true,"valueName":"search_term_string"}}],"inLanguage":"fr-FR"},{"@type":"Person","@id":"https:\/\/interamerica.org\/fr\/#\/schema\/person\/68ede8bdc292885bb76c1e3810e73c39","name":"Lorenzo Verduzco","image":{"@type":"ImageObject","inLanguage":"fr-FR","@id":"https:\/\/secure.gravatar.com\/avatar\/fb81a55b6218459490a9c1dc841a34909185b81904c5337b4b27f7a6fd60c49e?s=96&d=mm&r=g","url":"https:\/\/secure.gravatar.com\/avatar\/fb81a55b6218459490a9c1dc841a34909185b81904c5337b4b27f7a6fd60c49e?s=96&d=mm&r=g","contentUrl":"https:\/\/secure.gravatar.com\/avatar\/fb81a55b6218459490a9c1dc841a34909185b81904c5337b4b27f7a6fd60c49e?s=96&d=mm&r=g","caption":"Lorenzo Verduzco"}}]}},"_links":{"self":[{"href":"https:\/\/interamerica.org\/fr\/wp-json\/wp\/v2\/posts\/12588","targetHints":{"allow":["GET"]}}],"collection":[{"href":"https:\/\/interamerica.org\/fr\/wp-json\/wp\/v2\/posts"}],"about":[{"href":"https:\/\/interamerica.org\/fr\/wp-json\/wp\/v2\/types\/post"}],"author":[{"embeddable":true,"href":"https:\/\/interamerica.org\/fr\/wp-json\/wp\/v2\/users\/1"}],"replies":[{"embeddable":true,"href":"https:\/\/interamerica.org\/fr\/wp-json\/wp\/v2\/comments?post=12588"}],"version-history":[{"count":0,"href":"https:\/\/interamerica.org\/fr\/wp-json\/wp\/v2\/posts\/12588\/revisions"}],"wp:attachment":[{"href":"https:\/\/interamerica.org\/fr\/wp-json\/wp\/v2\/media?parent=12588"}],"wp:term":[{"taxonomy":"category","embeddable":true,"href":"https:\/\/interamerica.org\/fr\/wp-json\/wp\/v2\/categories?post=12588"},{"taxonomy":"post_tag","embeddable":true,"href":"https:\/\/interamerica.org\/fr\/wp-json\/wp\/v2\/tags?post=12588"}],"curies":[{"name":"wp","href":"https:\/\/api.w.org\/{rel}","templated":true}]}}