{"id":12590,"date":"2006-08-25T00:00:00","date_gmt":"2006-08-25T04:00:00","guid":{"rendered":"http:\/\/192.81.217.108\/interamerica\/2006\/08\/inter-amerique-un-institut-de-gestion-chretienne-a-ete-tenu\/"},"modified":"2017-06-02T13:16:58","modified_gmt":"2017-06-02T17:16:58","slug":"inter-amerique-un-institut-de-gestion-chretienne-a-ete-tenu","status":"publish","type":"post","link":"https:\/\/interamerica.org\/fr\/2006\/08\/inter-amerique-un-institut-de-gestion-chretienne-a-ete-tenu\/","title":{"rendered":"Inter Am\u00e9rique : Un Institut de Gestion Chr\u00e9tienne a \u00e9t\u00e9 Tenu"},"content":{"rendered":"<\/p>\n<p>Miami, Floride&#8230; [Libna Stevents\/IAD] <\/p>\n<p> Comme pr\u00e9vu dans son plan strat\u00e9gique g\u00e9n\u00e9ral, l&#39;\u00c9glise Adventiste du Septi\u00e8me Jour en Inter Am\u00e9rique a tenu son premier Institut de Gestion Chr\u00e9tienne pour ce quinquennat, \u00e0 Miami,  du 28 au 30 ao\u00fbt.L&#39;institut a fourni une formation spirituelle et professionnelle aux douzaines de directeurs de gestion chr\u00e9tienne des F\u00e9d\u00e9rations\/Missions de l&#39;\u00e9glise venus de 14 des 15 R\u00e9gions d&#39;Inter Am\u00e9rique. <\/p>\n<p>Cette session fait partie de la deuxi\u00e8me formation de niveau avanc\u00e9e pour ce territoire. La partie un ou formation de base a \u00e9t\u00e9 tenue deux fois entre 2000 et 2004. <\/p>\n<p>Les directeurs de gestion assistant \u00e0 ce cours de formation en gestion chr\u00e9tienne, cette ann\u00e9e ont \u00e9tudi\u00e9 l&#39;importance du minist\u00e8re de la gestion, partag\u00e9 des exp\u00e9riences sur les m\u00e9thodes qui donnent de bons r\u00e9sultats dans les diff\u00e9rents champs de la Division, ont mis en place des directives et des proc\u00e9dures qui facilitent le travail d&#39;\u00e9quipe et discut\u00e9 des programmes et des projets qui seront men\u00e9s \u00e0 bien pendant le quinquennat. <\/p>\n","protected":false},"excerpt":{"rendered":"<p>Comme pr\u00e9vu dans son plan strat\u00e9gique g\u00e9n\u00e9ral, l&#39;\u00c9glise Adventiste du Septi\u00e8me Jour en Inter Am\u00e9rique a tenu son premier Institut de Gestion Chr\u00e9tienne pour ce quinquennat, \u00e0 Miami,<\/p>\n","protected":false},"author":1,"featured_media":0,"comment_status":"closed","ping_status":"closed","sticky":false,"template":"","format":"standard","meta":{"_acf_changed":false,"footnotes":""},"categories":[9],"tags":[],"class_list":["post-12590","post","type-post","status-publish","format-standard","hentry","category-archive-fr"],"acf":[],"yoast_head":"<!-- This site is optimized with the Yoast SEO plugin v27.3 - https:\/\/yoast.com\/product\/yoast-seo-wordpress\/ -->\n<title>Inter Am\u00e9rique : Un Institut de Gestion Chr\u00e9tienne a \u00e9t\u00e9 Tenu - \u00c9glise Adventiste Du Septieme Jour - Inter Am\u00e9rique Division<\/title>\n<meta name=\"robots\" content=\"index, follow, max-snippet:-1, max-image-preview:large, max-video-preview:-1\" \/>\n<link rel=\"canonical\" href=\"https:\/\/interamerica.org\/fr\/2006\/08\/inter-amerique-un-institut-de-gestion-chretienne-a-ete-tenu\/\" \/>\n<meta property=\"og:locale\" content=\"fr_FR\" \/>\n<meta property=\"og:type\" content=\"article\" \/>\n<meta property=\"og:title\" content=\"Inter Am\u00e9rique : Un Institut de Gestion Chr\u00e9tienne a \u00e9t\u00e9 Tenu - \u00c9glise Adventiste Du Septieme Jour - Inter Am\u00e9rique Division\" \/>\n<meta property=\"og:description\" content=\"Comme pr\u00e9vu dans son plan strat\u00e9gique g\u00e9n\u00e9ral, l&#039;\u00c9glise Adventiste du Septi\u00e8me Jour en Inter Am\u00e9rique a tenu son premier Institut de Gestion Chr\u00e9tienne pour ce quinquennat, \u00e0 Miami,\" \/>\n<meta property=\"og:url\" content=\"https:\/\/interamerica.org\/fr\/2006\/08\/inter-amerique-un-institut-de-gestion-chretienne-a-ete-tenu\/\" \/>\n<meta property=\"og:site_name\" content=\"\u00c9glise Adventiste Du Septieme Jour - Inter Am\u00e9rique Division\" \/>\n<meta property=\"article:published_time\" content=\"2006-08-25T04:00:00+00:00\" \/>\n<meta property=\"article:modified_time\" content=\"2017-06-02T17:16:58+00:00\" \/>\n<meta name=\"author\" content=\"Lorenzo Verduzco\" \/>\n<meta name=\"twitter:card\" content=\"summary_large_image\" \/>\n<meta name=\"twitter:label1\" content=\"\u00c9crit par\" \/>\n\t<meta name=\"twitter:data1\" content=\"Lorenzo Verduzco\" \/>\n\t<meta name=\"twitter:label2\" content=\"Dur\u00e9e de lecture estim\u00e9e\" \/>\n\t<meta name=\"twitter:data2\" content=\"1 minute\" \/>\n<script type=\"application\/ld+json\" class=\"yoast-schema-graph\">{\"@context\":\"https:\\\/\\\/schema.org\",\"@graph\":[{\"@type\":\"Article\",\"@id\":\"https:\\\/\\\/interamerica.org\\\/fr\\\/2006\\\/08\\\/inter-amerique-un-institut-de-gestion-chretienne-a-ete-tenu\\\/#article\",\"isPartOf\":{\"@id\":\"https:\\\/\\\/interamerica.org\\\/fr\\\/2006\\\/08\\\/inter-amerique-un-institut-de-gestion-chretienne-a-ete-tenu\\\/\"},\"author\":{\"name\":\"Lorenzo Verduzco\",\"@id\":\"https:\\\/\\\/interamerica.org\\\/fr\\\/#\\\/schema\\\/person\\\/68ede8bdc292885bb76c1e3810e73c39\"},\"headline\":\"Inter Am\u00e9rique : Un Institut de Gestion Chr\u00e9tienne a \u00e9t\u00e9 Tenu\",\"datePublished\":\"2006-08-25T04:00:00+00:00\",\"dateModified\":\"2017-06-02T17:16:58+00:00\",\"mainEntityOfPage\":{\"@id\":\"https:\\\/\\\/interamerica.org\\\/fr\\\/2006\\\/08\\\/inter-amerique-un-institut-de-gestion-chretienne-a-ete-tenu\\\/\"},\"wordCount\":199,\"articleSection\":[\"Archive\"],\"inLanguage\":\"fr-FR\"},{\"@type\":\"WebPage\",\"@id\":\"https:\\\/\\\/interamerica.org\\\/fr\\\/2006\\\/08\\\/inter-amerique-un-institut-de-gestion-chretienne-a-ete-tenu\\\/\",\"url\":\"https:\\\/\\\/interamerica.org\\\/fr\\\/2006\\\/08\\\/inter-amerique-un-institut-de-gestion-chretienne-a-ete-tenu\\\/\",\"name\":\"Inter Am\u00e9rique : Un Institut de Gestion Chr\u00e9tienne a \u00e9t\u00e9 Tenu - \u00c9glise Adventiste Du Septieme Jour - Inter Am\u00e9rique Division\",\"isPartOf\":{\"@id\":\"https:\\\/\\\/interamerica.org\\\/fr\\\/#website\"},\"datePublished\":\"2006-08-25T04:00:00+00:00\",\"dateModified\":\"2017-06-02T17:16:58+00:00\",\"author\":{\"@id\":\"https:\\\/\\\/interamerica.org\\\/fr\\\/#\\\/schema\\\/person\\\/68ede8bdc292885bb76c1e3810e73c39\"},\"breadcrumb\":{\"@id\":\"https:\\\/\\\/interamerica.org\\\/fr\\\/2006\\\/08\\\/inter-amerique-un-institut-de-gestion-chretienne-a-ete-tenu\\\/#breadcrumb\"},\"inLanguage\":\"fr-FR\",\"potentialAction\":[{\"@type\":\"ReadAction\",\"target\":[\"https:\\\/\\\/interamerica.org\\\/fr\\\/2006\\\/08\\\/inter-amerique-un-institut-de-gestion-chretienne-a-ete-tenu\\\/\"]}]},{\"@type\":\"BreadcrumbList\",\"@id\":\"https:\\\/\\\/interamerica.org\\\/fr\\\/2006\\\/08\\\/inter-amerique-un-institut-de-gestion-chretienne-a-ete-tenu\\\/#breadcrumb\",\"itemListElement\":[{\"@type\":\"ListItem\",\"position\":1,\"name\":\"Home\",\"item\":\"https:\\\/\\\/interamerica.org\\\/fr\\\/\"},{\"@type\":\"ListItem\",\"position\":2,\"name\":\"Inter Am\u00e9rique : Un Institut de Gestion Chr\u00e9tienne a \u00e9t\u00e9 Tenu\"}]},{\"@type\":\"WebSite\",\"@id\":\"https:\\\/\\\/interamerica.org\\\/fr\\\/#website\",\"url\":\"https:\\\/\\\/interamerica.org\\\/fr\\\/\",\"name\":\"\u00c9glise Adventiste Du Septieme Jour - Inter Am\u00e9rique Division\",\"description\":\"\",\"potentialAction\":[{\"@type\":\"SearchAction\",\"target\":{\"@type\":\"EntryPoint\",\"urlTemplate\":\"https:\\\/\\\/interamerica.org\\\/fr\\\/?s={search_term_string}\"},\"query-input\":{\"@type\":\"PropertyValueSpecification\",\"valueRequired\":true,\"valueName\":\"search_term_string\"}}],\"inLanguage\":\"fr-FR\"},{\"@type\":\"Person\",\"@id\":\"https:\\\/\\\/interamerica.org\\\/fr\\\/#\\\/schema\\\/person\\\/68ede8bdc292885bb76c1e3810e73c39\",\"name\":\"Lorenzo Verduzco\",\"image\":{\"@type\":\"ImageObject\",\"inLanguage\":\"fr-FR\",\"@id\":\"https:\\\/\\\/secure.gravatar.com\\\/avatar\\\/fb81a55b6218459490a9c1dc841a34909185b81904c5337b4b27f7a6fd60c49e?s=96&d=mm&r=g\",\"url\":\"https:\\\/\\\/secure.gravatar.com\\\/avatar\\\/fb81a55b6218459490a9c1dc841a34909185b81904c5337b4b27f7a6fd60c49e?s=96&d=mm&r=g\",\"contentUrl\":\"https:\\\/\\\/secure.gravatar.com\\\/avatar\\\/fb81a55b6218459490a9c1dc841a34909185b81904c5337b4b27f7a6fd60c49e?s=96&d=mm&r=g\",\"caption\":\"Lorenzo Verduzco\"}}]}<\/script>\n<!-- \/ Yoast SEO plugin. -->","yoast_head_json":{"title":"Inter Am\u00e9rique : Un Institut de Gestion Chr\u00e9tienne a \u00e9t\u00e9 Tenu - \u00c9glise Adventiste Du Septieme Jour - Inter Am\u00e9rique Division","robots":{"index":"index","follow":"follow","max-snippet":"max-snippet:-1","max-image-preview":"max-image-preview:large","max-video-preview":"max-video-preview:-1"},"canonical":"https:\/\/interamerica.org\/fr\/2006\/08\/inter-amerique-un-institut-de-gestion-chretienne-a-ete-tenu\/","og_locale":"fr_FR","og_type":"article","og_title":"Inter Am\u00e9rique : Un Institut de Gestion Chr\u00e9tienne a \u00e9t\u00e9 Tenu - \u00c9glise Adventiste Du Septieme Jour - Inter Am\u00e9rique Division","og_description":"Comme pr\u00e9vu dans son plan strat\u00e9gique g\u00e9n\u00e9ral, l&#39;\u00c9glise Adventiste du Septi\u00e8me Jour en Inter Am\u00e9rique a tenu son premier Institut de Gestion Chr\u00e9tienne pour ce quinquennat, \u00e0 Miami,","og_url":"https:\/\/interamerica.org\/fr\/2006\/08\/inter-amerique-un-institut-de-gestion-chretienne-a-ete-tenu\/","og_site_name":"\u00c9glise Adventiste Du Septieme Jour - Inter Am\u00e9rique Division","article_published_time":"2006-08-25T04:00:00+00:00","article_modified_time":"2017-06-02T17:16:58+00:00","author":"Lorenzo Verduzco","twitter_card":"summary_large_image","twitter_misc":{"\u00c9crit par":"Lorenzo Verduzco","Dur\u00e9e de lecture estim\u00e9e":"1 minute"},"schema":{"@context":"https:\/\/schema.org","@graph":[{"@type":"Article","@id":"https:\/\/interamerica.org\/fr\/2006\/08\/inter-amerique-un-institut-de-gestion-chretienne-a-ete-tenu\/#article","isPartOf":{"@id":"https:\/\/interamerica.org\/fr\/2006\/08\/inter-amerique-un-institut-de-gestion-chretienne-a-ete-tenu\/"},"author":{"name":"Lorenzo Verduzco","@id":"https:\/\/interamerica.org\/fr\/#\/schema\/person\/68ede8bdc292885bb76c1e3810e73c39"},"headline":"Inter Am\u00e9rique : Un Institut de Gestion Chr\u00e9tienne a \u00e9t\u00e9 Tenu","datePublished":"2006-08-25T04:00:00+00:00","dateModified":"2017-06-02T17:16:58+00:00","mainEntityOfPage":{"@id":"https:\/\/interamerica.org\/fr\/2006\/08\/inter-amerique-un-institut-de-gestion-chretienne-a-ete-tenu\/"},"wordCount":199,"articleSection":["Archive"],"inLanguage":"fr-FR"},{"@type":"WebPage","@id":"https:\/\/interamerica.org\/fr\/2006\/08\/inter-amerique-un-institut-de-gestion-chretienne-a-ete-tenu\/","url":"https:\/\/interamerica.org\/fr\/2006\/08\/inter-amerique-un-institut-de-gestion-chretienne-a-ete-tenu\/","name":"Inter Am\u00e9rique : Un Institut de Gestion Chr\u00e9tienne a \u00e9t\u00e9 Tenu - \u00c9glise Adventiste Du Septieme Jour - Inter Am\u00e9rique Division","isPartOf":{"@id":"https:\/\/interamerica.org\/fr\/#website"},"datePublished":"2006-08-25T04:00:00+00:00","dateModified":"2017-06-02T17:16:58+00:00","author":{"@id":"https:\/\/interamerica.org\/fr\/#\/schema\/person\/68ede8bdc292885bb76c1e3810e73c39"},"breadcrumb":{"@id":"https:\/\/interamerica.org\/fr\/2006\/08\/inter-amerique-un-institut-de-gestion-chretienne-a-ete-tenu\/#breadcrumb"},"inLanguage":"fr-FR","potentialAction":[{"@type":"ReadAction","target":["https:\/\/interamerica.org\/fr\/2006\/08\/inter-amerique-un-institut-de-gestion-chretienne-a-ete-tenu\/"]}]},{"@type":"BreadcrumbList","@id":"https:\/\/interamerica.org\/fr\/2006\/08\/inter-amerique-un-institut-de-gestion-chretienne-a-ete-tenu\/#breadcrumb","itemListElement":[{"@type":"ListItem","position":1,"name":"Home","item":"https:\/\/interamerica.org\/fr\/"},{"@type":"ListItem","position":2,"name":"Inter Am\u00e9rique : Un Institut de Gestion Chr\u00e9tienne a \u00e9t\u00e9 Tenu"}]},{"@type":"WebSite","@id":"https:\/\/interamerica.org\/fr\/#website","url":"https:\/\/interamerica.org\/fr\/","name":"\u00c9glise Adventiste Du Septieme Jour - Inter Am\u00e9rique Division","description":"","potentialAction":[{"@type":"SearchAction","target":{"@type":"EntryPoint","urlTemplate":"https:\/\/interamerica.org\/fr\/?s={search_term_string}"},"query-input":{"@type":"PropertyValueSpecification","valueRequired":true,"valueName":"search_term_string"}}],"inLanguage":"fr-FR"},{"@type":"Person","@id":"https:\/\/interamerica.org\/fr\/#\/schema\/person\/68ede8bdc292885bb76c1e3810e73c39","name":"Lorenzo Verduzco","image":{"@type":"ImageObject","inLanguage":"fr-FR","@id":"https:\/\/secure.gravatar.com\/avatar\/fb81a55b6218459490a9c1dc841a34909185b81904c5337b4b27f7a6fd60c49e?s=96&d=mm&r=g","url":"https:\/\/secure.gravatar.com\/avatar\/fb81a55b6218459490a9c1dc841a34909185b81904c5337b4b27f7a6fd60c49e?s=96&d=mm&r=g","contentUrl":"https:\/\/secure.gravatar.com\/avatar\/fb81a55b6218459490a9c1dc841a34909185b81904c5337b4b27f7a6fd60c49e?s=96&d=mm&r=g","caption":"Lorenzo Verduzco"}}]}},"_links":{"self":[{"href":"https:\/\/interamerica.org\/fr\/wp-json\/wp\/v2\/posts\/12590","targetHints":{"allow":["GET"]}}],"collection":[{"href":"https:\/\/interamerica.org\/fr\/wp-json\/wp\/v2\/posts"}],"about":[{"href":"https:\/\/interamerica.org\/fr\/wp-json\/wp\/v2\/types\/post"}],"author":[{"embeddable":true,"href":"https:\/\/interamerica.org\/fr\/wp-json\/wp\/v2\/users\/1"}],"replies":[{"embeddable":true,"href":"https:\/\/interamerica.org\/fr\/wp-json\/wp\/v2\/comments?post=12590"}],"version-history":[{"count":0,"href":"https:\/\/interamerica.org\/fr\/wp-json\/wp\/v2\/posts\/12590\/revisions"}],"wp:attachment":[{"href":"https:\/\/interamerica.org\/fr\/wp-json\/wp\/v2\/media?parent=12590"}],"wp:term":[{"taxonomy":"category","embeddable":true,"href":"https:\/\/interamerica.org\/fr\/wp-json\/wp\/v2\/categories?post=12590"},{"taxonomy":"post_tag","embeddable":true,"href":"https:\/\/interamerica.org\/fr\/wp-json\/wp\/v2\/tags?post=12590"}],"curies":[{"name":"wp","href":"https:\/\/api.w.org\/{rel}","templated":true}]}}