{"id":12594,"date":"2006-08-31T00:00:00","date_gmt":"2006-08-31T04:00:00","guid":{"rendered":"http:\/\/192.81.217.108\/interamerica\/2006\/08\/jamaique-luniversite-adventiste-entame-un-plan-dexpansion\/"},"modified":"2017-06-02T13:16:56","modified_gmt":"2017-06-02T17:16:56","slug":"jamaique-luniversite-adventiste-entame-un-plan-dexpansion","status":"publish","type":"post","link":"https:\/\/interamerica.org\/fr\/2006\/08\/jamaique-luniversite-adventiste-entame-un-plan-dexpansion\/","title":{"rendered":"Jamaique:  L&#39;Universit\u00e9 Adventiste Entame un Plan d&#39;Expansion"},"content":{"rendered":"<p>Mandeville, Jamaique&#8230; (Northern Caribbean University\/DIA) <\/p>\n<p>Le Northern Caribbean University (NCU), dirig\u00e9 par l&#39;Eglise Adventiste du Septi\u00e8me jour des Indes Occidentales, pourra bient\u00f4t entamer l&#39;expansion de son campus qui co\u00fbtera six millions de dollars. Ayant \u00e0 son actif le plus grand effectif de toute les institutions Adventistes du monde, NCU s&#39;appr\u00eate \u00e0 agrandir les installations de son campus principal de Mandeville, en Jamaique, en entamant la construction d&#39;un centre de Recherche Agricole et Industrielle, de nouveaux appartements pour les \u00e9tudiants un Centre de Sant\u00e9 de Traitement du Diab\u00e8te. <\/p>\n<p>Les projets ont \u00e9t\u00e9 communiqu\u00e9s par le Pr\u00e9sident de NCU, Dr. Herbert Thompson le 21 ao\u00fbt 2006, au cours d&#39;une conf\u00e9rence avec l&#39;institution, qui  a marqu\u00e9 l&#39;ouverture officielle de la nouvelle ann\u00e9e scolaire. <\/p>\n<p>Le Centre de Recherche Agricole logera une bolulangerie, un centre hospitalier, un centre de formation et une banque.  Il y aura des laboratoires d&#39;analyses et des incubateurs o\u00f9 les scientistes et les fermiers locaux pourront travailler en vue de permettre le d\u00e9veloppement de techniques pour augmenter et am\u00e9liorer les r\u00e9coltes.  <\/p>\n<p>\u00ab\u00a0Nous les aiderons aussi \u00e0 combattre les \u00e9pid\u00e9mies, en utilisant les technologies appropri\u00e9es,\u00a0\u00bb d\u00e9clara Dr. Thompson. <\/p>\n<p>Le centre sera situ\u00e9 sur une propri\u00e9t\u00e9 de 35.00 pieds carr\u00e9s, juste en face du campus principal. <\/p>\n<p>Dr. Thompson d\u00e9clare que le National Housing Trust (NHT) a aussi approuv\u00e9 un autre pr\u00eat pour construire 150 appartements pour les \u00e9tudiants.  Les complexes d&#39;appartement seront construits juste en face de l&#39;universit\u00e9.  Dr. Thompson pr\u00e9cise que les appartements qui pourraient loger 300 \u00e9tudiants, seront compl\u00e8tement meubl\u00e9s et pourvus de syst\u00e8mes de s\u00e9curit\u00e9. <\/p>\n<p>Il y a d\u00e9j\u00e0 un dortoire d&#39;hommes et deux dortoires de femmes sur le campus principal d&#39;une superficie de 200 acres, mais la plus grande partie des 5.600 \u00e9tudiants vivent en dehors du campus. <\/p>\n<p>\u00ab\u00a0Nous n&#39;allons plus construire des dortoires en commun\u00a0\u00bb, d\u00e9clara Dr. Thompson. <\/p>\n<p>De plus la construction d&#39;un Centre de Sant\u00e9 du Traitement du Diab\u00e8te commencera bient\u00f4t, construction qui sera une courtoisie de l&#39;Ambassade de la Cor\u00e9e du Sud.  Le Centre permettra de faire des examens et des traitements pour les personnes souffrant de la maladie. <\/p>\n<p>Fond\u00e9 en 1919, le Northern Caribbean University (d\u00e9nomm\u00e9 par le pass\u00e9 West Indies College) est la plus ancienne instiution d&#39;\u00e9ducation sup\u00e9rieure de la Jamaique, offrant des douzaines de degr\u00e9s conduisant \u00e0 une licence, six programmes de ma\u00eetrise et deux programmes de doctorat. <\/p>\n<p>Pour plus d&#39;informations concernant  le Northern Caribbean University, consultez le <a  href=\"http:\/\/www.ncu.edu.jm\/\">www.ncu.edu.jm<\/a > <\/p><\/p>\n","protected":false},"excerpt":{"rendered":"<p>Le \u00ab\u00a0Northern Caribbean University (NCU)\u00a0\u00bb, dirig\u00e9 par l&#39;Eglise Adventiste du Septi\u00e8me jour des Indes Occidentales, pourra bient\u00f4t entamer l&#39;expansion de son campus qui co\u00fbtera six millions de dollars.<\/p>\n","protected":false},"author":1,"featured_media":0,"comment_status":"closed","ping_status":"closed","sticky":false,"template":"","format":"standard","meta":{"_acf_changed":false,"footnotes":""},"categories":[9],"tags":[],"class_list":["post-12594","post","type-post","status-publish","format-standard","hentry","category-archive-fr"],"acf":[],"yoast_head":"<!-- This site is optimized with the Yoast SEO plugin v27.3 - https:\/\/yoast.com\/product\/yoast-seo-wordpress\/ -->\n<title>Jamaique: L&#039;Universit\u00e9 Adventiste Entame un Plan d&#039;Expansion - \u00c9glise Adventiste Du Septieme Jour - Inter Am\u00e9rique Division<\/title>\n<meta name=\"robots\" content=\"index, follow, max-snippet:-1, max-image-preview:large, max-video-preview:-1\" \/>\n<link rel=\"canonical\" href=\"https:\/\/interamerica.org\/fr\/2006\/08\/jamaique-luniversite-adventiste-entame-un-plan-dexpansion\/\" \/>\n<meta property=\"og:locale\" content=\"fr_FR\" \/>\n<meta property=\"og:type\" content=\"article\" \/>\n<meta property=\"og:title\" content=\"Jamaique: L&#039;Universit\u00e9 Adventiste Entame un Plan d&#039;Expansion - \u00c9glise Adventiste Du Septieme Jour - Inter Am\u00e9rique Division\" \/>\n<meta property=\"og:description\" content=\"Le &quot;Northern Caribbean University (NCU)&quot;, dirig\u00e9 par l&#039;Eglise Adventiste du Septi\u00e8me jour des Indes Occidentales, pourra bient\u00f4t entamer l&#039;expansion de son campus qui co\u00fbtera six millions de dollars.\" \/>\n<meta property=\"og:url\" content=\"https:\/\/interamerica.org\/fr\/2006\/08\/jamaique-luniversite-adventiste-entame-un-plan-dexpansion\/\" \/>\n<meta property=\"og:site_name\" content=\"\u00c9glise Adventiste Du Septieme Jour - Inter Am\u00e9rique Division\" \/>\n<meta property=\"article:published_time\" content=\"2006-08-31T04:00:00+00:00\" \/>\n<meta property=\"article:modified_time\" content=\"2017-06-02T17:16:56+00:00\" \/>\n<meta name=\"author\" content=\"Lorenzo Verduzco\" \/>\n<meta name=\"twitter:card\" content=\"summary_large_image\" \/>\n<meta name=\"twitter:label1\" content=\"\u00c9crit par\" \/>\n\t<meta name=\"twitter:data1\" content=\"Lorenzo Verduzco\" \/>\n\t<meta name=\"twitter:label2\" content=\"Dur\u00e9e de lecture estim\u00e9e\" \/>\n\t<meta name=\"twitter:data2\" content=\"2 minutes\" \/>\n<script type=\"application\/ld+json\" class=\"yoast-schema-graph\">{\"@context\":\"https:\\\/\\\/schema.org\",\"@graph\":[{\"@type\":\"Article\",\"@id\":\"https:\\\/\\\/interamerica.org\\\/fr\\\/2006\\\/08\\\/jamaique-luniversite-adventiste-entame-un-plan-dexpansion\\\/#article\",\"isPartOf\":{\"@id\":\"https:\\\/\\\/interamerica.org\\\/fr\\\/2006\\\/08\\\/jamaique-luniversite-adventiste-entame-un-plan-dexpansion\\\/\"},\"author\":{\"name\":\"Lorenzo Verduzco\",\"@id\":\"https:\\\/\\\/interamerica.org\\\/fr\\\/#\\\/schema\\\/person\\\/68ede8bdc292885bb76c1e3810e73c39\"},\"headline\":\"Jamaique: L&#39;Universit\u00e9 Adventiste Entame un Plan d&#39;Expansion\",\"datePublished\":\"2006-08-31T04:00:00+00:00\",\"dateModified\":\"2017-06-02T17:16:56+00:00\",\"mainEntityOfPage\":{\"@id\":\"https:\\\/\\\/interamerica.org\\\/fr\\\/2006\\\/08\\\/jamaique-luniversite-adventiste-entame-un-plan-dexpansion\\\/\"},\"wordCount\":448,\"articleSection\":[\"Archive\"],\"inLanguage\":\"fr-FR\"},{\"@type\":\"WebPage\",\"@id\":\"https:\\\/\\\/interamerica.org\\\/fr\\\/2006\\\/08\\\/jamaique-luniversite-adventiste-entame-un-plan-dexpansion\\\/\",\"url\":\"https:\\\/\\\/interamerica.org\\\/fr\\\/2006\\\/08\\\/jamaique-luniversite-adventiste-entame-un-plan-dexpansion\\\/\",\"name\":\"Jamaique: L&#39;Universit\u00e9 Adventiste Entame un Plan d&#39;Expansion - \u00c9glise Adventiste Du Septieme Jour - Inter Am\u00e9rique Division\",\"isPartOf\":{\"@id\":\"https:\\\/\\\/interamerica.org\\\/fr\\\/#website\"},\"datePublished\":\"2006-08-31T04:00:00+00:00\",\"dateModified\":\"2017-06-02T17:16:56+00:00\",\"author\":{\"@id\":\"https:\\\/\\\/interamerica.org\\\/fr\\\/#\\\/schema\\\/person\\\/68ede8bdc292885bb76c1e3810e73c39\"},\"breadcrumb\":{\"@id\":\"https:\\\/\\\/interamerica.org\\\/fr\\\/2006\\\/08\\\/jamaique-luniversite-adventiste-entame-un-plan-dexpansion\\\/#breadcrumb\"},\"inLanguage\":\"fr-FR\",\"potentialAction\":[{\"@type\":\"ReadAction\",\"target\":[\"https:\\\/\\\/interamerica.org\\\/fr\\\/2006\\\/08\\\/jamaique-luniversite-adventiste-entame-un-plan-dexpansion\\\/\"]}]},{\"@type\":\"BreadcrumbList\",\"@id\":\"https:\\\/\\\/interamerica.org\\\/fr\\\/2006\\\/08\\\/jamaique-luniversite-adventiste-entame-un-plan-dexpansion\\\/#breadcrumb\",\"itemListElement\":[{\"@type\":\"ListItem\",\"position\":1,\"name\":\"Home\",\"item\":\"https:\\\/\\\/interamerica.org\\\/fr\\\/\"},{\"@type\":\"ListItem\",\"position\":2,\"name\":\"Jamaique: L&#39;Universit\u00e9 Adventiste Entame un Plan d&#39;Expansion\"}]},{\"@type\":\"WebSite\",\"@id\":\"https:\\\/\\\/interamerica.org\\\/fr\\\/#website\",\"url\":\"https:\\\/\\\/interamerica.org\\\/fr\\\/\",\"name\":\"\u00c9glise Adventiste Du Septieme Jour - Inter Am\u00e9rique Division\",\"description\":\"\",\"potentialAction\":[{\"@type\":\"SearchAction\",\"target\":{\"@type\":\"EntryPoint\",\"urlTemplate\":\"https:\\\/\\\/interamerica.org\\\/fr\\\/?s={search_term_string}\"},\"query-input\":{\"@type\":\"PropertyValueSpecification\",\"valueRequired\":true,\"valueName\":\"search_term_string\"}}],\"inLanguage\":\"fr-FR\"},{\"@type\":\"Person\",\"@id\":\"https:\\\/\\\/interamerica.org\\\/fr\\\/#\\\/schema\\\/person\\\/68ede8bdc292885bb76c1e3810e73c39\",\"name\":\"Lorenzo Verduzco\",\"image\":{\"@type\":\"ImageObject\",\"inLanguage\":\"fr-FR\",\"@id\":\"https:\\\/\\\/secure.gravatar.com\\\/avatar\\\/fb81a55b6218459490a9c1dc841a34909185b81904c5337b4b27f7a6fd60c49e?s=96&d=mm&r=g\",\"url\":\"https:\\\/\\\/secure.gravatar.com\\\/avatar\\\/fb81a55b6218459490a9c1dc841a34909185b81904c5337b4b27f7a6fd60c49e?s=96&d=mm&r=g\",\"contentUrl\":\"https:\\\/\\\/secure.gravatar.com\\\/avatar\\\/fb81a55b6218459490a9c1dc841a34909185b81904c5337b4b27f7a6fd60c49e?s=96&d=mm&r=g\",\"caption\":\"Lorenzo Verduzco\"}}]}<\/script>\n<!-- \/ Yoast SEO plugin. -->","yoast_head_json":{"title":"Jamaique: L&#39;Universit\u00e9 Adventiste Entame un Plan d&#39;Expansion - \u00c9glise Adventiste Du Septieme Jour - Inter Am\u00e9rique Division","robots":{"index":"index","follow":"follow","max-snippet":"max-snippet:-1","max-image-preview":"max-image-preview:large","max-video-preview":"max-video-preview:-1"},"canonical":"https:\/\/interamerica.org\/fr\/2006\/08\/jamaique-luniversite-adventiste-entame-un-plan-dexpansion\/","og_locale":"fr_FR","og_type":"article","og_title":"Jamaique: L&#39;Universit\u00e9 Adventiste Entame un Plan d&#39;Expansion - \u00c9glise Adventiste Du Septieme Jour - Inter Am\u00e9rique Division","og_description":"Le \"Northern Caribbean University (NCU)\", dirig\u00e9 par l&#39;Eglise Adventiste du Septi\u00e8me jour des Indes Occidentales, pourra bient\u00f4t entamer l&#39;expansion de son campus qui co\u00fbtera six millions de dollars.","og_url":"https:\/\/interamerica.org\/fr\/2006\/08\/jamaique-luniversite-adventiste-entame-un-plan-dexpansion\/","og_site_name":"\u00c9glise Adventiste Du Septieme Jour - Inter Am\u00e9rique Division","article_published_time":"2006-08-31T04:00:00+00:00","article_modified_time":"2017-06-02T17:16:56+00:00","author":"Lorenzo Verduzco","twitter_card":"summary_large_image","twitter_misc":{"\u00c9crit par":"Lorenzo Verduzco","Dur\u00e9e de lecture estim\u00e9e":"2 minutes"},"schema":{"@context":"https:\/\/schema.org","@graph":[{"@type":"Article","@id":"https:\/\/interamerica.org\/fr\/2006\/08\/jamaique-luniversite-adventiste-entame-un-plan-dexpansion\/#article","isPartOf":{"@id":"https:\/\/interamerica.org\/fr\/2006\/08\/jamaique-luniversite-adventiste-entame-un-plan-dexpansion\/"},"author":{"name":"Lorenzo Verduzco","@id":"https:\/\/interamerica.org\/fr\/#\/schema\/person\/68ede8bdc292885bb76c1e3810e73c39"},"headline":"Jamaique: L&#39;Universit\u00e9 Adventiste Entame un Plan d&#39;Expansion","datePublished":"2006-08-31T04:00:00+00:00","dateModified":"2017-06-02T17:16:56+00:00","mainEntityOfPage":{"@id":"https:\/\/interamerica.org\/fr\/2006\/08\/jamaique-luniversite-adventiste-entame-un-plan-dexpansion\/"},"wordCount":448,"articleSection":["Archive"],"inLanguage":"fr-FR"},{"@type":"WebPage","@id":"https:\/\/interamerica.org\/fr\/2006\/08\/jamaique-luniversite-adventiste-entame-un-plan-dexpansion\/","url":"https:\/\/interamerica.org\/fr\/2006\/08\/jamaique-luniversite-adventiste-entame-un-plan-dexpansion\/","name":"Jamaique: L&#39;Universit\u00e9 Adventiste Entame un Plan d&#39;Expansion - \u00c9glise Adventiste Du Septieme Jour - Inter Am\u00e9rique Division","isPartOf":{"@id":"https:\/\/interamerica.org\/fr\/#website"},"datePublished":"2006-08-31T04:00:00+00:00","dateModified":"2017-06-02T17:16:56+00:00","author":{"@id":"https:\/\/interamerica.org\/fr\/#\/schema\/person\/68ede8bdc292885bb76c1e3810e73c39"},"breadcrumb":{"@id":"https:\/\/interamerica.org\/fr\/2006\/08\/jamaique-luniversite-adventiste-entame-un-plan-dexpansion\/#breadcrumb"},"inLanguage":"fr-FR","potentialAction":[{"@type":"ReadAction","target":["https:\/\/interamerica.org\/fr\/2006\/08\/jamaique-luniversite-adventiste-entame-un-plan-dexpansion\/"]}]},{"@type":"BreadcrumbList","@id":"https:\/\/interamerica.org\/fr\/2006\/08\/jamaique-luniversite-adventiste-entame-un-plan-dexpansion\/#breadcrumb","itemListElement":[{"@type":"ListItem","position":1,"name":"Home","item":"https:\/\/interamerica.org\/fr\/"},{"@type":"ListItem","position":2,"name":"Jamaique: L&#39;Universit\u00e9 Adventiste Entame un Plan d&#39;Expansion"}]},{"@type":"WebSite","@id":"https:\/\/interamerica.org\/fr\/#website","url":"https:\/\/interamerica.org\/fr\/","name":"\u00c9glise Adventiste Du Septieme Jour - Inter Am\u00e9rique Division","description":"","potentialAction":[{"@type":"SearchAction","target":{"@type":"EntryPoint","urlTemplate":"https:\/\/interamerica.org\/fr\/?s={search_term_string}"},"query-input":{"@type":"PropertyValueSpecification","valueRequired":true,"valueName":"search_term_string"}}],"inLanguage":"fr-FR"},{"@type":"Person","@id":"https:\/\/interamerica.org\/fr\/#\/schema\/person\/68ede8bdc292885bb76c1e3810e73c39","name":"Lorenzo Verduzco","image":{"@type":"ImageObject","inLanguage":"fr-FR","@id":"https:\/\/secure.gravatar.com\/avatar\/fb81a55b6218459490a9c1dc841a34909185b81904c5337b4b27f7a6fd60c49e?s=96&d=mm&r=g","url":"https:\/\/secure.gravatar.com\/avatar\/fb81a55b6218459490a9c1dc841a34909185b81904c5337b4b27f7a6fd60c49e?s=96&d=mm&r=g","contentUrl":"https:\/\/secure.gravatar.com\/avatar\/fb81a55b6218459490a9c1dc841a34909185b81904c5337b4b27f7a6fd60c49e?s=96&d=mm&r=g","caption":"Lorenzo Verduzco"}}]}},"_links":{"self":[{"href":"https:\/\/interamerica.org\/fr\/wp-json\/wp\/v2\/posts\/12594","targetHints":{"allow":["GET"]}}],"collection":[{"href":"https:\/\/interamerica.org\/fr\/wp-json\/wp\/v2\/posts"}],"about":[{"href":"https:\/\/interamerica.org\/fr\/wp-json\/wp\/v2\/types\/post"}],"author":[{"embeddable":true,"href":"https:\/\/interamerica.org\/fr\/wp-json\/wp\/v2\/users\/1"}],"replies":[{"embeddable":true,"href":"https:\/\/interamerica.org\/fr\/wp-json\/wp\/v2\/comments?post=12594"}],"version-history":[{"count":0,"href":"https:\/\/interamerica.org\/fr\/wp-json\/wp\/v2\/posts\/12594\/revisions"}],"wp:attachment":[{"href":"https:\/\/interamerica.org\/fr\/wp-json\/wp\/v2\/media?parent=12594"}],"wp:term":[{"taxonomy":"category","embeddable":true,"href":"https:\/\/interamerica.org\/fr\/wp-json\/wp\/v2\/categories?post=12594"},{"taxonomy":"post_tag","embeddable":true,"href":"https:\/\/interamerica.org\/fr\/wp-json\/wp\/v2\/tags?post=12594"}],"curies":[{"name":"wp","href":"https:\/\/api.w.org\/{rel}","templated":true}]}}