{"id":12598,"date":"2006-09-10T00:00:00","date_gmt":"2006-09-10T04:00:00","guid":{"rendered":"http:\/\/192.81.217.108\/interamerica\/2006\/09\/linter-amerique-celebre-la-vie-dun-chef-exceptionne\/"},"modified":"2017-06-02T13:16:54","modified_gmt":"2017-06-02T17:16:54","slug":"linter-amerique-celebre-la-vie-dun-chef-exceptionne","status":"publish","type":"post","link":"https:\/\/interamerica.org\/fr\/2006\/09\/linter-amerique-celebre-la-vie-dun-chef-exceptionne\/","title":{"rendered":"L&#39;Inter Am\u00e9rique C\u00e9l\u00e8bre la Vie d\u2019un Chef Exceptionne"},"content":{"rendered":"<\/p>\n<p>Miami, Floride,  \u00c9tats-Unis&#8230; [Libna Stevens\/IAD] <\/p>\n<p>Le 9 septembre, les dirigeants de l&#39;\u00e9glise adventiste du septi\u00e8me jour en Inter Am\u00e9rique \u00e9taient tous r\u00e9unis au bureau de la Division Interam\u00e9ricaine (IAD) \u00e0 Miami, Floride, pour une c\u00e9r\u00e9monie sp\u00e9ciale de la c\u00e9l\u00e9bration de la vie de Pasteur Bender L. Archbold. Pasteur Archbold, qui a exerc\u00e9 les fonctions de pr\u00e9sident de la IAD de 1970 \u00e0 1980, est mort le 12 ao\u00fbt. Il avait 98 ans. <\/p>\n<p>Parmi les invit\u00e9s sp\u00e9ciaux \u00e0 un service tenu dans l&#39;apr\u00e8s-midi du Sabbat, dans l&#39;auditorium qui  porte son nom, se trouvaient les deux filles de Pasteur Archbold, Elizabeth et Ruth, petites-filles, amis, anciens coll\u00e8gues et repr\u00e9sentants des unions du territoire de la IAD. <\/p>\n<p>\u00ab\u00a0L&#39;\u00e9glise mondiale et la Division Interam\u00e9ricaine, en particulier, ne peuvent et ne doivent jamais oublier l\u2019un des principaux h\u00e9ros de cette division,\u00a0\u00bb a dit pasteur Isra\u00ebl Le\u00efto, pr\u00e9sident de l&#39;\u00e9glise en Inter Am\u00e9rique. \u00ab\u00a0Nous reconnaissons que si ce n&#39;\u00e9tait pas par l&#39;Esprit Saint, aucun de ses exploits n\u2019aurait pu avoir \u00e9t\u00e9 possible. Pourtant, l\u2019\u0153uvre de pasteur Archbold a eu des effets durables sur plusieurs g\u00e9n\u00e9rations d&#39;adventistes et d&#39;ouvriers dans cette Division,\u00a0\u00bb a-t-il dit. <\/p>\n<p>\u00ab\u00a0Sa direction dynamique, son attachement ferme au principe et son engagement total \u00e0 Dieu et \u00e0 son oeuvre dans cette \u00e9glise lui ont donn\u00e9 une telle place dans nos vies qu\u2019il est impossible de l&#39;oublier,\u00a0\u00bb a continu\u00e9 \u00e0 dire pasteur Le\u00efto. <\/p>\n<p>Parmi les dirigeants d&#39;\u00e9glise pr\u00e9sents pour rendre hommage se trouvait pasteur Orville Parchment, qui, de la part de pasteur Jan Paulsen, pr\u00e9sident de l&#39;\u00e9glise mondiale, a exprim\u00e9 des mots d\u2019appr\u00e9ciation aux filles de pasteur Archbold pour la contribution de leur p\u00e8re \u00e0 l&#39;\u00e9glise mondiale. <\/p>\n<p>Les dirigeants d&#39;\u00e9glise repr\u00e9sentant neuf r\u00e9gions du territoire de la division ont parl\u00e9 de la part de leurs territoires sur les contributions de la direction de pasteur Archbold. Un groupe du personnel du bureau qui a servi au temps de pasteur Archbold a eu aussi l&#39;opportunit\u00e9 de parler. <\/p>\n<p>Pasteur George w. Brown, qui a succ\u00e9d\u00e9 \u00e0 pasteur Archbold comme pr\u00e9sident de la IAD de 1980 \u00e0 1993, a \u00e9t\u00e9 l\u2019orateur principal. Pasteur Brown a rappel\u00e9 aux personnes pr\u00e9sentes les raisons pour lesquelles nous, comme chr\u00e9tiens, nous devrions rendre hommage \u00e0 la vie d&#39;un serviteur chr\u00e9tien. Pasteur Brown \u00e9tait un bon ami de pasteur Archbold. Connu comme \u00ab\u00a0Mr. Evang\u00e9lisation,\u00a0\u00bb pasteur Archbold a \u00e9t\u00e9 le premier interam\u00e9ricain \u00e0 devenir pr\u00e9sident de cette r\u00e9gion et a contribu\u00e9 \u00e0 ce que l&#39;\u00e9glise devienne la plus grande division de l&#39;\u00e9glise adventiste mondiale pendant sa pr\u00e9sidence. <\/p>\n<p>Pasteur Archbold naquit en 1908 dans l&#39;\u00cele de Providencia, une petite \u00cele antillaise de la c\u00f4te nicaraguayenne. Il se maria \u00e0 Frances Burke en 1937 et eut trois enfants. Il a influenc\u00e9 la vie de nombreuses personnes par sa direction efficace depuis son entr\u00e9e dans l\u2019\u0153uvre de Dieu en 1927. Il a commenc\u00e9 comme colporteur et devint plus tard enseignant, pr\u00e9cepteur, directeur de d\u00e9partement, pr\u00e9sident de f\u00e9d\u00e9ration, pr\u00e9sident de coll\u00e8ge, secr\u00e9taire ex\u00e9cutif de la IAD et finalement pr\u00e9sident. <\/p>\n<p>\u00ab\u00a0Il a inspir\u00e9 des milliers de fid\u00e8les et ses mots sonnent encore \u00e0 nos oreilles avec sa perspicacit\u00e9, son amour et ses instructions,\u00a0\u00bb a dit pasteur Le\u00efto. La famille Archbold a mis sur pied un Plan de Bourse B. L. Archbold au profit des \u00e9tudiants n\u00e9cessiteux \u00e0 l&#39;Universit\u00e9 de la Cara\u00efbe du Sud \u00e0 Trinidad (University of Southern Caribbean in Trinidad). Toutes donations \u00e0 ce fonds peuvent \u00eatre envoy\u00e9es \u00e0 la Division Interam\u00e9ricaine. Pour plus d\u2019informations, contacter le Bureau de la IAD au 305.403.4700. <\/p>\n","protected":false},"excerpt":{"rendered":"<p>Le 9 septembre, les dirigeants de l&#39;\u00e9glise adventiste du septi\u00e8me jour en Inter Am\u00e9rique \u00e9taient tous r\u00e9unis au bureau de la Division Interam\u00e9ricaine (IAD) \u00e0 Miami, Floride&#8230;<\/p>\n","protected":false},"author":1,"featured_media":0,"comment_status":"closed","ping_status":"closed","sticky":false,"template":"","format":"standard","meta":{"_acf_changed":false,"footnotes":""},"categories":[9],"tags":[],"class_list":["post-12598","post","type-post","status-publish","format-standard","hentry","category-archive-fr"],"acf":[],"yoast_head":"<!-- This site is optimized with the Yoast SEO plugin v27.3 - https:\/\/yoast.com\/product\/yoast-seo-wordpress\/ -->\n<title>L&#039;Inter Am\u00e9rique C\u00e9l\u00e8bre la Vie d\u2019un Chef Exceptionne - \u00c9glise Adventiste Du Septieme Jour - Inter Am\u00e9rique Division<\/title>\n<meta name=\"robots\" content=\"index, follow, max-snippet:-1, max-image-preview:large, max-video-preview:-1\" \/>\n<link rel=\"canonical\" href=\"https:\/\/interamerica.org\/fr\/2006\/09\/linter-amerique-celebre-la-vie-dun-chef-exceptionne\/\" \/>\n<meta property=\"og:locale\" content=\"fr_FR\" \/>\n<meta property=\"og:type\" content=\"article\" \/>\n<meta property=\"og:title\" content=\"L&#039;Inter Am\u00e9rique C\u00e9l\u00e8bre la Vie d\u2019un Chef Exceptionne - \u00c9glise Adventiste Du Septieme Jour - Inter Am\u00e9rique Division\" \/>\n<meta property=\"og:description\" content=\"Le 9 septembre, les dirigeants de l&#039;\u00e9glise adventiste du septi\u00e8me jour en Inter Am\u00e9rique \u00e9taient tous r\u00e9unis au bureau de la Division Interam\u00e9ricaine (IAD) \u00e0 Miami, Floride...\" \/>\n<meta property=\"og:url\" content=\"https:\/\/interamerica.org\/fr\/2006\/09\/linter-amerique-celebre-la-vie-dun-chef-exceptionne\/\" \/>\n<meta property=\"og:site_name\" content=\"\u00c9glise Adventiste Du Septieme Jour - Inter Am\u00e9rique Division\" \/>\n<meta property=\"article:published_time\" content=\"2006-09-10T04:00:00+00:00\" \/>\n<meta property=\"article:modified_time\" content=\"2017-06-02T17:16:54+00:00\" \/>\n<meta name=\"author\" content=\"Lorenzo Verduzco\" \/>\n<meta name=\"twitter:card\" content=\"summary_large_image\" \/>\n<meta name=\"twitter:label1\" content=\"\u00c9crit par\" \/>\n\t<meta name=\"twitter:data1\" content=\"Lorenzo Verduzco\" \/>\n\t<meta name=\"twitter:label2\" content=\"Dur\u00e9e de lecture estim\u00e9e\" \/>\n\t<meta name=\"twitter:data2\" content=\"3 minutes\" \/>\n<script type=\"application\/ld+json\" class=\"yoast-schema-graph\">{\"@context\":\"https:\\\/\\\/schema.org\",\"@graph\":[{\"@type\":\"Article\",\"@id\":\"https:\\\/\\\/interamerica.org\\\/fr\\\/2006\\\/09\\\/linter-amerique-celebre-la-vie-dun-chef-exceptionne\\\/#article\",\"isPartOf\":{\"@id\":\"https:\\\/\\\/interamerica.org\\\/fr\\\/2006\\\/09\\\/linter-amerique-celebre-la-vie-dun-chef-exceptionne\\\/\"},\"author\":{\"name\":\"Lorenzo Verduzco\",\"@id\":\"https:\\\/\\\/interamerica.org\\\/fr\\\/#\\\/schema\\\/person\\\/68ede8bdc292885bb76c1e3810e73c39\"},\"headline\":\"L&#39;Inter Am\u00e9rique C\u00e9l\u00e8bre la Vie d\u2019un Chef Exceptionne\",\"datePublished\":\"2006-09-10T04:00:00+00:00\",\"dateModified\":\"2017-06-02T17:16:54+00:00\",\"mainEntityOfPage\":{\"@id\":\"https:\\\/\\\/interamerica.org\\\/fr\\\/2006\\\/09\\\/linter-amerique-celebre-la-vie-dun-chef-exceptionne\\\/\"},\"wordCount\":646,\"articleSection\":[\"Archive\"],\"inLanguage\":\"fr-FR\"},{\"@type\":\"WebPage\",\"@id\":\"https:\\\/\\\/interamerica.org\\\/fr\\\/2006\\\/09\\\/linter-amerique-celebre-la-vie-dun-chef-exceptionne\\\/\",\"url\":\"https:\\\/\\\/interamerica.org\\\/fr\\\/2006\\\/09\\\/linter-amerique-celebre-la-vie-dun-chef-exceptionne\\\/\",\"name\":\"L&#39;Inter Am\u00e9rique C\u00e9l\u00e8bre la Vie d\u2019un Chef Exceptionne - \u00c9glise Adventiste Du Septieme Jour - Inter Am\u00e9rique Division\",\"isPartOf\":{\"@id\":\"https:\\\/\\\/interamerica.org\\\/fr\\\/#website\"},\"datePublished\":\"2006-09-10T04:00:00+00:00\",\"dateModified\":\"2017-06-02T17:16:54+00:00\",\"author\":{\"@id\":\"https:\\\/\\\/interamerica.org\\\/fr\\\/#\\\/schema\\\/person\\\/68ede8bdc292885bb76c1e3810e73c39\"},\"breadcrumb\":{\"@id\":\"https:\\\/\\\/interamerica.org\\\/fr\\\/2006\\\/09\\\/linter-amerique-celebre-la-vie-dun-chef-exceptionne\\\/#breadcrumb\"},\"inLanguage\":\"fr-FR\",\"potentialAction\":[{\"@type\":\"ReadAction\",\"target\":[\"https:\\\/\\\/interamerica.org\\\/fr\\\/2006\\\/09\\\/linter-amerique-celebre-la-vie-dun-chef-exceptionne\\\/\"]}]},{\"@type\":\"BreadcrumbList\",\"@id\":\"https:\\\/\\\/interamerica.org\\\/fr\\\/2006\\\/09\\\/linter-amerique-celebre-la-vie-dun-chef-exceptionne\\\/#breadcrumb\",\"itemListElement\":[{\"@type\":\"ListItem\",\"position\":1,\"name\":\"Home\",\"item\":\"https:\\\/\\\/interamerica.org\\\/fr\\\/\"},{\"@type\":\"ListItem\",\"position\":2,\"name\":\"L&#39;Inter Am\u00e9rique C\u00e9l\u00e8bre la Vie d\u2019un Chef Exceptionne\"}]},{\"@type\":\"WebSite\",\"@id\":\"https:\\\/\\\/interamerica.org\\\/fr\\\/#website\",\"url\":\"https:\\\/\\\/interamerica.org\\\/fr\\\/\",\"name\":\"\u00c9glise Adventiste Du Septieme Jour - Inter Am\u00e9rique Division\",\"description\":\"\",\"potentialAction\":[{\"@type\":\"SearchAction\",\"target\":{\"@type\":\"EntryPoint\",\"urlTemplate\":\"https:\\\/\\\/interamerica.org\\\/fr\\\/?s={search_term_string}\"},\"query-input\":{\"@type\":\"PropertyValueSpecification\",\"valueRequired\":true,\"valueName\":\"search_term_string\"}}],\"inLanguage\":\"fr-FR\"},{\"@type\":\"Person\",\"@id\":\"https:\\\/\\\/interamerica.org\\\/fr\\\/#\\\/schema\\\/person\\\/68ede8bdc292885bb76c1e3810e73c39\",\"name\":\"Lorenzo Verduzco\",\"image\":{\"@type\":\"ImageObject\",\"inLanguage\":\"fr-FR\",\"@id\":\"https:\\\/\\\/secure.gravatar.com\\\/avatar\\\/fb81a55b6218459490a9c1dc841a34909185b81904c5337b4b27f7a6fd60c49e?s=96&d=mm&r=g\",\"url\":\"https:\\\/\\\/secure.gravatar.com\\\/avatar\\\/fb81a55b6218459490a9c1dc841a34909185b81904c5337b4b27f7a6fd60c49e?s=96&d=mm&r=g\",\"contentUrl\":\"https:\\\/\\\/secure.gravatar.com\\\/avatar\\\/fb81a55b6218459490a9c1dc841a34909185b81904c5337b4b27f7a6fd60c49e?s=96&d=mm&r=g\",\"caption\":\"Lorenzo Verduzco\"}}]}<\/script>\n<!-- \/ Yoast SEO plugin. -->","yoast_head_json":{"title":"L&#39;Inter Am\u00e9rique C\u00e9l\u00e8bre la Vie d\u2019un Chef Exceptionne - \u00c9glise Adventiste Du Septieme Jour - Inter Am\u00e9rique Division","robots":{"index":"index","follow":"follow","max-snippet":"max-snippet:-1","max-image-preview":"max-image-preview:large","max-video-preview":"max-video-preview:-1"},"canonical":"https:\/\/interamerica.org\/fr\/2006\/09\/linter-amerique-celebre-la-vie-dun-chef-exceptionne\/","og_locale":"fr_FR","og_type":"article","og_title":"L&#39;Inter Am\u00e9rique C\u00e9l\u00e8bre la Vie d\u2019un Chef Exceptionne - \u00c9glise Adventiste Du Septieme Jour - Inter Am\u00e9rique Division","og_description":"Le 9 septembre, les dirigeants de l&#39;\u00e9glise adventiste du septi\u00e8me jour en Inter Am\u00e9rique \u00e9taient tous r\u00e9unis au bureau de la Division Interam\u00e9ricaine (IAD) \u00e0 Miami, Floride...","og_url":"https:\/\/interamerica.org\/fr\/2006\/09\/linter-amerique-celebre-la-vie-dun-chef-exceptionne\/","og_site_name":"\u00c9glise Adventiste Du Septieme Jour - Inter Am\u00e9rique Division","article_published_time":"2006-09-10T04:00:00+00:00","article_modified_time":"2017-06-02T17:16:54+00:00","author":"Lorenzo Verduzco","twitter_card":"summary_large_image","twitter_misc":{"\u00c9crit par":"Lorenzo Verduzco","Dur\u00e9e de lecture estim\u00e9e":"3 minutes"},"schema":{"@context":"https:\/\/schema.org","@graph":[{"@type":"Article","@id":"https:\/\/interamerica.org\/fr\/2006\/09\/linter-amerique-celebre-la-vie-dun-chef-exceptionne\/#article","isPartOf":{"@id":"https:\/\/interamerica.org\/fr\/2006\/09\/linter-amerique-celebre-la-vie-dun-chef-exceptionne\/"},"author":{"name":"Lorenzo Verduzco","@id":"https:\/\/interamerica.org\/fr\/#\/schema\/person\/68ede8bdc292885bb76c1e3810e73c39"},"headline":"L&#39;Inter Am\u00e9rique C\u00e9l\u00e8bre la Vie d\u2019un Chef Exceptionne","datePublished":"2006-09-10T04:00:00+00:00","dateModified":"2017-06-02T17:16:54+00:00","mainEntityOfPage":{"@id":"https:\/\/interamerica.org\/fr\/2006\/09\/linter-amerique-celebre-la-vie-dun-chef-exceptionne\/"},"wordCount":646,"articleSection":["Archive"],"inLanguage":"fr-FR"},{"@type":"WebPage","@id":"https:\/\/interamerica.org\/fr\/2006\/09\/linter-amerique-celebre-la-vie-dun-chef-exceptionne\/","url":"https:\/\/interamerica.org\/fr\/2006\/09\/linter-amerique-celebre-la-vie-dun-chef-exceptionne\/","name":"L&#39;Inter Am\u00e9rique C\u00e9l\u00e8bre la Vie d\u2019un Chef Exceptionne - \u00c9glise Adventiste Du Septieme Jour - Inter Am\u00e9rique Division","isPartOf":{"@id":"https:\/\/interamerica.org\/fr\/#website"},"datePublished":"2006-09-10T04:00:00+00:00","dateModified":"2017-06-02T17:16:54+00:00","author":{"@id":"https:\/\/interamerica.org\/fr\/#\/schema\/person\/68ede8bdc292885bb76c1e3810e73c39"},"breadcrumb":{"@id":"https:\/\/interamerica.org\/fr\/2006\/09\/linter-amerique-celebre-la-vie-dun-chef-exceptionne\/#breadcrumb"},"inLanguage":"fr-FR","potentialAction":[{"@type":"ReadAction","target":["https:\/\/interamerica.org\/fr\/2006\/09\/linter-amerique-celebre-la-vie-dun-chef-exceptionne\/"]}]},{"@type":"BreadcrumbList","@id":"https:\/\/interamerica.org\/fr\/2006\/09\/linter-amerique-celebre-la-vie-dun-chef-exceptionne\/#breadcrumb","itemListElement":[{"@type":"ListItem","position":1,"name":"Home","item":"https:\/\/interamerica.org\/fr\/"},{"@type":"ListItem","position":2,"name":"L&#39;Inter Am\u00e9rique C\u00e9l\u00e8bre la Vie d\u2019un Chef Exceptionne"}]},{"@type":"WebSite","@id":"https:\/\/interamerica.org\/fr\/#website","url":"https:\/\/interamerica.org\/fr\/","name":"\u00c9glise Adventiste Du Septieme Jour - Inter Am\u00e9rique Division","description":"","potentialAction":[{"@type":"SearchAction","target":{"@type":"EntryPoint","urlTemplate":"https:\/\/interamerica.org\/fr\/?s={search_term_string}"},"query-input":{"@type":"PropertyValueSpecification","valueRequired":true,"valueName":"search_term_string"}}],"inLanguage":"fr-FR"},{"@type":"Person","@id":"https:\/\/interamerica.org\/fr\/#\/schema\/person\/68ede8bdc292885bb76c1e3810e73c39","name":"Lorenzo Verduzco","image":{"@type":"ImageObject","inLanguage":"fr-FR","@id":"https:\/\/secure.gravatar.com\/avatar\/fb81a55b6218459490a9c1dc841a34909185b81904c5337b4b27f7a6fd60c49e?s=96&d=mm&r=g","url":"https:\/\/secure.gravatar.com\/avatar\/fb81a55b6218459490a9c1dc841a34909185b81904c5337b4b27f7a6fd60c49e?s=96&d=mm&r=g","contentUrl":"https:\/\/secure.gravatar.com\/avatar\/fb81a55b6218459490a9c1dc841a34909185b81904c5337b4b27f7a6fd60c49e?s=96&d=mm&r=g","caption":"Lorenzo Verduzco"}}]}},"_links":{"self":[{"href":"https:\/\/interamerica.org\/fr\/wp-json\/wp\/v2\/posts\/12598","targetHints":{"allow":["GET"]}}],"collection":[{"href":"https:\/\/interamerica.org\/fr\/wp-json\/wp\/v2\/posts"}],"about":[{"href":"https:\/\/interamerica.org\/fr\/wp-json\/wp\/v2\/types\/post"}],"author":[{"embeddable":true,"href":"https:\/\/interamerica.org\/fr\/wp-json\/wp\/v2\/users\/1"}],"replies":[{"embeddable":true,"href":"https:\/\/interamerica.org\/fr\/wp-json\/wp\/v2\/comments?post=12598"}],"version-history":[{"count":0,"href":"https:\/\/interamerica.org\/fr\/wp-json\/wp\/v2\/posts\/12598\/revisions"}],"wp:attachment":[{"href":"https:\/\/interamerica.org\/fr\/wp-json\/wp\/v2\/media?parent=12598"}],"wp:term":[{"taxonomy":"category","embeddable":true,"href":"https:\/\/interamerica.org\/fr\/wp-json\/wp\/v2\/categories?post=12598"},{"taxonomy":"post_tag","embeddable":true,"href":"https:\/\/interamerica.org\/fr\/wp-json\/wp\/v2\/tags?post=12598"}],"curies":[{"name":"wp","href":"https:\/\/api.w.org\/{rel}","templated":true}]}}