{"id":126112,"date":"2025-03-07T10:50:31","date_gmt":"2025-03-07T15:50:31","guid":{"rendered":"https:\/\/interamerica.org\/?p=126112"},"modified":"2025-03-10T20:41:52","modified_gmt":"2025-03-11T00:41:52","slug":"les-adventistes-vont-vers-les-sans-abri-au-suriname","status":"publish","type":"post","link":"https:\/\/interamerica.org\/fr\/2025\/03\/les-adventistes-vont-vers-les-sans-abri-au-suriname\/","title":{"rendered":"Les adventistes vont vers les sans-abri au Suriname"},"content":{"rendered":"<p><em>Cette initiative a apport\u00e9 une aide imm\u00e9diate \u00e0 environ 100 personnes sans-abri et vuln\u00e9rables.<\/em><\/p>\n<p>7 Mars 2025 | Paramaribo, Suriname | Steven M. Tulp, personnel de CARU et \u00c9quipe de presse de la DIA<\/p>\n<p>Les adventistes du septi\u00e8me jour de la Mission du Suriname ont uni leurs forces pour servir la population des sans-abris du pays qui a \u00e9t\u00e9 estim\u00e9e r\u00e9cemment \u00e0 1200 personnes. Les dirigeants de l\u2019\u00c9glise et les jeunes de l\u2019\u00e9glise adventiste de Sion se sont unis dans cette initiative missionnaire.<\/p>\n<p>Plus de 40 membres d\u2019\u00e9glise \u00e0 Paramaribo, la capitale, se sont mobilis\u00e9s pour pr\u00e9senter un message d\u2019espoir, apporter de la joie et r\u00e9pondre aux besoins fondamentaux de leur communaut\u00e9. Leurs efforts ont permis de remettre \u00e0 environ 100 personnes sans-abri et vuln\u00e9rables des colis contenant des produits d\u2019hygi\u00e8ne, des v\u00eatements, des repas chauds, des boissons et des copies du magazine Priorit\u00e9s publi\u00e9 par l\u2019\u00c9glise adventiste.<\/p>\n<p><div id=\"attachment_126016\" style=\"width: 942px\" class=\"wp-caption aligncenter\"><img fetchpriority=\"high\" decoding=\"async\" aria-describedby=\"caption-attachment-126016\" class=\" wp-image-126015\" src=\"https:\/\/interamerica.org\/wp-content\/uploads\/2025\/03\/suriname1-homeless57-1024x768.jpg\" alt=\"\" width=\"932\" height=\"699\" srcset=\"https:\/\/interamerica.org\/wp-content\/uploads\/2025\/03\/suriname1-homeless57-1024x768.jpg 1024w, https:\/\/interamerica.org\/wp-content\/uploads\/2025\/03\/suriname1-homeless57-300x225.jpg 300w, https:\/\/interamerica.org\/wp-content\/uploads\/2025\/03\/suriname1-homeless57-768x576.jpg 768w, https:\/\/interamerica.org\/wp-content\/uploads\/2025\/03\/suriname1-homeless57.jpg 1200w\" sizes=\"(max-width: 932px) 100vw, 932px\" \/><p id=\"caption-attachment-126016\" class=\"wp-caption-text\">Plusieurs sans-abris re\u00e7oivent des repas chauds, des colis contenant des produits d\u2019hygi\u00e8ne et des provisions essentielles lors d\u2019un programme d\u2019action missionnaire organis\u00e9 par l\u2019\u00e9glise adventiste du septi\u00e8me jour de Sion \u00e0 Paramaribo, au Suriname. Le programme qui s\u2019est tenu le 1er d\u00e9cembre 2024 a non seulement apport\u00e9 une aide physique, mais aussi un message d\u2019espoir et de compassion \u00e0 certains des habitants les plus vuln\u00e9rables de la ville. [Photo : Steven M. Tulp]<\/p><\/div>\u00ab Nous remercions Dieu pour le d\u00e9vouement du d\u00e9partement de la jeunesse, qui s\u2019est associ\u00e9 aux d\u00e9partements des services communautaires et de l\u2019\u00e9cole du sabbat de l\u2019\u00e9glise de Sion pour faire de ce projet une r\u00e9alit\u00e9, \u00bb a d\u00e9clar\u00e9 pasteur Guno B. Emanuelson, pr\u00e9sident de la Mission du Suriname. \u00ab Leur engagement est le reflet du minist\u00e8re de J\u00e9sus. \u00bb<\/p>\n<p><strong>Besoin de solutions \u00e0 long terme pour le sans-abrisme<\/strong><\/p>\n<p>Les b\u00e9n\u00e9voles ont travaill\u00e9 avec diligence pour pr\u00e9parer et distribuer les articles, et l\u2019action a laiss\u00e9 un impact durable sur toutes les personnes impliqu\u00e9es qui ont \u00e9t\u00e9 t\u00e9moins personnellement des r\u00e9alit\u00e9s difficiles auxquelles sont confront\u00e9s certains des habitants les plus vuln\u00e9rables de la capitale du Suriname.<\/p>\n<p>\u00ab L\u2019objectif \u00e9tait de r\u00e9affirmer l\u2019engagement de notre \u00e9glise envers nos amis et voisins, en d\u00e9montrant que l\u2019amour de Dieu, sa parole et sa puissance sont r\u00e9els, \u00bb a d\u00e9clar\u00e9 Steven Tulp, tr\u00e9sorier de la Mission du Suriname et pasteur de district de l\u2019\u00e9glise adventiste de Sion.<\/p>\n<p><div id=\"attachment_126007\" style=\"width: 888px\" class=\"wp-caption aligncenter\"><img decoding=\"async\" aria-describedby=\"caption-attachment-126007\" class=\" wp-image-126006\" src=\"https:\/\/interamerica.org\/wp-content\/uploads\/2025\/03\/suriname-homeless-3-packages59.jpg\" alt=\"\" width=\"878\" height=\"659\" srcset=\"https:\/\/interamerica.org\/wp-content\/uploads\/2025\/03\/suriname-homeless-3-packages59.jpg 950w, https:\/\/interamerica.org\/wp-content\/uploads\/2025\/03\/suriname-homeless-3-packages59-300x225.jpg 300w, https:\/\/interamerica.org\/wp-content\/uploads\/2025\/03\/suriname-homeless-3-packages59-768x576.jpg 768w\" sizes=\"(max-width: 878px) 100vw, 878px\" \/><p id=\"caption-attachment-126007\" class=\"wp-caption-text\">Les membres des d\u00e9partements des services communautaires et de la jeunesse de l\u2019\u00e9glise adventiste de Sion travaillent ensemble, en rangeant des colis de produits d\u2019hygi\u00e8ne et des repas qui seront distribu\u00e9s aux sans-abris et aux personnes vuln\u00e9rables \u00e0 Paramaribo, au Suriname. [Photo : Steven M. Tulp]<\/p><\/div>Selon les b\u00e9n\u00e9voles, l\u2019initiative a \u00e9t\u00e9 particuli\u00e8rement touchante lorsqu\u2019ils ont rencontr\u00e9 des femmes et des enfants parmi la population des sans-abris. \u00ab Leur situation met en lumi\u00e8re le besoin d\u2019avoir des solutions durables pour pr\u00e9venir le sans-abrisme et pour soutenir la r\u00e9insertion dans la soci\u00e9t\u00e9, \u00bb a fait observer Steven Tulp. Il a ajout\u00e9 que l\u2019initiative a marqu\u00e9 la plus grande, la plus impactante et la plus co\u00fbteuse action missionnaire aupr\u00e8s de la communaut\u00e9 des sans-abri dans l\u2019histoire de l\u2019\u00e9glise adventiste au Suriname.<\/p>\n<p><strong>Emphase continue sur l\u2019\u00e9vang\u00e9lisation urbaine<\/strong><\/p>\n<p>Les efforts de la mission se poursuivront au Suriname, o\u00f9 l\u2019\u00e9vang\u00e9lisation urbaine reste une priorit\u00e9, ont indiqu\u00e9 les dirigeants de l\u2019\u00e9glise. Avec une population d\u2019environ 241000 habitants, le pays compte environ 3487 adventistes du septi\u00e8me jour. Les dirigeants de l\u2019\u00c9glise sont encourag\u00e9s par l\u2019impact de cette initiative, en effet trois personnes ont exprim\u00e9 leur int\u00e9r\u00eat \u00e0 en savoir plus sur l\u2019\u00c9glise.<\/p>\n<p>\u00ab Nous sommes reconnaissants pour la pr\u00e9sence de Dieu lors de cette action missionnaire, \u00bb a d\u00e9clar\u00e9 Esmeralda Hok-Ahin, directrice par int\u00e9rim des services communautaires de la mission. \u00ab Notre objectif \u00e9tait de montrer que les mains de Dieu sont ouvertes \u00e0 tous, qu\u2019il se soucie de b\u00e2tir des communaut\u00e9s plus fortes, de r\u00e9tablir la sant\u00e9 et de promouvoir le bien-\u00eatre de tous ses enfants. Proclamer que le Christ revient bient\u00f4t est notre mission, mais il s\u2019agit \u00e9galement de d\u00e9montrer notre foi par des actes d\u2019attention et de compassion. \u00bb<\/p>\n<p><div id=\"attachment_126010\" style=\"width: 1010px\" class=\"wp-caption aligncenter\"><img decoding=\"async\" aria-describedby=\"caption-attachment-126010\" class=\"size-full wp-image-126009\" src=\"https:\/\/interamerica.org\/wp-content\/uploads\/2025\/03\/suriname-homeless-2-line58.jpg\" alt=\"\" width=\"1000\" height=\"711\" srcset=\"https:\/\/interamerica.org\/wp-content\/uploads\/2025\/03\/suriname-homeless-2-line58.jpg 1000w, https:\/\/interamerica.org\/wp-content\/uploads\/2025\/03\/suriname-homeless-2-line58-300x213.jpg 300w, https:\/\/interamerica.org\/wp-content\/uploads\/2025\/03\/suriname-homeless-2-line58-768x546.jpg 768w\" sizes=\"(max-width: 1000px) 100vw, 1000px\" \/><p id=\"caption-attachment-126010\" class=\"wp-caption-text\">Les personnes vuln\u00e9rables forment une file d\u2019attente pour recevoir des colis contenant des produits d\u2019hygi\u00e8ne, des v\u00eatements, des repas chauds, des boissons et des exemplaires du magazine <em data-start=\"165\" data-end=\"175\">Priorit\u00e9s<\/em>lors de l\u2019action missionnaire qui a eu lieu \u00e0 Paramaribo. [Photo : Steven M. Tulp]<\/p><\/div><strong>A propos de la Mission du Suriname<\/strong><\/p>\n<p>Fond\u00e9e en 1945, la Mission du Suriname compte le plus petit effectif de membres parmi les dix champs de l\u2019Union de F\u00e9d\u00e9rations de la Cara\u00efbe, avec 3487 membres qui se r\u00e9unissent pour adorer dans 17 congr\u00e9gations.<\/p>\n<p>Pour en savoir plus sur l\u2019\u00c9glise adventiste du septi\u00e8me jour au Suriname et ses r\u00e9centes actions missionnaires, visitez le site <a href=\"https:\/\/surinameadventists.org\/\">surinameadventists.org<\/a>.<\/p>\n<p>Traduction: Patrick Luciathe<\/p>\n","protected":false},"excerpt":{"rendered":"<p>Cette initiative a apport\u00e9 une aide imm\u00e9diate \u00e0 environ 100 personnes sans-abri et vuln\u00e9rables. 7 Mars 2025 | Paramaribo, Suriname | Steven M. Tulp, personnel de CARU et \u00c9quipe de&#8230;<\/p>\n","protected":false},"author":3,"featured_media":126016,"comment_status":"closed","ping_status":"closed","sticky":false,"template":"","format":"standard","meta":{"_acf_changed":false,"footnotes":""},"categories":[21,19],"tags":[],"class_list":["post-126112","post","type-post","status-publish","format-standard","has-post-thumbnail","hentry","category-nouvelles-du-territoire","category-rss-francais"],"acf":[],"yoast_head":"<!-- This site is optimized with the Yoast SEO plugin v27.3 - https:\/\/yoast.com\/product\/yoast-seo-wordpress\/ -->\n<title>Les adventistes vont vers les sans-abri au Suriname - \u00c9glise Adventiste Du Septieme Jour - Inter Am\u00e9rique Division<\/title>\n<meta name=\"robots\" content=\"index, follow, max-snippet:-1, max-image-preview:large, max-video-preview:-1\" \/>\n<link rel=\"canonical\" href=\"https:\/\/interamerica.org\/fr\/2025\/03\/les-adventistes-vont-vers-les-sans-abri-au-suriname\/\" \/>\n<meta property=\"og:locale\" content=\"fr_FR\" \/>\n<meta property=\"og:type\" content=\"article\" \/>\n<meta property=\"og:title\" content=\"Les adventistes vont vers les sans-abri au Suriname - \u00c9glise Adventiste Du Septieme Jour - Inter Am\u00e9rique Division\" \/>\n<meta property=\"og:description\" content=\"Cette initiative a apport\u00e9 une aide imm\u00e9diate \u00e0 environ 100 personnes sans-abri et vuln\u00e9rables. 7 Mars 2025 | Paramaribo, Suriname | Steven M. Tulp, personnel de CARU et \u00c9quipe de...\" \/>\n<meta property=\"og:url\" content=\"https:\/\/interamerica.org\/fr\/2025\/03\/les-adventistes-vont-vers-les-sans-abri-au-suriname\/\" \/>\n<meta property=\"og:site_name\" content=\"\u00c9glise Adventiste Du Septieme Jour - Inter Am\u00e9rique Division\" \/>\n<meta property=\"article:published_time\" content=\"2025-03-07T15:50:31+00:00\" \/>\n<meta property=\"article:modified_time\" content=\"2025-03-11T00:41:52+00:00\" \/>\n<meta property=\"og:image\" content=\"https:\/\/interamerica.org\/wp-content\/uploads\/2025\/03\/suriname1-homeless57.jpg\" \/>\n\t<meta property=\"og:image:width\" content=\"1200\" \/>\n\t<meta property=\"og:image:height\" content=\"900\" \/>\n\t<meta property=\"og:image:type\" content=\"image\/jpeg\" \/>\n<meta name=\"author\" content=\"libna\" \/>\n<meta name=\"twitter:card\" content=\"summary_large_image\" \/>\n<meta name=\"twitter:label1\" content=\"\u00c9crit par\" \/>\n\t<meta name=\"twitter:data1\" content=\"libna\" \/>\n\t<meta name=\"twitter:label2\" content=\"Dur\u00e9e de lecture estim\u00e9e\" \/>\n\t<meta name=\"twitter:data2\" content=\"5 minutes\" \/>\n<script type=\"application\/ld+json\" class=\"yoast-schema-graph\">{\"@context\":\"https:\\\/\\\/schema.org\",\"@graph\":[{\"@type\":\"Article\",\"@id\":\"https:\\\/\\\/interamerica.org\\\/fr\\\/2025\\\/03\\\/les-adventistes-vont-vers-les-sans-abri-au-suriname\\\/#article\",\"isPartOf\":{\"@id\":\"https:\\\/\\\/interamerica.org\\\/fr\\\/2025\\\/03\\\/les-adventistes-vont-vers-les-sans-abri-au-suriname\\\/\"},\"author\":{\"name\":\"libna\",\"@id\":\"https:\\\/\\\/interamerica.org\\\/fr\\\/#\\\/schema\\\/person\\\/29998f2bc2d8bd0d38662909289b54f1\"},\"headline\":\"Les adventistes vont vers les sans-abri au Suriname\",\"datePublished\":\"2025-03-07T15:50:31+00:00\",\"dateModified\":\"2025-03-11T00:41:52+00:00\",\"mainEntityOfPage\":{\"@id\":\"https:\\\/\\\/interamerica.org\\\/fr\\\/2025\\\/03\\\/les-adventistes-vont-vers-les-sans-abri-au-suriname\\\/\"},\"wordCount\":889,\"image\":{\"@id\":\"https:\\\/\\\/interamerica.org\\\/fr\\\/2025\\\/03\\\/les-adventistes-vont-vers-les-sans-abri-au-suriname\\\/#primaryimage\"},\"thumbnailUrl\":\"https:\\\/\\\/interamerica.org\\\/wp-content\\\/uploads\\\/2025\\\/03\\\/suriname1-homeless57.jpg\",\"articleSection\":[\"Nouvelles du territoire\",\"RSS Fran\u00e7ais\"],\"inLanguage\":\"fr-FR\"},{\"@type\":\"WebPage\",\"@id\":\"https:\\\/\\\/interamerica.org\\\/fr\\\/2025\\\/03\\\/les-adventistes-vont-vers-les-sans-abri-au-suriname\\\/\",\"url\":\"https:\\\/\\\/interamerica.org\\\/fr\\\/2025\\\/03\\\/les-adventistes-vont-vers-les-sans-abri-au-suriname\\\/\",\"name\":\"Les adventistes vont vers les sans-abri au Suriname - \u00c9glise Adventiste Du Septieme Jour - Inter Am\u00e9rique Division\",\"isPartOf\":{\"@id\":\"https:\\\/\\\/interamerica.org\\\/fr\\\/#website\"},\"primaryImageOfPage\":{\"@id\":\"https:\\\/\\\/interamerica.org\\\/fr\\\/2025\\\/03\\\/les-adventistes-vont-vers-les-sans-abri-au-suriname\\\/#primaryimage\"},\"image\":{\"@id\":\"https:\\\/\\\/interamerica.org\\\/fr\\\/2025\\\/03\\\/les-adventistes-vont-vers-les-sans-abri-au-suriname\\\/#primaryimage\"},\"thumbnailUrl\":\"https:\\\/\\\/interamerica.org\\\/wp-content\\\/uploads\\\/2025\\\/03\\\/suriname1-homeless57.jpg\",\"datePublished\":\"2025-03-07T15:50:31+00:00\",\"dateModified\":\"2025-03-11T00:41:52+00:00\",\"author\":{\"@id\":\"https:\\\/\\\/interamerica.org\\\/fr\\\/#\\\/schema\\\/person\\\/29998f2bc2d8bd0d38662909289b54f1\"},\"breadcrumb\":{\"@id\":\"https:\\\/\\\/interamerica.org\\\/fr\\\/2025\\\/03\\\/les-adventistes-vont-vers-les-sans-abri-au-suriname\\\/#breadcrumb\"},\"inLanguage\":\"fr-FR\",\"potentialAction\":[{\"@type\":\"ReadAction\",\"target\":[\"https:\\\/\\\/interamerica.org\\\/fr\\\/2025\\\/03\\\/les-adventistes-vont-vers-les-sans-abri-au-suriname\\\/\"]}]},{\"@type\":\"ImageObject\",\"inLanguage\":\"fr-FR\",\"@id\":\"https:\\\/\\\/interamerica.org\\\/fr\\\/2025\\\/03\\\/les-adventistes-vont-vers-les-sans-abri-au-suriname\\\/#primaryimage\",\"url\":\"https:\\\/\\\/interamerica.org\\\/wp-content\\\/uploads\\\/2025\\\/03\\\/suriname1-homeless57.jpg\",\"contentUrl\":\"https:\\\/\\\/interamerica.org\\\/wp-content\\\/uploads\\\/2025\\\/03\\\/suriname1-homeless57.jpg\",\"width\":1200,\"height\":900,\"caption\":\"Several homeless individuals gratefully accepted the warm meal and care packages. [Photo: Steven M. Tulp]\"},{\"@type\":\"BreadcrumbList\",\"@id\":\"https:\\\/\\\/interamerica.org\\\/fr\\\/2025\\\/03\\\/les-adventistes-vont-vers-les-sans-abri-au-suriname\\\/#breadcrumb\",\"itemListElement\":[{\"@type\":\"ListItem\",\"position\":1,\"name\":\"Home\",\"item\":\"https:\\\/\\\/interamerica.org\\\/fr\\\/\"},{\"@type\":\"ListItem\",\"position\":2,\"name\":\"Les adventistes vont vers les sans-abri au Suriname\"}]},{\"@type\":\"WebSite\",\"@id\":\"https:\\\/\\\/interamerica.org\\\/fr\\\/#website\",\"url\":\"https:\\\/\\\/interamerica.org\\\/fr\\\/\",\"name\":\"\u00c9glise Adventiste Du Septieme Jour - Inter Am\u00e9rique Division\",\"description\":\"\",\"potentialAction\":[{\"@type\":\"SearchAction\",\"target\":{\"@type\":\"EntryPoint\",\"urlTemplate\":\"https:\\\/\\\/interamerica.org\\\/fr\\\/?s={search_term_string}\"},\"query-input\":{\"@type\":\"PropertyValueSpecification\",\"valueRequired\":true,\"valueName\":\"search_term_string\"}}],\"inLanguage\":\"fr-FR\"},{\"@type\":\"Person\",\"@id\":\"https:\\\/\\\/interamerica.org\\\/fr\\\/#\\\/schema\\\/person\\\/29998f2bc2d8bd0d38662909289b54f1\",\"name\":\"libna\",\"image\":{\"@type\":\"ImageObject\",\"inLanguage\":\"fr-FR\",\"@id\":\"https:\\\/\\\/secure.gravatar.com\\\/avatar\\\/7c5bd30ae4b47a9ba3c856590957fd1d96dc588bf3ac05719d247e126840331f?s=96&d=mm&r=g\",\"url\":\"https:\\\/\\\/secure.gravatar.com\\\/avatar\\\/7c5bd30ae4b47a9ba3c856590957fd1d96dc588bf3ac05719d247e126840331f?s=96&d=mm&r=g\",\"contentUrl\":\"https:\\\/\\\/secure.gravatar.com\\\/avatar\\\/7c5bd30ae4b47a9ba3c856590957fd1d96dc588bf3ac05719d247e126840331f?s=96&d=mm&r=g\",\"caption\":\"libna\"}}]}<\/script>\n<!-- \/ Yoast SEO plugin. -->","yoast_head_json":{"title":"Les adventistes vont vers les sans-abri au Suriname - \u00c9glise Adventiste Du Septieme Jour - Inter Am\u00e9rique Division","robots":{"index":"index","follow":"follow","max-snippet":"max-snippet:-1","max-image-preview":"max-image-preview:large","max-video-preview":"max-video-preview:-1"},"canonical":"https:\/\/interamerica.org\/fr\/2025\/03\/les-adventistes-vont-vers-les-sans-abri-au-suriname\/","og_locale":"fr_FR","og_type":"article","og_title":"Les adventistes vont vers les sans-abri au Suriname - \u00c9glise Adventiste Du Septieme Jour - Inter Am\u00e9rique Division","og_description":"Cette initiative a apport\u00e9 une aide imm\u00e9diate \u00e0 environ 100 personnes sans-abri et vuln\u00e9rables. 7 Mars 2025 | Paramaribo, Suriname | Steven M. Tulp, personnel de CARU et \u00c9quipe de...","og_url":"https:\/\/interamerica.org\/fr\/2025\/03\/les-adventistes-vont-vers-les-sans-abri-au-suriname\/","og_site_name":"\u00c9glise Adventiste Du Septieme Jour - Inter Am\u00e9rique Division","article_published_time":"2025-03-07T15:50:31+00:00","article_modified_time":"2025-03-11T00:41:52+00:00","og_image":[{"width":1200,"height":900,"url":"https:\/\/interamerica.org\/wp-content\/uploads\/2025\/03\/suriname1-homeless57.jpg","type":"image\/jpeg"}],"author":"libna","twitter_card":"summary_large_image","twitter_misc":{"\u00c9crit par":"libna","Dur\u00e9e de lecture estim\u00e9e":"5 minutes"},"schema":{"@context":"https:\/\/schema.org","@graph":[{"@type":"Article","@id":"https:\/\/interamerica.org\/fr\/2025\/03\/les-adventistes-vont-vers-les-sans-abri-au-suriname\/#article","isPartOf":{"@id":"https:\/\/interamerica.org\/fr\/2025\/03\/les-adventistes-vont-vers-les-sans-abri-au-suriname\/"},"author":{"name":"libna","@id":"https:\/\/interamerica.org\/fr\/#\/schema\/person\/29998f2bc2d8bd0d38662909289b54f1"},"headline":"Les adventistes vont vers les sans-abri au Suriname","datePublished":"2025-03-07T15:50:31+00:00","dateModified":"2025-03-11T00:41:52+00:00","mainEntityOfPage":{"@id":"https:\/\/interamerica.org\/fr\/2025\/03\/les-adventistes-vont-vers-les-sans-abri-au-suriname\/"},"wordCount":889,"image":{"@id":"https:\/\/interamerica.org\/fr\/2025\/03\/les-adventistes-vont-vers-les-sans-abri-au-suriname\/#primaryimage"},"thumbnailUrl":"https:\/\/interamerica.org\/wp-content\/uploads\/2025\/03\/suriname1-homeless57.jpg","articleSection":["Nouvelles du territoire","RSS Fran\u00e7ais"],"inLanguage":"fr-FR"},{"@type":"WebPage","@id":"https:\/\/interamerica.org\/fr\/2025\/03\/les-adventistes-vont-vers-les-sans-abri-au-suriname\/","url":"https:\/\/interamerica.org\/fr\/2025\/03\/les-adventistes-vont-vers-les-sans-abri-au-suriname\/","name":"Les adventistes vont vers les sans-abri au Suriname - \u00c9glise Adventiste Du Septieme Jour - Inter Am\u00e9rique Division","isPartOf":{"@id":"https:\/\/interamerica.org\/fr\/#website"},"primaryImageOfPage":{"@id":"https:\/\/interamerica.org\/fr\/2025\/03\/les-adventistes-vont-vers-les-sans-abri-au-suriname\/#primaryimage"},"image":{"@id":"https:\/\/interamerica.org\/fr\/2025\/03\/les-adventistes-vont-vers-les-sans-abri-au-suriname\/#primaryimage"},"thumbnailUrl":"https:\/\/interamerica.org\/wp-content\/uploads\/2025\/03\/suriname1-homeless57.jpg","datePublished":"2025-03-07T15:50:31+00:00","dateModified":"2025-03-11T00:41:52+00:00","author":{"@id":"https:\/\/interamerica.org\/fr\/#\/schema\/person\/29998f2bc2d8bd0d38662909289b54f1"},"breadcrumb":{"@id":"https:\/\/interamerica.org\/fr\/2025\/03\/les-adventistes-vont-vers-les-sans-abri-au-suriname\/#breadcrumb"},"inLanguage":"fr-FR","potentialAction":[{"@type":"ReadAction","target":["https:\/\/interamerica.org\/fr\/2025\/03\/les-adventistes-vont-vers-les-sans-abri-au-suriname\/"]}]},{"@type":"ImageObject","inLanguage":"fr-FR","@id":"https:\/\/interamerica.org\/fr\/2025\/03\/les-adventistes-vont-vers-les-sans-abri-au-suriname\/#primaryimage","url":"https:\/\/interamerica.org\/wp-content\/uploads\/2025\/03\/suriname1-homeless57.jpg","contentUrl":"https:\/\/interamerica.org\/wp-content\/uploads\/2025\/03\/suriname1-homeless57.jpg","width":1200,"height":900,"caption":"Several homeless individuals gratefully accepted the warm meal and care packages. [Photo: Steven M. Tulp]"},{"@type":"BreadcrumbList","@id":"https:\/\/interamerica.org\/fr\/2025\/03\/les-adventistes-vont-vers-les-sans-abri-au-suriname\/#breadcrumb","itemListElement":[{"@type":"ListItem","position":1,"name":"Home","item":"https:\/\/interamerica.org\/fr\/"},{"@type":"ListItem","position":2,"name":"Les adventistes vont vers les sans-abri au Suriname"}]},{"@type":"WebSite","@id":"https:\/\/interamerica.org\/fr\/#website","url":"https:\/\/interamerica.org\/fr\/","name":"\u00c9glise Adventiste Du Septieme Jour - Inter Am\u00e9rique Division","description":"","potentialAction":[{"@type":"SearchAction","target":{"@type":"EntryPoint","urlTemplate":"https:\/\/interamerica.org\/fr\/?s={search_term_string}"},"query-input":{"@type":"PropertyValueSpecification","valueRequired":true,"valueName":"search_term_string"}}],"inLanguage":"fr-FR"},{"@type":"Person","@id":"https:\/\/interamerica.org\/fr\/#\/schema\/person\/29998f2bc2d8bd0d38662909289b54f1","name":"libna","image":{"@type":"ImageObject","inLanguage":"fr-FR","@id":"https:\/\/secure.gravatar.com\/avatar\/7c5bd30ae4b47a9ba3c856590957fd1d96dc588bf3ac05719d247e126840331f?s=96&d=mm&r=g","url":"https:\/\/secure.gravatar.com\/avatar\/7c5bd30ae4b47a9ba3c856590957fd1d96dc588bf3ac05719d247e126840331f?s=96&d=mm&r=g","contentUrl":"https:\/\/secure.gravatar.com\/avatar\/7c5bd30ae4b47a9ba3c856590957fd1d96dc588bf3ac05719d247e126840331f?s=96&d=mm&r=g","caption":"libna"}}]}},"_links":{"self":[{"href":"https:\/\/interamerica.org\/fr\/wp-json\/wp\/v2\/posts\/126112","targetHints":{"allow":["GET"]}}],"collection":[{"href":"https:\/\/interamerica.org\/fr\/wp-json\/wp\/v2\/posts"}],"about":[{"href":"https:\/\/interamerica.org\/fr\/wp-json\/wp\/v2\/types\/post"}],"author":[{"embeddable":true,"href":"https:\/\/interamerica.org\/fr\/wp-json\/wp\/v2\/users\/3"}],"replies":[{"embeddable":true,"href":"https:\/\/interamerica.org\/fr\/wp-json\/wp\/v2\/comments?post=126112"}],"version-history":[{"count":0,"href":"https:\/\/interamerica.org\/fr\/wp-json\/wp\/v2\/posts\/126112\/revisions"}],"wp:featuredmedia":[{"embeddable":true,"href":"https:\/\/interamerica.org\/fr\/wp-json\/wp\/v2\/media\/126016"}],"wp:attachment":[{"href":"https:\/\/interamerica.org\/fr\/wp-json\/wp\/v2\/media?parent=126112"}],"wp:term":[{"taxonomy":"category","embeddable":true,"href":"https:\/\/interamerica.org\/fr\/wp-json\/wp\/v2\/categories?post=126112"},{"taxonomy":"post_tag","embeddable":true,"href":"https:\/\/interamerica.org\/fr\/wp-json\/wp\/v2\/tags?post=126112"}],"curies":[{"name":"wp","href":"https:\/\/api.w.org\/{rel}","templated":true}]}}