{"id":126123,"date":"2025-03-09T08:34:04","date_gmt":"2025-03-09T12:34:04","guid":{"rendered":"https:\/\/interamerica.org\/?p=126123"},"modified":"2025-03-11T15:12:07","modified_gmt":"2025-03-11T19:12:07","slug":"adra-tente-des-sadapter-aux-perturbations-causees-par-le-gel-de-financement-de-usaid","status":"publish","type":"post","link":"https:\/\/interamerica.org\/fr\/2025\/03\/adra-tente-des-sadapter-aux-perturbations-causees-par-le-gel-de-financement-de-usaid\/","title":{"rendered":"ADRA tente des s\u2019adapter aux perturbations caus\u00e9es par le gel de financement de USAID"},"content":{"rendered":"<p><div id=\"attachment_125964\" style=\"width: 987px\" class=\"wp-caption aligncenter\"><img fetchpriority=\"high\" decoding=\"async\" aria-describedby=\"caption-attachment-125964\" class=\" wp-image-125963\" src=\"https:\/\/interamerica.org\/wp-content\/uploads\/2025\/03\/adra-6-degustation-apres-dc-cr-amporoforo-district-vohipeno1027-1-1024x683.jpg\" alt=\"\" width=\"977\" height=\"651\" srcset=\"https:\/\/interamerica.org\/wp-content\/uploads\/2025\/03\/adra-6-degustation-apres-dc-cr-amporoforo-district-vohipeno1027-1-1024x683.jpg 1024w, https:\/\/interamerica.org\/wp-content\/uploads\/2025\/03\/adra-6-degustation-apres-dc-cr-amporoforo-district-vohipeno1027-1-300x200.jpg 300w, https:\/\/interamerica.org\/wp-content\/uploads\/2025\/03\/adra-6-degustation-apres-dc-cr-amporoforo-district-vohipeno1027-1-768x512.jpg 768w, https:\/\/interamerica.org\/wp-content\/uploads\/2025\/03\/adra-6-degustation-apres-dc-cr-amporoforo-district-vohipeno1027-1-1536x1024.jpg 1536w, https:\/\/interamerica.org\/wp-content\/uploads\/2025\/03\/adra-6-degustation-apres-dc-cr-amporoforo-district-vohipeno1027-1-2048x1365.jpg 2048w\" sizes=\"(max-width: 977px) 100vw, 977px\" \/><p id=\"caption-attachment-125964\" class=\"wp-caption-text\"><span style=\"font-weight: 400;\">L\u2019Agence de d\u00e9veloppement et de secours adventiste (ADRA) met en \u0153uvre un projet d\u2019approvisionnement en eau financ\u00e9 par USAID dans le district d\u2019Amporoforo, \u00e0 Madagascar. [Une photo d\u2019ADRA]<\/span><\/p><\/div><i><span style=\"font-weight: 400;\">L\u2019organisation mondiale est forc\u00e9e de r\u00e9duire ses effectifs \u00e9tant donn\u00e9 le manque de financement de USAID.<\/span><\/i><\/p>\n<p><span style=\"font-weight: 400;\">Le 8 mars 2025 | Silver Spring, Maryland, \u00c9tats-Unis | Iris Argueta, ADRA International<\/span><\/p>\n<p><span style=\"font-weight: 400;\">L\u2019Agence de d\u00e9veloppement et de secours adventiste (ADRA) est aux prises avec des perturbations importantes de ses op\u00e9rations mondiales \u00e0 cause d\u2019une r\u00e9cente mise sur pause du financement du gouvernement des \u00c9tats-Unis depuis le 20 janvier 2025. Cette action sans pr\u00e9c\u00e9dent de gel du financement de USAID pour les programmes humanitaires, y compris les projets men\u00e9s par ADRA et d\u2019autres organisations \u00e0 but non lucratif, a forc\u00e9 ADRA \u00e0 stopper certains projets essentiels et \u00e0 mettre des communaut\u00e9s vuln\u00e9rables \u00e0 risque de perdre de tels services.<\/span><\/p>\n<h3><b>Pause du financement de USAID\u00a0: un d\u00e9fi mondial<\/b><\/h3>\n<p><span style=\"font-weight: 400;\">Les fonds de USAID soutenant la mise en \u0153uvre de programmes mondiaux \u00e9taient affect\u00e9s tant aux bureaux am\u00e9ricains d\u2019ADRA International qu\u2019\u00e0 des branches du r\u00e9seau d\u2019ADRA en Afrique, au Moyen-Orient et en Am\u00e9rique du Sud.<\/span><\/p>\n<p><div id=\"attachment_125970\" style=\"width: 1034px\" class=\"wp-caption aligncenter\"><img decoding=\"async\" aria-describedby=\"caption-attachment-125970\" class=\"size-large wp-image-125969\" src=\"https:\/\/interamerica.org\/wp-content\/uploads\/2025\/03\/adra-1-5-1024x683.jpg\" alt=\"\" width=\"1024\" height=\"683\" srcset=\"https:\/\/interamerica.org\/wp-content\/uploads\/2025\/03\/adra-1-5-1024x683.jpg 1024w, https:\/\/interamerica.org\/wp-content\/uploads\/2025\/03\/adra-1-5-300x200.jpg 300w, https:\/\/interamerica.org\/wp-content\/uploads\/2025\/03\/adra-1-5-768x512.jpg 768w, https:\/\/interamerica.org\/wp-content\/uploads\/2025\/03\/adra-1-5-1536x1024.jpg 1536w, https:\/\/interamerica.org\/wp-content\/uploads\/2025\/03\/adra-1-5-2048x1365.jpg 2048w\" sizes=\"(max-width: 1024px) 100vw, 1024px\" \/><p id=\"caption-attachment-125970\" class=\"wp-caption-text\"><span style=\"font-weight: 400;\">Un autre projet d\u2019approvisionnement en eau dans lequel ADRA a inject\u00e9 des fonds provenant de USAID pour aider une communaut\u00e9 dans le besoin. [Une photo d\u2019ADRA]<\/span><\/p><\/div><span style=\"font-weight: 400;\">Les coupures de financement ont affect\u00e9 directement certains secteurs essentiels, y compris\u00a0:<\/span><\/p>\n<ul>\n<li aria-level=\"1\"><b>Les initiatives de s\u00e9curit\u00e9 alimentaires\u00a0: <\/b><span style=\"font-weight: 400;\">des programmes allant \u00e0 la cause profonde de la faim et aidant des communaut\u00e9s \u00e0 devenir autosuffisantes.<\/span><\/li>\n<\/ul>\n<ul>\n<li style=\"font-weight: 400;\" aria-level=\"1\"><b>Les programmes sanitaires\u00a0:<\/b><span style=\"font-weight: 400;\"> des efforts visant \u00e0 promouvoir un mode de vie plus sain chez des populations \u00e0 risque.<\/span><\/li>\n<li style=\"font-weight: 400;\" aria-level=\"1\"><b>Les interventions alimentaires\u00a0:<\/b><span style=\"font-weight: 400;\"> des programmes essentiels pour combattre la malnutrition, particuli\u00e8rement chez les enfants de moins de 5 ans.<\/span><\/li>\n<li style=\"font-weight: 400;\" aria-level=\"1\"><b>Le programme \u00ab\u00a0WASH\u00a0\u00bb (eau, installations sanitaires et hygi\u00e8ne)\u00a0: <\/b><span style=\"font-weight: 400;\">des efforts pour assurer un acc\u00e8s \u00e0 de l\u2019eau potable et \u00e0 des installations sanitaires, lesquelles sont essentielles \u00e0 la survie de nombreuses communaut\u00e9s.<\/span><\/li>\n<li style=\"font-weight: 400;\" aria-level=\"1\"><b>Les interventions de secours et d\u2019urgence\u00a0: <\/b><span style=\"font-weight: 400;\">de l\u2019aide et du soutien imm\u00e9diats pour la reconstruction \u00e0 long terme \u00e0 la suite de catastrophes naturelles et caus\u00e9es par des humains.<\/span><\/li>\n<\/ul>\n<h3><b>R\u00e9ductions des effectifs et ajustements op\u00e9rationnels<\/b><\/h3>\n<p><span style=\"font-weight: 400;\">En r\u00e9ponse \u00e0 la r\u00e9duction du financement, de nombreuses organisations \u00e0 but non lucratif, dont ADRA, ont entam\u00e9 des r\u00e9ductions d\u2019effectifs. L\u2019organisation mondiale a \u00e9t\u00e9 forc\u00e9e de r\u00e9duire son personnel de 18 % chez ADRA International aux \u00c9tats-Unis, en plus des autres mises \u00e0 pied qui sont n\u00e9cessaires dans les bureaux d\u2019autres pays. On doit aussi s\u2019attendre \u00e0 ce que ces r\u00e9ductions se poursuivent durant les quelques mois \u00e0 venir, alors qu\u2019ADRA adaptera ses op\u00e9rations aux contraintes financi\u00e8res actuelles, accordant la priorit\u00e9 aux ressources allou\u00e9es aux programmes critiques qui demeurent op\u00e9rationnels. Pour aider ceux qui sont affect\u00e9s par ces compressions, ADRA offre des indemnit\u00e9s de licenciement compl\u00e8tes, lesquelles comprennent un soutien salarier, une couverture m\u00e9dicale durant la transition ainsi que des services d\u2019aide au reclassement, comme du coaching professionnel, de la recherche d\u2019emploi et du counseling.<\/span><\/p>\n<p><div id=\"attachment_125973\" style=\"width: 1034px\" class=\"wp-caption aligncenter\"><img decoding=\"async\" aria-describedby=\"caption-attachment-125973\" class=\"size-large wp-image-125972\" src=\"https:\/\/interamerica.org\/wp-content\/uploads\/2025\/03\/adra-2-1-1024x683.jpg\" alt=\"\" width=\"1024\" height=\"683\" srcset=\"https:\/\/interamerica.org\/wp-content\/uploads\/2025\/03\/adra-2-1-1024x683.jpg 1024w, https:\/\/interamerica.org\/wp-content\/uploads\/2025\/03\/adra-2-1-300x200.jpg 300w, https:\/\/interamerica.org\/wp-content\/uploads\/2025\/03\/adra-2-1-768x512.jpg 768w, https:\/\/interamerica.org\/wp-content\/uploads\/2025\/03\/adra-2-1-1536x1024.jpg 1536w, https:\/\/interamerica.org\/wp-content\/uploads\/2025\/03\/adra-2-1-2048x1365.jpg 2048w\" sizes=\"(max-width: 1024px) 100vw, 1024px\" \/><p id=\"caption-attachment-125973\" class=\"wp-caption-text\"><span style=\"font-weight: 400;\">Gr\u00e2ce au financement de USAID, ADRA est en mesure de r\u00e9aliser des projets mondiaux et d\u2019aider des communaut\u00e9s dans le besoin. [Une photo d\u2019ADRA]<\/span><\/p><\/div><span style=\"font-weight: 400;\">\u00ab\u00a0ADRA a le c\u0153ur bris\u00e9 par la dure obligation de r\u00e9duire ses effectifs \u00e0 cause des difficult\u00e9s de financement auxquelles nous faisons face. Cette d\u00e9cision a affect\u00e9 de nombreux membres d\u2019\u00e9quipe d\u00e9vou\u00e9s, et nous sommes profond\u00e9ment reconnaissants pour leurs ann\u00e9es de service et leur engagement in\u00e9branlable envers notre mission. Leurs contributions ont \u00e9t\u00e9 essentielles pour nous aider \u00e0 servir les communaut\u00e9s les plus vuln\u00e9rables du monde. Nous honorons leur travail et demeurons engag\u00e9s \u00e0 les soutenir durant cette transition difficile. Tout en tentant de nous adapter \u00e0 cette p\u00e9riode difficile, notre mission de servir les gens dans le besoin le plus criant demeure intacte. Nous consid\u00e9rons d\u2019autres sources de financement et d\u00e9veloppons de nouveaux partenariats afin de continuer d\u2019offrir une aide essentielle\u00a0\u00bb, a dit Korey Dowling, vice-pr\u00e9sident pour les personnes et l\u2019excellence chez ADRA International.<\/span><\/p>\n<h3><b>Des d\u00e9cennies d\u2019impact\u00a0: un h\u00e9ritage du soutien de USAID<\/b><\/h3>\n<p><span style=\"font-weight: 400;\">Cela fait plus de quarante ans qu\u2019ADRA a la chance de recevoir un soutien substantiel de USAID et d\u2019autres agences gouvernementales, permettant \u00e0 l\u2019organisme d\u2019offrir de l\u2019aide qui sauve la vie de millions d\u2019enfants, de femmes et de communaut\u00e9s dans le besoin sur chaque continent. Cette collaboration a \u00e9t\u00e9 essentielle dans l\u2019avancement de la mission d\u2019ADRA consistant \u00e0 servir l\u2019humanit\u00e9 avec compassion, justice et amour.<\/span><\/p>\n<p><div id=\"attachment_125976\" style=\"width: 1010px\" class=\"wp-caption aligncenter\"><img loading=\"lazy\" decoding=\"async\" aria-describedby=\"caption-attachment-125976\" class=\"size-full wp-image-125975\" src=\"https:\/\/interamerica.org\/wp-content\/uploads\/2025\/03\/adra-3-1.jpg\" alt=\"\" width=\"1000\" height=\"667\" srcset=\"https:\/\/interamerica.org\/wp-content\/uploads\/2025\/03\/adra-3-1.jpg 1000w, https:\/\/interamerica.org\/wp-content\/uploads\/2025\/03\/adra-3-1-300x200.jpg 300w, https:\/\/interamerica.org\/wp-content\/uploads\/2025\/03\/adra-3-1-768x512.jpg 768w\" sizes=\"(max-width: 1000px) 100vw, 1000px\" \/><p id=\"caption-attachment-125976\" class=\"wp-caption-text\"><span style=\"font-weight: 400;\">ADRA r\u00e9alise le projet Fiovana gr\u00e2ce au financement de USAID. Le projet est bas\u00e9 dans la r\u00e9gion sud-orientale de Madagascar et offre des services de sant\u00e9, de nutrition et de \u00ab\u00a0WASH\u00a0\u00bb. Il comprend \u00e9galement de l\u2019agriculture et du secours en cas de catastrophe. [Une photo d\u2019ADRA]<\/span><\/p><\/div><span style=\"font-weight: 400;\">Comme cela est pr\u00e9sent\u00e9 dans les r\u00e8glements d\u2019ADRA et a \u00e9t\u00e9 approuv\u00e9 par le comit\u00e9 ex\u00e9cutif de la Conf\u00e9rence g\u00e9n\u00e9rale quand l\u2019agence a \u00e9t\u00e9 \u00e9tablie en 1983, l\u2019organisation a toujours \u00e9t\u00e9 d\u00e9vou\u00e9e \u00e0 la formation de partenariats avec diverses d\u00e9nominations, organisations philanthropiques, banques de d\u00e9veloppement et agences gouvernementales qui partagent sa mission de r\u00e9pondre aux besoins de l\u2019humanit\u00e9. Cette approche strat\u00e9gique a permis \u00e0 ADRA d\u2019\u00e9largir sa port\u00e9e et son impact, m\u00eame en pr\u00e9sence d\u2019incertitudes financi\u00e8res.<\/span><\/p>\n<p><b>Un engagement continue de servir<\/b><\/p>\n<p><span style=\"font-weight: 400;\">Malgr\u00e9 ces revers, ADRA demeure d\u00e9termin\u00e9e dans sa mission de servir les communaut\u00e9s les plus vuln\u00e9rables du monde. En collaboration avec son conseil d\u2019administration, ADRA \u00e9tudie les meilleures fa\u00e7ons d\u2019affecter ses fonds op\u00e9rationnels afin de soutenir ses programmes essentiels. L\u2019organisation continuera de d\u00e9pendre des dons personnels, du soutien d\u2019autres gouvernements et du financement d\u2019\u00e9tablissements qui accordent des subventions pour faire avancer les initiatives humanitaires. Avec un r\u00e9seau mondial de plus de 117 bureaux, ADRA travaillera d\u2019arrache-pied pour ajuster ses projets afin d\u2019assurer leur efficacit\u00e9 perp\u00e9tuelle et de continuer de r\u00e9pondre aux besoins de ceux qu\u2019elle sert.<\/span><\/p>\n<p><div id=\"attachment_125979\" style=\"width: 1003px\" class=\"wp-caption aligncenter\"><img loading=\"lazy\" decoding=\"async\" aria-describedby=\"caption-attachment-125979\" class=\" wp-image-125978\" src=\"https:\/\/interamerica.org\/wp-content\/uploads\/2025\/03\/adra-4-honduras-1024x683.jpg\" alt=\"\" width=\"993\" height=\"662\" srcset=\"https:\/\/interamerica.org\/wp-content\/uploads\/2025\/03\/adra-4-honduras-1024x683.jpg 1024w, https:\/\/interamerica.org\/wp-content\/uploads\/2025\/03\/adra-4-honduras-300x200.jpg 300w, https:\/\/interamerica.org\/wp-content\/uploads\/2025\/03\/adra-4-honduras-768x512.jpg 768w, https:\/\/interamerica.org\/wp-content\/uploads\/2025\/03\/adra-4-honduras-1536x1024.jpg 1536w, https:\/\/interamerica.org\/wp-content\/uploads\/2025\/03\/adra-4-honduras.jpg 1800w\" sizes=\"(max-width: 993px) 100vw, 993px\" \/><p id=\"caption-attachment-125979\" class=\"wp-caption-text\"><span style=\"font-weight: 400;\">ADRA r\u00e9alise un projet financ\u00e9 par USAID au Honduras. [Une photo d\u2019ADRA]<\/span><\/p><\/div><span style=\"font-weight: 400;\">\u00ab\u00a0Chez ADRA, nous sommes profond\u00e9ment reconnaissants pour le soutien continu de nos partenaires de confiance, de l\u2019\u00c9glise adventiste, de nos donateurs et de nos b\u00e9n\u00e9voles. En d\u00e9pit du fait que nous \u00e9prouvons actuellement des difficult\u00e9s de financement, nous demeurons engag\u00e9s envers nos programmes essentiels qui viennent en aide aux femmes, aux enfants, aux personnes d\u00e9plac\u00e9es et aux familles en crise. Bien que ces difficult\u00e9s soient importantes, la force de notre communaut\u00e9 mondiale et la r\u00e9silience des gens desquels nous sommes au service nous donnent de l\u2019espoir. Ensemble, nous \u00e9mergerons de cette p\u00e9riode et poursuivrons notre mission consistant \u00e0 cr\u00e9er un avenir plus lumineux et compatissant pour tous. Nous sollicitons votre soutien et vos pri\u00e8res incessantes tandis que nous nous effor\u00e7ons de nous adapter \u00e0 la situation actuelle tout en maintenant notre mission d\u2019am\u00e9liorer des vies et de nous assurer que tous puissent vivre selon le dessein initial de Dieu\u00a0\u00bb, a dit Sonya Funna Evelyn, vice-pr\u00e9sidente du d\u00e9veloppement durable chez ADRA International. <\/span><\/p>\n<p><i><span style=\"font-weight: 400;\">La <\/span><\/i><a href=\"https:\/\/adra.org\/adra-navigates-disruptions-caused-by-usaid-funding-freeze\"><i><span style=\"font-weight: 400;\">version originale<\/span><\/i><\/a><i><span style=\"font-weight: 400;\"> de cet article a \u00e9t\u00e9 publi\u00e9e sur le <\/span><\/i><a href=\"https:\/\/adra.org\/\"><i><span style=\"font-weight: 400;\">site<\/span><\/i><\/a><i><span style=\"font-weight: 400;\"> de l\u2019Agence de d\u00e9veloppement et de secours adventiste internationale.<\/span><\/i><\/p>\n<p><span style=\"font-weight: 400;\">Traduction\u00a0: Marie-Mich\u00e8le Robitaille<\/span><\/p>\n","protected":false},"excerpt":{"rendered":"<p>L\u2019organisation mondiale est forc\u00e9e de r\u00e9duire ses effectifs \u00e9tant donn\u00e9 le manque de financement de USAID. Le 8 mars 2025 | Silver Spring, Maryland, \u00c9tats-Unis | Iris Argueta, ADRA International&#8230;<\/p>\n","protected":false},"author":3,"featured_media":125964,"comment_status":"closed","ping_status":"closed","sticky":false,"template":"","format":"standard","meta":{"_acf_changed":false,"footnotes":""},"categories":[18,19],"tags":[],"class_list":["post-126123","post","type-post","status-publish","format-standard","has-post-thumbnail","hentry","category-nouvelles-de-leglise-mondiale","category-rss-francais"],"acf":[],"yoast_head":"<!-- This site is optimized with the Yoast SEO plugin v27.3 - https:\/\/yoast.com\/product\/yoast-seo-wordpress\/ -->\n<title>ADRA tente des s\u2019adapter aux perturbations caus\u00e9es par le gel de financement de USAID - \u00c9glise Adventiste Du Septieme Jour - Inter Am\u00e9rique Division<\/title>\n<meta name=\"robots\" content=\"index, follow, max-snippet:-1, max-image-preview:large, max-video-preview:-1\" \/>\n<link rel=\"canonical\" href=\"https:\/\/interamerica.org\/fr\/2025\/03\/adra-tente-des-sadapter-aux-perturbations-causees-par-le-gel-de-financement-de-usaid\/\" \/>\n<meta property=\"og:locale\" content=\"fr_FR\" \/>\n<meta property=\"og:type\" content=\"article\" \/>\n<meta property=\"og:title\" content=\"ADRA tente des s\u2019adapter aux perturbations caus\u00e9es par le gel de financement de USAID - \u00c9glise Adventiste Du Septieme Jour - Inter Am\u00e9rique Division\" \/>\n<meta property=\"og:description\" content=\"L\u2019organisation mondiale est forc\u00e9e de r\u00e9duire ses effectifs \u00e9tant donn\u00e9 le manque de financement de USAID. Le 8 mars 2025 | Silver Spring, Maryland, \u00c9tats-Unis | Iris Argueta, ADRA International...\" \/>\n<meta property=\"og:url\" content=\"https:\/\/interamerica.org\/fr\/2025\/03\/adra-tente-des-sadapter-aux-perturbations-causees-par-le-gel-de-financement-de-usaid\/\" \/>\n<meta property=\"og:site_name\" content=\"\u00c9glise Adventiste Du Septieme Jour - Inter Am\u00e9rique Division\" \/>\n<meta property=\"article:published_time\" content=\"2025-03-09T12:34:04+00:00\" \/>\n<meta property=\"article:modified_time\" content=\"2025-03-11T19:12:07+00:00\" \/>\n<meta property=\"og:image\" content=\"https:\/\/interamerica.org\/wp-content\/uploads\/2025\/03\/adra-6-degustation-apres-dc-cr-amporoforo-district-vohipeno1027-1-scaled.jpg\" \/>\n\t<meta property=\"og:image:width\" content=\"2560\" \/>\n\t<meta property=\"og:image:height\" content=\"1707\" \/>\n\t<meta property=\"og:image:type\" content=\"image\/jpeg\" \/>\n<meta name=\"author\" content=\"libna\" \/>\n<meta name=\"twitter:card\" content=\"summary_large_image\" \/>\n<meta name=\"twitter:label1\" content=\"\u00c9crit par\" \/>\n\t<meta name=\"twitter:data1\" content=\"libna\" \/>\n\t<meta name=\"twitter:label2\" content=\"Dur\u00e9e de lecture estim\u00e9e\" \/>\n\t<meta name=\"twitter:data2\" content=\"7 minutes\" \/>\n<script type=\"application\/ld+json\" class=\"yoast-schema-graph\">{\"@context\":\"https:\\\/\\\/schema.org\",\"@graph\":[{\"@type\":\"Article\",\"@id\":\"https:\\\/\\\/interamerica.org\\\/fr\\\/2025\\\/03\\\/adra-tente-des-sadapter-aux-perturbations-causees-par-le-gel-de-financement-de-usaid\\\/#article\",\"isPartOf\":{\"@id\":\"https:\\\/\\\/interamerica.org\\\/fr\\\/2025\\\/03\\\/adra-tente-des-sadapter-aux-perturbations-causees-par-le-gel-de-financement-de-usaid\\\/\"},\"author\":{\"name\":\"libna\",\"@id\":\"https:\\\/\\\/interamerica.org\\\/fr\\\/#\\\/schema\\\/person\\\/29998f2bc2d8bd0d38662909289b54f1\"},\"headline\":\"ADRA tente des s\u2019adapter aux perturbations caus\u00e9es par le gel de financement de USAID\",\"datePublished\":\"2025-03-09T12:34:04+00:00\",\"dateModified\":\"2025-03-11T19:12:07+00:00\",\"mainEntityOfPage\":{\"@id\":\"https:\\\/\\\/interamerica.org\\\/fr\\\/2025\\\/03\\\/adra-tente-des-sadapter-aux-perturbations-causees-par-le-gel-de-financement-de-usaid\\\/\"},\"wordCount\":1323,\"image\":{\"@id\":\"https:\\\/\\\/interamerica.org\\\/fr\\\/2025\\\/03\\\/adra-tente-des-sadapter-aux-perturbations-causees-par-le-gel-de-financement-de-usaid\\\/#primaryimage\"},\"thumbnailUrl\":\"https:\\\/\\\/interamerica.org\\\/wp-content\\\/uploads\\\/2025\\\/03\\\/adra-6-degustation-apres-dc-cr-amporoforo-district-vohipeno1027-1-scaled.jpg\",\"articleSection\":[\"Nouvelles de l'\u00c9glise mondiale\",\"RSS Fran\u00e7ais\"],\"inLanguage\":\"fr-FR\"},{\"@type\":\"WebPage\",\"@id\":\"https:\\\/\\\/interamerica.org\\\/fr\\\/2025\\\/03\\\/adra-tente-des-sadapter-aux-perturbations-causees-par-le-gel-de-financement-de-usaid\\\/\",\"url\":\"https:\\\/\\\/interamerica.org\\\/fr\\\/2025\\\/03\\\/adra-tente-des-sadapter-aux-perturbations-causees-par-le-gel-de-financement-de-usaid\\\/\",\"name\":\"ADRA tente des s\u2019adapter aux perturbations caus\u00e9es par le gel de financement de USAID - \u00c9glise Adventiste Du Septieme Jour - Inter Am\u00e9rique Division\",\"isPartOf\":{\"@id\":\"https:\\\/\\\/interamerica.org\\\/fr\\\/#website\"},\"primaryImageOfPage\":{\"@id\":\"https:\\\/\\\/interamerica.org\\\/fr\\\/2025\\\/03\\\/adra-tente-des-sadapter-aux-perturbations-causees-par-le-gel-de-financement-de-usaid\\\/#primaryimage\"},\"image\":{\"@id\":\"https:\\\/\\\/interamerica.org\\\/fr\\\/2025\\\/03\\\/adra-tente-des-sadapter-aux-perturbations-causees-par-le-gel-de-financement-de-usaid\\\/#primaryimage\"},\"thumbnailUrl\":\"https:\\\/\\\/interamerica.org\\\/wp-content\\\/uploads\\\/2025\\\/03\\\/adra-6-degustation-apres-dc-cr-amporoforo-district-vohipeno1027-1-scaled.jpg\",\"datePublished\":\"2025-03-09T12:34:04+00:00\",\"dateModified\":\"2025-03-11T19:12:07+00:00\",\"author\":{\"@id\":\"https:\\\/\\\/interamerica.org\\\/fr\\\/#\\\/schema\\\/person\\\/29998f2bc2d8bd0d38662909289b54f1\"},\"breadcrumb\":{\"@id\":\"https:\\\/\\\/interamerica.org\\\/fr\\\/2025\\\/03\\\/adra-tente-des-sadapter-aux-perturbations-causees-par-le-gel-de-financement-de-usaid\\\/#breadcrumb\"},\"inLanguage\":\"fr-FR\",\"potentialAction\":[{\"@type\":\"ReadAction\",\"target\":[\"https:\\\/\\\/interamerica.org\\\/fr\\\/2025\\\/03\\\/adra-tente-des-sadapter-aux-perturbations-causees-par-le-gel-de-financement-de-usaid\\\/\"]}]},{\"@type\":\"ImageObject\",\"inLanguage\":\"fr-FR\",\"@id\":\"https:\\\/\\\/interamerica.org\\\/fr\\\/2025\\\/03\\\/adra-tente-des-sadapter-aux-perturbations-causees-par-le-gel-de-financement-de-usaid\\\/#primaryimage\",\"url\":\"https:\\\/\\\/interamerica.org\\\/wp-content\\\/uploads\\\/2025\\\/03\\\/adra-6-degustation-apres-dc-cr-amporoforo-district-vohipeno1027-1-scaled.jpg\",\"contentUrl\":\"https:\\\/\\\/interamerica.org\\\/wp-content\\\/uploads\\\/2025\\\/03\\\/adra-6-degustation-apres-dc-cr-amporoforo-district-vohipeno1027-1-scaled.jpg\",\"width\":2560,\"height\":1707,\"caption\":\"The Adventist Development and Relief Agency (ADRA) implements a water USAID project in the Amporoforo district in Madagascar. [Credit: ADRA]\"},{\"@type\":\"BreadcrumbList\",\"@id\":\"https:\\\/\\\/interamerica.org\\\/fr\\\/2025\\\/03\\\/adra-tente-des-sadapter-aux-perturbations-causees-par-le-gel-de-financement-de-usaid\\\/#breadcrumb\",\"itemListElement\":[{\"@type\":\"ListItem\",\"position\":1,\"name\":\"Home\",\"item\":\"https:\\\/\\\/interamerica.org\\\/fr\\\/\"},{\"@type\":\"ListItem\",\"position\":2,\"name\":\"ADRA tente des s\u2019adapter aux perturbations caus\u00e9es par le gel de financement de USAID\"}]},{\"@type\":\"WebSite\",\"@id\":\"https:\\\/\\\/interamerica.org\\\/fr\\\/#website\",\"url\":\"https:\\\/\\\/interamerica.org\\\/fr\\\/\",\"name\":\"\u00c9glise Adventiste Du Septieme Jour - Inter Am\u00e9rique Division\",\"description\":\"\",\"potentialAction\":[{\"@type\":\"SearchAction\",\"target\":{\"@type\":\"EntryPoint\",\"urlTemplate\":\"https:\\\/\\\/interamerica.org\\\/fr\\\/?s={search_term_string}\"},\"query-input\":{\"@type\":\"PropertyValueSpecification\",\"valueRequired\":true,\"valueName\":\"search_term_string\"}}],\"inLanguage\":\"fr-FR\"},{\"@type\":\"Person\",\"@id\":\"https:\\\/\\\/interamerica.org\\\/fr\\\/#\\\/schema\\\/person\\\/29998f2bc2d8bd0d38662909289b54f1\",\"name\":\"libna\",\"image\":{\"@type\":\"ImageObject\",\"inLanguage\":\"fr-FR\",\"@id\":\"https:\\\/\\\/secure.gravatar.com\\\/avatar\\\/7c5bd30ae4b47a9ba3c856590957fd1d96dc588bf3ac05719d247e126840331f?s=96&d=mm&r=g\",\"url\":\"https:\\\/\\\/secure.gravatar.com\\\/avatar\\\/7c5bd30ae4b47a9ba3c856590957fd1d96dc588bf3ac05719d247e126840331f?s=96&d=mm&r=g\",\"contentUrl\":\"https:\\\/\\\/secure.gravatar.com\\\/avatar\\\/7c5bd30ae4b47a9ba3c856590957fd1d96dc588bf3ac05719d247e126840331f?s=96&d=mm&r=g\",\"caption\":\"libna\"}}]}<\/script>\n<!-- \/ Yoast SEO plugin. -->","yoast_head_json":{"title":"ADRA tente des s\u2019adapter aux perturbations caus\u00e9es par le gel de financement de USAID - \u00c9glise Adventiste Du Septieme Jour - Inter Am\u00e9rique Division","robots":{"index":"index","follow":"follow","max-snippet":"max-snippet:-1","max-image-preview":"max-image-preview:large","max-video-preview":"max-video-preview:-1"},"canonical":"https:\/\/interamerica.org\/fr\/2025\/03\/adra-tente-des-sadapter-aux-perturbations-causees-par-le-gel-de-financement-de-usaid\/","og_locale":"fr_FR","og_type":"article","og_title":"ADRA tente des s\u2019adapter aux perturbations caus\u00e9es par le gel de financement de USAID - \u00c9glise Adventiste Du Septieme Jour - Inter Am\u00e9rique Division","og_description":"L\u2019organisation mondiale est forc\u00e9e de r\u00e9duire ses effectifs \u00e9tant donn\u00e9 le manque de financement de USAID. Le 8 mars 2025 | Silver Spring, Maryland, \u00c9tats-Unis | Iris Argueta, ADRA International...","og_url":"https:\/\/interamerica.org\/fr\/2025\/03\/adra-tente-des-sadapter-aux-perturbations-causees-par-le-gel-de-financement-de-usaid\/","og_site_name":"\u00c9glise Adventiste Du Septieme Jour - Inter Am\u00e9rique Division","article_published_time":"2025-03-09T12:34:04+00:00","article_modified_time":"2025-03-11T19:12:07+00:00","og_image":[{"width":2560,"height":1707,"url":"https:\/\/interamerica.org\/wp-content\/uploads\/2025\/03\/adra-6-degustation-apres-dc-cr-amporoforo-district-vohipeno1027-1-scaled.jpg","type":"image\/jpeg"}],"author":"libna","twitter_card":"summary_large_image","twitter_misc":{"\u00c9crit par":"libna","Dur\u00e9e de lecture estim\u00e9e":"7 minutes"},"schema":{"@context":"https:\/\/schema.org","@graph":[{"@type":"Article","@id":"https:\/\/interamerica.org\/fr\/2025\/03\/adra-tente-des-sadapter-aux-perturbations-causees-par-le-gel-de-financement-de-usaid\/#article","isPartOf":{"@id":"https:\/\/interamerica.org\/fr\/2025\/03\/adra-tente-des-sadapter-aux-perturbations-causees-par-le-gel-de-financement-de-usaid\/"},"author":{"name":"libna","@id":"https:\/\/interamerica.org\/fr\/#\/schema\/person\/29998f2bc2d8bd0d38662909289b54f1"},"headline":"ADRA tente des s\u2019adapter aux perturbations caus\u00e9es par le gel de financement de USAID","datePublished":"2025-03-09T12:34:04+00:00","dateModified":"2025-03-11T19:12:07+00:00","mainEntityOfPage":{"@id":"https:\/\/interamerica.org\/fr\/2025\/03\/adra-tente-des-sadapter-aux-perturbations-causees-par-le-gel-de-financement-de-usaid\/"},"wordCount":1323,"image":{"@id":"https:\/\/interamerica.org\/fr\/2025\/03\/adra-tente-des-sadapter-aux-perturbations-causees-par-le-gel-de-financement-de-usaid\/#primaryimage"},"thumbnailUrl":"https:\/\/interamerica.org\/wp-content\/uploads\/2025\/03\/adra-6-degustation-apres-dc-cr-amporoforo-district-vohipeno1027-1-scaled.jpg","articleSection":["Nouvelles de l'\u00c9glise mondiale","RSS Fran\u00e7ais"],"inLanguage":"fr-FR"},{"@type":"WebPage","@id":"https:\/\/interamerica.org\/fr\/2025\/03\/adra-tente-des-sadapter-aux-perturbations-causees-par-le-gel-de-financement-de-usaid\/","url":"https:\/\/interamerica.org\/fr\/2025\/03\/adra-tente-des-sadapter-aux-perturbations-causees-par-le-gel-de-financement-de-usaid\/","name":"ADRA tente des s\u2019adapter aux perturbations caus\u00e9es par le gel de financement de USAID - \u00c9glise Adventiste Du Septieme Jour - Inter Am\u00e9rique Division","isPartOf":{"@id":"https:\/\/interamerica.org\/fr\/#website"},"primaryImageOfPage":{"@id":"https:\/\/interamerica.org\/fr\/2025\/03\/adra-tente-des-sadapter-aux-perturbations-causees-par-le-gel-de-financement-de-usaid\/#primaryimage"},"image":{"@id":"https:\/\/interamerica.org\/fr\/2025\/03\/adra-tente-des-sadapter-aux-perturbations-causees-par-le-gel-de-financement-de-usaid\/#primaryimage"},"thumbnailUrl":"https:\/\/interamerica.org\/wp-content\/uploads\/2025\/03\/adra-6-degustation-apres-dc-cr-amporoforo-district-vohipeno1027-1-scaled.jpg","datePublished":"2025-03-09T12:34:04+00:00","dateModified":"2025-03-11T19:12:07+00:00","author":{"@id":"https:\/\/interamerica.org\/fr\/#\/schema\/person\/29998f2bc2d8bd0d38662909289b54f1"},"breadcrumb":{"@id":"https:\/\/interamerica.org\/fr\/2025\/03\/adra-tente-des-sadapter-aux-perturbations-causees-par-le-gel-de-financement-de-usaid\/#breadcrumb"},"inLanguage":"fr-FR","potentialAction":[{"@type":"ReadAction","target":["https:\/\/interamerica.org\/fr\/2025\/03\/adra-tente-des-sadapter-aux-perturbations-causees-par-le-gel-de-financement-de-usaid\/"]}]},{"@type":"ImageObject","inLanguage":"fr-FR","@id":"https:\/\/interamerica.org\/fr\/2025\/03\/adra-tente-des-sadapter-aux-perturbations-causees-par-le-gel-de-financement-de-usaid\/#primaryimage","url":"https:\/\/interamerica.org\/wp-content\/uploads\/2025\/03\/adra-6-degustation-apres-dc-cr-amporoforo-district-vohipeno1027-1-scaled.jpg","contentUrl":"https:\/\/interamerica.org\/wp-content\/uploads\/2025\/03\/adra-6-degustation-apres-dc-cr-amporoforo-district-vohipeno1027-1-scaled.jpg","width":2560,"height":1707,"caption":"The Adventist Development and Relief Agency (ADRA) implements a water USAID project in the Amporoforo district in Madagascar. [Credit: ADRA]"},{"@type":"BreadcrumbList","@id":"https:\/\/interamerica.org\/fr\/2025\/03\/adra-tente-des-sadapter-aux-perturbations-causees-par-le-gel-de-financement-de-usaid\/#breadcrumb","itemListElement":[{"@type":"ListItem","position":1,"name":"Home","item":"https:\/\/interamerica.org\/fr\/"},{"@type":"ListItem","position":2,"name":"ADRA tente des s\u2019adapter aux perturbations caus\u00e9es par le gel de financement de USAID"}]},{"@type":"WebSite","@id":"https:\/\/interamerica.org\/fr\/#website","url":"https:\/\/interamerica.org\/fr\/","name":"\u00c9glise Adventiste Du Septieme Jour - Inter Am\u00e9rique Division","description":"","potentialAction":[{"@type":"SearchAction","target":{"@type":"EntryPoint","urlTemplate":"https:\/\/interamerica.org\/fr\/?s={search_term_string}"},"query-input":{"@type":"PropertyValueSpecification","valueRequired":true,"valueName":"search_term_string"}}],"inLanguage":"fr-FR"},{"@type":"Person","@id":"https:\/\/interamerica.org\/fr\/#\/schema\/person\/29998f2bc2d8bd0d38662909289b54f1","name":"libna","image":{"@type":"ImageObject","inLanguage":"fr-FR","@id":"https:\/\/secure.gravatar.com\/avatar\/7c5bd30ae4b47a9ba3c856590957fd1d96dc588bf3ac05719d247e126840331f?s=96&d=mm&r=g","url":"https:\/\/secure.gravatar.com\/avatar\/7c5bd30ae4b47a9ba3c856590957fd1d96dc588bf3ac05719d247e126840331f?s=96&d=mm&r=g","contentUrl":"https:\/\/secure.gravatar.com\/avatar\/7c5bd30ae4b47a9ba3c856590957fd1d96dc588bf3ac05719d247e126840331f?s=96&d=mm&r=g","caption":"libna"}}]}},"_links":{"self":[{"href":"https:\/\/interamerica.org\/fr\/wp-json\/wp\/v2\/posts\/126123","targetHints":{"allow":["GET"]}}],"collection":[{"href":"https:\/\/interamerica.org\/fr\/wp-json\/wp\/v2\/posts"}],"about":[{"href":"https:\/\/interamerica.org\/fr\/wp-json\/wp\/v2\/types\/post"}],"author":[{"embeddable":true,"href":"https:\/\/interamerica.org\/fr\/wp-json\/wp\/v2\/users\/3"}],"replies":[{"embeddable":true,"href":"https:\/\/interamerica.org\/fr\/wp-json\/wp\/v2\/comments?post=126123"}],"version-history":[{"count":0,"href":"https:\/\/interamerica.org\/fr\/wp-json\/wp\/v2\/posts\/126123\/revisions"}],"wp:featuredmedia":[{"embeddable":true,"href":"https:\/\/interamerica.org\/fr\/wp-json\/wp\/v2\/media\/125964"}],"wp:attachment":[{"href":"https:\/\/interamerica.org\/fr\/wp-json\/wp\/v2\/media?parent=126123"}],"wp:term":[{"taxonomy":"category","embeddable":true,"href":"https:\/\/interamerica.org\/fr\/wp-json\/wp\/v2\/categories?post=126123"},{"taxonomy":"post_tag","embeddable":true,"href":"https:\/\/interamerica.org\/fr\/wp-json\/wp\/v2\/tags?post=126123"}],"curies":[{"name":"wp","href":"https:\/\/api.w.org\/{rel}","templated":true}]}}