{"id":12618,"date":"2006-10-07T00:00:00","date_gmt":"2006-10-07T04:00:00","guid":{"rendered":"http:\/\/192.81.217.108\/interamerica\/2006\/10\/eglise-mondiale-au-cours-du-sermon-du-concile-annuel-paulsen-convie-a-avoir-une-attitude-christocentrique\/"},"modified":"2017-06-02T13:16:43","modified_gmt":"2017-06-02T17:16:43","slug":"eglise-mondiale-au-cours-du-sermon-du-concile-annuel-paulsen-convie-a-avoir-une-attitude-christocentrique","status":"publish","type":"post","link":"https:\/\/interamerica.org\/fr\/2006\/10\/eglise-mondiale-au-cours-du-sermon-du-concile-annuel-paulsen-convie-a-avoir-une-attitude-christocentrique\/","title":{"rendered":"Eglise Mondiale:  Au cours du Sermon du Concile Annuel Paulsen Convie A Avoir Une Attitude Christocentrique"},"content":{"rendered":"<p>7 octobre 2006, Silver Spring, Maryland, Etats-Unis &#8230; (Mark A. Kellner\/ANN) <\/p>\n<p>\u00ab\u00a0Qui d\u00e9finit nos attitudes?  De  toute \u00e9vidence, seul J\u00e9sus Christ peut le faire &#8211;Lui qui n&#39;a jamais cherch\u00e9 \u00e0 obtenir des faveurs et ne s&#39;est jamais li\u00e9 politiquement \u00e0 quiconque!  C&#39;est ainsi que cela doit \u00eatre au sein de notre \u00e9glise. <\/p>\n<p>Avec ces propos, Pasteur Jan Paulsen, pr\u00e9sident de l&#39;Eglise Adventiste du Septi\u00e8me jour, a convi\u00e9 au cours du service du Sabbat les membres d&#39;une congr\u00e9gation mondiale \u00e0 modeler leurs attitudes et leurs actions sur J\u00e9sus, dont \u00ab\u00a0l&#39;attitude de service\u00a0\u00bb est le centre principal du Christianisme et dont la vie devrait \u00eatre la pr\u00e9occupation principale des croyants. <\/p>\n<p>Sa pr\u00e9sentation a eu lieu le samedi 7 octobre au cours du Concile Annuel de l&#39;\u00e9glise mondiale, o\u00f9 se trouvaient pr\u00e8s de 300 dirigeants du monde entier dans l&#39;assistance.  Le r\u00e9seau de t\u00e9l\u00e9vision par satellite de l&#39;oeuvre, Hope Channel, a retransmis le service \u00e0 travers le monde entier. <\/p>\n<p>\u00ab\u00a0C&#39;est important pour vous et moi de nous rappeler que l&#39;\u00e9glise n&#39;est pas un domaine qui doit \u00eatre contr\u00f4ler ou diriger; c&#39;est une communaut\u00e9 qui fonctionne mieux quand nous pouvons nous conseiller et diff\u00e9rons l&#39;un de l&#39;autre,\u00a0\u00bb a dit Paulsen dans son message, titr\u00e9 \u00ab\u00a0Le Service &#8211; Une Attitude,\u00a0\u00bb qui a \u00e9t\u00e9 tir\u00e9 du message de l&#39;Ap\u00f4tre Paul dans Romains 12, les versets 9 \u00e0 21. <\/p>\n<p>Paulsen, \u00e0 sa huiti\u00e8me ann\u00e9e en tant que pr\u00e9sident de l&#39;\u00e9glise mondiale, a commenc\u00e9 son message en soulignant les nombreuses conversations t\u00e9l\u00e9vis\u00e9es \u00ab\u00a0Conversons\u00a0\u00bb avec les adolescents, les \u00e9tudiants de coll\u00e8ges, et les jeunes adultes des Etats-Unis, d&#39;Europe, de l&#39;Am\u00e9rique du Sud, d&#39;Australie et, plus r\u00e9cemment, d&#39;Afrique.  Il a d\u00e9clar\u00e9 qu&#39;en plus des messages sur les questions relatives au genre de vie, le dialogue est devenu un peu plus substantiel, et s&#39;est centr\u00e9 \u00e0 la fois sur le r\u00f4le de l&#39;\u00e9glise dans le monde et les possibilit\u00e9s pour les jeunes \u00e0 acc\u00e9der \u00e0  des positions de leadership. <\/p>\n<p>\u00ab\u00a0Je pense que pendant que nous prenons au s\u00e9rieux ce que pensent les jeunes de nous, nous devons payer une attention particuli\u00e8re \u00e0 ce que disent les jeunes professionnels, car parmi eux nous devrions \u00e0 la fois voir des dirigeants d&#39;aujourd&#39;hui et de demain,\u00a0\u00bb avan\u00e7a-t-il. <\/p>\n<p>\u00ab\u00a0Plus de la moiti\u00e9 de notre communaut\u00e9 globale est en dessous de trente ans d&#39;\u00e2ge, et ils ont besoin d&#39;\u00eatre entendus et avoir une participation active dans notre \u00e9glise,\u00a0\u00bb d\u00e9clara Paulsen.  \u00ab\u00a0Ils ont des perspectives, ils ont des esp\u00e9rances, ils ont des r\u00eaves, et ils ont des visions pour l&#39;\u00e9glise qui doivent \u00eatre s\u00e9rieusement  pris en consid\u00e9ration.  Si nous ne le faison pas, ils se sentiront marginalis\u00e9s, comme le sentent d\u00e9j\u00e0 plusieurs d&#39;entre eux.\u00a0\u00bb <\/p>\n<p>Paulsen a avanc\u00e9 qu&#39;en t\u00eate de liste des pr\u00e9occupations de cette g\u00e9n\u00e9ration, se situe la vision de l&#39;\u00e9glise pour le monde qui nous entoure. <\/p>\n<p>\u00ab\u00a0Les dirigeants forment-ils une \u00e9glise qui soit centr\u00e9e sur la spiritualit\u00e9 et l&#39;\u00e9ternit\u00e9 au point de ne pas avoir de sensibilit\u00e9 dans leurs coeurs pour ce qui se passe dans la soci\u00e9t\u00e9, mise \u00e0 part la condamnation du d\u00e9clin de la moralit\u00e9\u00a0\u00bb dit-il. \u00ab\u00a0Pensent-ils \u00e0 l&#39;environnement; se soucient-ils du HIV (et) du SIDA; et qu&#39;en est-il de la pauvret\u00e9?  Comprennent-ils vraiment ce qu&#39;est la pauvret\u00e9?\u00a0\u00bb <\/p>\n<p>Il a d\u00e9clar\u00e9 que l&#39;emphase a \u00e9t\u00e9 mise sur les probl\u00e8mes de la pauvret\u00e9 et les approches de l&#39;\u00e9glise pour les aborder. <\/p>\n<p>\u00ab\u00a0Ils m&#39;ont demand\u00e9 en Afrique, il y a de cela quelques semaines:  &#39;Avez-vous jamais visit\u00e9 une maison d&#39;une vraie famille pauvre? Et ils ont continu\u00e9 en ajoutant un &#39;Pourquoi pas,&#39;\u00a0\u00bb dit-il.  \u00ab\u00a0Et ils m&#39;ont dit: &#39;Est-ce que le message de Matthieu 25 qui fait allusion de la pr\u00e9sence de Christ \u00e0 travers le pauvre, ce qui signifie que tout ce que vous faites \u00e0 l&#39;un de ceux-ci c&#39;est \u00e0 moi que vous le faites aussi, ce message a-t-il une signification pour nous en tant qu&#39;\u00e9glise?&#39;\u00a0\u00bb  <\/p>\n<p>Ces membres ont aussi demand\u00e9 \u00e0 l&#39;\u00e9glise de reconnaitre et appr\u00e9cier les diff\u00e9rences culturelles, a rapport\u00e9 le pr\u00e9sident de l&#39;oeuvre mondiale. <\/p>\n<p>\u00ab\u00a0&#39;La diversit\u00e9&#39; est un mot souvent utilis\u00e9; il couvre beaucoup de choses, et il est plus que racial,\u00a0\u00bb dit-il.  \u00ab\u00a0L&#39;Eglise Adventiste du Septi\u00e8me jour ne devrait pas seulement tol\u00e9rer les diff\u00e9rences &#8211; et ce \u00e0 quoi ils font allusion ce ne sont pas les diff\u00e9rences contraires \u00e0 l&#39;historique de l&#39;Adventisme et aux valeurs historiques Adventistes &#8211; nous devons cultiver une discipline pour les faciliter.  L&#39;\u00e9glise devrait s&#39;exceller \u00e0 encourager plusieurs sortes de diff\u00e9rences.\u00a0\u00bb  <\/p>\n<p>Paulsen a d\u00e9clar\u00e9 que l&#39;un des devoirs des Adventistes ne devrait pas de faire des autres des \u00ab\u00a0copies culturelles\u00a0\u00bb conformes \u00e0 eux, mais \u00ab\u00a0d&#39;accueillir les gens que vous rencontrez avec gentillesse.\u00a0\u00bb  <\/p>\n<p>Il ajouta, \u00ab\u00a0C&#39;est un fait que pendant que nous, en tant que membres d&#39;une famille globale et multi-culturelle d&#39;Adventistes du Septi\u00e8me jour, avons le m\u00eame ADN spirituel, nous n&#39;avons pas la m\u00eame &#39;empreinte.&#39;\u00a0\u00bb  <\/p>\n<p>Un troisi\u00e8me domaine que Paulsen a touch\u00e9 est le besoin d&#39;une int\u00e9grit\u00e9 institutionnelle et personnelle dans l&#39;\u00e9glise. <\/p>\n<p>\u00ab\u00a0L&#39;autre grande question que les jeunes auraient voulu aborder avec nous concerne le probl\u00e8me de &#39;l&#39;int\u00e9grit\u00e9&#39;- de la transparence et de l&#39;honn\u00eatet\u00e9.  Et ils me rappellent les mots de la pri\u00e8re de David avant sa mort quand il dit:  \u00ab\u00a0Je sais, \u00f4 mon Dieu, que tu sondes le coeur, et que tu aimes la droiture,\u00a0\u00bb a dit Paulsen, citant 1 Chroniques 29:17. <\/p>\n<p>\u00ab\u00a0L&#39;int\u00e9grit\u00e9, l&#39;honn\u00eatet\u00e9, la transparence, qui sont tellement abus\u00e9es dans le monde du secteur publique s\u00e9culier, sont tr\u00e8s c\u00f4t\u00e9es par les jeunes quand ils consid\u00e8rent les dirigeants.  Comme le fait l&#39;Eternel je le suppose, ils ne s&#39;attendent pas \u00e0 ce que vous soyez parfaits, mais ils s&#39;attendent \u00e0 ce que vous soyez honn\u00eates.  Ils ne s&#39;attendent pas \u00e0 ce que vous ayez toutes les r\u00e9ponses, mais ils s&#39;attendent \u00e0 ce que vous ayez l&#39;int\u00e9grit\u00e9,\u00a0\u00bb ajouta-t-il. <\/p>\n<p>Pendant qu&#39;il appr\u00e9cient les contributions de ceux qui sont ses \u00e9gaux sur le plan de l&#39;\u00e2ge ainsi qu&#39;aux adultes \u00ab\u00a0d&#39;\u00e2ge moyen\u00a0\u00bb Paulsen d\u00e9clara que l&#39;\u00e9glise devrait reconnaitre le besoin de partager les responsabilit\u00e9s avec la g\u00e9n\u00e9ration future. <\/p>\n<p>\u00ab\u00a0La gestion de la vie et du futur de l&#39;\u00e9glise doit \u00eatre partag\u00e9e. C&#39;est seulement quand nous arriverons \u00e0 communiquer cette information avec une r\u00e9elle conviction et un esprit d\u00e9termin\u00e9 que nous pourons s\u00fbrement transmettre \u00e0 nos jeunes la confiance qui nous avait d\u00e9volue, et savoir qu&#39;ils en prendront un soin fid\u00e8le jusqu&#39;au retour du Seigneur,\u00a0\u00bb d\u00e9clara-t-il. <\/p>\n<p>Les programmes du Sabbat de l&#39;organisation mondiale se sont poursuivis dans l&#39;apr\u00e8s-midi avec un programme centr\u00e9 sur les activit\u00e9s des mission.  Les sessions d&#39;affaires du Concile Annuel doivent commencer dans la matin\u00e9e du dimanche 8 octobre 2006. <\/p>\n<p>Sites Appropri\u00e9s <\/p>\n<p>Lisez le Sermon de Pauosen <\/p>\n<p>Visionnez le Sermon de Paulsen <\/p>\n<p>Ecoutez le Sermon de Paulsen <\/p>\n","protected":false},"excerpt":{"rendered":"<p>\u00ab\u00a0Qui d\u00e9finit nos attitudes?  De  toute \u00e9vidence, seul J\u00e9sus Christ peut le faire &#8211;Lui qui n&#39;a jamais cherch\u00e9 \u00e0 obtenir des faveurs et ne s&#39;est jamais li\u00e9 politiquement \u00e0 quiconque!  C&#39;est<\/p>\n","protected":false},"author":1,"featured_media":0,"comment_status":"closed","ping_status":"closed","sticky":false,"template":"","format":"standard","meta":{"_acf_changed":false,"footnotes":""},"categories":[9],"tags":[],"class_list":["post-12618","post","type-post","status-publish","format-standard","hentry","category-archive-fr"],"acf":[],"yoast_head":"<!-- This site is optimized with the Yoast SEO plugin v27.3 - https:\/\/yoast.com\/product\/yoast-seo-wordpress\/ -->\n<title>Eglise Mondiale: Au cours du Sermon du Concile Annuel Paulsen Convie A Avoir Une Attitude Christocentrique - \u00c9glise Adventiste Du Septieme Jour - Inter Am\u00e9rique Division<\/title>\n<meta name=\"robots\" content=\"index, follow, max-snippet:-1, max-image-preview:large, max-video-preview:-1\" \/>\n<link rel=\"canonical\" href=\"https:\/\/interamerica.org\/fr\/2006\/10\/eglise-mondiale-au-cours-du-sermon-du-concile-annuel-paulsen-convie-a-avoir-une-attitude-christocentrique\/\" \/>\n<meta property=\"og:locale\" content=\"fr_FR\" \/>\n<meta property=\"og:type\" content=\"article\" \/>\n<meta property=\"og:title\" content=\"Eglise Mondiale: Au cours du Sermon du Concile Annuel Paulsen Convie A Avoir Une Attitude Christocentrique - \u00c9glise Adventiste Du Septieme Jour - Inter Am\u00e9rique Division\" \/>\n<meta property=\"og:description\" content=\"&quot;Qui d\u00e9finit nos attitudes? De toute \u00e9vidence, seul J\u00e9sus Christ peut le faire --Lui qui n&#039;a jamais cherch\u00e9 \u00e0 obtenir des faveurs et ne s&#039;est jamais li\u00e9 politiquement \u00e0 quiconque! C&#039;est\" \/>\n<meta property=\"og:url\" content=\"https:\/\/interamerica.org\/fr\/2006\/10\/eglise-mondiale-au-cours-du-sermon-du-concile-annuel-paulsen-convie-a-avoir-une-attitude-christocentrique\/\" \/>\n<meta property=\"og:site_name\" content=\"\u00c9glise Adventiste Du Septieme Jour - Inter Am\u00e9rique Division\" \/>\n<meta property=\"article:published_time\" content=\"2006-10-07T04:00:00+00:00\" \/>\n<meta property=\"article:modified_time\" content=\"2017-06-02T17:16:43+00:00\" \/>\n<meta name=\"author\" content=\"Lorenzo Verduzco\" \/>\n<meta name=\"twitter:card\" content=\"summary_large_image\" \/>\n<meta name=\"twitter:label1\" content=\"\u00c9crit par\" \/>\n\t<meta name=\"twitter:data1\" content=\"Lorenzo Verduzco\" \/>\n\t<meta name=\"twitter:label2\" content=\"Dur\u00e9e de lecture estim\u00e9e\" \/>\n\t<meta name=\"twitter:data2\" content=\"6 minutes\" \/>\n<script type=\"application\/ld+json\" class=\"yoast-schema-graph\">{\"@context\":\"https:\\\/\\\/schema.org\",\"@graph\":[{\"@type\":\"Article\",\"@id\":\"https:\\\/\\\/interamerica.org\\\/fr\\\/2006\\\/10\\\/eglise-mondiale-au-cours-du-sermon-du-concile-annuel-paulsen-convie-a-avoir-une-attitude-christocentrique\\\/#article\",\"isPartOf\":{\"@id\":\"https:\\\/\\\/interamerica.org\\\/fr\\\/2006\\\/10\\\/eglise-mondiale-au-cours-du-sermon-du-concile-annuel-paulsen-convie-a-avoir-une-attitude-christocentrique\\\/\"},\"author\":{\"name\":\"Lorenzo Verduzco\",\"@id\":\"https:\\\/\\\/interamerica.org\\\/fr\\\/#\\\/schema\\\/person\\\/68ede8bdc292885bb76c1e3810e73c39\"},\"headline\":\"Eglise Mondiale: Au cours du Sermon du Concile Annuel Paulsen Convie A Avoir Une Attitude Christocentrique\",\"datePublished\":\"2006-10-07T04:00:00+00:00\",\"dateModified\":\"2017-06-02T17:16:43+00:00\",\"mainEntityOfPage\":{\"@id\":\"https:\\\/\\\/interamerica.org\\\/fr\\\/2006\\\/10\\\/eglise-mondiale-au-cours-du-sermon-du-concile-annuel-paulsen-convie-a-avoir-une-attitude-christocentrique\\\/\"},\"wordCount\":1244,\"articleSection\":[\"Archive\"],\"inLanguage\":\"fr-FR\"},{\"@type\":\"WebPage\",\"@id\":\"https:\\\/\\\/interamerica.org\\\/fr\\\/2006\\\/10\\\/eglise-mondiale-au-cours-du-sermon-du-concile-annuel-paulsen-convie-a-avoir-une-attitude-christocentrique\\\/\",\"url\":\"https:\\\/\\\/interamerica.org\\\/fr\\\/2006\\\/10\\\/eglise-mondiale-au-cours-du-sermon-du-concile-annuel-paulsen-convie-a-avoir-une-attitude-christocentrique\\\/\",\"name\":\"Eglise Mondiale: Au cours du Sermon du Concile Annuel Paulsen Convie A Avoir Une Attitude Christocentrique - \u00c9glise Adventiste Du Septieme Jour - Inter Am\u00e9rique Division\",\"isPartOf\":{\"@id\":\"https:\\\/\\\/interamerica.org\\\/fr\\\/#website\"},\"datePublished\":\"2006-10-07T04:00:00+00:00\",\"dateModified\":\"2017-06-02T17:16:43+00:00\",\"author\":{\"@id\":\"https:\\\/\\\/interamerica.org\\\/fr\\\/#\\\/schema\\\/person\\\/68ede8bdc292885bb76c1e3810e73c39\"},\"breadcrumb\":{\"@id\":\"https:\\\/\\\/interamerica.org\\\/fr\\\/2006\\\/10\\\/eglise-mondiale-au-cours-du-sermon-du-concile-annuel-paulsen-convie-a-avoir-une-attitude-christocentrique\\\/#breadcrumb\"},\"inLanguage\":\"fr-FR\",\"potentialAction\":[{\"@type\":\"ReadAction\",\"target\":[\"https:\\\/\\\/interamerica.org\\\/fr\\\/2006\\\/10\\\/eglise-mondiale-au-cours-du-sermon-du-concile-annuel-paulsen-convie-a-avoir-une-attitude-christocentrique\\\/\"]}]},{\"@type\":\"BreadcrumbList\",\"@id\":\"https:\\\/\\\/interamerica.org\\\/fr\\\/2006\\\/10\\\/eglise-mondiale-au-cours-du-sermon-du-concile-annuel-paulsen-convie-a-avoir-une-attitude-christocentrique\\\/#breadcrumb\",\"itemListElement\":[{\"@type\":\"ListItem\",\"position\":1,\"name\":\"Home\",\"item\":\"https:\\\/\\\/interamerica.org\\\/fr\\\/\"},{\"@type\":\"ListItem\",\"position\":2,\"name\":\"Eglise Mondiale: Au cours du Sermon du Concile Annuel Paulsen Convie A Avoir Une Attitude Christocentrique\"}]},{\"@type\":\"WebSite\",\"@id\":\"https:\\\/\\\/interamerica.org\\\/fr\\\/#website\",\"url\":\"https:\\\/\\\/interamerica.org\\\/fr\\\/\",\"name\":\"\u00c9glise Adventiste Du Septieme Jour - Inter Am\u00e9rique Division\",\"description\":\"\",\"potentialAction\":[{\"@type\":\"SearchAction\",\"target\":{\"@type\":\"EntryPoint\",\"urlTemplate\":\"https:\\\/\\\/interamerica.org\\\/fr\\\/?s={search_term_string}\"},\"query-input\":{\"@type\":\"PropertyValueSpecification\",\"valueRequired\":true,\"valueName\":\"search_term_string\"}}],\"inLanguage\":\"fr-FR\"},{\"@type\":\"Person\",\"@id\":\"https:\\\/\\\/interamerica.org\\\/fr\\\/#\\\/schema\\\/person\\\/68ede8bdc292885bb76c1e3810e73c39\",\"name\":\"Lorenzo Verduzco\",\"image\":{\"@type\":\"ImageObject\",\"inLanguage\":\"fr-FR\",\"@id\":\"https:\\\/\\\/secure.gravatar.com\\\/avatar\\\/fb81a55b6218459490a9c1dc841a34909185b81904c5337b4b27f7a6fd60c49e?s=96&d=mm&r=g\",\"url\":\"https:\\\/\\\/secure.gravatar.com\\\/avatar\\\/fb81a55b6218459490a9c1dc841a34909185b81904c5337b4b27f7a6fd60c49e?s=96&d=mm&r=g\",\"contentUrl\":\"https:\\\/\\\/secure.gravatar.com\\\/avatar\\\/fb81a55b6218459490a9c1dc841a34909185b81904c5337b4b27f7a6fd60c49e?s=96&d=mm&r=g\",\"caption\":\"Lorenzo Verduzco\"}}]}<\/script>\n<!-- \/ Yoast SEO plugin. -->","yoast_head_json":{"title":"Eglise Mondiale: Au cours du Sermon du Concile Annuel Paulsen Convie A Avoir Une Attitude Christocentrique - \u00c9glise Adventiste Du Septieme Jour - Inter Am\u00e9rique Division","robots":{"index":"index","follow":"follow","max-snippet":"max-snippet:-1","max-image-preview":"max-image-preview:large","max-video-preview":"max-video-preview:-1"},"canonical":"https:\/\/interamerica.org\/fr\/2006\/10\/eglise-mondiale-au-cours-du-sermon-du-concile-annuel-paulsen-convie-a-avoir-une-attitude-christocentrique\/","og_locale":"fr_FR","og_type":"article","og_title":"Eglise Mondiale: Au cours du Sermon du Concile Annuel Paulsen Convie A Avoir Une Attitude Christocentrique - \u00c9glise Adventiste Du Septieme Jour - Inter Am\u00e9rique Division","og_description":"\"Qui d\u00e9finit nos attitudes? De toute \u00e9vidence, seul J\u00e9sus Christ peut le faire --Lui qui n&#39;a jamais cherch\u00e9 \u00e0 obtenir des faveurs et ne s&#39;est jamais li\u00e9 politiquement \u00e0 quiconque! C&#39;est","og_url":"https:\/\/interamerica.org\/fr\/2006\/10\/eglise-mondiale-au-cours-du-sermon-du-concile-annuel-paulsen-convie-a-avoir-une-attitude-christocentrique\/","og_site_name":"\u00c9glise Adventiste Du Septieme Jour - Inter Am\u00e9rique Division","article_published_time":"2006-10-07T04:00:00+00:00","article_modified_time":"2017-06-02T17:16:43+00:00","author":"Lorenzo Verduzco","twitter_card":"summary_large_image","twitter_misc":{"\u00c9crit par":"Lorenzo Verduzco","Dur\u00e9e de lecture estim\u00e9e":"6 minutes"},"schema":{"@context":"https:\/\/schema.org","@graph":[{"@type":"Article","@id":"https:\/\/interamerica.org\/fr\/2006\/10\/eglise-mondiale-au-cours-du-sermon-du-concile-annuel-paulsen-convie-a-avoir-une-attitude-christocentrique\/#article","isPartOf":{"@id":"https:\/\/interamerica.org\/fr\/2006\/10\/eglise-mondiale-au-cours-du-sermon-du-concile-annuel-paulsen-convie-a-avoir-une-attitude-christocentrique\/"},"author":{"name":"Lorenzo Verduzco","@id":"https:\/\/interamerica.org\/fr\/#\/schema\/person\/68ede8bdc292885bb76c1e3810e73c39"},"headline":"Eglise Mondiale: Au cours du Sermon du Concile Annuel Paulsen Convie A Avoir Une Attitude Christocentrique","datePublished":"2006-10-07T04:00:00+00:00","dateModified":"2017-06-02T17:16:43+00:00","mainEntityOfPage":{"@id":"https:\/\/interamerica.org\/fr\/2006\/10\/eglise-mondiale-au-cours-du-sermon-du-concile-annuel-paulsen-convie-a-avoir-une-attitude-christocentrique\/"},"wordCount":1244,"articleSection":["Archive"],"inLanguage":"fr-FR"},{"@type":"WebPage","@id":"https:\/\/interamerica.org\/fr\/2006\/10\/eglise-mondiale-au-cours-du-sermon-du-concile-annuel-paulsen-convie-a-avoir-une-attitude-christocentrique\/","url":"https:\/\/interamerica.org\/fr\/2006\/10\/eglise-mondiale-au-cours-du-sermon-du-concile-annuel-paulsen-convie-a-avoir-une-attitude-christocentrique\/","name":"Eglise Mondiale: Au cours du Sermon du Concile Annuel Paulsen Convie A Avoir Une Attitude Christocentrique - \u00c9glise Adventiste Du Septieme Jour - Inter Am\u00e9rique Division","isPartOf":{"@id":"https:\/\/interamerica.org\/fr\/#website"},"datePublished":"2006-10-07T04:00:00+00:00","dateModified":"2017-06-02T17:16:43+00:00","author":{"@id":"https:\/\/interamerica.org\/fr\/#\/schema\/person\/68ede8bdc292885bb76c1e3810e73c39"},"breadcrumb":{"@id":"https:\/\/interamerica.org\/fr\/2006\/10\/eglise-mondiale-au-cours-du-sermon-du-concile-annuel-paulsen-convie-a-avoir-une-attitude-christocentrique\/#breadcrumb"},"inLanguage":"fr-FR","potentialAction":[{"@type":"ReadAction","target":["https:\/\/interamerica.org\/fr\/2006\/10\/eglise-mondiale-au-cours-du-sermon-du-concile-annuel-paulsen-convie-a-avoir-une-attitude-christocentrique\/"]}]},{"@type":"BreadcrumbList","@id":"https:\/\/interamerica.org\/fr\/2006\/10\/eglise-mondiale-au-cours-du-sermon-du-concile-annuel-paulsen-convie-a-avoir-une-attitude-christocentrique\/#breadcrumb","itemListElement":[{"@type":"ListItem","position":1,"name":"Home","item":"https:\/\/interamerica.org\/fr\/"},{"@type":"ListItem","position":2,"name":"Eglise Mondiale: Au cours du Sermon du Concile Annuel Paulsen Convie A Avoir Une Attitude Christocentrique"}]},{"@type":"WebSite","@id":"https:\/\/interamerica.org\/fr\/#website","url":"https:\/\/interamerica.org\/fr\/","name":"\u00c9glise Adventiste Du Septieme Jour - Inter Am\u00e9rique Division","description":"","potentialAction":[{"@type":"SearchAction","target":{"@type":"EntryPoint","urlTemplate":"https:\/\/interamerica.org\/fr\/?s={search_term_string}"},"query-input":{"@type":"PropertyValueSpecification","valueRequired":true,"valueName":"search_term_string"}}],"inLanguage":"fr-FR"},{"@type":"Person","@id":"https:\/\/interamerica.org\/fr\/#\/schema\/person\/68ede8bdc292885bb76c1e3810e73c39","name":"Lorenzo Verduzco","image":{"@type":"ImageObject","inLanguage":"fr-FR","@id":"https:\/\/secure.gravatar.com\/avatar\/fb81a55b6218459490a9c1dc841a34909185b81904c5337b4b27f7a6fd60c49e?s=96&d=mm&r=g","url":"https:\/\/secure.gravatar.com\/avatar\/fb81a55b6218459490a9c1dc841a34909185b81904c5337b4b27f7a6fd60c49e?s=96&d=mm&r=g","contentUrl":"https:\/\/secure.gravatar.com\/avatar\/fb81a55b6218459490a9c1dc841a34909185b81904c5337b4b27f7a6fd60c49e?s=96&d=mm&r=g","caption":"Lorenzo Verduzco"}}]}},"_links":{"self":[{"href":"https:\/\/interamerica.org\/fr\/wp-json\/wp\/v2\/posts\/12618","targetHints":{"allow":["GET"]}}],"collection":[{"href":"https:\/\/interamerica.org\/fr\/wp-json\/wp\/v2\/posts"}],"about":[{"href":"https:\/\/interamerica.org\/fr\/wp-json\/wp\/v2\/types\/post"}],"author":[{"embeddable":true,"href":"https:\/\/interamerica.org\/fr\/wp-json\/wp\/v2\/users\/1"}],"replies":[{"embeddable":true,"href":"https:\/\/interamerica.org\/fr\/wp-json\/wp\/v2\/comments?post=12618"}],"version-history":[{"count":0,"href":"https:\/\/interamerica.org\/fr\/wp-json\/wp\/v2\/posts\/12618\/revisions"}],"wp:attachment":[{"href":"https:\/\/interamerica.org\/fr\/wp-json\/wp\/v2\/media?parent=12618"}],"wp:term":[{"taxonomy":"category","embeddable":true,"href":"https:\/\/interamerica.org\/fr\/wp-json\/wp\/v2\/categories?post=12618"},{"taxonomy":"post_tag","embeddable":true,"href":"https:\/\/interamerica.org\/fr\/wp-json\/wp\/v2\/tags?post=12618"}],"curies":[{"name":"wp","href":"https:\/\/api.w.org\/{rel}","templated":true}]}}