{"id":126199,"date":"2025-03-10T13:43:57","date_gmt":"2025-03-10T17:43:57","guid":{"rendered":"https:\/\/interamerica.org\/?p=126199"},"modified":"2025-03-12T10:43:45","modified_gmt":"2025-03-12T14:43:45","slug":"plusieurs-ecoles-du-bresil-accueillent-des-chiens-pour-offrir-du-soutien-emotionnel-aux-enfants","status":"publish","type":"post","link":"https:\/\/interamerica.org\/fr\/2025\/03\/plusieurs-ecoles-du-bresil-accueillent-des-chiens-pour-offrir-du-soutien-emotionnel-aux-enfants\/","title":{"rendered":"Plusieurs \u00e9coles du Br\u00e9sil accueillent des chiens pour offrir du soutien \u00e9motionnel aux enfants"},"content":{"rendered":"<p><div id=\"attachment_126090\" style=\"width: 1034px\" class=\"wp-caption aligncenter\"><img fetchpriority=\"high\" decoding=\"async\" aria-describedby=\"caption-attachment-126090\" class=\"size-large wp-image-126089\" src=\"https:\/\/interamerica.org\/wp-content\/uploads\/2025\/03\/sad-1b-1024x817.jpg\" alt=\"\" width=\"1024\" height=\"817\" srcset=\"https:\/\/interamerica.org\/wp-content\/uploads\/2025\/03\/sad-1b-1024x817.jpg 1024w, https:\/\/interamerica.org\/wp-content\/uploads\/2025\/03\/sad-1b-300x239.jpg 300w, https:\/\/interamerica.org\/wp-content\/uploads\/2025\/03\/sad-1b-768x613.jpg 768w, https:\/\/interamerica.org\/wp-content\/uploads\/2025\/03\/sad-1b.jpg 1536w\" sizes=\"(max-width: 1024px) 100vw, 1024px\" \/><p id=\"caption-attachment-126090\" class=\"wp-caption-text\"><span style=\"font-weight: 400;\">L\u2019un des chiots portant l\u2019uniforme de l\u2019\u00e9cole adventiste propage joie et affection parmi les \u00e9l\u00e8ves. [Une photo du d\u00e9partement des actualit\u00e9s de la Division sud-am\u00e9ricaine]<\/span><\/p><\/div><i><span style=\"font-weight: 400;\">L\u2019initiative cherche \u00e0 soutenir la sant\u00e9 mentale et le bien-\u00eatre global des \u00e9l\u00e8ves.<\/span><\/i><\/p>\n<p class=\"c-post-header__subtitle\"><span style=\"font-weight: 400;\">Le 10 mars 2025 | Br\u00e9sil | Jackson Fran\u00e7a, Division sud-am\u00e9ricaine et <\/span><i><span style=\"font-weight: 400;\">Adventist Review<\/span><\/i><\/p>\n<p><span style=\"font-weight: 400;\">Au d\u00e9but de l\u2019ann\u00e9e scolaire 2025, plusieurs \u00e9coles adventistes du septi\u00e8me jour dans une r\u00e9gion du sud du Br\u00e9sil ont ajout\u00e9 une nouveaut\u00e9 qui a gagn\u00e9 le c\u0153ur des \u00e9l\u00e8ves\u00a0: des chiots golden retriever. Connue pour son temp\u00e9rament docile et sociable, cette race a \u00e9t\u00e9 choisie, selon les dirigeants derri\u00e8re l\u2019initiative, pour sa bonne interaction avec les enfants et les adolescents.<\/span><\/p>\n<p><span style=\"font-weight: 400;\">\u00ab\u00a0Au-del\u00e0 du bonheur qu\u2019ils procurent, les chiens jouent un r\u00f4le important dans le bien-\u00eatre \u00e9motionnel des \u00e9l\u00e8ves en faisant la promotion des valeurs telles que l\u2019empathie, le respect et la collaboration\u00a0\u00bb, ont-ils expliqu\u00e9.<\/span><\/p>\n<p><div id=\"attachment_126096\" style=\"width: 1034px\" class=\"wp-caption aligncenter\"><img decoding=\"async\" aria-describedby=\"caption-attachment-126096\" class=\"size-large wp-image-126095\" src=\"https:\/\/interamerica.org\/wp-content\/uploads\/2025\/03\/sad-3-6-1024x768.jpg\" alt=\"\" width=\"1024\" height=\"768\" srcset=\"https:\/\/interamerica.org\/wp-content\/uploads\/2025\/03\/sad-3-6-1024x768.jpg 1024w, https:\/\/interamerica.org\/wp-content\/uploads\/2025\/03\/sad-3-6-300x225.jpg 300w, https:\/\/interamerica.org\/wp-content\/uploads\/2025\/03\/sad-3-6-768x576.jpg 768w, https:\/\/interamerica.org\/wp-content\/uploads\/2025\/03\/sad-3-6-1536x1152.jpg 1536w, https:\/\/interamerica.org\/wp-content\/uploads\/2025\/03\/sad-3-6.jpg 2048w\" sizes=\"(max-width: 1024px) 100vw, 1024px\" \/><p id=\"caption-attachment-126096\" class=\"wp-caption-text\"><span style=\"font-weight: 400;\">Felipe Cardoso tient Cacau aux c\u00f4t\u00e9s de la conseill\u00e8re en \u00e9ducation Kelita Cerqueira lors d\u2019un moment affectueux et relationnel. [Une photo du d\u00e9partement des actualit\u00e9s de la Division sud-am\u00e9ricaine]<\/span><\/p><\/div><span style=\"font-weight: 400;\">L\u2019introduction des chiens dans l\u2019environnement scolaire \u00e9tait bas\u00e9e sur la conviction selon laquelle les animaux contribuent de mani\u00e8re consid\u00e9rable au d\u00e9veloppement \u00e9motionnel et social des enfants et des adolescents, ont dit les dirigeants. Inspir\u00e9s par d\u2019autres \u00e9coles adventistes qui ont mis en place des projets semblables, les dirigeants des \u00e9coles de l\u2019ouest du Paran\u00e1 ont adopt\u00e9 l\u2019initiative, visant initialement \u00e0 soutenir les \u00e9l\u00e8ves qui font des crises d\u2019anxi\u00e9t\u00e9. Toutefois, en quelques jours seulement, il est devenu clair que les chiens pouvaient faire du bien \u00e0 toute la communaut\u00e9 scolaire.<\/span><\/p>\n<p><span style=\"font-weight: 400;\">L\u2019interaction avec les chiots a chang\u00e9 la routine dans les corridors de l\u2019\u00e9cole. Les situations qui g\u00e9n\u00e9raient pr\u00e9c\u00e9demment de l\u2019anxi\u00e9t\u00e9, comme les moments pr\u00e9c\u00e9dant les examens ou les disputes entre \u00e9l\u00e8ves, ont \u00e9t\u00e9 remplac\u00e9es par des interactions plus positives, marqu\u00e9es par l\u2019affection et la connexion. Gr\u00e2ce \u00e0 leur pr\u00e9sence tranquille, les chiens ont commenc\u00e9 \u00e0 soutenir les \u00e9l\u00e8ves sur le plan \u00e9motionnel tout au long de la journ\u00e9e.<\/span><\/p>\n<div id=\"attachment_126093\" style=\"width: 1034px\" class=\"wp-caption aligncenter\"><img decoding=\"async\" aria-describedby=\"caption-attachment-126093\" class=\"size-large wp-image-126092\" src=\"https:\/\/interamerica.org\/wp-content\/uploads\/2025\/03\/sad-2-8-1024x768.jpg\" alt=\"\" width=\"1024\" height=\"768\" srcset=\"https:\/\/interamerica.org\/wp-content\/uploads\/2025\/03\/sad-2-8-1024x768.jpg 1024w, https:\/\/interamerica.org\/wp-content\/uploads\/2025\/03\/sad-2-8-300x225.jpg 300w, https:\/\/interamerica.org\/wp-content\/uploads\/2025\/03\/sad-2-8-768x576.jpg 768w, https:\/\/interamerica.org\/wp-content\/uploads\/2025\/03\/sad-2-8-1536x1152.jpg 1536w, https:\/\/interamerica.org\/wp-content\/uploads\/2025\/03\/sad-2-8.jpg 2048w\" sizes=\"(max-width: 1024px) 100vw, 1024px\" \/><p id=\"caption-attachment-126093\" class=\"wp-caption-text\"><span style=\"font-weight: 400;\">Les \u00e9l\u00e8ves vivent des moments d\u2019affection et d\u2019apprentissage lorsqu\u2019ils interagissent avec un chiot. [Une photo du d\u00e9partement des actualit\u00e9s de la Division sud-am\u00e9ricaine]<\/span><\/p><\/div>\n<h3><b>Choix de la race et r\u00e9troactions<\/b><\/h3>\n<p><span style=\"font-weight: 400;\">Le choix des golden retrievers ne s\u2019est pas fait au hasard. Connus pour leur douceur, leur intelligence et leurs habilet\u00e9s sociales, ces chiens sont soumis \u00e0 une formation professionnelle trois fois par semaine. Les week-ends, les membres du personnel de l\u2019\u00e9cole prennent soin d\u2019eux \u00e0 tour de r\u00f4le, leur assurant ainsi un d\u00e9veloppement sain et \u00e9quilibr\u00e9.<\/span><\/p>\n<p><span style=\"font-weight: 400;\">Les parents soutiennent \u00e9galement l\u2019initiative. Beaucoup d\u2019entre eux rapportent que la pr\u00e9sence des chiens aide leurs enfants \u00e0 mieux g\u00e9rer leur anxi\u00e9t\u00e9 et le stress qu\u2019ils vivent \u00e0 l\u2019\u00e9cole, surtout ceux qui ont toujours voulu un animal domestique, mais qui ne peuvent en avoir un. \u00ab\u00a0Mon fils arrive toujours en me racontant ses jeux avec Mel [le chiot golden retriever]. Il n\u2019a jamais \u00e9t\u00e9 aussi excit\u00e9 d\u2019aller \u00e0 l\u2019\u00e9cole!\u00a0\u00bb a racont\u00e9 la m\u00e8re d\u2019un \u00e9l\u00e8ve.<\/span><\/p>\n<img loading=\"lazy\" decoding=\"async\" class=\"aligncenter size-large wp-image-126098\" src=\"https:\/\/interamerica.org\/wp-content\/uploads\/2025\/03\/sad-4-1-1024x768.jpg\" alt=\"\" width=\"1024\" height=\"768\" srcset=\"https:\/\/interamerica.org\/wp-content\/uploads\/2025\/03\/sad-4-1-1024x768.jpg 1024w, https:\/\/interamerica.org\/wp-content\/uploads\/2025\/03\/sad-4-1-300x225.jpg 300w, https:\/\/interamerica.org\/wp-content\/uploads\/2025\/03\/sad-4-1-768x576.jpg 768w, https:\/\/interamerica.org\/wp-content\/uploads\/2025\/03\/sad-4-1-1536x1152.jpg 1536w, https:\/\/interamerica.org\/wp-content\/uploads\/2025\/03\/sad-4-1.jpg 2048w\" sizes=\"(max-width: 1024px) 100vw, 1024px\" \/>\n<p><span style=\"font-weight: 400;\">Parmi les chiens, il y a Cacau (\u00ab\u00a0Cacao\u00a0\u00bb), dont les services sont offerts \u00e0 l\u2019\u00e9cole adventiste de Cascavel. Plus qu\u2019un soutien \u00e9motionnel, il a renforc\u00e9 certaines valeurs telles que le respect de la nature et la responsabilisation, ont rapport\u00e9 les dirigeants de l\u2019\u00e9ducation locale. \u00ab\u00a0La philosophie de l\u2019\u00e9ducation adventiste encourage la connexion avec l\u2019environnement et les principes spirituels, et la pr\u00e9sence des chiens vient compl\u00e9ter cet apprentissage\u00a0\u00bb, ont-ils dit.<\/span><\/p>\n<p><span style=\"font-weight: 400;\">La pr\u00e9sence des chiens a eu un autre impact positif sur l\u2019organisation de l\u2019\u00e9cole. Les \u00e9l\u00e8ves ont commenc\u00e9 \u00e0 \u00eatre plus attentifs \u00e0 la propret\u00e9 des espaces communs. \u00ab\u00a0Le fait de vivre avec Cacau a stimul\u00e9 l\u2019attention et l\u2019engagement des \u00e9l\u00e8ves\u00a0\u00bb, a expliqu\u00e9 Felipe Cardoso, directeur de l\u2019\u00e9cole.<\/span><\/p>\n<p><div id=\"attachment_126102\" style=\"width: 1034px\" class=\"wp-caption aligncenter\"><img loading=\"lazy\" decoding=\"async\" aria-describedby=\"caption-attachment-126102\" class=\"size-large wp-image-126101\" src=\"https:\/\/interamerica.org\/wp-content\/uploads\/2025\/03\/sad-6-1024x576.jpeg\" alt=\"\" width=\"1024\" height=\"576\" srcset=\"https:\/\/interamerica.org\/wp-content\/uploads\/2025\/03\/sad-6-1024x576.jpeg 1024w, https:\/\/interamerica.org\/wp-content\/uploads\/2025\/03\/sad-6-300x169.jpeg 300w, https:\/\/interamerica.org\/wp-content\/uploads\/2025\/03\/sad-6-768x432.jpeg 768w, https:\/\/interamerica.org\/wp-content\/uploads\/2025\/03\/sad-6-1536x864.jpeg 1536w, https:\/\/interamerica.org\/wp-content\/uploads\/2025\/03\/sad-6-2048x1152.jpeg 2048w\" sizes=\"(max-width: 1024px) 100vw, 1024px\" \/><p id=\"caption-attachment-126102\" class=\"wp-caption-text\"><span style=\"font-weight: 400;\">Les directeurs des \u00e9coles ont \u00e9t\u00e9 interview\u00e9s \u00e0 la Radio CBN de Cascavel et ont partag\u00e9 des d\u00e9tails sur le projet et ses impacts sur leur \u00e9cole. [Une photo du d\u00e9partement des actualit\u00e9s de la Division sud-am\u00e9ricaine]<\/span><\/p><\/div><span style=\"font-weight: 400;\">Mel (\u00ab\u00a0Miel\u00a0\u00bb) est un autre chien, celui-ci int\u00e9gr\u00e9 \u00e0 l\u2019\u00e9cole adventiste de Campo Mour\u00e3o. Pour la directrice Aline Gon\u00e7alves, \u00ab\u00a0la vie avec Mel a r\u00e9veill\u00e9 chez les \u00e9l\u00e8ves un sens plus aiguis\u00e9 des responsabilit\u00e9s et de l\u2019empathie\u00a0\u00bb. Puis elle a ajout\u00e9 ceci\u00a0: \u00ab\u00a0Elle a un impact bien plus grand que ce que nous aurions pu imaginer. Nous sommes entr\u00e9s dans l\u2019aventure avec l\u2019intention d\u2019offrir un soutien \u00e9motionnel, mais nous avons vu que sa pr\u00e9sence renfor\u00e7ait aussi divers aspects de l\u2019apprentissage et de la socialisation.\u00a0\u00bb<\/span><\/p>\n<p><span style=\"font-weight: 400;\">Puis il y a Amora (\u00ab\u00a0M\u00fbre\u00a0\u00bb) \u00e0 l\u2019\u00e9cole adventiste de Toledo. La th\u00e9rapie canine a fait ses preuves comme approche novatrice, ont dit les dirigeants de l\u2019\u00e9cole. La pr\u00e9sence d\u2019Amora a aid\u00e9 les \u00e9l\u00e8ves \u00e0 surmonter certaines difficult\u00e9s \u00e9motionnelles, cr\u00e9ant un environnement plus s\u00e9curitaire et accueillant, ont-ils expliqu\u00e9. \u00ab\u00a0Notre exp\u00e9rience avec Amora a \u00e9t\u00e9 transformatrice, renfor\u00e7ant l\u2019engagement de l\u2019\u00e9cole envers le bien-\u00eatre global\u00a0\u00bb, a dit Telma Alexandre, directrice de l\u2019\u00e9cole.<\/span><\/p>\n<div id=\"attachment_126105\" style=\"width: 608px\" class=\"wp-caption aligncenter\"><img loading=\"lazy\" decoding=\"async\" aria-describedby=\"caption-attachment-126105\" class=\" wp-image-126104\" src=\"https:\/\/interamerica.org\/wp-content\/uploads\/2025\/03\/sad-5-4-768x1024.jpg\" alt=\"\" width=\"598\" height=\"798\" srcset=\"https:\/\/interamerica.org\/wp-content\/uploads\/2025\/03\/sad-5-4-768x1024.jpg 768w, https:\/\/interamerica.org\/wp-content\/uploads\/2025\/03\/sad-5-4-225x300.jpg 225w, https:\/\/interamerica.org\/wp-content\/uploads\/2025\/03\/sad-5-4-1152x1536.jpg 1152w, https:\/\/interamerica.org\/wp-content\/uploads\/2025\/03\/sad-5-4.jpg 1536w\" sizes=\"(max-width: 598px) 100vw, 598px\" \/><p id=\"caption-attachment-126105\" class=\"wp-caption-text\"><span style=\"font-weight: 400;\">Telma Alexandre, directrice de l\u2019\u00e9cole adventiste de Toledo, en compagnie d\u2019Amora et de deux membres du personnel de soutien de l\u2019\u00e9cole. [Une photo du d\u00e9partement des actualit\u00e9s de la Division sud-am\u00e9ricaine]<\/span><\/p><\/div>\n<h3><b>Un avenir prometteur<\/b><\/h3>\n<p><span style=\"font-weight: 400;\">D\u2019apr\u00e8s les dirigeants de l\u2019\u00e9ducation, les r\u00e9sultats sont jusqu\u2019ici prometteurs. Ils comptent maintenant \u00e9largir le projet, cr\u00e9ant des activit\u00e9s sp\u00e9cifiques pour int\u00e9grer les chiens de mani\u00e8res plus structur\u00e9es dans la routine de l\u2019\u00e9cole. L\u2019objectif, ont-ils dit, consiste \u00e0 amener l\u2019initiative dans d\u2019autres \u00e9coles. Actuellement, le syst\u00e8me d\u2019\u00e9ducation adventiste dans l\u2019ouest du Paran\u00e1 comprend sept \u00e9coles et 4\u00a0379 \u00e9l\u00e8ves.<\/span><\/p>\n<h3 class=\"wp-block-heading\"><span style=\"font-weight: 400;\">La <\/span><a style=\"font-size: 16px;\" href=\"https:\/\/noticias.adventistas.org\/pt\/colegios-utilizam-caes-para-oferecer-suporte-emocional-aos-alunos\/\"><i><span style=\"font-weight: 400;\">version originale<\/span><\/i><\/a><i style=\"font-size: 16px;\"><span style=\"font-weight: 400;\"> de cet article a \u00e9t\u00e9 publi\u00e9e sur le <\/span><\/i><a style=\"font-size: 16px;\" href=\"https:\/\/noticias.adventistas.org\/pt\"><i><span style=\"font-weight: 400;\">site des actualit\u00e9s<\/span><\/i><\/a><i style=\"font-size: 16px;\"><span style=\"font-weight: 400;\"> de la Division sud-am\u00e9ricaine.<\/span><\/i><\/h3>\n<p><span style=\"font-weight: 400;\">Traduction\u00a0: Marie-Mich\u00e8le Robitaille<\/span><\/p>\n","protected":false},"excerpt":{"rendered":"<p>L\u2019initiative cherche \u00e0 soutenir la sant\u00e9 mentale et le bien-\u00eatre global des \u00e9l\u00e8ves. Le 10 mars 2025 | Br\u00e9sil | Jackson Fran\u00e7a, Division sud-am\u00e9ricaine et Adventist Review Au d\u00e9but de&#8230;<\/p>\n","protected":false},"author":3,"featured_media":126090,"comment_status":"closed","ping_status":"closed","sticky":false,"template":"","format":"standard","meta":{"_acf_changed":false,"footnotes":""},"categories":[18,19],"tags":[],"class_list":["post-126199","post","type-post","status-publish","format-standard","has-post-thumbnail","hentry","category-nouvelles-de-leglise-mondiale","category-rss-francais"],"acf":[],"yoast_head":"<!-- This site is optimized with the Yoast SEO plugin v27.3 - https:\/\/yoast.com\/product\/yoast-seo-wordpress\/ -->\n<title>Plusieurs \u00e9coles du Br\u00e9sil accueillent des chiens pour offrir du soutien \u00e9motionnel aux enfants - \u00c9glise Adventiste Du Septieme Jour - Inter Am\u00e9rique Division<\/title>\n<meta name=\"robots\" content=\"index, follow, max-snippet:-1, max-image-preview:large, max-video-preview:-1\" \/>\n<link rel=\"canonical\" href=\"https:\/\/interamerica.org\/fr\/2025\/03\/plusieurs-ecoles-du-bresil-accueillent-des-chiens-pour-offrir-du-soutien-emotionnel-aux-enfants\/\" \/>\n<meta property=\"og:locale\" content=\"fr_FR\" \/>\n<meta property=\"og:type\" content=\"article\" \/>\n<meta property=\"og:title\" content=\"Plusieurs \u00e9coles du Br\u00e9sil accueillent des chiens pour offrir du soutien \u00e9motionnel aux enfants - \u00c9glise Adventiste Du Septieme Jour - Inter Am\u00e9rique Division\" \/>\n<meta property=\"og:description\" content=\"L\u2019initiative cherche \u00e0 soutenir la sant\u00e9 mentale et le bien-\u00eatre global des \u00e9l\u00e8ves. Le 10 mars 2025 | Br\u00e9sil | Jackson Fran\u00e7a, Division sud-am\u00e9ricaine et Adventist Review Au d\u00e9but de...\" \/>\n<meta property=\"og:url\" content=\"https:\/\/interamerica.org\/fr\/2025\/03\/plusieurs-ecoles-du-bresil-accueillent-des-chiens-pour-offrir-du-soutien-emotionnel-aux-enfants\/\" \/>\n<meta property=\"og:site_name\" content=\"\u00c9glise Adventiste Du Septieme Jour - Inter Am\u00e9rique Division\" \/>\n<meta property=\"article:published_time\" content=\"2025-03-10T17:43:57+00:00\" \/>\n<meta property=\"article:modified_time\" content=\"2025-03-12T14:43:45+00:00\" \/>\n<meta property=\"og:image\" content=\"https:\/\/interamerica.org\/wp-content\/uploads\/2025\/03\/sad-1b.jpg\" \/>\n\t<meta property=\"og:image:width\" content=\"1536\" \/>\n\t<meta property=\"og:image:height\" content=\"1225\" \/>\n\t<meta property=\"og:image:type\" content=\"image\/jpeg\" \/>\n<meta name=\"author\" content=\"libna\" \/>\n<meta name=\"twitter:card\" content=\"summary_large_image\" \/>\n<meta name=\"twitter:label1\" content=\"\u00c9crit par\" \/>\n\t<meta name=\"twitter:data1\" content=\"libna\" \/>\n\t<meta name=\"twitter:label2\" content=\"Dur\u00e9e de lecture estim\u00e9e\" \/>\n\t<meta name=\"twitter:data2\" content=\"6 minutes\" \/>\n<script type=\"application\/ld+json\" class=\"yoast-schema-graph\">{\"@context\":\"https:\\\/\\\/schema.org\",\"@graph\":[{\"@type\":\"Article\",\"@id\":\"https:\\\/\\\/interamerica.org\\\/fr\\\/2025\\\/03\\\/plusieurs-ecoles-du-bresil-accueillent-des-chiens-pour-offrir-du-soutien-emotionnel-aux-enfants\\\/#article\",\"isPartOf\":{\"@id\":\"https:\\\/\\\/interamerica.org\\\/fr\\\/2025\\\/03\\\/plusieurs-ecoles-du-bresil-accueillent-des-chiens-pour-offrir-du-soutien-emotionnel-aux-enfants\\\/\"},\"author\":{\"name\":\"libna\",\"@id\":\"https:\\\/\\\/interamerica.org\\\/fr\\\/#\\\/schema\\\/person\\\/29998f2bc2d8bd0d38662909289b54f1\"},\"headline\":\"Plusieurs \u00e9coles du Br\u00e9sil accueillent des chiens pour offrir du soutien \u00e9motionnel aux enfants\",\"datePublished\":\"2025-03-10T17:43:57+00:00\",\"dateModified\":\"2025-03-12T14:43:45+00:00\",\"mainEntityOfPage\":{\"@id\":\"https:\\\/\\\/interamerica.org\\\/fr\\\/2025\\\/03\\\/plusieurs-ecoles-du-bresil-accueillent-des-chiens-pour-offrir-du-soutien-emotionnel-aux-enfants\\\/\"},\"wordCount\":1113,\"image\":{\"@id\":\"https:\\\/\\\/interamerica.org\\\/fr\\\/2025\\\/03\\\/plusieurs-ecoles-du-bresil-accueillent-des-chiens-pour-offrir-du-soutien-emotionnel-aux-enfants\\\/#primaryimage\"},\"thumbnailUrl\":\"https:\\\/\\\/interamerica.org\\\/wp-content\\\/uploads\\\/2025\\\/03\\\/sad-1b.jpg\",\"articleSection\":[\"Nouvelles de l'\u00c9glise mondiale\",\"RSS Fran\u00e7ais\"],\"inLanguage\":\"fr-FR\"},{\"@type\":\"WebPage\",\"@id\":\"https:\\\/\\\/interamerica.org\\\/fr\\\/2025\\\/03\\\/plusieurs-ecoles-du-bresil-accueillent-des-chiens-pour-offrir-du-soutien-emotionnel-aux-enfants\\\/\",\"url\":\"https:\\\/\\\/interamerica.org\\\/fr\\\/2025\\\/03\\\/plusieurs-ecoles-du-bresil-accueillent-des-chiens-pour-offrir-du-soutien-emotionnel-aux-enfants\\\/\",\"name\":\"Plusieurs \u00e9coles du Br\u00e9sil accueillent des chiens pour offrir du soutien \u00e9motionnel aux enfants - \u00c9glise Adventiste Du Septieme Jour - Inter Am\u00e9rique Division\",\"isPartOf\":{\"@id\":\"https:\\\/\\\/interamerica.org\\\/fr\\\/#website\"},\"primaryImageOfPage\":{\"@id\":\"https:\\\/\\\/interamerica.org\\\/fr\\\/2025\\\/03\\\/plusieurs-ecoles-du-bresil-accueillent-des-chiens-pour-offrir-du-soutien-emotionnel-aux-enfants\\\/#primaryimage\"},\"image\":{\"@id\":\"https:\\\/\\\/interamerica.org\\\/fr\\\/2025\\\/03\\\/plusieurs-ecoles-du-bresil-accueillent-des-chiens-pour-offrir-du-soutien-emotionnel-aux-enfants\\\/#primaryimage\"},\"thumbnailUrl\":\"https:\\\/\\\/interamerica.org\\\/wp-content\\\/uploads\\\/2025\\\/03\\\/sad-1b.jpg\",\"datePublished\":\"2025-03-10T17:43:57+00:00\",\"dateModified\":\"2025-03-12T14:43:45+00:00\",\"author\":{\"@id\":\"https:\\\/\\\/interamerica.org\\\/fr\\\/#\\\/schema\\\/person\\\/29998f2bc2d8bd0d38662909289b54f1\"},\"breadcrumb\":{\"@id\":\"https:\\\/\\\/interamerica.org\\\/fr\\\/2025\\\/03\\\/plusieurs-ecoles-du-bresil-accueillent-des-chiens-pour-offrir-du-soutien-emotionnel-aux-enfants\\\/#breadcrumb\"},\"inLanguage\":\"fr-FR\",\"potentialAction\":[{\"@type\":\"ReadAction\",\"target\":[\"https:\\\/\\\/interamerica.org\\\/fr\\\/2025\\\/03\\\/plusieurs-ecoles-du-bresil-accueillent-des-chiens-pour-offrir-du-soutien-emotionnel-aux-enfants\\\/\"]}]},{\"@type\":\"ImageObject\",\"inLanguage\":\"fr-FR\",\"@id\":\"https:\\\/\\\/interamerica.org\\\/fr\\\/2025\\\/03\\\/plusieurs-ecoles-du-bresil-accueillent-des-chiens-pour-offrir-du-soutien-emotionnel-aux-enfants\\\/#primaryimage\",\"url\":\"https:\\\/\\\/interamerica.org\\\/wp-content\\\/uploads\\\/2025\\\/03\\\/sad-1b.jpg\",\"contentUrl\":\"https:\\\/\\\/interamerica.org\\\/wp-content\\\/uploads\\\/2025\\\/03\\\/sad-1b.jpg\",\"width\":1536,\"height\":1225,\"caption\":\"One of the puppies wears the Adventist school uniform, spreading affection and joy among students. [Photo: South American Division News]\"},{\"@type\":\"BreadcrumbList\",\"@id\":\"https:\\\/\\\/interamerica.org\\\/fr\\\/2025\\\/03\\\/plusieurs-ecoles-du-bresil-accueillent-des-chiens-pour-offrir-du-soutien-emotionnel-aux-enfants\\\/#breadcrumb\",\"itemListElement\":[{\"@type\":\"ListItem\",\"position\":1,\"name\":\"Home\",\"item\":\"https:\\\/\\\/interamerica.org\\\/fr\\\/\"},{\"@type\":\"ListItem\",\"position\":2,\"name\":\"Plusieurs \u00e9coles du Br\u00e9sil accueillent des chiens pour offrir du soutien \u00e9motionnel aux enfants\"}]},{\"@type\":\"WebSite\",\"@id\":\"https:\\\/\\\/interamerica.org\\\/fr\\\/#website\",\"url\":\"https:\\\/\\\/interamerica.org\\\/fr\\\/\",\"name\":\"\u00c9glise Adventiste Du Septieme Jour - Inter Am\u00e9rique Division\",\"description\":\"\",\"potentialAction\":[{\"@type\":\"SearchAction\",\"target\":{\"@type\":\"EntryPoint\",\"urlTemplate\":\"https:\\\/\\\/interamerica.org\\\/fr\\\/?s={search_term_string}\"},\"query-input\":{\"@type\":\"PropertyValueSpecification\",\"valueRequired\":true,\"valueName\":\"search_term_string\"}}],\"inLanguage\":\"fr-FR\"},{\"@type\":\"Person\",\"@id\":\"https:\\\/\\\/interamerica.org\\\/fr\\\/#\\\/schema\\\/person\\\/29998f2bc2d8bd0d38662909289b54f1\",\"name\":\"libna\",\"image\":{\"@type\":\"ImageObject\",\"inLanguage\":\"fr-FR\",\"@id\":\"https:\\\/\\\/secure.gravatar.com\\\/avatar\\\/7c5bd30ae4b47a9ba3c856590957fd1d96dc588bf3ac05719d247e126840331f?s=96&d=mm&r=g\",\"url\":\"https:\\\/\\\/secure.gravatar.com\\\/avatar\\\/7c5bd30ae4b47a9ba3c856590957fd1d96dc588bf3ac05719d247e126840331f?s=96&d=mm&r=g\",\"contentUrl\":\"https:\\\/\\\/secure.gravatar.com\\\/avatar\\\/7c5bd30ae4b47a9ba3c856590957fd1d96dc588bf3ac05719d247e126840331f?s=96&d=mm&r=g\",\"caption\":\"libna\"}}]}<\/script>\n<!-- \/ Yoast SEO plugin. -->","yoast_head_json":{"title":"Plusieurs \u00e9coles du Br\u00e9sil accueillent des chiens pour offrir du soutien \u00e9motionnel aux enfants - \u00c9glise Adventiste Du Septieme Jour - Inter Am\u00e9rique Division","robots":{"index":"index","follow":"follow","max-snippet":"max-snippet:-1","max-image-preview":"max-image-preview:large","max-video-preview":"max-video-preview:-1"},"canonical":"https:\/\/interamerica.org\/fr\/2025\/03\/plusieurs-ecoles-du-bresil-accueillent-des-chiens-pour-offrir-du-soutien-emotionnel-aux-enfants\/","og_locale":"fr_FR","og_type":"article","og_title":"Plusieurs \u00e9coles du Br\u00e9sil accueillent des chiens pour offrir du soutien \u00e9motionnel aux enfants - \u00c9glise Adventiste Du Septieme Jour - Inter Am\u00e9rique Division","og_description":"L\u2019initiative cherche \u00e0 soutenir la sant\u00e9 mentale et le bien-\u00eatre global des \u00e9l\u00e8ves. Le 10 mars 2025 | Br\u00e9sil | Jackson Fran\u00e7a, Division sud-am\u00e9ricaine et Adventist Review Au d\u00e9but de...","og_url":"https:\/\/interamerica.org\/fr\/2025\/03\/plusieurs-ecoles-du-bresil-accueillent-des-chiens-pour-offrir-du-soutien-emotionnel-aux-enfants\/","og_site_name":"\u00c9glise Adventiste Du Septieme Jour - Inter Am\u00e9rique Division","article_published_time":"2025-03-10T17:43:57+00:00","article_modified_time":"2025-03-12T14:43:45+00:00","og_image":[{"width":1536,"height":1225,"url":"https:\/\/interamerica.org\/wp-content\/uploads\/2025\/03\/sad-1b.jpg","type":"image\/jpeg"}],"author":"libna","twitter_card":"summary_large_image","twitter_misc":{"\u00c9crit par":"libna","Dur\u00e9e de lecture estim\u00e9e":"6 minutes"},"schema":{"@context":"https:\/\/schema.org","@graph":[{"@type":"Article","@id":"https:\/\/interamerica.org\/fr\/2025\/03\/plusieurs-ecoles-du-bresil-accueillent-des-chiens-pour-offrir-du-soutien-emotionnel-aux-enfants\/#article","isPartOf":{"@id":"https:\/\/interamerica.org\/fr\/2025\/03\/plusieurs-ecoles-du-bresil-accueillent-des-chiens-pour-offrir-du-soutien-emotionnel-aux-enfants\/"},"author":{"name":"libna","@id":"https:\/\/interamerica.org\/fr\/#\/schema\/person\/29998f2bc2d8bd0d38662909289b54f1"},"headline":"Plusieurs \u00e9coles du Br\u00e9sil accueillent des chiens pour offrir du soutien \u00e9motionnel aux enfants","datePublished":"2025-03-10T17:43:57+00:00","dateModified":"2025-03-12T14:43:45+00:00","mainEntityOfPage":{"@id":"https:\/\/interamerica.org\/fr\/2025\/03\/plusieurs-ecoles-du-bresil-accueillent-des-chiens-pour-offrir-du-soutien-emotionnel-aux-enfants\/"},"wordCount":1113,"image":{"@id":"https:\/\/interamerica.org\/fr\/2025\/03\/plusieurs-ecoles-du-bresil-accueillent-des-chiens-pour-offrir-du-soutien-emotionnel-aux-enfants\/#primaryimage"},"thumbnailUrl":"https:\/\/interamerica.org\/wp-content\/uploads\/2025\/03\/sad-1b.jpg","articleSection":["Nouvelles de l'\u00c9glise mondiale","RSS Fran\u00e7ais"],"inLanguage":"fr-FR"},{"@type":"WebPage","@id":"https:\/\/interamerica.org\/fr\/2025\/03\/plusieurs-ecoles-du-bresil-accueillent-des-chiens-pour-offrir-du-soutien-emotionnel-aux-enfants\/","url":"https:\/\/interamerica.org\/fr\/2025\/03\/plusieurs-ecoles-du-bresil-accueillent-des-chiens-pour-offrir-du-soutien-emotionnel-aux-enfants\/","name":"Plusieurs \u00e9coles du Br\u00e9sil accueillent des chiens pour offrir du soutien \u00e9motionnel aux enfants - \u00c9glise Adventiste Du Septieme Jour - Inter Am\u00e9rique Division","isPartOf":{"@id":"https:\/\/interamerica.org\/fr\/#website"},"primaryImageOfPage":{"@id":"https:\/\/interamerica.org\/fr\/2025\/03\/plusieurs-ecoles-du-bresil-accueillent-des-chiens-pour-offrir-du-soutien-emotionnel-aux-enfants\/#primaryimage"},"image":{"@id":"https:\/\/interamerica.org\/fr\/2025\/03\/plusieurs-ecoles-du-bresil-accueillent-des-chiens-pour-offrir-du-soutien-emotionnel-aux-enfants\/#primaryimage"},"thumbnailUrl":"https:\/\/interamerica.org\/wp-content\/uploads\/2025\/03\/sad-1b.jpg","datePublished":"2025-03-10T17:43:57+00:00","dateModified":"2025-03-12T14:43:45+00:00","author":{"@id":"https:\/\/interamerica.org\/fr\/#\/schema\/person\/29998f2bc2d8bd0d38662909289b54f1"},"breadcrumb":{"@id":"https:\/\/interamerica.org\/fr\/2025\/03\/plusieurs-ecoles-du-bresil-accueillent-des-chiens-pour-offrir-du-soutien-emotionnel-aux-enfants\/#breadcrumb"},"inLanguage":"fr-FR","potentialAction":[{"@type":"ReadAction","target":["https:\/\/interamerica.org\/fr\/2025\/03\/plusieurs-ecoles-du-bresil-accueillent-des-chiens-pour-offrir-du-soutien-emotionnel-aux-enfants\/"]}]},{"@type":"ImageObject","inLanguage":"fr-FR","@id":"https:\/\/interamerica.org\/fr\/2025\/03\/plusieurs-ecoles-du-bresil-accueillent-des-chiens-pour-offrir-du-soutien-emotionnel-aux-enfants\/#primaryimage","url":"https:\/\/interamerica.org\/wp-content\/uploads\/2025\/03\/sad-1b.jpg","contentUrl":"https:\/\/interamerica.org\/wp-content\/uploads\/2025\/03\/sad-1b.jpg","width":1536,"height":1225,"caption":"One of the puppies wears the Adventist school uniform, spreading affection and joy among students. [Photo: South American Division News]"},{"@type":"BreadcrumbList","@id":"https:\/\/interamerica.org\/fr\/2025\/03\/plusieurs-ecoles-du-bresil-accueillent-des-chiens-pour-offrir-du-soutien-emotionnel-aux-enfants\/#breadcrumb","itemListElement":[{"@type":"ListItem","position":1,"name":"Home","item":"https:\/\/interamerica.org\/fr\/"},{"@type":"ListItem","position":2,"name":"Plusieurs \u00e9coles du Br\u00e9sil accueillent des chiens pour offrir du soutien \u00e9motionnel aux enfants"}]},{"@type":"WebSite","@id":"https:\/\/interamerica.org\/fr\/#website","url":"https:\/\/interamerica.org\/fr\/","name":"\u00c9glise Adventiste Du Septieme Jour - Inter Am\u00e9rique Division","description":"","potentialAction":[{"@type":"SearchAction","target":{"@type":"EntryPoint","urlTemplate":"https:\/\/interamerica.org\/fr\/?s={search_term_string}"},"query-input":{"@type":"PropertyValueSpecification","valueRequired":true,"valueName":"search_term_string"}}],"inLanguage":"fr-FR"},{"@type":"Person","@id":"https:\/\/interamerica.org\/fr\/#\/schema\/person\/29998f2bc2d8bd0d38662909289b54f1","name":"libna","image":{"@type":"ImageObject","inLanguage":"fr-FR","@id":"https:\/\/secure.gravatar.com\/avatar\/7c5bd30ae4b47a9ba3c856590957fd1d96dc588bf3ac05719d247e126840331f?s=96&d=mm&r=g","url":"https:\/\/secure.gravatar.com\/avatar\/7c5bd30ae4b47a9ba3c856590957fd1d96dc588bf3ac05719d247e126840331f?s=96&d=mm&r=g","contentUrl":"https:\/\/secure.gravatar.com\/avatar\/7c5bd30ae4b47a9ba3c856590957fd1d96dc588bf3ac05719d247e126840331f?s=96&d=mm&r=g","caption":"libna"}}]}},"_links":{"self":[{"href":"https:\/\/interamerica.org\/fr\/wp-json\/wp\/v2\/posts\/126199","targetHints":{"allow":["GET"]}}],"collection":[{"href":"https:\/\/interamerica.org\/fr\/wp-json\/wp\/v2\/posts"}],"about":[{"href":"https:\/\/interamerica.org\/fr\/wp-json\/wp\/v2\/types\/post"}],"author":[{"embeddable":true,"href":"https:\/\/interamerica.org\/fr\/wp-json\/wp\/v2\/users\/3"}],"replies":[{"embeddable":true,"href":"https:\/\/interamerica.org\/fr\/wp-json\/wp\/v2\/comments?post=126199"}],"version-history":[{"count":0,"href":"https:\/\/interamerica.org\/fr\/wp-json\/wp\/v2\/posts\/126199\/revisions"}],"wp:featuredmedia":[{"embeddable":true,"href":"https:\/\/interamerica.org\/fr\/wp-json\/wp\/v2\/media\/126090"}],"wp:attachment":[{"href":"https:\/\/interamerica.org\/fr\/wp-json\/wp\/v2\/media?parent=126199"}],"wp:term":[{"taxonomy":"category","embeddable":true,"href":"https:\/\/interamerica.org\/fr\/wp-json\/wp\/v2\/categories?post=126199"},{"taxonomy":"post_tag","embeddable":true,"href":"https:\/\/interamerica.org\/fr\/wp-json\/wp\/v2\/tags?post=126199"}],"curies":[{"name":"wp","href":"https:\/\/api.w.org\/{rel}","templated":true}]}}