{"id":126483,"date":"2025-03-19T16:25:07","date_gmt":"2025-03-19T20:25:07","guid":{"rendered":"https:\/\/interamerica.org\/?p=126483"},"modified":"2025-03-23T12:04:59","modified_gmt":"2025-03-23T16:04:59","slug":"hope-channel-international-nomme-un-nouveau-vice-president-des-medias-mondiaux-et-de-lengagement","status":"publish","type":"post","link":"https:\/\/interamerica.org\/fr\/2025\/03\/hope-channel-international-nomme-un-nouveau-vice-president-des-medias-mondiaux-et-de-lengagement\/","title":{"rendered":"Hope Channel International nomme un nouveau vice-pr\u00e9sident des m\u00e9dias mondiaux et de l\u2019engagement"},"content":{"rendered":"<p><i><span style=\"font-weight: 400;\">Le pasteur Berghan vient avec une riche exp\u00e9rience en multim\u00e9dias et en \u00e9vang\u00e9lisation alors que l\u2019organisation s\u2019efforce d\u2019augmenter son influence dans le monde.<\/span><\/i><\/p>\n<p><span style=\"font-weight: 400;\">Le 19 mars 2025 | Silver Spring, Maryland, \u00c9tats-Unis | Hope Channel International<\/span><\/p>\n<div>\n<p><span style=\"font-weight: 400;\">Le conseil d\u2019administration de Hope Channel International a nomm\u00e9 Robbie Berghan au poste de vice-pr\u00e9sident des m\u00e9dias mondiaux et de l\u2019engagement. Son leadership arrive \u00e0 un moment charni\u00e8re o\u00f9 Hope Channel International multiplie ses efforts pour atteindre les groupes qui ne connaissent pas encore l\u2019\u00c9vangile.<\/span><\/p>\n<p><span style=\"font-weight: 400;\">En effet, le pasteur Berghan apporte un m\u00e9lange unique d\u2019exp\u00e9rience en multim\u00e9dias, en \u00e9vang\u00e9lisation et en technologies qui fait de lui une personne bien outill\u00e9e pour diriger les efforts de Hope Channel International d\u2019utiliser les m\u00e9dias pour la mission, de diversifier les strat\u00e9gies num\u00e9riques d\u2019\u00e9vang\u00e9lisation et de solidifier les collaborations sur tout le r\u00e9seau mondial du Hope Channel.<\/span><\/p>\n<p><div id=\"attachment_126379\" style=\"width: 959px\" class=\"wp-caption aligncenter\"><img fetchpriority=\"high\" decoding=\"async\" aria-describedby=\"caption-attachment-126379\" class=\" wp-image-126378\" src=\"https:\/\/interamerica.org\/wp-content\/uploads\/2025\/03\/hci-newvicepresident-1280-1024x640.jpg\" alt=\"\" width=\"949\" height=\"593\" srcset=\"https:\/\/interamerica.org\/wp-content\/uploads\/2025\/03\/hci-newvicepresident-1280-1024x640.jpg 1024w, https:\/\/interamerica.org\/wp-content\/uploads\/2025\/03\/hci-newvicepresident-1280-300x188.jpg 300w, https:\/\/interamerica.org\/wp-content\/uploads\/2025\/03\/hci-newvicepresident-1280-768x480.jpg 768w, https:\/\/interamerica.org\/wp-content\/uploads\/2025\/03\/hci-newvicepresident-1280.jpg 1280w\" sizes=\"(max-width: 949px) 100vw, 949px\" \/><p id=\"caption-attachment-126379\" class=\"wp-caption-text\"><span style=\"font-weight: 400;\">Robbie Berghan, vice-pr\u00e9sident \u00e9lu des m\u00e9dias mondiaux et de l\u2019engagement, en compagnie de sa femme, Rebeka, de leur fils de 9 ans, Arris, et de leur fille de 4 ans, Ariella. [Une photo de Hope Channel International]<\/span><\/p><\/div><span style=\"font-weight: 400;\">Le pasteur Berghan est actuellement le gestionnaire promotionnel et du contenu national de Faith FM, un minist\u00e8re radiophonique national australien dirig\u00e9 par l\u2019Union des f\u00e9d\u00e9rations de l\u2019Australie. Depuis 2020, il a r\u00e9ussi \u00e0 transformer la plateforme en outils d\u2019\u00e9vang\u00e9lisation dynamique, mettant sur pied un mod\u00e8le de \u00ab\u00a0diffusion vers le bapt\u00eame\u00a0\u00bb, des strat\u00e9gies de participation de l\u2019auditoire et des outils num\u00e9riques d\u2019\u00e9vang\u00e9lisation. Son leadership a contribu\u00e9 \u00e0 une croissance importante de la participation des auditeurs et \u00e0 une augmentation de l\u2019impact spirituel sur l\u2019Australie.<\/span><span style=\"font-weight: 400;\">Avec une exp\u00e9rience qui va du leadership pastoral \u00e0 l\u2019implantation d\u2019\u00e9glise en passant par l\u2019\u00e9vang\u00e9lisation num\u00e9rique et l\u2019innovation en mati\u00e8re de contenu, le pasteur Berghan a \u00e9galement servi dans divers domaines minist\u00e9riels sur plusieurs continents. Il a tenu des r\u00f4les aux niveaux de la division, de l\u2019union, de la f\u00e9d\u00e9ration et de l\u2019\u00e9glise locale, se concentrant toujours sur l\u2019utilisation des m\u00e9dias pour partager l\u2019\u00c9vangile de mani\u00e8re efficace.<\/span><\/p>\n<p><span style=\"font-weight: 400;\">Il remplacera <\/span><a href=\"https:\/\/adventist.news\/news\/pastor-with-rich-cross-cultural-background-joins-adventist-mission\"><b>Chanmin Chung<\/b><\/a><span style=\"font-weight: 400;\">, qui a occup\u00e9 ce poste avec grand d\u00e9vouement. Dans le cadre du processus d\u2019embauche adventiste, un appel de service officiel est en cours. Le pasteur Berghan entrera dans ses nouvelles fonctions lorsque ce processus et les arrangements logistiques n\u00e9cessaires seront termin\u00e9s.<\/span><\/p>\n<p><span style=\"font-weight: 400;\">\u00ab\u00a0Je suis touch\u00e9 et reconnaissant pour cette occasion de servir au sein de Hope Channel International, a dit le pasteur Berghan. En cette p\u00e9riode difficile, le monde a besoin de la bonne nouvelle du royaume des cieux, et le Hope Channel est en position unique pour la propager dans le monde entier. La pri\u00e8re et la direction du Saint-Esprit seront essentielles \u00e0 notre r\u00e9ussite.\u00a0\u00bb<\/span><\/p>\n<p><span style=\"font-weight: 400;\">Vyacheslav Demyan, pr\u00e9sident de Hope Channel International, a accueilli la nomination du pasteur Berghan en disant, \u00ab\u00a0Robbie vient avec une passion pour la mission, de l\u2019exp\u00e9rience en communication interculturelle ainsi qu\u2019une profonde compr\u00e9hension de la fa\u00e7on dont les m\u00e9dias peuvent servir d\u2019outils puissants d\u2019\u00e9vang\u00e9lisation. Je suis impatient de voir comment Dieu utilisera son leadership pour \u00e9largir l\u2019influence du Hope Channel et propager le message de l\u2019espoir \u00e9ternel parmi de nouveaux peuples du monde.\u00a0\u00bb<\/span><\/p>\n<p><span style=\"font-weight: 400;\">Le pasteur Berghan n\u2019entrera pas seul dans ses nouvelles fonctions. Il est accompagn\u00e9 dans cette mission par sa femme, Rebeka, leur fils de 9 ans, Arris, et leur fille de 4 ans, Ariella. Leur amour et leur soutien ont \u00e9t\u00e9 essentiels \u00e0 son minist\u00e8re, et en se pr\u00e9parant pour cette transition, Hope Channel International invite l\u2019\u00c9glise adventiste mondiale \u00e0 garder toute la famille Berghan en pri\u00e8re.<\/span><\/p>\n<p><span style=\"font-weight: 400;\">\u00ab\u00a0Quand Dieu appelle quelqu\u2019un au minist\u00e8re, c\u2019est toute sa famille qu\u2019il appelle, a dit le pasteur Demyan. Le parcours de Robbie dans la mission n\u2019a jamais \u00e9t\u00e9 que le sien. Il s\u2019agit d\u2019un engagement qu\u2019il partage avec sa femme, Rebeka, et leurs enfants, Arris et Ariella. Je veux exprimer ma sinc\u00e8re reconnaissance envers toute la famille pour sa disposition \u00e0 suivre, ensemble, l\u2019appel de Dieu. Puisse Dieu les b\u00e9nir dans cette nouvelle \u00e9tape de foi.\u00a0\u00bb<\/span><\/p>\n<p><span style=\"font-weight: 400;\">Gideon Mutero, vice-pr\u00e9sident des finances de Hope Channel International, a confirm\u00e9 son accord avec ce choix\u00a0: \u00ab\u00a0Je suis heureux d\u2019accueillir Robbie \u00e0 ce poste. Il conna\u00eet bien les rouages de l\u2019\u00e9change avec les auditoires gr\u00e2ce \u00e0 son travail chez Faith FM. Je leur souhaite, \u00e0 lui et \u00e0 sa famille, les b\u00e9n\u00e9dictions de Dieu durant cette transition.\u00a0\u00bb<\/span><\/p>\n<p><span style=\"font-weight: 400;\">Alors que Hope Channel International avance vers son objectif d\u2019atteindre un milliard de personnes d\u2019ici 2030, la direction du pasteur Berghan jouera un r\u00f4le essentiel dans l\u2019expansion de la port\u00e9e et de l\u2019impact des m\u00e9dias mondiaux et des efforts d\u2019engagement du Hope Channel.<\/span><\/p>\n<p><b>\u00c0 propos de Hope Channel International<\/b><\/p>\n<p><span style=\"font-weight: 400;\">Le Hope Channel est une marque visuelle mondiale de l\u2019\u00c9glise adventiste du septi\u00e8me jour consacr\u00e9e \u00e0 l\u2019\u00e9vang\u00e9lisation. Le r\u00e9seau du Hope Channel, avec ses op\u00e9rations de distribution, est constitu\u00e9 d\u2019entit\u00e9s sous la marque du Hope Channel, Hope Channel International servant d\u2019entit\u00e9 de coordination.<\/span><\/p>\n<p><span style=\"font-weight: 400;\">Le r\u00e9seau du Hope Channel produit et distribue du contenu dans plus de 100 langues et dans plus de 80 pays dans le monde, chaque entit\u00e9 m\u00e9diatique exploit\u00e9e localement concevant des messages adapt\u00e9s aux besoins spirituels de leurs communaut\u00e9s.\u00a0<\/span><\/p>\n<p><i><span style=\"font-weight: 400;\">La <\/span><\/i><a href=\"https:\/\/hopechannelinternational.org\/global-news\/hope-channel-international-elects-new-vice-president-for-global-media-and-engagement\"><i><span style=\"font-weight: 400;\">version originale<\/span><\/i><\/a><i><span style=\"font-weight: 400;\"> de cet article a \u00e9t\u00e9 publi\u00e9e sur le <\/span><\/i><a href=\"https:\/\/hopechannelinternational.org\/\"><i><span style=\"font-weight: 400;\">site internet<\/span><\/i><\/a><i><span style=\"font-weight: 400;\"> de Hope Channel International.<\/span><\/i><\/p>\n<p><span style=\"font-weight: 400;\">Traduction\u00a0: Marie-Mich\u00e8le Robitaille<\/span><\/p>\n<\/div>\n","protected":false},"excerpt":{"rendered":"<p>Le pasteur Berghan vient avec une riche exp\u00e9rience en multim\u00e9dias et en \u00e9vang\u00e9lisation alors que l\u2019organisation s\u2019efforce d\u2019augmenter son influence dans le monde. Le 19 mars 2025 | Silver Spring,&#8230;<\/p>\n","protected":false},"author":3,"featured_media":126379,"comment_status":"closed","ping_status":"closed","sticky":false,"template":"","format":"standard","meta":{"_acf_changed":false,"footnotes":""},"categories":[18,19],"tags":[],"class_list":["post-126483","post","type-post","status-publish","format-standard","has-post-thumbnail","hentry","category-nouvelles-de-leglise-mondiale","category-rss-francais"],"acf":[],"yoast_head":"<!-- This site is optimized with the Yoast SEO plugin v27.3 - https:\/\/yoast.com\/product\/yoast-seo-wordpress\/ -->\n<title>Hope Channel International nomme un nouveau vice-pr\u00e9sident des m\u00e9dias mondiaux et de l\u2019engagement - \u00c9glise Adventiste Du Septieme Jour - Inter Am\u00e9rique Division<\/title>\n<meta name=\"robots\" content=\"index, follow, max-snippet:-1, max-image-preview:large, max-video-preview:-1\" \/>\n<link rel=\"canonical\" href=\"https:\/\/interamerica.org\/fr\/2025\/03\/hope-channel-international-nomme-un-nouveau-vice-president-des-medias-mondiaux-et-de-lengagement\/\" \/>\n<meta property=\"og:locale\" content=\"fr_FR\" \/>\n<meta property=\"og:type\" content=\"article\" \/>\n<meta property=\"og:title\" content=\"Hope Channel International nomme un nouveau vice-pr\u00e9sident des m\u00e9dias mondiaux et de l\u2019engagement - \u00c9glise Adventiste Du Septieme Jour - Inter Am\u00e9rique Division\" \/>\n<meta property=\"og:description\" content=\"Le pasteur Berghan vient avec une riche exp\u00e9rience en multim\u00e9dias et en \u00e9vang\u00e9lisation alors que l\u2019organisation s\u2019efforce d\u2019augmenter son influence dans le monde. Le 19 mars 2025 | Silver Spring,...\" \/>\n<meta property=\"og:url\" content=\"https:\/\/interamerica.org\/fr\/2025\/03\/hope-channel-international-nomme-un-nouveau-vice-president-des-medias-mondiaux-et-de-lengagement\/\" \/>\n<meta property=\"og:site_name\" content=\"\u00c9glise Adventiste Du Septieme Jour - Inter Am\u00e9rique Division\" \/>\n<meta property=\"article:published_time\" content=\"2025-03-19T20:25:07+00:00\" \/>\n<meta property=\"article:modified_time\" content=\"2025-03-23T16:04:59+00:00\" \/>\n<meta property=\"og:image\" content=\"https:\/\/interamerica.org\/wp-content\/uploads\/2025\/03\/hci-newvicepresident-1280.jpg\" \/>\n\t<meta property=\"og:image:width\" content=\"1280\" \/>\n\t<meta property=\"og:image:height\" content=\"800\" \/>\n\t<meta property=\"og:image:type\" content=\"image\/jpeg\" \/>\n<meta name=\"author\" content=\"libna\" \/>\n<meta name=\"twitter:card\" content=\"summary_large_image\" \/>\n<meta name=\"twitter:label1\" content=\"\u00c9crit par\" \/>\n\t<meta name=\"twitter:data1\" content=\"libna\" \/>\n\t<meta name=\"twitter:label2\" content=\"Dur\u00e9e de lecture estim\u00e9e\" \/>\n\t<meta name=\"twitter:data2\" content=\"5 minutes\" \/>\n<script type=\"application\/ld+json\" class=\"yoast-schema-graph\">{\"@context\":\"https:\\\/\\\/schema.org\",\"@graph\":[{\"@type\":\"Article\",\"@id\":\"https:\\\/\\\/interamerica.org\\\/fr\\\/2025\\\/03\\\/hope-channel-international-nomme-un-nouveau-vice-president-des-medias-mondiaux-et-de-lengagement\\\/#article\",\"isPartOf\":{\"@id\":\"https:\\\/\\\/interamerica.org\\\/fr\\\/2025\\\/03\\\/hope-channel-international-nomme-un-nouveau-vice-president-des-medias-mondiaux-et-de-lengagement\\\/\"},\"author\":{\"name\":\"libna\",\"@id\":\"https:\\\/\\\/interamerica.org\\\/fr\\\/#\\\/schema\\\/person\\\/29998f2bc2d8bd0d38662909289b54f1\"},\"headline\":\"Hope Channel International nomme un nouveau vice-pr\u00e9sident des m\u00e9dias mondiaux et de l\u2019engagement\",\"datePublished\":\"2025-03-19T20:25:07+00:00\",\"dateModified\":\"2025-03-23T16:04:59+00:00\",\"mainEntityOfPage\":{\"@id\":\"https:\\\/\\\/interamerica.org\\\/fr\\\/2025\\\/03\\\/hope-channel-international-nomme-un-nouveau-vice-president-des-medias-mondiaux-et-de-lengagement\\\/\"},\"wordCount\":983,\"image\":{\"@id\":\"https:\\\/\\\/interamerica.org\\\/fr\\\/2025\\\/03\\\/hope-channel-international-nomme-un-nouveau-vice-president-des-medias-mondiaux-et-de-lengagement\\\/#primaryimage\"},\"thumbnailUrl\":\"https:\\\/\\\/interamerica.org\\\/wp-content\\\/uploads\\\/2025\\\/03\\\/hci-newvicepresident-1280.jpg\",\"articleSection\":[\"Nouvelles de l'\u00c9glise mondiale\",\"RSS Fran\u00e7ais\"],\"inLanguage\":\"fr-FR\"},{\"@type\":\"WebPage\",\"@id\":\"https:\\\/\\\/interamerica.org\\\/fr\\\/2025\\\/03\\\/hope-channel-international-nomme-un-nouveau-vice-president-des-medias-mondiaux-et-de-lengagement\\\/\",\"url\":\"https:\\\/\\\/interamerica.org\\\/fr\\\/2025\\\/03\\\/hope-channel-international-nomme-un-nouveau-vice-president-des-medias-mondiaux-et-de-lengagement\\\/\",\"name\":\"Hope Channel International nomme un nouveau vice-pr\u00e9sident des m\u00e9dias mondiaux et de l\u2019engagement - \u00c9glise Adventiste Du Septieme Jour - Inter Am\u00e9rique Division\",\"isPartOf\":{\"@id\":\"https:\\\/\\\/interamerica.org\\\/fr\\\/#website\"},\"primaryImageOfPage\":{\"@id\":\"https:\\\/\\\/interamerica.org\\\/fr\\\/2025\\\/03\\\/hope-channel-international-nomme-un-nouveau-vice-president-des-medias-mondiaux-et-de-lengagement\\\/#primaryimage\"},\"image\":{\"@id\":\"https:\\\/\\\/interamerica.org\\\/fr\\\/2025\\\/03\\\/hope-channel-international-nomme-un-nouveau-vice-president-des-medias-mondiaux-et-de-lengagement\\\/#primaryimage\"},\"thumbnailUrl\":\"https:\\\/\\\/interamerica.org\\\/wp-content\\\/uploads\\\/2025\\\/03\\\/hci-newvicepresident-1280.jpg\",\"datePublished\":\"2025-03-19T20:25:07+00:00\",\"dateModified\":\"2025-03-23T16:04:59+00:00\",\"author\":{\"@id\":\"https:\\\/\\\/interamerica.org\\\/fr\\\/#\\\/schema\\\/person\\\/29998f2bc2d8bd0d38662909289b54f1\"},\"breadcrumb\":{\"@id\":\"https:\\\/\\\/interamerica.org\\\/fr\\\/2025\\\/03\\\/hope-channel-international-nomme-un-nouveau-vice-president-des-medias-mondiaux-et-de-lengagement\\\/#breadcrumb\"},\"inLanguage\":\"fr-FR\",\"potentialAction\":[{\"@type\":\"ReadAction\",\"target\":[\"https:\\\/\\\/interamerica.org\\\/fr\\\/2025\\\/03\\\/hope-channel-international-nomme-un-nouveau-vice-president-des-medias-mondiaux-et-de-lengagement\\\/\"]}]},{\"@type\":\"ImageObject\",\"inLanguage\":\"fr-FR\",\"@id\":\"https:\\\/\\\/interamerica.org\\\/fr\\\/2025\\\/03\\\/hope-channel-international-nomme-un-nouveau-vice-president-des-medias-mondiaux-et-de-lengagement\\\/#primaryimage\",\"url\":\"https:\\\/\\\/interamerica.org\\\/wp-content\\\/uploads\\\/2025\\\/03\\\/hci-newvicepresident-1280.jpg\",\"contentUrl\":\"https:\\\/\\\/interamerica.org\\\/wp-content\\\/uploads\\\/2025\\\/03\\\/hci-newvicepresident-1280.jpg\",\"width\":1280,\"height\":800,\"caption\":\"Robbie Berghan, the vice president-elect for Global Media and Engagement, is joined by his wife, Rebeka, their 9-year-old son, Arris, and their 4-year-old daughter, Ariella. [Photo: Hope Channel International]\"},{\"@type\":\"BreadcrumbList\",\"@id\":\"https:\\\/\\\/interamerica.org\\\/fr\\\/2025\\\/03\\\/hope-channel-international-nomme-un-nouveau-vice-president-des-medias-mondiaux-et-de-lengagement\\\/#breadcrumb\",\"itemListElement\":[{\"@type\":\"ListItem\",\"position\":1,\"name\":\"Home\",\"item\":\"https:\\\/\\\/interamerica.org\\\/fr\\\/\"},{\"@type\":\"ListItem\",\"position\":2,\"name\":\"Hope Channel International nomme un nouveau vice-pr\u00e9sident des m\u00e9dias mondiaux et de l\u2019engagement\"}]},{\"@type\":\"WebSite\",\"@id\":\"https:\\\/\\\/interamerica.org\\\/fr\\\/#website\",\"url\":\"https:\\\/\\\/interamerica.org\\\/fr\\\/\",\"name\":\"\u00c9glise Adventiste Du Septieme Jour - Inter Am\u00e9rique Division\",\"description\":\"\",\"potentialAction\":[{\"@type\":\"SearchAction\",\"target\":{\"@type\":\"EntryPoint\",\"urlTemplate\":\"https:\\\/\\\/interamerica.org\\\/fr\\\/?s={search_term_string}\"},\"query-input\":{\"@type\":\"PropertyValueSpecification\",\"valueRequired\":true,\"valueName\":\"search_term_string\"}}],\"inLanguage\":\"fr-FR\"},{\"@type\":\"Person\",\"@id\":\"https:\\\/\\\/interamerica.org\\\/fr\\\/#\\\/schema\\\/person\\\/29998f2bc2d8bd0d38662909289b54f1\",\"name\":\"libna\",\"image\":{\"@type\":\"ImageObject\",\"inLanguage\":\"fr-FR\",\"@id\":\"https:\\\/\\\/secure.gravatar.com\\\/avatar\\\/7c5bd30ae4b47a9ba3c856590957fd1d96dc588bf3ac05719d247e126840331f?s=96&d=mm&r=g\",\"url\":\"https:\\\/\\\/secure.gravatar.com\\\/avatar\\\/7c5bd30ae4b47a9ba3c856590957fd1d96dc588bf3ac05719d247e126840331f?s=96&d=mm&r=g\",\"contentUrl\":\"https:\\\/\\\/secure.gravatar.com\\\/avatar\\\/7c5bd30ae4b47a9ba3c856590957fd1d96dc588bf3ac05719d247e126840331f?s=96&d=mm&r=g\",\"caption\":\"libna\"}}]}<\/script>\n<!-- \/ Yoast SEO plugin. -->","yoast_head_json":{"title":"Hope Channel International nomme un nouveau vice-pr\u00e9sident des m\u00e9dias mondiaux et de l\u2019engagement - \u00c9glise Adventiste Du Septieme Jour - Inter Am\u00e9rique Division","robots":{"index":"index","follow":"follow","max-snippet":"max-snippet:-1","max-image-preview":"max-image-preview:large","max-video-preview":"max-video-preview:-1"},"canonical":"https:\/\/interamerica.org\/fr\/2025\/03\/hope-channel-international-nomme-un-nouveau-vice-president-des-medias-mondiaux-et-de-lengagement\/","og_locale":"fr_FR","og_type":"article","og_title":"Hope Channel International nomme un nouveau vice-pr\u00e9sident des m\u00e9dias mondiaux et de l\u2019engagement - \u00c9glise Adventiste Du Septieme Jour - Inter Am\u00e9rique Division","og_description":"Le pasteur Berghan vient avec une riche exp\u00e9rience en multim\u00e9dias et en \u00e9vang\u00e9lisation alors que l\u2019organisation s\u2019efforce d\u2019augmenter son influence dans le monde. Le 19 mars 2025 | Silver Spring,...","og_url":"https:\/\/interamerica.org\/fr\/2025\/03\/hope-channel-international-nomme-un-nouveau-vice-president-des-medias-mondiaux-et-de-lengagement\/","og_site_name":"\u00c9glise Adventiste Du Septieme Jour - Inter Am\u00e9rique Division","article_published_time":"2025-03-19T20:25:07+00:00","article_modified_time":"2025-03-23T16:04:59+00:00","og_image":[{"width":1280,"height":800,"url":"https:\/\/interamerica.org\/wp-content\/uploads\/2025\/03\/hci-newvicepresident-1280.jpg","type":"image\/jpeg"}],"author":"libna","twitter_card":"summary_large_image","twitter_misc":{"\u00c9crit par":"libna","Dur\u00e9e de lecture estim\u00e9e":"5 minutes"},"schema":{"@context":"https:\/\/schema.org","@graph":[{"@type":"Article","@id":"https:\/\/interamerica.org\/fr\/2025\/03\/hope-channel-international-nomme-un-nouveau-vice-president-des-medias-mondiaux-et-de-lengagement\/#article","isPartOf":{"@id":"https:\/\/interamerica.org\/fr\/2025\/03\/hope-channel-international-nomme-un-nouveau-vice-president-des-medias-mondiaux-et-de-lengagement\/"},"author":{"name":"libna","@id":"https:\/\/interamerica.org\/fr\/#\/schema\/person\/29998f2bc2d8bd0d38662909289b54f1"},"headline":"Hope Channel International nomme un nouveau vice-pr\u00e9sident des m\u00e9dias mondiaux et de l\u2019engagement","datePublished":"2025-03-19T20:25:07+00:00","dateModified":"2025-03-23T16:04:59+00:00","mainEntityOfPage":{"@id":"https:\/\/interamerica.org\/fr\/2025\/03\/hope-channel-international-nomme-un-nouveau-vice-president-des-medias-mondiaux-et-de-lengagement\/"},"wordCount":983,"image":{"@id":"https:\/\/interamerica.org\/fr\/2025\/03\/hope-channel-international-nomme-un-nouveau-vice-president-des-medias-mondiaux-et-de-lengagement\/#primaryimage"},"thumbnailUrl":"https:\/\/interamerica.org\/wp-content\/uploads\/2025\/03\/hci-newvicepresident-1280.jpg","articleSection":["Nouvelles de l'\u00c9glise mondiale","RSS Fran\u00e7ais"],"inLanguage":"fr-FR"},{"@type":"WebPage","@id":"https:\/\/interamerica.org\/fr\/2025\/03\/hope-channel-international-nomme-un-nouveau-vice-president-des-medias-mondiaux-et-de-lengagement\/","url":"https:\/\/interamerica.org\/fr\/2025\/03\/hope-channel-international-nomme-un-nouveau-vice-president-des-medias-mondiaux-et-de-lengagement\/","name":"Hope Channel International nomme un nouveau vice-pr\u00e9sident des m\u00e9dias mondiaux et de l\u2019engagement - \u00c9glise Adventiste Du Septieme Jour - Inter Am\u00e9rique Division","isPartOf":{"@id":"https:\/\/interamerica.org\/fr\/#website"},"primaryImageOfPage":{"@id":"https:\/\/interamerica.org\/fr\/2025\/03\/hope-channel-international-nomme-un-nouveau-vice-president-des-medias-mondiaux-et-de-lengagement\/#primaryimage"},"image":{"@id":"https:\/\/interamerica.org\/fr\/2025\/03\/hope-channel-international-nomme-un-nouveau-vice-president-des-medias-mondiaux-et-de-lengagement\/#primaryimage"},"thumbnailUrl":"https:\/\/interamerica.org\/wp-content\/uploads\/2025\/03\/hci-newvicepresident-1280.jpg","datePublished":"2025-03-19T20:25:07+00:00","dateModified":"2025-03-23T16:04:59+00:00","author":{"@id":"https:\/\/interamerica.org\/fr\/#\/schema\/person\/29998f2bc2d8bd0d38662909289b54f1"},"breadcrumb":{"@id":"https:\/\/interamerica.org\/fr\/2025\/03\/hope-channel-international-nomme-un-nouveau-vice-president-des-medias-mondiaux-et-de-lengagement\/#breadcrumb"},"inLanguage":"fr-FR","potentialAction":[{"@type":"ReadAction","target":["https:\/\/interamerica.org\/fr\/2025\/03\/hope-channel-international-nomme-un-nouveau-vice-president-des-medias-mondiaux-et-de-lengagement\/"]}]},{"@type":"ImageObject","inLanguage":"fr-FR","@id":"https:\/\/interamerica.org\/fr\/2025\/03\/hope-channel-international-nomme-un-nouveau-vice-president-des-medias-mondiaux-et-de-lengagement\/#primaryimage","url":"https:\/\/interamerica.org\/wp-content\/uploads\/2025\/03\/hci-newvicepresident-1280.jpg","contentUrl":"https:\/\/interamerica.org\/wp-content\/uploads\/2025\/03\/hci-newvicepresident-1280.jpg","width":1280,"height":800,"caption":"Robbie Berghan, the vice president-elect for Global Media and Engagement, is joined by his wife, Rebeka, their 9-year-old son, Arris, and their 4-year-old daughter, Ariella. [Photo: Hope Channel International]"},{"@type":"BreadcrumbList","@id":"https:\/\/interamerica.org\/fr\/2025\/03\/hope-channel-international-nomme-un-nouveau-vice-president-des-medias-mondiaux-et-de-lengagement\/#breadcrumb","itemListElement":[{"@type":"ListItem","position":1,"name":"Home","item":"https:\/\/interamerica.org\/fr\/"},{"@type":"ListItem","position":2,"name":"Hope Channel International nomme un nouveau vice-pr\u00e9sident des m\u00e9dias mondiaux et de l\u2019engagement"}]},{"@type":"WebSite","@id":"https:\/\/interamerica.org\/fr\/#website","url":"https:\/\/interamerica.org\/fr\/","name":"\u00c9glise Adventiste Du Septieme Jour - Inter Am\u00e9rique Division","description":"","potentialAction":[{"@type":"SearchAction","target":{"@type":"EntryPoint","urlTemplate":"https:\/\/interamerica.org\/fr\/?s={search_term_string}"},"query-input":{"@type":"PropertyValueSpecification","valueRequired":true,"valueName":"search_term_string"}}],"inLanguage":"fr-FR"},{"@type":"Person","@id":"https:\/\/interamerica.org\/fr\/#\/schema\/person\/29998f2bc2d8bd0d38662909289b54f1","name":"libna","image":{"@type":"ImageObject","inLanguage":"fr-FR","@id":"https:\/\/secure.gravatar.com\/avatar\/7c5bd30ae4b47a9ba3c856590957fd1d96dc588bf3ac05719d247e126840331f?s=96&d=mm&r=g","url":"https:\/\/secure.gravatar.com\/avatar\/7c5bd30ae4b47a9ba3c856590957fd1d96dc588bf3ac05719d247e126840331f?s=96&d=mm&r=g","contentUrl":"https:\/\/secure.gravatar.com\/avatar\/7c5bd30ae4b47a9ba3c856590957fd1d96dc588bf3ac05719d247e126840331f?s=96&d=mm&r=g","caption":"libna"}}]}},"_links":{"self":[{"href":"https:\/\/interamerica.org\/fr\/wp-json\/wp\/v2\/posts\/126483","targetHints":{"allow":["GET"]}}],"collection":[{"href":"https:\/\/interamerica.org\/fr\/wp-json\/wp\/v2\/posts"}],"about":[{"href":"https:\/\/interamerica.org\/fr\/wp-json\/wp\/v2\/types\/post"}],"author":[{"embeddable":true,"href":"https:\/\/interamerica.org\/fr\/wp-json\/wp\/v2\/users\/3"}],"replies":[{"embeddable":true,"href":"https:\/\/interamerica.org\/fr\/wp-json\/wp\/v2\/comments?post=126483"}],"version-history":[{"count":0,"href":"https:\/\/interamerica.org\/fr\/wp-json\/wp\/v2\/posts\/126483\/revisions"}],"wp:featuredmedia":[{"embeddable":true,"href":"https:\/\/interamerica.org\/fr\/wp-json\/wp\/v2\/media\/126379"}],"wp:attachment":[{"href":"https:\/\/interamerica.org\/fr\/wp-json\/wp\/v2\/media?parent=126483"}],"wp:term":[{"taxonomy":"category","embeddable":true,"href":"https:\/\/interamerica.org\/fr\/wp-json\/wp\/v2\/categories?post=126483"},{"taxonomy":"post_tag","embeddable":true,"href":"https:\/\/interamerica.org\/fr\/wp-json\/wp\/v2\/tags?post=126483"}],"curies":[{"name":"wp","href":"https:\/\/api.w.org\/{rel}","templated":true}]}}